{"id":113554,"date":"2023-02-28T18:22:37","date_gmt":"2023-03-01T00:22:37","guid":{"rendered":"https:\/\/kuali.com.mx\/web\/?p=113554"},"modified":"2023-02-28T18:22:38","modified_gmt":"2023-03-01T00:22:38","slug":"arrestan-al-director-de-seguridad-de-romita","status":"publish","type":"post","link":"https:\/\/kuali.com.mx\/web\/2023\/02\/28\/arrestan-al-director-de-seguridad-de-romita\/","title":{"rendered":"ARRESTAN AL DIRECTOR DE SEGURIDAD DE ROMITA"},"content":{"rendered":"\n<p><strong><em>Carlos Garc\u00eda\/Romita, Gto.-<\/em><\/strong> El director de Seguridad P\u00fablica y Vialidad del gobierno pri\u00edsta de Romita, Roberto L\u00f3pez Valadez, y dos oficiales fueron detenidos acusados de la desaparici\u00f3n forzada y el homicidio de tres j\u00f3venes.<\/p>\n\n\n\n<p>El 19 de febrero, Daniela Castro Palacios, Juan Pablo Vargas y Carlos Rocha Anguiano, fueron reportados como desaparecidos. La \u00faltima vez que los vieron fue en las oficinas de la Polic\u00eda de Romita.<\/p>\n\n\n\n<p>Los cuerpos de los j\u00f3venes fueron encontrados, el 24 de febrero, en una fosa clandestina en la comunidad del Escoplo, del municipio de Romita.<\/p>\n\n\n\n<p>La Agencia de Investigaci\u00f3n Criminal (AIC) arrest\u00f3, la tarde de este martes, al director de Seguridad y a los elementos identificados Roberto y C\u00e9sar.<\/p>\n\n\n\n<p>El fiscal General del Estado, Carlos Zamarripa Aguirre, confirm\u00f3 que fueron arrestados un mando y dos polic\u00edas por la desaparici\u00f3n forzada y el asesinato de tres j\u00f3venes.<\/p>\n\n\n\n<p>\u201cPuedo adelantar que un mando de la Polic\u00eda de Romita, de acuerdo a las investigaciones est\u00e1 involucrado en la desaparici\u00f3n forzada de tres j\u00f3venes que fueron encontrados sin vida\u201d, declar\u00f3 el funcionario.<\/p>\n\n\n\n<p>Agreg\u00f3 que el caso fue judicializado y un juez otorg\u00f3 tres \u00f3rdenes de aprehensi\u00f3n que ya fueron cumplimentadas.<\/p>\n\n\n\n<p>\u201cYa se han cumplimentado las \u00f3rdenes contra el mando\u201d, precis\u00f3.<\/p>\n\n\n\n<p>\u00bfCu\u00e1l es el m\u00f3vil del crimen?<\/p>\n\n\n\n<p>-Los motivos, ellos est\u00e1n involucrados en el caso, no puedo dar m\u00e1s detalles, porque van a ser presentados ante el juez, ah\u00ed se ventilar\u00e1 la teor\u00eda del caso que nosotros tenemos.<\/p>\n\n\n\n<p>\u00bfPertenecen a un grupo de la delincuencia organizada?<\/p>\n\n\n\n<p>-Es una posibilidad que no est\u00e1 descartada.<\/p>\n\n\n\n<p>\u00bfSe est\u00e1 investigando a toda la corporaci\u00f3n?<\/p>\n\n\n\n<p>-Se est\u00e1 investigando.<\/p>\n\n\n\n<p>\u00bfSe investiga al alcalde -pri\u00edsta- Oswaldo Ponce Granados?&nbsp;<\/p>\n\n\n\n<p>&nbsp;-La investigaci\u00f3n no descarta absolutamente a nadie, por supuesto que es una carpeta de investigaci\u00f3n aperturada por estos grav\u00edsimos hechos, de tres j\u00f3venes que terminaron sin vida, agotaremos la investigaci\u00f3n con todas las l\u00edneas que se han establecido.<\/p>\n","protected":false},"excerpt":{"rendered":"Carlos Garc\u00eda\/Romita, Gto.- El director de Seguridad P\u00fablica y Vialidad del gobierno pri\u00edsta de Romita, Roberto L\u00f3pez Valadez, y dos oficiales fueron detenidos acusados de la desaparici\u00f3n forzada y el homicidio de tres j\u00f3venes. El 19 de febrero, Daniela Castro Palacios, Juan Pablo Vargas y Carlos Rocha Anguiano, fueron reportados como desaparecidos. La \u00faltima vez [&hellip;]","protected":false},"author":2,"featured_media":55733,"comment_status":"open","ping_status":"open","sticky":false,"template":"","format":"standard","meta":{"_seopress_robots_primary_cat":"none","_seopress_titles_title":"","_seopress_titles_desc":"","_seopress_robots_index":"","_monsterinsights_skip_tracking":false,"_monsterinsights_sitenote_active":false,"_monsterinsights_sitenote_note":"","_monsterinsights_sitenote_category":0,"footnotes":""},"categories":[3,69],"tags":[],"class_list":["post-113554","post","type-post","status-publish","format-standard","has-post-thumbnail","hentry","category-politica","category-slider"],"yoast_head":"<!-- This site is optimized with the Yoast SEO plugin v27.4 - https:\/\/yoast.com\/product\/yoast-seo-wordpress\/ -->\n<title>ARRESTAN AL DIRECTOR DE SEGURIDAD DE ROMITA - Kuali<\/title>\n<meta name=\"robots\" content=\"index, follow, max-snippet:-1, max-image-preview:large, max-video-preview:-1\" \/>\n<link rel=\"canonical\" href=\"https:\/\/kuali.com.mx\/web\/2023\/02\/28\/arrestan-al-director-de-seguridad-de-romita\/\" \/>\n<meta property=\"og:locale\" content=\"es_MX\" \/>\n<meta property=\"og:type\" content=\"article\" \/>\n<meta property=\"og:title\" content=\"ARRESTAN AL DIRECTOR DE SEGURIDAD DE ROMITA - Kuali\" \/>\n<meta property=\"og:description\" content=\"Carlos Garc\u00eda\/Romita, Gto.- El director de Seguridad P\u00fablica y Vialidad del gobierno pri\u00edsta de Romita, Roberto L\u00f3pez Valadez, y dos oficiales fueron detenidos acusados de la desaparici\u00f3n forzada y el homicidio de tres j\u00f3venes. El 19 de febrero, Daniela Castro Palacios, Juan Pablo Vargas y Carlos Rocha Anguiano, fueron reportados como desaparecidos. La \u00faltima vez [&hellip;]\" \/>\n<meta property=\"og:url\" content=\"https:\/\/kuali.com.mx\/web\/2023\/02\/28\/arrestan-al-director-de-seguridad-de-romita\/\" \/>\n<meta property=\"og:site_name\" content=\"Kuali\" \/>\n<meta property=\"article:publisher\" content=\"https:\/\/kuali.com.mx\/web\/wp-content\/uploads\/2018\/04\/cropped-kuali_logo-1-1.png\" \/>\n<meta property=\"article:published_time\" content=\"2023-03-01T00:22:37+00:00\" \/>\n<meta property=\"article:modified_time\" content=\"2023-03-01T00:22:38+00:00\" \/>\n<meta property=\"og:image\" content=\"https:\/\/kuali.com.mx\/web\/wp-content\/uploads\/2019\/06\/Esposas-arresto.jpg\" \/>\n\t<meta property=\"og:image:width\" content=\"1980\" \/>\n\t<meta property=\"og:image:height\" content=\"750\" \/>\n\t<meta property=\"og:image:type\" content=\"image\/jpeg\" \/>\n<meta name=\"author\" content=\"Kuali Staff\" \/>\n<meta name=\"twitter:card\" content=\"summary_large_image\" \/>\n<meta name=\"twitter:creator\" content=\"@kuali_noticias\" \/>\n<meta name=\"twitter:site\" content=\"@kuali_noticias\" \/>\n<meta name=\"twitter:label1\" content=\"Escrito por\" \/>\n\t<meta name=\"twitter:data1\" content=\"Kuali Staff\" \/>\n\t<meta name=\"twitter:label2\" content=\"Tiempo de lectura\" \/>\n\t<meta name=\"twitter:data2\" content=\"2 minutos\" \/>\n<script type=\"application\/ld+json\" class=\"yoast-schema-graph\">{\"@context\":\"https:\\\/\\\/schema.org\",\"@graph\":[{\"@type\":\"Article\",\"@id\":\"https:\\\/\\\/kuali.com.mx\\\/web\\\/2023\\\/02\\\/28\\\/arrestan-al-director-de-seguridad-de-romita\\\/#article\",\"isPartOf\":{\"@id\":\"https:\\\/\\\/kuali.com.mx\\\/web\\\/2023\\\/02\\\/28\\\/arrestan-al-director-de-seguridad-de-romita\\\/\"},\"author\":{\"name\":\"Kuali Staff\",\"@id\":\"https:\\\/\\\/kuali.com.mx\\\/web\\\/#\\\/schema\\\/person\\\/6f89ffa8ecba9dae50662357923c5289\"},\"headline\":\"ARRESTAN AL DIRECTOR DE SEGURIDAD DE ROMITA\",\"datePublished\":\"2023-03-01T00:22:37+00:00\",\"dateModified\":\"2023-03-01T00:22:38+00:00\",\"mainEntityOfPage\":{\"@id\":\"https:\\\/\\\/kuali.com.mx\\\/web\\\/2023\\\/02\\\/28\\\/arrestan-al-director-de-seguridad-de-romita\\\/\"},\"wordCount\":349,\"commentCount\":0,\"image\":{\"@id\":\"https:\\\/\\\/kuali.com.mx\\\/web\\\/2023\\\/02\\\/28\\\/arrestan-al-director-de-seguridad-de-romita\\\/#primaryimage\"},\"thumbnailUrl\":\"https:\\\/\\\/kuali.com.mx\\\/web\\\/wp-content\\\/uploads\\\/2019\\\/06\\\/Esposas-arresto.jpg\",\"articleSection\":[\"Pol\u00edtica\",\"slider\"],\"inLanguage\":\"es\",\"potentialAction\":[{\"@type\":\"CommentAction\",\"name\":\"Comment\",\"target\":[\"https:\\\/\\\/kuali.com.mx\\\/web\\\/2023\\\/02\\\/28\\\/arrestan-al-director-de-seguridad-de-romita\\\/#respond\"]}]},{\"@type\":\"WebPage\",\"@id\":\"https:\\\/\\\/kuali.com.mx\\\/web\\\/2023\\\/02\\\/28\\\/arrestan-al-director-de-seguridad-de-romita\\\/\",\"url\":\"https:\\\/\\\/kuali.com.mx\\\/web\\\/2023\\\/02\\\/28\\\/arrestan-al-director-de-seguridad-de-romita\\\/\",\"name\":\"ARRESTAN AL DIRECTOR DE SEGURIDAD DE ROMITA - Kuali\",\"isPartOf\":{\"@id\":\"https:\\\/\\\/kuali.com.mx\\\/web\\\/#website\"},\"primaryImageOfPage\":{\"@id\":\"https:\\\/\\\/kuali.com.mx\\\/web\\\/2023\\\/02\\\/28\\\/arrestan-al-director-de-seguridad-de-romita\\\/#primaryimage\"},\"image\":{\"@id\":\"https:\\\/\\\/kuali.com.mx\\\/web\\\/2023\\\/02\\\/28\\\/arrestan-al-director-de-seguridad-de-romita\\\/#primaryimage\"},\"thumbnailUrl\":\"https:\\\/\\\/kuali.com.mx\\\/web\\\/wp-content\\\/uploads\\\/2019\\\/06\\\/Esposas-arresto.jpg\",\"datePublished\":\"2023-03-01T00:22:37+00:00\",\"dateModified\":\"2023-03-01T00:22:38+00:00\",\"author\":{\"@id\":\"https:\\\/\\\/kuali.com.mx\\\/web\\\/#\\\/schema\\\/person\\\/6f89ffa8ecba9dae50662357923c5289\"},\"breadcrumb\":{\"@id\":\"https:\\\/\\\/kuali.com.mx\\\/web\\\/2023\\\/02\\\/28\\\/arrestan-al-director-de-seguridad-de-romita\\\/#breadcrumb\"},\"inLanguage\":\"es\",\"potentialAction\":[{\"@type\":\"ReadAction\",\"target\":[\"https:\\\/\\\/kuali.com.mx\\\/web\\\/2023\\\/02\\\/28\\\/arrestan-al-director-de-seguridad-de-romita\\\/\"]}]},{\"@type\":\"ImageObject\",\"inLanguage\":\"es\",\"@id\":\"https:\\\/\\\/kuali.com.mx\\\/web\\\/2023\\\/02\\\/28\\\/arrestan-al-director-de-seguridad-de-romita\\\/#primaryimage\",\"url\":\"https:\\\/\\\/kuali.com.mx\\\/web\\\/wp-content\\\/uploads\\\/2019\\\/06\\\/Esposas-arresto.jpg\",\"contentUrl\":\"https:\\\/\\\/kuali.com.mx\\\/web\\\/wp-content\\\/uploads\\\/2019\\\/06\\\/Esposas-arresto.jpg\",\"width\":1980,\"height\":750},{\"@type\":\"BreadcrumbList\",\"@id\":\"https:\\\/\\\/kuali.com.mx\\\/web\\\/2023\\\/02\\\/28\\\/arrestan-al-director-de-seguridad-de-romita\\\/#breadcrumb\",\"itemListElement\":[{\"@type\":\"ListItem\",\"position\":1,\"name\":\"Inicio\",\"item\":\"https:\\\/\\\/kuali.com.mx\\\/web\\\/\"},{\"@type\":\"ListItem\",\"position\":2,\"name\":\"ARRESTAN AL DIRECTOR DE SEGURIDAD DE ROMITA\"}]},{\"@type\":\"WebSite\",\"@id\":\"https:\\\/\\\/kuali.com.mx\\\/web\\\/#website\",\"url\":\"https:\\\/\\\/kuali.com.mx\\\/web\\\/\",\"name\":\"Kuali\",\"description\":\"\",\"potentialAction\":[{\"@type\":\"SearchAction\",\"target\":{\"@type\":\"EntryPoint\",\"urlTemplate\":\"https:\\\/\\\/kuali.com.mx\\\/web\\\/?s={search_term_string}\"},\"query-input\":{\"@type\":\"PropertyValueSpecification\",\"valueRequired\":true,\"valueName\":\"search_term_string\"}}],\"inLanguage\":\"es\"},{\"@type\":\"Person\",\"@id\":\"https:\\\/\\\/kuali.com.mx\\\/web\\\/#\\\/schema\\\/person\\\/6f89ffa8ecba9dae50662357923c5289\",\"name\":\"Kuali Staff\",\"image\":{\"@type\":\"ImageObject\",\"inLanguage\":\"es\",\"@id\":\"https:\\\/\\\/secure.gravatar.com\\\/avatar\\\/f917ad82e5ab71227a733c78b6e60715476f69ee6be59feee4eb5d9920c89e0f?s=96&d=mm&r=g\",\"url\":\"https:\\\/\\\/secure.gravatar.com\\\/avatar\\\/f917ad82e5ab71227a733c78b6e60715476f69ee6be59feee4eb5d9920c89e0f?s=96&d=mm&r=g\",\"contentUrl\":\"https:\\\/\\\/secure.gravatar.com\\\/avatar\\\/f917ad82e5ab71227a733c78b6e60715476f69ee6be59feee4eb5d9920c89e0f?s=96&d=mm&r=g\",\"caption\":\"Kuali Staff\"},\"url\":\"https:\\\/\\\/kuali.com.mx\\\/web\\\/author\\\/lagarto\\\/\"}]}<\/script>\n<!-- \/ Yoast SEO plugin. -->","yoast_head_json":{"title":"ARRESTAN AL DIRECTOR DE SEGURIDAD DE ROMITA - Kuali","robots":{"index":"index","follow":"follow","max-snippet":"max-snippet:-1","max-image-preview":"max-image-preview:large","max-video-preview":"max-video-preview:-1"},"canonical":"https:\/\/kuali.com.mx\/web\/2023\/02\/28\/arrestan-al-director-de-seguridad-de-romita\/","og_locale":"es_MX","og_type":"article","og_title":"ARRESTAN AL DIRECTOR DE SEGURIDAD DE ROMITA - Kuali","og_description":"Carlos Garc\u00eda\/Romita, Gto.- El director de Seguridad P\u00fablica y Vialidad del gobierno pri\u00edsta de Romita, Roberto L\u00f3pez Valadez, y dos oficiales fueron detenidos acusados de la desaparici\u00f3n forzada y el homicidio de tres j\u00f3venes. El 19 de febrero, Daniela Castro Palacios, Juan Pablo Vargas y Carlos Rocha Anguiano, fueron reportados como desaparecidos. La \u00faltima vez [&hellip;]","og_url":"https:\/\/kuali.com.mx\/web\/2023\/02\/28\/arrestan-al-director-de-seguridad-de-romita\/","og_site_name":"Kuali","article_publisher":"https:\/\/kuali.com.mx\/web\/wp-content\/uploads\/2018\/04\/cropped-kuali_logo-1-1.png","article_published_time":"2023-03-01T00:22:37+00:00","article_modified_time":"2023-03-01T00:22:38+00:00","og_image":[{"width":1980,"height":750,"url":"https:\/\/kuali.com.mx\/web\/wp-content\/uploads\/2019\/06\/Esposas-arresto.jpg","type":"image\/jpeg"}],"author":"Kuali Staff","twitter_card":"summary_large_image","twitter_creator":"@kuali_noticias","twitter_site":"@kuali_noticias","twitter_misc":{"Escrito por":"Kuali Staff","Tiempo de lectura":"2 minutos"},"schema":{"@context":"https:\/\/schema.org","@graph":[{"@type":"Article","@id":"https:\/\/kuali.com.mx\/web\/2023\/02\/28\/arrestan-al-director-de-seguridad-de-romita\/#article","isPartOf":{"@id":"https:\/\/kuali.com.mx\/web\/2023\/02\/28\/arrestan-al-director-de-seguridad-de-romita\/"},"author":{"name":"Kuali Staff","@id":"https:\/\/kuali.com.mx\/web\/#\/schema\/person\/6f89ffa8ecba9dae50662357923c5289"},"headline":"ARRESTAN AL DIRECTOR DE SEGURIDAD DE ROMITA","datePublished":"2023-03-01T00:22:37+00:00","dateModified":"2023-03-01T00:22:38+00:00","mainEntityOfPage":{"@id":"https:\/\/kuali.com.mx\/web\/2023\/02\/28\/arrestan-al-director-de-seguridad-de-romita\/"},"wordCount":349,"commentCount":0,"image":{"@id":"https:\/\/kuali.com.mx\/web\/2023\/02\/28\/arrestan-al-director-de-seguridad-de-romita\/#primaryimage"},"thumbnailUrl":"https:\/\/kuali.com.mx\/web\/wp-content\/uploads\/2019\/06\/Esposas-arresto.jpg","articleSection":["Pol\u00edtica","slider"],"inLanguage":"es","potentialAction":[{"@type":"CommentAction","name":"Comment","target":["https:\/\/kuali.com.mx\/web\/2023\/02\/28\/arrestan-al-director-de-seguridad-de-romita\/#respond"]}]},{"@type":"WebPage","@id":"https:\/\/kuali.com.mx\/web\/2023\/02\/28\/arrestan-al-director-de-seguridad-de-romita\/","url":"https:\/\/kuali.com.mx\/web\/2023\/02\/28\/arrestan-al-director-de-seguridad-de-romita\/","name":"ARRESTAN AL DIRECTOR DE SEGURIDAD DE ROMITA - Kuali","isPartOf":{"@id":"https:\/\/kuali.com.mx\/web\/#website"},"primaryImageOfPage":{"@id":"https:\/\/kuali.com.mx\/web\/2023\/02\/28\/arrestan-al-director-de-seguridad-de-romita\/#primaryimage"},"image":{"@id":"https:\/\/kuali.com.mx\/web\/2023\/02\/28\/arrestan-al-director-de-seguridad-de-romita\/#primaryimage"},"thumbnailUrl":"https:\/\/kuali.com.mx\/web\/wp-content\/uploads\/2019\/06\/Esposas-arresto.jpg","datePublished":"2023-03-01T00:22:37+00:00","dateModified":"2023-03-01T00:22:38+00:00","author":{"@id":"https:\/\/kuali.com.mx\/web\/#\/schema\/person\/6f89ffa8ecba9dae50662357923c5289"},"breadcrumb":{"@id":"https:\/\/kuali.com.mx\/web\/2023\/02\/28\/arrestan-al-director-de-seguridad-de-romita\/#breadcrumb"},"inLanguage":"es","potentialAction":[{"@type":"ReadAction","target":["https:\/\/kuali.com.mx\/web\/2023\/02\/28\/arrestan-al-director-de-seguridad-de-romita\/"]}]},{"@type":"ImageObject","inLanguage":"es","@id":"https:\/\/kuali.com.mx\/web\/2023\/02\/28\/arrestan-al-director-de-seguridad-de-romita\/#primaryimage","url":"https:\/\/kuali.com.mx\/web\/wp-content\/uploads\/2019\/06\/Esposas-arresto.jpg","contentUrl":"https:\/\/kuali.com.mx\/web\/wp-content\/uploads\/2019\/06\/Esposas-arresto.jpg","width":1980,"height":750},{"@type":"BreadcrumbList","@id":"https:\/\/kuali.com.mx\/web\/2023\/02\/28\/arrestan-al-director-de-seguridad-de-romita\/#breadcrumb","itemListElement":[{"@type":"ListItem","position":1,"name":"Inicio","item":"https:\/\/kuali.com.mx\/web\/"},{"@type":"ListItem","position":2,"name":"ARRESTAN AL DIRECTOR DE SEGURIDAD DE ROMITA"}]},{"@type":"WebSite","@id":"https:\/\/kuali.com.mx\/web\/#website","url":"https:\/\/kuali.com.mx\/web\/","name":"Kuali","description":"","potentialAction":[{"@type":"SearchAction","target":{"@type":"EntryPoint","urlTemplate":"https:\/\/kuali.com.mx\/web\/?s={search_term_string}"},"query-input":{"@type":"PropertyValueSpecification","valueRequired":true,"valueName":"search_term_string"}}],"inLanguage":"es"},{"@type":"Person","@id":"https:\/\/kuali.com.mx\/web\/#\/schema\/person\/6f89ffa8ecba9dae50662357923c5289","name":"Kuali Staff","image":{"@type":"ImageObject","inLanguage":"es","@id":"https:\/\/secure.gravatar.com\/avatar\/f917ad82e5ab71227a733c78b6e60715476f69ee6be59feee4eb5d9920c89e0f?s=96&d=mm&r=g","url":"https:\/\/secure.gravatar.com\/avatar\/f917ad82e5ab71227a733c78b6e60715476f69ee6be59feee4eb5d9920c89e0f?s=96&d=mm&r=g","contentUrl":"https:\/\/secure.gravatar.com\/avatar\/f917ad82e5ab71227a733c78b6e60715476f69ee6be59feee4eb5d9920c89e0f?s=96&d=mm&r=g","caption":"Kuali Staff"},"url":"https:\/\/kuali.com.mx\/web\/author\/lagarto\/"}]}},"_links":{"self":[{"href":"https:\/\/kuali.com.mx\/web\/wp-json\/wp\/v2\/posts\/113554","targetHints":{"allow":["GET"]}}],"collection":[{"href":"https:\/\/kuali.com.mx\/web\/wp-json\/wp\/v2\/posts"}],"about":[{"href":"https:\/\/kuali.com.mx\/web\/wp-json\/wp\/v2\/types\/post"}],"author":[{"embeddable":true,"href":"https:\/\/kuali.com.mx\/web\/wp-json\/wp\/v2\/users\/2"}],"replies":[{"embeddable":true,"href":"https:\/\/kuali.com.mx\/web\/wp-json\/wp\/v2\/comments?post=113554"}],"version-history":[{"count":1,"href":"https:\/\/kuali.com.mx\/web\/wp-json\/wp\/v2\/posts\/113554\/revisions"}],"predecessor-version":[{"id":113557,"href":"https:\/\/kuali.com.mx\/web\/wp-json\/wp\/v2\/posts\/113554\/revisions\/113557"}],"wp:featuredmedia":[{"embeddable":true,"href":"https:\/\/kuali.com.mx\/web\/wp-json\/wp\/v2\/media\/55733"}],"wp:attachment":[{"href":"https:\/\/kuali.com.mx\/web\/wp-json\/wp\/v2\/media?parent=113554"}],"wp:term":[{"taxonomy":"category","embeddable":true,"href":"https:\/\/kuali.com.mx\/web\/wp-json\/wp\/v2\/categories?post=113554"},{"taxonomy":"post_tag","embeddable":true,"href":"https:\/\/kuali.com.mx\/web\/wp-json\/wp\/v2\/tags?post=113554"}],"curies":[{"name":"wp","href":"https:\/\/api.w.org\/{rel}","templated":true}]}}