{"id":113542,"date":"2023-02-28T17:19:11","date_gmt":"2023-02-28T23:19:11","guid":{"rendered":"https:\/\/kuali.com.mx\/web\/?p=113542"},"modified":"2023-02-28T18:39:30","modified_gmt":"2023-03-01T00:39:30","slug":"se-acaba-el-agua-el-leon-97-colonias-sufriran-cortes","status":"publish","type":"post","link":"https:\/\/kuali.com.mx\/web\/2023\/02\/28\/se-acaba-el-agua-el-leon-97-colonias-sufriran-cortes\/","title":{"rendered":"SE ACABA EL AGUA EN LE\u00d3N; 97 COLONIAS SUFRIR\u00c1N CORTES"},"content":{"rendered":"\n<p><strong>Alicia Arias\/Le\u00f3n, Gto.-<\/strong> El pr\u00f3ximo lunes seis de marzo una parte de la poblaci\u00f3n de Le\u00f3n enfrentar\u00e1 los cortes de agua debido a la falta del vital l\u00edquido y a la estrategia que implementar\u00e1 el Municipio para garantizar el abasto a toda la poblaci\u00f3n. Esto significa que toda la gente contara con el servicio pero durante menos d\u00edas a la semana.<\/p>\n\n\n\n<p>Esta ma\u00f1ana el Sistema de Agua Potable y Alcantarillado de Le\u00f3n (SAPAL); anunci\u00f3 que \u201cante la situaci\u00f3n de estr\u00e9s h\u00eddrico que afecta a Le\u00f3n y con el compromiso de garantizar el vital l\u00edquido a todas y todos los leoneses, a partir del lunes 06 de marzo, SAPAL terciar\u00e1 el servicio de agua potable para 97 colonias de la zona norte\u201d<\/p>\n\n\n\n<p>SAPAL organiz\u00f3 en cuatro zonas a las colonias afectadas: 1) Gran Jard\u00edn con 11 colonias, 2) Los Castillos con 56 colonias, 3) Valle del Campestre con ocho colonias y 4) Echeveste con 22 colonias.<\/p>\n\n\n\n<p>El organismo operador inform\u00f3 que ser\u00e1n 15 mil 860 usuarios \u2013tomas de agua- &nbsp;los que comenzar\u00e1n a vivir con el tandeo del servicio, debido a que son suministrados con agua de la presa El Palote y ante la falta de agua en este momento \u201cya no puede ser utilizada como fuente de abastecimiento\u201d.<\/p>\n\n\n\n<p>La interrupci\u00f3n del servicio estar\u00e1 activo hasta la temporada de lluvias y hasta que la presa El Palote recupere sus niveles.<\/p>\n\n\n\n<p><strong>Programaci\u00f3n de tandeo<\/strong><\/p>\n\n\n\n<p>Para la zona Gran Jard\u00edn el servicio estar\u00e1 activo los d\u00edas lunes, mi\u00e9rcoles y viernes.<\/p>\n\n\n\n<p>La zona de Los Castillos tendr\u00e1 agua los d\u00edas martes, jueves, s\u00e1bado y domingo.<\/p>\n\n\n\n<p>La zona Valle del Campestre contar\u00e1 con el suministro los d\u00edas lunes, mi\u00e9rcoles y viernes.<\/p>\n\n\n\n<p>La zona Echeveste contar\u00e1 con agua los d\u00edas martes, jueves, s\u00e1bado y domingo.&nbsp;<\/p>\n\n\n\n<figure class=\"wp-block-gallery has-nested-images columns-default is-cropped wp-block-gallery-1 is-layout-flex wp-block-gallery-is-layout-flex\">\n<figure class=\"wp-block-image size-large\"><img loading=\"lazy\" decoding=\"async\" width=\"1048\" height=\"1600\" data-id=\"113548\" src=\"https:\/\/kuali.com.mx\/web\/wp-content\/uploads\/2023\/02\/GRAN-JARDIN.jpeg\" alt=\"\" class=\"wp-image-113548\" srcset=\"https:\/\/kuali.com.mx\/web\/wp-content\/uploads\/2023\/02\/GRAN-JARDIN.jpeg 1048w, https:\/\/kuali.com.mx\/web\/wp-content\/uploads\/2023\/02\/GRAN-JARDIN-197x300.jpeg 197w, https:\/\/kuali.com.mx\/web\/wp-content\/uploads\/2023\/02\/GRAN-JARDIN-671x1024.jpeg 671w, https:\/\/kuali.com.mx\/web\/wp-content\/uploads\/2023\/02\/GRAN-JARDIN-768x1173.jpeg 768w, https:\/\/kuali.com.mx\/web\/wp-content\/uploads\/2023\/02\/GRAN-JARDIN-1006x1536.jpeg 1006w, https:\/\/kuali.com.mx\/web\/wp-content\/uploads\/2023\/02\/GRAN-JARDIN-76x116.jpeg 76w\" sizes=\"auto, (max-width: 1048px) 100vw, 1048px\" \/><\/figure>\n\n\n\n<figure class=\"wp-block-image size-large\"><img loading=\"lazy\" decoding=\"async\" width=\"1034\" height=\"1600\" data-id=\"113549\" src=\"https:\/\/kuali.com.mx\/web\/wp-content\/uploads\/2023\/02\/VALLE-DEL-CAMPESTRE.jpeg\" alt=\"\" class=\"wp-image-113549\" srcset=\"https:\/\/kuali.com.mx\/web\/wp-content\/uploads\/2023\/02\/VALLE-DEL-CAMPESTRE.jpeg 1034w, https:\/\/kuali.com.mx\/web\/wp-content\/uploads\/2023\/02\/VALLE-DEL-CAMPESTRE-194x300.jpeg 194w, https:\/\/kuali.com.mx\/web\/wp-content\/uploads\/2023\/02\/VALLE-DEL-CAMPESTRE-662x1024.jpeg 662w, https:\/\/kuali.com.mx\/web\/wp-content\/uploads\/2023\/02\/VALLE-DEL-CAMPESTRE-768x1188.jpeg 768w, https:\/\/kuali.com.mx\/web\/wp-content\/uploads\/2023\/02\/VALLE-DEL-CAMPESTRE-993x1536.jpeg 993w, https:\/\/kuali.com.mx\/web\/wp-content\/uploads\/2023\/02\/VALLE-DEL-CAMPESTRE-75x116.jpeg 75w\" sizes=\"auto, (max-width: 1034px) 100vw, 1034px\" \/><\/figure>\n<\/figure>\n\n\n\n<figure class=\"wp-block-gallery has-nested-images columns-default is-cropped wp-block-gallery-2 is-layout-flex wp-block-gallery-is-layout-flex\">\n<figure class=\"wp-block-image size-large\"><img loading=\"lazy\" decoding=\"async\" width=\"1033\" height=\"1600\" data-id=\"113547\" src=\"https:\/\/kuali.com.mx\/web\/wp-content\/uploads\/2023\/02\/ECHEVESTE.jpeg\" alt=\"\" class=\"wp-image-113547\" srcset=\"https:\/\/kuali.com.mx\/web\/wp-content\/uploads\/2023\/02\/ECHEVESTE.jpeg 1033w, https:\/\/kuali.com.mx\/web\/wp-content\/uploads\/2023\/02\/ECHEVESTE-194x300.jpeg 194w, https:\/\/kuali.com.mx\/web\/wp-content\/uploads\/2023\/02\/ECHEVESTE-661x1024.jpeg 661w, https:\/\/kuali.com.mx\/web\/wp-content\/uploads\/2023\/02\/ECHEVESTE-768x1190.jpeg 768w, https:\/\/kuali.com.mx\/web\/wp-content\/uploads\/2023\/02\/ECHEVESTE-992x1536.jpeg 992w, https:\/\/kuali.com.mx\/web\/wp-content\/uploads\/2023\/02\/ECHEVESTE-75x116.jpeg 75w\" sizes=\"auto, (max-width: 1033px) 100vw, 1033px\" \/><\/figure>\n\n\n\n<figure class=\"wp-block-image size-large\"><img loading=\"lazy\" decoding=\"async\" width=\"1035\" height=\"1600\" data-id=\"113546\" src=\"https:\/\/kuali.com.mx\/web\/wp-content\/uploads\/2023\/02\/CASTILLOS.jpeg\" alt=\"\" class=\"wp-image-113546\" srcset=\"https:\/\/kuali.com.mx\/web\/wp-content\/uploads\/2023\/02\/CASTILLOS.jpeg 1035w, https:\/\/kuali.com.mx\/web\/wp-content\/uploads\/2023\/02\/CASTILLOS-194x300.jpeg 194w, https:\/\/kuali.com.mx\/web\/wp-content\/uploads\/2023\/02\/CASTILLOS-662x1024.jpeg 662w, https:\/\/kuali.com.mx\/web\/wp-content\/uploads\/2023\/02\/CASTILLOS-768x1187.jpeg 768w, https:\/\/kuali.com.mx\/web\/wp-content\/uploads\/2023\/02\/CASTILLOS-994x1536.jpeg 994w, https:\/\/kuali.com.mx\/web\/wp-content\/uploads\/2023\/02\/CASTILLOS-75x116.jpeg 75w\" sizes=\"auto, (max-width: 1035px) 100vw, 1035px\" \/><\/figure>\n<\/figure>\n\n\n\n<p>De acuerdo con datos del Centro Nacional de Prevenci\u00f3n de Desastres (Cenapred), del Monitor de Sequ\u00eda de la Comisi\u00f3n Nacional del Agua (Conagua), el municipio de Le\u00f3n cuenta con un <strong>grado de peligro por sequ\u00eda muy alt<\/strong>o, adem\u00e1s de que se han realizado dos declaratorias de desastre por sequ\u00eda.<\/p>\n\n\n\n<p>En su comunicaci\u00f3n, SAPAL reitera que mantiene una dotaci\u00f3n de 130 litros de agua por habitante al d\u00eda, cuando el promedio nacional est\u00e1 en m\u00e1s de 280 litros de agua diarios por persona, y agradece a la poblaci\u00f3n el esfuerzo realizado para hacer uso racionalizado; adem\u00e1s, asegura que intensificar\u00e1 el uso del agua tratada en las actividades industriales y de riego agr\u00edcola.<\/p>\n\n\n\n<p>Esta es la primera vez que SAPAL anuncia una medida de esta magnitud, aunque ya ten\u00eda m\u00e1s alrededor de tres d\u00e9cadas alertando sobre el abatimiento de los mantos fre\u00e1ticos y la necesidad de cuidar el agua, con medidas como evitar  lavar los autom\u00f3viles con el chorro que sale de la manguera y dejar la regadera abierta durante toda la ducha , entre otras.<\/p>\n","protected":false},"excerpt":{"rendered":"Alicia Arias\/Le\u00f3n, Gto.- El pr\u00f3ximo lunes seis de marzo una parte de la poblaci\u00f3n de Le\u00f3n enfrentar\u00e1 los cortes de agua debido a la falta del vital l\u00edquido y a la estrategia que implementar\u00e1 el Municipio para garantizar el abasto a toda la poblaci\u00f3n. Esto significa que toda la gente contara con el servicio pero [&hellip;]","protected":false},"author":2,"featured_media":113545,"comment_status":"open","ping_status":"open","sticky":false,"template":"","format":"standard","meta":{"_seopress_robots_primary_cat":"none","_seopress_titles_title":"","_seopress_titles_desc":"","_seopress_robots_index":"","_monsterinsights_skip_tracking":false,"_monsterinsights_sitenote_active":false,"_monsterinsights_sitenote_note":"","_monsterinsights_sitenote_category":0,"footnotes":""},"categories":[17,69],"tags":[23,1976,1975,10,129,190],"class_list":["post-113542","post","type-post","status-publish","format-standard","has-post-thumbnail","hentry","category-ecologia","category-slider","tag-agua","tag-el-palote","tag-estiaje","tag-leon","tag-sapal","tag-sequia"],"yoast_head":"<!-- This site is optimized with the Yoast SEO plugin v27.4 - https:\/\/yoast.com\/product\/yoast-seo-wordpress\/ -->\n<title>SE ACABA EL AGUA EN LE\u00d3N; 97 COLONIAS SUFRIR\u00c1N CORTES - Kuali<\/title>\n<meta name=\"robots\" content=\"index, follow, max-snippet:-1, max-image-preview:large, max-video-preview:-1\" \/>\n<link rel=\"canonical\" href=\"https:\/\/kuali.com.mx\/web\/2023\/02\/28\/se-acaba-el-agua-el-leon-97-colonias-sufriran-cortes\/\" \/>\n<meta property=\"og:locale\" content=\"es_MX\" \/>\n<meta property=\"og:type\" content=\"article\" \/>\n<meta property=\"og:title\" content=\"SE ACABA EL AGUA EN LE\u00d3N; 97 COLONIAS SUFRIR\u00c1N CORTES - Kuali\" \/>\n<meta property=\"og:description\" content=\"Alicia Arias\/Le\u00f3n, Gto.- El pr\u00f3ximo lunes seis de marzo una parte de la poblaci\u00f3n de Le\u00f3n enfrentar\u00e1 los cortes de agua debido a la falta del vital l\u00edquido y a la estrategia que implementar\u00e1 el Municipio para garantizar el abasto a toda la poblaci\u00f3n. Esto significa que toda la gente contara con el servicio pero [&hellip;]\" \/>\n<meta property=\"og:url\" content=\"https:\/\/kuali.com.mx\/web\/2023\/02\/28\/se-acaba-el-agua-el-leon-97-colonias-sufriran-cortes\/\" \/>\n<meta property=\"og:site_name\" content=\"Kuali\" \/>\n<meta property=\"article:publisher\" content=\"https:\/\/kuali.com.mx\/web\/wp-content\/uploads\/2018\/04\/cropped-kuali_logo-1-1.png\" \/>\n<meta property=\"article:published_time\" content=\"2023-02-28T23:19:11+00:00\" \/>\n<meta property=\"article:modified_time\" content=\"2023-03-01T00:39:30+00:00\" \/>\n<meta property=\"og:image\" content=\"https:\/\/kuali.com.mx\/web\/wp-content\/uploads\/2023\/02\/Cortes-de-agua.gif\" \/>\n\t<meta property=\"og:image:width\" content=\"1900\" \/>\n\t<meta property=\"og:image:height\" content=\"750\" \/>\n\t<meta property=\"og:image:type\" content=\"image\/gif\" \/>\n<meta name=\"author\" content=\"Kuali Staff\" \/>\n<meta name=\"twitter:card\" content=\"summary_large_image\" \/>\n<meta name=\"twitter:creator\" content=\"@kuali_noticias\" \/>\n<meta name=\"twitter:site\" content=\"@kuali_noticias\" \/>\n<meta name=\"twitter:label1\" content=\"Escrito por\" \/>\n\t<meta name=\"twitter:data1\" content=\"Kuali Staff\" \/>\n\t<meta name=\"twitter:label2\" content=\"Tiempo de lectura\" \/>\n\t<meta name=\"twitter:data2\" content=\"3 minutos\" \/>\n<script type=\"application\/ld+json\" class=\"yoast-schema-graph\">{\"@context\":\"https:\\\/\\\/schema.org\",\"@graph\":[{\"@type\":\"Article\",\"@id\":\"https:\\\/\\\/kuali.com.mx\\\/web\\\/2023\\\/02\\\/28\\\/se-acaba-el-agua-el-leon-97-colonias-sufriran-cortes\\\/#article\",\"isPartOf\":{\"@id\":\"https:\\\/\\\/kuali.com.mx\\\/web\\\/2023\\\/02\\\/28\\\/se-acaba-el-agua-el-leon-97-colonias-sufriran-cortes\\\/\"},\"author\":{\"name\":\"Kuali Staff\",\"@id\":\"https:\\\/\\\/kuali.com.mx\\\/web\\\/#\\\/schema\\\/person\\\/6f89ffa8ecba9dae50662357923c5289\"},\"headline\":\"SE ACABA EL AGUA EN LE\u00d3N; 97 COLONIAS SUFRIR\u00c1N CORTES\",\"datePublished\":\"2023-02-28T23:19:11+00:00\",\"dateModified\":\"2023-03-01T00:39:30+00:00\",\"mainEntityOfPage\":{\"@id\":\"https:\\\/\\\/kuali.com.mx\\\/web\\\/2023\\\/02\\\/28\\\/se-acaba-el-agua-el-leon-97-colonias-sufriran-cortes\\\/\"},\"wordCount\":511,\"commentCount\":0,\"image\":{\"@id\":\"https:\\\/\\\/kuali.com.mx\\\/web\\\/2023\\\/02\\\/28\\\/se-acaba-el-agua-el-leon-97-colonias-sufriran-cortes\\\/#primaryimage\"},\"thumbnailUrl\":\"https:\\\/\\\/kuali.com.mx\\\/web\\\/wp-content\\\/uploads\\\/2023\\\/02\\\/Cortes-de-agua.gif\",\"keywords\":[\"agua\",\"El Palote\",\"Estiaje\",\"Le\u00f3n\",\"SAPAL\",\"Sequ\u00eda\"],\"articleSection\":[\"Ecolog\u00eda\",\"slider\"],\"inLanguage\":\"es\",\"potentialAction\":[{\"@type\":\"CommentAction\",\"name\":\"Comment\",\"target\":[\"https:\\\/\\\/kuali.com.mx\\\/web\\\/2023\\\/02\\\/28\\\/se-acaba-el-agua-el-leon-97-colonias-sufriran-cortes\\\/#respond\"]}]},{\"@type\":\"WebPage\",\"@id\":\"https:\\\/\\\/kuali.com.mx\\\/web\\\/2023\\\/02\\\/28\\\/se-acaba-el-agua-el-leon-97-colonias-sufriran-cortes\\\/\",\"url\":\"https:\\\/\\\/kuali.com.mx\\\/web\\\/2023\\\/02\\\/28\\\/se-acaba-el-agua-el-leon-97-colonias-sufriran-cortes\\\/\",\"name\":\"SE ACABA EL AGUA EN LE\u00d3N; 97 COLONIAS SUFRIR\u00c1N CORTES - Kuali\",\"isPartOf\":{\"@id\":\"https:\\\/\\\/kuali.com.mx\\\/web\\\/#website\"},\"primaryImageOfPage\":{\"@id\":\"https:\\\/\\\/kuali.com.mx\\\/web\\\/2023\\\/02\\\/28\\\/se-acaba-el-agua-el-leon-97-colonias-sufriran-cortes\\\/#primaryimage\"},\"image\":{\"@id\":\"https:\\\/\\\/kuali.com.mx\\\/web\\\/2023\\\/02\\\/28\\\/se-acaba-el-agua-el-leon-97-colonias-sufriran-cortes\\\/#primaryimage\"},\"thumbnailUrl\":\"https:\\\/\\\/kuali.com.mx\\\/web\\\/wp-content\\\/uploads\\\/2023\\\/02\\\/Cortes-de-agua.gif\",\"datePublished\":\"2023-02-28T23:19:11+00:00\",\"dateModified\":\"2023-03-01T00:39:30+00:00\",\"author\":{\"@id\":\"https:\\\/\\\/kuali.com.mx\\\/web\\\/#\\\/schema\\\/person\\\/6f89ffa8ecba9dae50662357923c5289\"},\"breadcrumb\":{\"@id\":\"https:\\\/\\\/kuali.com.mx\\\/web\\\/2023\\\/02\\\/28\\\/se-acaba-el-agua-el-leon-97-colonias-sufriran-cortes\\\/#breadcrumb\"},\"inLanguage\":\"es\",\"potentialAction\":[{\"@type\":\"ReadAction\",\"target\":[\"https:\\\/\\\/kuali.com.mx\\\/web\\\/2023\\\/02\\\/28\\\/se-acaba-el-agua-el-leon-97-colonias-sufriran-cortes\\\/\"]}]},{\"@type\":\"ImageObject\",\"inLanguage\":\"es\",\"@id\":\"https:\\\/\\\/kuali.com.mx\\\/web\\\/2023\\\/02\\\/28\\\/se-acaba-el-agua-el-leon-97-colonias-sufriran-cortes\\\/#primaryimage\",\"url\":\"https:\\\/\\\/kuali.com.mx\\\/web\\\/wp-content\\\/uploads\\\/2023\\\/02\\\/Cortes-de-agua.gif\",\"contentUrl\":\"https:\\\/\\\/kuali.com.mx\\\/web\\\/wp-content\\\/uploads\\\/2023\\\/02\\\/Cortes-de-agua.gif\",\"width\":1900,\"height\":750},{\"@type\":\"BreadcrumbList\",\"@id\":\"https:\\\/\\\/kuali.com.mx\\\/web\\\/2023\\\/02\\\/28\\\/se-acaba-el-agua-el-leon-97-colonias-sufriran-cortes\\\/#breadcrumb\",\"itemListElement\":[{\"@type\":\"ListItem\",\"position\":1,\"name\":\"Inicio\",\"item\":\"https:\\\/\\\/kuali.com.mx\\\/web\\\/\"},{\"@type\":\"ListItem\",\"position\":2,\"name\":\"SE ACABA EL AGUA EN LE\u00d3N; 97 COLONIAS SUFRIR\u00c1N CORTES\"}]},{\"@type\":\"WebSite\",\"@id\":\"https:\\\/\\\/kuali.com.mx\\\/web\\\/#website\",\"url\":\"https:\\\/\\\/kuali.com.mx\\\/web\\\/\",\"name\":\"Kuali\",\"description\":\"\",\"potentialAction\":[{\"@type\":\"SearchAction\",\"target\":{\"@type\":\"EntryPoint\",\"urlTemplate\":\"https:\\\/\\\/kuali.com.mx\\\/web\\\/?s={search_term_string}\"},\"query-input\":{\"@type\":\"PropertyValueSpecification\",\"valueRequired\":true,\"valueName\":\"search_term_string\"}}],\"inLanguage\":\"es\"},{\"@type\":\"Person\",\"@id\":\"https:\\\/\\\/kuali.com.mx\\\/web\\\/#\\\/schema\\\/person\\\/6f89ffa8ecba9dae50662357923c5289\",\"name\":\"Kuali Staff\",\"image\":{\"@type\":\"ImageObject\",\"inLanguage\":\"es\",\"@id\":\"https:\\\/\\\/secure.gravatar.com\\\/avatar\\\/f917ad82e5ab71227a733c78b6e60715476f69ee6be59feee4eb5d9920c89e0f?s=96&d=mm&r=g\",\"url\":\"https:\\\/\\\/secure.gravatar.com\\\/avatar\\\/f917ad82e5ab71227a733c78b6e60715476f69ee6be59feee4eb5d9920c89e0f?s=96&d=mm&r=g\",\"contentUrl\":\"https:\\\/\\\/secure.gravatar.com\\\/avatar\\\/f917ad82e5ab71227a733c78b6e60715476f69ee6be59feee4eb5d9920c89e0f?s=96&d=mm&r=g\",\"caption\":\"Kuali Staff\"},\"url\":\"https:\\\/\\\/kuali.com.mx\\\/web\\\/author\\\/lagarto\\\/\"}]}<\/script>\n<!-- \/ Yoast SEO plugin. -->","yoast_head_json":{"title":"SE ACABA EL AGUA EN LE\u00d3N; 97 COLONIAS SUFRIR\u00c1N CORTES - Kuali","robots":{"index":"index","follow":"follow","max-snippet":"max-snippet:-1","max-image-preview":"max-image-preview:large","max-video-preview":"max-video-preview:-1"},"canonical":"https:\/\/kuali.com.mx\/web\/2023\/02\/28\/se-acaba-el-agua-el-leon-97-colonias-sufriran-cortes\/","og_locale":"es_MX","og_type":"article","og_title":"SE ACABA EL AGUA EN LE\u00d3N; 97 COLONIAS SUFRIR\u00c1N CORTES - Kuali","og_description":"Alicia Arias\/Le\u00f3n, Gto.- El pr\u00f3ximo lunes seis de marzo una parte de la poblaci\u00f3n de Le\u00f3n enfrentar\u00e1 los cortes de agua debido a la falta del vital l\u00edquido y a la estrategia que implementar\u00e1 el Municipio para garantizar el abasto a toda la poblaci\u00f3n. Esto significa que toda la gente contara con el servicio pero [&hellip;]","og_url":"https:\/\/kuali.com.mx\/web\/2023\/02\/28\/se-acaba-el-agua-el-leon-97-colonias-sufriran-cortes\/","og_site_name":"Kuali","article_publisher":"https:\/\/kuali.com.mx\/web\/wp-content\/uploads\/2018\/04\/cropped-kuali_logo-1-1.png","article_published_time":"2023-02-28T23:19:11+00:00","article_modified_time":"2023-03-01T00:39:30+00:00","og_image":[{"width":1900,"height":750,"url":"https:\/\/kuali.com.mx\/web\/wp-content\/uploads\/2023\/02\/Cortes-de-agua.gif","type":"image\/gif"}],"author":"Kuali Staff","twitter_card":"summary_large_image","twitter_creator":"@kuali_noticias","twitter_site":"@kuali_noticias","twitter_misc":{"Escrito por":"Kuali Staff","Tiempo de lectura":"3 minutos"},"schema":{"@context":"https:\/\/schema.org","@graph":[{"@type":"Article","@id":"https:\/\/kuali.com.mx\/web\/2023\/02\/28\/se-acaba-el-agua-el-leon-97-colonias-sufriran-cortes\/#article","isPartOf":{"@id":"https:\/\/kuali.com.mx\/web\/2023\/02\/28\/se-acaba-el-agua-el-leon-97-colonias-sufriran-cortes\/"},"author":{"name":"Kuali Staff","@id":"https:\/\/kuali.com.mx\/web\/#\/schema\/person\/6f89ffa8ecba9dae50662357923c5289"},"headline":"SE ACABA EL AGUA EN LE\u00d3N; 97 COLONIAS SUFRIR\u00c1N CORTES","datePublished":"2023-02-28T23:19:11+00:00","dateModified":"2023-03-01T00:39:30+00:00","mainEntityOfPage":{"@id":"https:\/\/kuali.com.mx\/web\/2023\/02\/28\/se-acaba-el-agua-el-leon-97-colonias-sufriran-cortes\/"},"wordCount":511,"commentCount":0,"image":{"@id":"https:\/\/kuali.com.mx\/web\/2023\/02\/28\/se-acaba-el-agua-el-leon-97-colonias-sufriran-cortes\/#primaryimage"},"thumbnailUrl":"https:\/\/kuali.com.mx\/web\/wp-content\/uploads\/2023\/02\/Cortes-de-agua.gif","keywords":["agua","El Palote","Estiaje","Le\u00f3n","SAPAL","Sequ\u00eda"],"articleSection":["Ecolog\u00eda","slider"],"inLanguage":"es","potentialAction":[{"@type":"CommentAction","name":"Comment","target":["https:\/\/kuali.com.mx\/web\/2023\/02\/28\/se-acaba-el-agua-el-leon-97-colonias-sufriran-cortes\/#respond"]}]},{"@type":"WebPage","@id":"https:\/\/kuali.com.mx\/web\/2023\/02\/28\/se-acaba-el-agua-el-leon-97-colonias-sufriran-cortes\/","url":"https:\/\/kuali.com.mx\/web\/2023\/02\/28\/se-acaba-el-agua-el-leon-97-colonias-sufriran-cortes\/","name":"SE ACABA EL AGUA EN LE\u00d3N; 97 COLONIAS SUFRIR\u00c1N CORTES - Kuali","isPartOf":{"@id":"https:\/\/kuali.com.mx\/web\/#website"},"primaryImageOfPage":{"@id":"https:\/\/kuali.com.mx\/web\/2023\/02\/28\/se-acaba-el-agua-el-leon-97-colonias-sufriran-cortes\/#primaryimage"},"image":{"@id":"https:\/\/kuali.com.mx\/web\/2023\/02\/28\/se-acaba-el-agua-el-leon-97-colonias-sufriran-cortes\/#primaryimage"},"thumbnailUrl":"https:\/\/kuali.com.mx\/web\/wp-content\/uploads\/2023\/02\/Cortes-de-agua.gif","datePublished":"2023-02-28T23:19:11+00:00","dateModified":"2023-03-01T00:39:30+00:00","author":{"@id":"https:\/\/kuali.com.mx\/web\/#\/schema\/person\/6f89ffa8ecba9dae50662357923c5289"},"breadcrumb":{"@id":"https:\/\/kuali.com.mx\/web\/2023\/02\/28\/se-acaba-el-agua-el-leon-97-colonias-sufriran-cortes\/#breadcrumb"},"inLanguage":"es","potentialAction":[{"@type":"ReadAction","target":["https:\/\/kuali.com.mx\/web\/2023\/02\/28\/se-acaba-el-agua-el-leon-97-colonias-sufriran-cortes\/"]}]},{"@type":"ImageObject","inLanguage":"es","@id":"https:\/\/kuali.com.mx\/web\/2023\/02\/28\/se-acaba-el-agua-el-leon-97-colonias-sufriran-cortes\/#primaryimage","url":"https:\/\/kuali.com.mx\/web\/wp-content\/uploads\/2023\/02\/Cortes-de-agua.gif","contentUrl":"https:\/\/kuali.com.mx\/web\/wp-content\/uploads\/2023\/02\/Cortes-de-agua.gif","width":1900,"height":750},{"@type":"BreadcrumbList","@id":"https:\/\/kuali.com.mx\/web\/2023\/02\/28\/se-acaba-el-agua-el-leon-97-colonias-sufriran-cortes\/#breadcrumb","itemListElement":[{"@type":"ListItem","position":1,"name":"Inicio","item":"https:\/\/kuali.com.mx\/web\/"},{"@type":"ListItem","position":2,"name":"SE ACABA EL AGUA EN LE\u00d3N; 97 COLONIAS SUFRIR\u00c1N CORTES"}]},{"@type":"WebSite","@id":"https:\/\/kuali.com.mx\/web\/#website","url":"https:\/\/kuali.com.mx\/web\/","name":"Kuali","description":"","potentialAction":[{"@type":"SearchAction","target":{"@type":"EntryPoint","urlTemplate":"https:\/\/kuali.com.mx\/web\/?s={search_term_string}"},"query-input":{"@type":"PropertyValueSpecification","valueRequired":true,"valueName":"search_term_string"}}],"inLanguage":"es"},{"@type":"Person","@id":"https:\/\/kuali.com.mx\/web\/#\/schema\/person\/6f89ffa8ecba9dae50662357923c5289","name":"Kuali Staff","image":{"@type":"ImageObject","inLanguage":"es","@id":"https:\/\/secure.gravatar.com\/avatar\/f917ad82e5ab71227a733c78b6e60715476f69ee6be59feee4eb5d9920c89e0f?s=96&d=mm&r=g","url":"https:\/\/secure.gravatar.com\/avatar\/f917ad82e5ab71227a733c78b6e60715476f69ee6be59feee4eb5d9920c89e0f?s=96&d=mm&r=g","contentUrl":"https:\/\/secure.gravatar.com\/avatar\/f917ad82e5ab71227a733c78b6e60715476f69ee6be59feee4eb5d9920c89e0f?s=96&d=mm&r=g","caption":"Kuali Staff"},"url":"https:\/\/kuali.com.mx\/web\/author\/lagarto\/"}]}},"_links":{"self":[{"href":"https:\/\/kuali.com.mx\/web\/wp-json\/wp\/v2\/posts\/113542","targetHints":{"allow":["GET"]}}],"collection":[{"href":"https:\/\/kuali.com.mx\/web\/wp-json\/wp\/v2\/posts"}],"about":[{"href":"https:\/\/kuali.com.mx\/web\/wp-json\/wp\/v2\/types\/post"}],"author":[{"embeddable":true,"href":"https:\/\/kuali.com.mx\/web\/wp-json\/wp\/v2\/users\/2"}],"replies":[{"embeddable":true,"href":"https:\/\/kuali.com.mx\/web\/wp-json\/wp\/v2\/comments?post=113542"}],"version-history":[{"count":5,"href":"https:\/\/kuali.com.mx\/web\/wp-json\/wp\/v2\/posts\/113542\/revisions"}],"predecessor-version":[{"id":113559,"href":"https:\/\/kuali.com.mx\/web\/wp-json\/wp\/v2\/posts\/113542\/revisions\/113559"}],"wp:featuredmedia":[{"embeddable":true,"href":"https:\/\/kuali.com.mx\/web\/wp-json\/wp\/v2\/media\/113545"}],"wp:attachment":[{"href":"https:\/\/kuali.com.mx\/web\/wp-json\/wp\/v2\/media?parent=113542"}],"wp:term":[{"taxonomy":"category","embeddable":true,"href":"https:\/\/kuali.com.mx\/web\/wp-json\/wp\/v2\/categories?post=113542"},{"taxonomy":"post_tag","embeddable":true,"href":"https:\/\/kuali.com.mx\/web\/wp-json\/wp\/v2\/tags?post=113542"}],"curies":[{"name":"wp","href":"https:\/\/api.w.org\/{rel}","templated":true}]}}