{"id":113402,"date":"2023-02-25T14:48:00","date_gmt":"2023-02-25T20:48:00","guid":{"rendered":"https:\/\/kuali.com.mx\/web\/?p=113402"},"modified":"2023-02-25T16:50:57","modified_gmt":"2023-02-25T22:50:57","slug":"llega-jose-alfredo-a-la-feria-del-libro-del-palacio-de-mineria","status":"publish","type":"post","link":"https:\/\/kuali.com.mx\/web\/2023\/02\/25\/llega-jose-alfredo-a-la-feria-del-libro-del-palacio-de-mineria\/","title":{"rendered":"LLEGA JOS\u00c9 ALFREDO A LA FERIA DEL LIBRO DEL PALACIO DE MINERIA"},"content":{"rendered":"\n<p><strong><em>Kuali\/Ciudad de M\u00e9xico.-<\/em><\/strong>As\u00ed como hay armarios que guardan cosas, hay almarios que guardan almas y uno de los m\u00e1s grandes que tenemos es Jos\u00e9 Alfredo Jim\u00e9nez\u201d, dijo Juan Villoro en la presentaci\u00f3n del libro \u201cCuando te hable de amor y de ilusiones\u201d, de Paloma Jim\u00e9nez G\u00e1lvez.<\/p>\n\n\n\n<p>La presentaci\u00f3n fue realizada la noche de este viernes, dentro de la programaci\u00f3n de Guanajuato como estado invitado de la\u00a0<a href=\"http:\/\/filmineria.unam.mx\/feria\/44fil\/index.html\">44\u00aa Feria Internacional del Libro del Palacio de Miner\u00eda<\/a>.<\/p>\n\n\n\n<p>El rey de la m\u00fasica ranchera demostr\u00f3 su poder de convocatoria a casi 50 a\u00f1os de su fallecimiento, en una de las m\u00e1s concurridas presentaciones editoriales de la jornada que combin\u00f3 los comentarios de G\u00e1lvez, Villoro, Adriana Camarena y Mauricio V\u00e1zquez, con la interpretaci\u00f3n en vivo, del tr\u00edo guanajuatense de jazz Orozco Mata Garc\u00eda.<\/p>\n\n\n\n<p>Publicado con el sello de Ediciones La Rana, del Instituto Estatal de la Cultura de Guanajuato (IEC), \u201cCuando te hable de amor y de ilusiones\u201d es una investigaci\u00f3n sobre la dimensi\u00f3n l\u00edrica de las canciones de Jos\u00e9 Alfredo Jim\u00e9nez, elaborada por su hija, Paloma Jim\u00e9nez G\u00e1lvez, con las herramientas de la filosof\u00eda y la teor\u00eda literaria, como parte de sus estudios de posgrado en Letras Hispanas.<\/p>\n\n\n\n<p>\u201cJos\u00e9 Alfredo es el fil\u00f3sofo del pueblo\u201d, coment\u00f3 en su intervenci\u00f3n Adriana Camarena de Obeso, directora del IEC. \u201cAlguien que, con gran emotividad y sabidur\u00eda, escribi\u00f3 letras que permiten que la mayor\u00eda de los mexicanos nos sintamos reflejados en un espejo colectivo, que nos hace ver tambi\u00e9n la paradoja que habita en nuestro ser\u201d.<\/p>\n\n\n\n<p>Juan Villoro, que es adem\u00e1s el prologuista del libro, situ\u00f3 a Jos\u00e9 Alfredo Jim\u00e9nez entre los compositores m\u00e1s grandes de M\u00e9xico, junto a Agust\u00edn Lara, Armando Manzanero y Juan Gabriel. \u201cPero de estos cuatro, el que m\u00e1s hondo ha calado en los vericuetos del coraz\u00f3n es, sin lugar a dudas, el pensador de Dolores, porque su repertorio sentimental es ampl\u00edsimo: desde el desprendimiento y el despecho al anhelo. El mayor de los problemas y el m\u00e1s maravilloso de todos, que es el amor, Jos\u00e9 Alfredo supo entenderlo de manera excepcional\u201d.<\/p>\n\n\n\n<p>Villoro se\u00f1al\u00f3 que el dolorense se ha instalado tan profundamente en el alma de los mexicanos que ya no requiere apellido. \u201cSi nosotros decimos Jos\u00e9 Alfredo, sabemos a qui\u00e9n nos estamos refiriendo\u201d y que los versos de sus melod\u00edas se han convertido en \u201crefranes que pertenecen al ADN de la patria\u201d.<\/p>\n\n\n\n<p>En su turno, Paloma Jim\u00e9nez G\u00e1lvez coment\u00f3 que el libro es fruto de un trabajo de varios a\u00f1os, en el que hizo un trayecto de equilibrista para \u201ctomar distancia de la figura paterna, pero al mismo tiempo acercarme a ella\u201d.<\/p>\n\n\n\n<p>\u201cLo que quise hacer\u201d, dice la autora, \u201cfue abordar la cosmovisi\u00f3n de Jos\u00e9 Alfredo a trav\u00e9s del sujeto l\u00edrico que est\u00e1 cantando esas canciones. El sujeto l\u00edrico va cambiando en cada una; sin embargo, es la cosmovisi\u00f3n la que nos va entregando los distintos rostros de Jos\u00e9 Alfredo, que son mucho, siendo el principal el sufrimiento como una marca de existencia que hay que saber sobrellevar\u201d.<\/p>\n\n\n\n<p>Entre las intervenciones de los presentadores, el tr\u00edo integrado por la cantante Cecilia Mata, el contrabajista Carlos Orozco y el guitarrista y saxofonista Luis Garc\u00eda sembr\u00f3 interpretaciones de varios temas de Jos\u00e9 Alfredo en textura de jazz, como \u201cUn mundo raro\u201d, \u201cSi nos dejan\u201d, \u201cEl jinete\u201d y \u201cMu\u00f1equita negra\u201d, sin faltar \u201cCaminos de Guanajuato\u201d.<\/p>\n","protected":false},"excerpt":{"rendered":"Kuali\/Ciudad de M\u00e9xico.-As\u00ed como hay armarios que guardan cosas, hay almarios que guardan almas y uno de los m\u00e1s grandes que tenemos es Jos\u00e9 Alfredo Jim\u00e9nez\u201d, dijo Juan Villoro en la presentaci\u00f3n del libro \u201cCuando te hable de amor y de ilusiones\u201d, de Paloma Jim\u00e9nez G\u00e1lvez. La presentaci\u00f3n fue realizada la noche de este viernes, [&hellip;]","protected":false},"author":2,"featured_media":113405,"comment_status":"open","ping_status":"open","sticky":false,"template":"","format":"standard","meta":{"_seopress_robots_primary_cat":"none","_seopress_titles_title":"","_seopress_titles_desc":"","_seopress_robots_index":"","_monsterinsights_skip_tracking":false,"_monsterinsights_sitenote_active":false,"_monsterinsights_sitenote_note":"","_monsterinsights_sitenote_category":0,"footnotes":""},"categories":[8],"tags":[],"class_list":["post-113402","post","type-post","status-publish","format-standard","has-post-thumbnail","hentry","category-espectaculos"],"yoast_head":"<!-- This site is optimized with the Yoast SEO plugin v27.4 - https:\/\/yoast.com\/product\/yoast-seo-wordpress\/ -->\n<title>LLEGA JOS\u00c9 ALFREDO A LA FERIA DEL LIBRO DEL PALACIO DE MINERIA - Kuali<\/title>\n<meta name=\"robots\" content=\"index, follow, max-snippet:-1, max-image-preview:large, max-video-preview:-1\" \/>\n<link rel=\"canonical\" href=\"https:\/\/kuali.com.mx\/web\/2023\/02\/25\/llega-jose-alfredo-a-la-feria-del-libro-del-palacio-de-mineria\/\" \/>\n<meta property=\"og:locale\" content=\"es_MX\" \/>\n<meta property=\"og:type\" content=\"article\" \/>\n<meta property=\"og:title\" content=\"LLEGA JOS\u00c9 ALFREDO A LA FERIA DEL LIBRO DEL PALACIO DE MINERIA - Kuali\" \/>\n<meta property=\"og:description\" content=\"Kuali\/Ciudad de M\u00e9xico.-As\u00ed como hay armarios que guardan cosas, hay almarios que guardan almas y uno de los m\u00e1s grandes que tenemos es Jos\u00e9 Alfredo Jim\u00e9nez\u201d, dijo Juan Villoro en la presentaci\u00f3n del libro \u201cCuando te hable de amor y de ilusiones\u201d, de Paloma Jim\u00e9nez G\u00e1lvez. La presentaci\u00f3n fue realizada la noche de este viernes, [&hellip;]\" \/>\n<meta property=\"og:url\" content=\"https:\/\/kuali.com.mx\/web\/2023\/02\/25\/llega-jose-alfredo-a-la-feria-del-libro-del-palacio-de-mineria\/\" \/>\n<meta property=\"og:site_name\" content=\"Kuali\" \/>\n<meta property=\"article:publisher\" content=\"https:\/\/kuali.com.mx\/web\/wp-content\/uploads\/2018\/04\/cropped-kuali_logo-1-1.png\" \/>\n<meta property=\"article:published_time\" content=\"2023-02-25T20:48:00+00:00\" \/>\n<meta property=\"article:modified_time\" content=\"2023-02-25T22:50:57+00:00\" \/>\n<meta property=\"og:image\" content=\"https:\/\/kuali.com.mx\/web\/wp-content\/uploads\/2023\/02\/Juan-Villoro-Libro-jose-alfredo.jpg\" \/>\n\t<meta property=\"og:image:width\" content=\"1024\" \/>\n\t<meta property=\"og:image:height\" content=\"683\" \/>\n\t<meta property=\"og:image:type\" content=\"image\/jpeg\" \/>\n<meta name=\"author\" content=\"Kuali Staff\" \/>\n<meta name=\"twitter:card\" content=\"summary_large_image\" \/>\n<meta name=\"twitter:creator\" content=\"@kuali_noticias\" \/>\n<meta name=\"twitter:site\" content=\"@kuali_noticias\" \/>\n<meta name=\"twitter:label1\" content=\"Escrito por\" \/>\n\t<meta name=\"twitter:data1\" content=\"Kuali Staff\" \/>\n\t<meta name=\"twitter:label2\" content=\"Tiempo de lectura\" \/>\n\t<meta name=\"twitter:data2\" content=\"3 minutos\" \/>\n<script type=\"application\/ld+json\" class=\"yoast-schema-graph\">{\"@context\":\"https:\\\/\\\/schema.org\",\"@graph\":[{\"@type\":\"Article\",\"@id\":\"https:\\\/\\\/kuali.com.mx\\\/web\\\/2023\\\/02\\\/25\\\/llega-jose-alfredo-a-la-feria-del-libro-del-palacio-de-mineria\\\/#article\",\"isPartOf\":{\"@id\":\"https:\\\/\\\/kuali.com.mx\\\/web\\\/2023\\\/02\\\/25\\\/llega-jose-alfredo-a-la-feria-del-libro-del-palacio-de-mineria\\\/\"},\"author\":{\"name\":\"Kuali Staff\",\"@id\":\"https:\\\/\\\/kuali.com.mx\\\/web\\\/#\\\/schema\\\/person\\\/6f89ffa8ecba9dae50662357923c5289\"},\"headline\":\"LLEGA JOS\u00c9 ALFREDO A LA FERIA DEL LIBRO DEL PALACIO DE MINERIA\",\"datePublished\":\"2023-02-25T20:48:00+00:00\",\"dateModified\":\"2023-02-25T22:50:57+00:00\",\"mainEntityOfPage\":{\"@id\":\"https:\\\/\\\/kuali.com.mx\\\/web\\\/2023\\\/02\\\/25\\\/llega-jose-alfredo-a-la-feria-del-libro-del-palacio-de-mineria\\\/\"},\"wordCount\":616,\"commentCount\":0,\"image\":{\"@id\":\"https:\\\/\\\/kuali.com.mx\\\/web\\\/2023\\\/02\\\/25\\\/llega-jose-alfredo-a-la-feria-del-libro-del-palacio-de-mineria\\\/#primaryimage\"},\"thumbnailUrl\":\"https:\\\/\\\/kuali.com.mx\\\/web\\\/wp-content\\\/uploads\\\/2023\\\/02\\\/Juan-Villoro-Libro-jose-alfredo.jpg\",\"articleSection\":[\"Cultura\"],\"inLanguage\":\"es\",\"potentialAction\":[{\"@type\":\"CommentAction\",\"name\":\"Comment\",\"target\":[\"https:\\\/\\\/kuali.com.mx\\\/web\\\/2023\\\/02\\\/25\\\/llega-jose-alfredo-a-la-feria-del-libro-del-palacio-de-mineria\\\/#respond\"]}]},{\"@type\":\"WebPage\",\"@id\":\"https:\\\/\\\/kuali.com.mx\\\/web\\\/2023\\\/02\\\/25\\\/llega-jose-alfredo-a-la-feria-del-libro-del-palacio-de-mineria\\\/\",\"url\":\"https:\\\/\\\/kuali.com.mx\\\/web\\\/2023\\\/02\\\/25\\\/llega-jose-alfredo-a-la-feria-del-libro-del-palacio-de-mineria\\\/\",\"name\":\"LLEGA JOS\u00c9 ALFREDO A LA FERIA DEL LIBRO DEL PALACIO DE MINERIA - Kuali\",\"isPartOf\":{\"@id\":\"https:\\\/\\\/kuali.com.mx\\\/web\\\/#website\"},\"primaryImageOfPage\":{\"@id\":\"https:\\\/\\\/kuali.com.mx\\\/web\\\/2023\\\/02\\\/25\\\/llega-jose-alfredo-a-la-feria-del-libro-del-palacio-de-mineria\\\/#primaryimage\"},\"image\":{\"@id\":\"https:\\\/\\\/kuali.com.mx\\\/web\\\/2023\\\/02\\\/25\\\/llega-jose-alfredo-a-la-feria-del-libro-del-palacio-de-mineria\\\/#primaryimage\"},\"thumbnailUrl\":\"https:\\\/\\\/kuali.com.mx\\\/web\\\/wp-content\\\/uploads\\\/2023\\\/02\\\/Juan-Villoro-Libro-jose-alfredo.jpg\",\"datePublished\":\"2023-02-25T20:48:00+00:00\",\"dateModified\":\"2023-02-25T22:50:57+00:00\",\"author\":{\"@id\":\"https:\\\/\\\/kuali.com.mx\\\/web\\\/#\\\/schema\\\/person\\\/6f89ffa8ecba9dae50662357923c5289\"},\"breadcrumb\":{\"@id\":\"https:\\\/\\\/kuali.com.mx\\\/web\\\/2023\\\/02\\\/25\\\/llega-jose-alfredo-a-la-feria-del-libro-del-palacio-de-mineria\\\/#breadcrumb\"},\"inLanguage\":\"es\",\"potentialAction\":[{\"@type\":\"ReadAction\",\"target\":[\"https:\\\/\\\/kuali.com.mx\\\/web\\\/2023\\\/02\\\/25\\\/llega-jose-alfredo-a-la-feria-del-libro-del-palacio-de-mineria\\\/\"]}]},{\"@type\":\"ImageObject\",\"inLanguage\":\"es\",\"@id\":\"https:\\\/\\\/kuali.com.mx\\\/web\\\/2023\\\/02\\\/25\\\/llega-jose-alfredo-a-la-feria-del-libro-del-palacio-de-mineria\\\/#primaryimage\",\"url\":\"https:\\\/\\\/kuali.com.mx\\\/web\\\/wp-content\\\/uploads\\\/2023\\\/02\\\/Juan-Villoro-Libro-jose-alfredo.jpg\",\"contentUrl\":\"https:\\\/\\\/kuali.com.mx\\\/web\\\/wp-content\\\/uploads\\\/2023\\\/02\\\/Juan-Villoro-Libro-jose-alfredo.jpg\",\"width\":1024,\"height\":683},{\"@type\":\"BreadcrumbList\",\"@id\":\"https:\\\/\\\/kuali.com.mx\\\/web\\\/2023\\\/02\\\/25\\\/llega-jose-alfredo-a-la-feria-del-libro-del-palacio-de-mineria\\\/#breadcrumb\",\"itemListElement\":[{\"@type\":\"ListItem\",\"position\":1,\"name\":\"Inicio\",\"item\":\"https:\\\/\\\/kuali.com.mx\\\/web\\\/\"},{\"@type\":\"ListItem\",\"position\":2,\"name\":\"LLEGA JOS\u00c9 ALFREDO A LA FERIA DEL LIBRO DEL PALACIO DE MINERIA\"}]},{\"@type\":\"WebSite\",\"@id\":\"https:\\\/\\\/kuali.com.mx\\\/web\\\/#website\",\"url\":\"https:\\\/\\\/kuali.com.mx\\\/web\\\/\",\"name\":\"Kuali\",\"description\":\"\",\"potentialAction\":[{\"@type\":\"SearchAction\",\"target\":{\"@type\":\"EntryPoint\",\"urlTemplate\":\"https:\\\/\\\/kuali.com.mx\\\/web\\\/?s={search_term_string}\"},\"query-input\":{\"@type\":\"PropertyValueSpecification\",\"valueRequired\":true,\"valueName\":\"search_term_string\"}}],\"inLanguage\":\"es\"},{\"@type\":\"Person\",\"@id\":\"https:\\\/\\\/kuali.com.mx\\\/web\\\/#\\\/schema\\\/person\\\/6f89ffa8ecba9dae50662357923c5289\",\"name\":\"Kuali Staff\",\"image\":{\"@type\":\"ImageObject\",\"inLanguage\":\"es\",\"@id\":\"https:\\\/\\\/secure.gravatar.com\\\/avatar\\\/f917ad82e5ab71227a733c78b6e60715476f69ee6be59feee4eb5d9920c89e0f?s=96&d=mm&r=g\",\"url\":\"https:\\\/\\\/secure.gravatar.com\\\/avatar\\\/f917ad82e5ab71227a733c78b6e60715476f69ee6be59feee4eb5d9920c89e0f?s=96&d=mm&r=g\",\"contentUrl\":\"https:\\\/\\\/secure.gravatar.com\\\/avatar\\\/f917ad82e5ab71227a733c78b6e60715476f69ee6be59feee4eb5d9920c89e0f?s=96&d=mm&r=g\",\"caption\":\"Kuali Staff\"},\"url\":\"https:\\\/\\\/kuali.com.mx\\\/web\\\/author\\\/lagarto\\\/\"}]}<\/script>\n<!-- \/ Yoast SEO plugin. -->","yoast_head_json":{"title":"LLEGA JOS\u00c9 ALFREDO A LA FERIA DEL LIBRO DEL PALACIO DE MINERIA - Kuali","robots":{"index":"index","follow":"follow","max-snippet":"max-snippet:-1","max-image-preview":"max-image-preview:large","max-video-preview":"max-video-preview:-1"},"canonical":"https:\/\/kuali.com.mx\/web\/2023\/02\/25\/llega-jose-alfredo-a-la-feria-del-libro-del-palacio-de-mineria\/","og_locale":"es_MX","og_type":"article","og_title":"LLEGA JOS\u00c9 ALFREDO A LA FERIA DEL LIBRO DEL PALACIO DE MINERIA - Kuali","og_description":"Kuali\/Ciudad de M\u00e9xico.-As\u00ed como hay armarios que guardan cosas, hay almarios que guardan almas y uno de los m\u00e1s grandes que tenemos es Jos\u00e9 Alfredo Jim\u00e9nez\u201d, dijo Juan Villoro en la presentaci\u00f3n del libro \u201cCuando te hable de amor y de ilusiones\u201d, de Paloma Jim\u00e9nez G\u00e1lvez. La presentaci\u00f3n fue realizada la noche de este viernes, [&hellip;]","og_url":"https:\/\/kuali.com.mx\/web\/2023\/02\/25\/llega-jose-alfredo-a-la-feria-del-libro-del-palacio-de-mineria\/","og_site_name":"Kuali","article_publisher":"https:\/\/kuali.com.mx\/web\/wp-content\/uploads\/2018\/04\/cropped-kuali_logo-1-1.png","article_published_time":"2023-02-25T20:48:00+00:00","article_modified_time":"2023-02-25T22:50:57+00:00","og_image":[{"width":1024,"height":683,"url":"https:\/\/kuali.com.mx\/web\/wp-content\/uploads\/2023\/02\/Juan-Villoro-Libro-jose-alfredo.jpg","type":"image\/jpeg"}],"author":"Kuali Staff","twitter_card":"summary_large_image","twitter_creator":"@kuali_noticias","twitter_site":"@kuali_noticias","twitter_misc":{"Escrito por":"Kuali Staff","Tiempo de lectura":"3 minutos"},"schema":{"@context":"https:\/\/schema.org","@graph":[{"@type":"Article","@id":"https:\/\/kuali.com.mx\/web\/2023\/02\/25\/llega-jose-alfredo-a-la-feria-del-libro-del-palacio-de-mineria\/#article","isPartOf":{"@id":"https:\/\/kuali.com.mx\/web\/2023\/02\/25\/llega-jose-alfredo-a-la-feria-del-libro-del-palacio-de-mineria\/"},"author":{"name":"Kuali Staff","@id":"https:\/\/kuali.com.mx\/web\/#\/schema\/person\/6f89ffa8ecba9dae50662357923c5289"},"headline":"LLEGA JOS\u00c9 ALFREDO A LA FERIA DEL LIBRO DEL PALACIO DE MINERIA","datePublished":"2023-02-25T20:48:00+00:00","dateModified":"2023-02-25T22:50:57+00:00","mainEntityOfPage":{"@id":"https:\/\/kuali.com.mx\/web\/2023\/02\/25\/llega-jose-alfredo-a-la-feria-del-libro-del-palacio-de-mineria\/"},"wordCount":616,"commentCount":0,"image":{"@id":"https:\/\/kuali.com.mx\/web\/2023\/02\/25\/llega-jose-alfredo-a-la-feria-del-libro-del-palacio-de-mineria\/#primaryimage"},"thumbnailUrl":"https:\/\/kuali.com.mx\/web\/wp-content\/uploads\/2023\/02\/Juan-Villoro-Libro-jose-alfredo.jpg","articleSection":["Cultura"],"inLanguage":"es","potentialAction":[{"@type":"CommentAction","name":"Comment","target":["https:\/\/kuali.com.mx\/web\/2023\/02\/25\/llega-jose-alfredo-a-la-feria-del-libro-del-palacio-de-mineria\/#respond"]}]},{"@type":"WebPage","@id":"https:\/\/kuali.com.mx\/web\/2023\/02\/25\/llega-jose-alfredo-a-la-feria-del-libro-del-palacio-de-mineria\/","url":"https:\/\/kuali.com.mx\/web\/2023\/02\/25\/llega-jose-alfredo-a-la-feria-del-libro-del-palacio-de-mineria\/","name":"LLEGA JOS\u00c9 ALFREDO A LA FERIA DEL LIBRO DEL PALACIO DE MINERIA - Kuali","isPartOf":{"@id":"https:\/\/kuali.com.mx\/web\/#website"},"primaryImageOfPage":{"@id":"https:\/\/kuali.com.mx\/web\/2023\/02\/25\/llega-jose-alfredo-a-la-feria-del-libro-del-palacio-de-mineria\/#primaryimage"},"image":{"@id":"https:\/\/kuali.com.mx\/web\/2023\/02\/25\/llega-jose-alfredo-a-la-feria-del-libro-del-palacio-de-mineria\/#primaryimage"},"thumbnailUrl":"https:\/\/kuali.com.mx\/web\/wp-content\/uploads\/2023\/02\/Juan-Villoro-Libro-jose-alfredo.jpg","datePublished":"2023-02-25T20:48:00+00:00","dateModified":"2023-02-25T22:50:57+00:00","author":{"@id":"https:\/\/kuali.com.mx\/web\/#\/schema\/person\/6f89ffa8ecba9dae50662357923c5289"},"breadcrumb":{"@id":"https:\/\/kuali.com.mx\/web\/2023\/02\/25\/llega-jose-alfredo-a-la-feria-del-libro-del-palacio-de-mineria\/#breadcrumb"},"inLanguage":"es","potentialAction":[{"@type":"ReadAction","target":["https:\/\/kuali.com.mx\/web\/2023\/02\/25\/llega-jose-alfredo-a-la-feria-del-libro-del-palacio-de-mineria\/"]}]},{"@type":"ImageObject","inLanguage":"es","@id":"https:\/\/kuali.com.mx\/web\/2023\/02\/25\/llega-jose-alfredo-a-la-feria-del-libro-del-palacio-de-mineria\/#primaryimage","url":"https:\/\/kuali.com.mx\/web\/wp-content\/uploads\/2023\/02\/Juan-Villoro-Libro-jose-alfredo.jpg","contentUrl":"https:\/\/kuali.com.mx\/web\/wp-content\/uploads\/2023\/02\/Juan-Villoro-Libro-jose-alfredo.jpg","width":1024,"height":683},{"@type":"BreadcrumbList","@id":"https:\/\/kuali.com.mx\/web\/2023\/02\/25\/llega-jose-alfredo-a-la-feria-del-libro-del-palacio-de-mineria\/#breadcrumb","itemListElement":[{"@type":"ListItem","position":1,"name":"Inicio","item":"https:\/\/kuali.com.mx\/web\/"},{"@type":"ListItem","position":2,"name":"LLEGA JOS\u00c9 ALFREDO A LA FERIA DEL LIBRO DEL PALACIO DE MINERIA"}]},{"@type":"WebSite","@id":"https:\/\/kuali.com.mx\/web\/#website","url":"https:\/\/kuali.com.mx\/web\/","name":"Kuali","description":"","potentialAction":[{"@type":"SearchAction","target":{"@type":"EntryPoint","urlTemplate":"https:\/\/kuali.com.mx\/web\/?s={search_term_string}"},"query-input":{"@type":"PropertyValueSpecification","valueRequired":true,"valueName":"search_term_string"}}],"inLanguage":"es"},{"@type":"Person","@id":"https:\/\/kuali.com.mx\/web\/#\/schema\/person\/6f89ffa8ecba9dae50662357923c5289","name":"Kuali Staff","image":{"@type":"ImageObject","inLanguage":"es","@id":"https:\/\/secure.gravatar.com\/avatar\/f917ad82e5ab71227a733c78b6e60715476f69ee6be59feee4eb5d9920c89e0f?s=96&d=mm&r=g","url":"https:\/\/secure.gravatar.com\/avatar\/f917ad82e5ab71227a733c78b6e60715476f69ee6be59feee4eb5d9920c89e0f?s=96&d=mm&r=g","contentUrl":"https:\/\/secure.gravatar.com\/avatar\/f917ad82e5ab71227a733c78b6e60715476f69ee6be59feee4eb5d9920c89e0f?s=96&d=mm&r=g","caption":"Kuali Staff"},"url":"https:\/\/kuali.com.mx\/web\/author\/lagarto\/"}]}},"_links":{"self":[{"href":"https:\/\/kuali.com.mx\/web\/wp-json\/wp\/v2\/posts\/113402","targetHints":{"allow":["GET"]}}],"collection":[{"href":"https:\/\/kuali.com.mx\/web\/wp-json\/wp\/v2\/posts"}],"about":[{"href":"https:\/\/kuali.com.mx\/web\/wp-json\/wp\/v2\/types\/post"}],"author":[{"embeddable":true,"href":"https:\/\/kuali.com.mx\/web\/wp-json\/wp\/v2\/users\/2"}],"replies":[{"embeddable":true,"href":"https:\/\/kuali.com.mx\/web\/wp-json\/wp\/v2\/comments?post=113402"}],"version-history":[{"count":1,"href":"https:\/\/kuali.com.mx\/web\/wp-json\/wp\/v2\/posts\/113402\/revisions"}],"predecessor-version":[{"id":113406,"href":"https:\/\/kuali.com.mx\/web\/wp-json\/wp\/v2\/posts\/113402\/revisions\/113406"}],"wp:featuredmedia":[{"embeddable":true,"href":"https:\/\/kuali.com.mx\/web\/wp-json\/wp\/v2\/media\/113405"}],"wp:attachment":[{"href":"https:\/\/kuali.com.mx\/web\/wp-json\/wp\/v2\/media?parent=113402"}],"wp:term":[{"taxonomy":"category","embeddable":true,"href":"https:\/\/kuali.com.mx\/web\/wp-json\/wp\/v2\/categories?post=113402"},{"taxonomy":"post_tag","embeddable":true,"href":"https:\/\/kuali.com.mx\/web\/wp-json\/wp\/v2\/tags?post=113402"}],"curies":[{"name":"wp","href":"https:\/\/api.w.org\/{rel}","templated":true}]}}