{"id":113382,"date":"2023-02-25T16:30:18","date_gmt":"2023-02-25T22:30:18","guid":{"rendered":"https:\/\/kuali.com.mx\/web\/?p=113382"},"modified":"2023-02-25T16:30:19","modified_gmt":"2023-02-25T22:30:19","slug":"golpea-policia-de-san-miguel-de-allende-a-ecologista","status":"publish","type":"post","link":"https:\/\/kuali.com.mx\/web\/2023\/02\/25\/golpea-policia-de-san-miguel-de-allende-a-ecologista\/","title":{"rendered":"GOLPEA POLIC\u00cdA DE SAN MIGUEL DE ALLENDE A ECOLOGISTA"},"content":{"rendered":"\n<p><strong><em>Carlos Garc\u00eda\/San Miguel de Allende, Gto.-<\/em><\/strong> La Polic\u00eda del gobierno pri\u00edsta de San Miguel de Allende golpe\u00f3 \u00a0y arrest\u00f3 a un joven activista porque les pidi\u00f3 que no \u201cmaltrataran\u201d a otro joven que era arrestado por \u201csospechoso\u201d. La agresi\u00f3n qued\u00f3 registrada en un video.<\/p>\n\n\n\n<p>El presunto abuso policiaco se cometi\u00f3 la noche del viernes, en una parada de camiones ubicada en la Calzada la Aurora, donde Romeo \u2013 un ecologista- espera a su novia.<\/p>\n\n\n\n<p>El activista fue golpeado y arrestado porque pidi\u00f3 a unos oficiales que no maltrataran a otro joven que era detenido, al parecer con un uso excesivo de fuerza.<\/p>\n\n\n\n<p>En un video, grabado por los amigos del ecologista, se ve como los polic\u00edas cargan a Romeo y lo impactan contra una malla cicl\u00f3nica. En la grabaci\u00f3n se escucha una voz que dice: \u201cno se est\u00e1 resistiendo \u00bfpor qu\u00e9 lo tratan as\u00ed?\u201d.<\/p>\n\n\n\n<p>Romeo es tirado al piso, donde es esposado, en ese momento su novia pregunta que fue lo que hizo y un polic\u00eda responde que obstruy\u00f3 la labor policial y \u201cse puso agresivo\u201d.<\/p>\n\n\n\n<p>Hay m\u00e1s personas que intervienen, cuestionan que hizo y sus amigos recalcan que no hizo nada.<\/p>\n\n\n\n<p>Los oficiales levantan del piso a Romeo y un oficial muestra una navaja que saca de su motocicleta y replica: \u201caqu\u00ed est\u00e1 lo que no tra\u00eda\u201d.<\/p>\n\n\n\n<p>\u201cSu\u00e9ltenlo no hizo nada\u201d, grita una se\u00f1ora y un polic\u00eda dice: \u201cy esto que es se\u00f1ora -mostrando la navaja-\u201c. \u201cUstedes se la pusieron\u201d, revira la mujer, al momento que el detenido es subido a una patrulla.<\/p>\n\n\n\n<p>Los amigos pagaron una multa de 900 pesos y denunciaron que Romeo ten\u00eda lesiones en cervicales, un ojo morado y las manos lastimadas porque fue pisado.<\/p>\n\n\n\n<p>El gobierno de San Miguel de Allende, que encabeza el alcalde pri\u00edsta Mauricio Trejo Pureco, emiti\u00f3 un comunicado donde difundi\u00f3 que el primer detenido, de nombre Ricardo, tiene varios arrestos por faltas administrativas y que desde las c\u00e1maras del C4 lo vieron con actitud \u201csospechosa\u201d.<\/p>\n\n\n\n<p>\u201cDurante la detenci\u00f3n, otro sujeto quiso impedir el traslado del detenido y con una actitud agresiva contra los elementos, intento evitar el arresto. Debido a su comportamiento hostil, hacer caso omiso a las indicaciones de que se retirara del lugar y por obstruir la actuaci\u00f3n de los uniformados, esta persona tambi\u00e9n fue asegurada\u201d, se\u00f1ala el comunicado de la administraci\u00f3n de Trejo Pureco.<\/p>\n\n\n\n<p>El gobierno de San Miguel de Allende afirm\u00f3 que el primer detenido tra\u00eda un arma blanca y que hab\u00eda consumido sustancias t\u00f3xicas e ilegales.<\/p>\n\n\n\n<p>En marzo del a\u00f1o pasado, la Procuradur\u00eda de los Derechos Humanos del Estado de Guanajuato (Prodheg) abri\u00f3 una investigaci\u00f3n de oficio contra los polic\u00edas sanmiguelenses por golpear a dos mujeres.<\/p>\n\n\n\n<p>En esa ocasi\u00f3n, la polic\u00eda golpe\u00f3, pate\u00f3, arrastr\u00f3 del cabello y noque\u00f3 dos veces a Estefan\u00eda Monserrat Garc\u00eda S\u00e1nchez.<\/p>\n\n\n\n<p>La joven de 18 a\u00f1os no pod\u00eda moverse y tuvo que usar una silla de ruedas para ir a la Fiscal\u00eda General del Estado (FGE) y a la Procuradur\u00eda de los Derechos Humados del Estado de Guanajuato (Prodheg) a denunciar la agresi\u00f3n policiaca.<\/p>\n\n\n\n<p>Andrik Garc\u00eda S\u00e1nchez, hermano de la v\u00edctima, coment\u00f3 que Estefan\u00eda ten\u00eda golpes en la cabeza, en el rostro, lesiones, en el t\u00f3rax y en el interior de la boca, situaci\u00f3n que limita su movilidad.<\/p>\n","protected":false},"excerpt":{"rendered":"Carlos Garc\u00eda\/San Miguel de Allende, Gto.- La Polic\u00eda del gobierno pri\u00edsta de San Miguel de Allende golpe\u00f3 \u00a0y arrest\u00f3 a un joven activista porque les pidi\u00f3 que no \u201cmaltrataran\u201d a otro joven que era arrestado por \u201csospechoso\u201d. La agresi\u00f3n qued\u00f3 registrada en un video. El presunto abuso policiaco se cometi\u00f3 la noche del viernes, en [&hellip;]","protected":false},"author":2,"featured_media":113385,"comment_status":"open","ping_status":"open","sticky":false,"template":"","format":"standard","meta":{"_seopress_robots_primary_cat":"none","_seopress_titles_title":"","_seopress_titles_desc":"","_seopress_robots_index":"","_monsterinsights_skip_tracking":false,"_monsterinsights_sitenote_active":false,"_monsterinsights_sitenote_note":"","_monsterinsights_sitenote_category":0,"footnotes":""},"categories":[14],"tags":[],"class_list":["post-113382","post","type-post","status-publish","format-standard","has-post-thumbnail","hentry","category-derechos"],"yoast_head":"<!-- This site is optimized with the Yoast SEO plugin v27.4 - https:\/\/yoast.com\/product\/yoast-seo-wordpress\/ -->\n<title>GOLPEA POLIC\u00cdA DE SAN MIGUEL DE ALLENDE A ECOLOGISTA - Kuali<\/title>\n<meta name=\"robots\" content=\"index, follow, max-snippet:-1, max-image-preview:large, max-video-preview:-1\" \/>\n<link rel=\"canonical\" href=\"https:\/\/kuali.com.mx\/web\/2023\/02\/25\/golpea-policia-de-san-miguel-de-allende-a-ecologista\/\" \/>\n<meta property=\"og:locale\" content=\"es_MX\" \/>\n<meta property=\"og:type\" content=\"article\" \/>\n<meta property=\"og:title\" content=\"GOLPEA POLIC\u00cdA DE SAN MIGUEL DE ALLENDE A ECOLOGISTA - Kuali\" \/>\n<meta property=\"og:description\" content=\"Carlos Garc\u00eda\/San Miguel de Allende, Gto.- La Polic\u00eda del gobierno pri\u00edsta de San Miguel de Allende golpe\u00f3 \u00a0y arrest\u00f3 a un joven activista porque les pidi\u00f3 que no \u201cmaltrataran\u201d a otro joven que era arrestado por \u201csospechoso\u201d. La agresi\u00f3n qued\u00f3 registrada en un video. El presunto abuso policiaco se cometi\u00f3 la noche del viernes, en [&hellip;]\" \/>\n<meta property=\"og:url\" content=\"https:\/\/kuali.com.mx\/web\/2023\/02\/25\/golpea-policia-de-san-miguel-de-allende-a-ecologista\/\" \/>\n<meta property=\"og:site_name\" content=\"Kuali\" \/>\n<meta property=\"article:publisher\" content=\"https:\/\/kuali.com.mx\/web\/wp-content\/uploads\/2018\/04\/cropped-kuali_logo-1-1.png\" \/>\n<meta property=\"article:published_time\" content=\"2023-02-25T22:30:18+00:00\" \/>\n<meta property=\"article:modified_time\" content=\"2023-02-25T22:30:19+00:00\" \/>\n<meta property=\"og:image\" content=\"https:\/\/kuali.com.mx\/web\/wp-content\/uploads\/2023\/02\/Arresto-policias-SMA.png\" \/>\n\t<meta property=\"og:image:width\" content=\"1978\" \/>\n\t<meta property=\"og:image:height\" content=\"750\" \/>\n\t<meta property=\"og:image:type\" content=\"image\/png\" \/>\n<meta name=\"author\" content=\"Kuali Staff\" \/>\n<meta name=\"twitter:card\" content=\"summary_large_image\" \/>\n<meta name=\"twitter:creator\" content=\"@kuali_noticias\" \/>\n<meta name=\"twitter:site\" content=\"@kuali_noticias\" \/>\n<meta name=\"twitter:label1\" content=\"Escrito por\" \/>\n\t<meta name=\"twitter:data1\" content=\"Kuali Staff\" \/>\n\t<meta name=\"twitter:label2\" content=\"Tiempo de lectura\" \/>\n\t<meta name=\"twitter:data2\" content=\"3 minutos\" \/>\n<script type=\"application\/ld+json\" class=\"yoast-schema-graph\">{\"@context\":\"https:\\\/\\\/schema.org\",\"@graph\":[{\"@type\":\"Article\",\"@id\":\"https:\\\/\\\/kuali.com.mx\\\/web\\\/2023\\\/02\\\/25\\\/golpea-policia-de-san-miguel-de-allende-a-ecologista\\\/#article\",\"isPartOf\":{\"@id\":\"https:\\\/\\\/kuali.com.mx\\\/web\\\/2023\\\/02\\\/25\\\/golpea-policia-de-san-miguel-de-allende-a-ecologista\\\/\"},\"author\":{\"name\":\"Kuali Staff\",\"@id\":\"https:\\\/\\\/kuali.com.mx\\\/web\\\/#\\\/schema\\\/person\\\/6f89ffa8ecba9dae50662357923c5289\"},\"headline\":\"GOLPEA POLIC\u00cdA DE SAN MIGUEL DE ALLENDE A ECOLOGISTA\",\"datePublished\":\"2023-02-25T22:30:18+00:00\",\"dateModified\":\"2023-02-25T22:30:19+00:00\",\"mainEntityOfPage\":{\"@id\":\"https:\\\/\\\/kuali.com.mx\\\/web\\\/2023\\\/02\\\/25\\\/golpea-policia-de-san-miguel-de-allende-a-ecologista\\\/\"},\"wordCount\":592,\"commentCount\":0,\"image\":{\"@id\":\"https:\\\/\\\/kuali.com.mx\\\/web\\\/2023\\\/02\\\/25\\\/golpea-policia-de-san-miguel-de-allende-a-ecologista\\\/#primaryimage\"},\"thumbnailUrl\":\"https:\\\/\\\/kuali.com.mx\\\/web\\\/wp-content\\\/uploads\\\/2023\\\/02\\\/Arresto-policias-SMA.png\",\"articleSection\":[\"Derechos Humanos\"],\"inLanguage\":\"es\",\"potentialAction\":[{\"@type\":\"CommentAction\",\"name\":\"Comment\",\"target\":[\"https:\\\/\\\/kuali.com.mx\\\/web\\\/2023\\\/02\\\/25\\\/golpea-policia-de-san-miguel-de-allende-a-ecologista\\\/#respond\"]}]},{\"@type\":\"WebPage\",\"@id\":\"https:\\\/\\\/kuali.com.mx\\\/web\\\/2023\\\/02\\\/25\\\/golpea-policia-de-san-miguel-de-allende-a-ecologista\\\/\",\"url\":\"https:\\\/\\\/kuali.com.mx\\\/web\\\/2023\\\/02\\\/25\\\/golpea-policia-de-san-miguel-de-allende-a-ecologista\\\/\",\"name\":\"GOLPEA POLIC\u00cdA DE SAN MIGUEL DE ALLENDE A ECOLOGISTA - Kuali\",\"isPartOf\":{\"@id\":\"https:\\\/\\\/kuali.com.mx\\\/web\\\/#website\"},\"primaryImageOfPage\":{\"@id\":\"https:\\\/\\\/kuali.com.mx\\\/web\\\/2023\\\/02\\\/25\\\/golpea-policia-de-san-miguel-de-allende-a-ecologista\\\/#primaryimage\"},\"image\":{\"@id\":\"https:\\\/\\\/kuali.com.mx\\\/web\\\/2023\\\/02\\\/25\\\/golpea-policia-de-san-miguel-de-allende-a-ecologista\\\/#primaryimage\"},\"thumbnailUrl\":\"https:\\\/\\\/kuali.com.mx\\\/web\\\/wp-content\\\/uploads\\\/2023\\\/02\\\/Arresto-policias-SMA.png\",\"datePublished\":\"2023-02-25T22:30:18+00:00\",\"dateModified\":\"2023-02-25T22:30:19+00:00\",\"author\":{\"@id\":\"https:\\\/\\\/kuali.com.mx\\\/web\\\/#\\\/schema\\\/person\\\/6f89ffa8ecba9dae50662357923c5289\"},\"breadcrumb\":{\"@id\":\"https:\\\/\\\/kuali.com.mx\\\/web\\\/2023\\\/02\\\/25\\\/golpea-policia-de-san-miguel-de-allende-a-ecologista\\\/#breadcrumb\"},\"inLanguage\":\"es\",\"potentialAction\":[{\"@type\":\"ReadAction\",\"target\":[\"https:\\\/\\\/kuali.com.mx\\\/web\\\/2023\\\/02\\\/25\\\/golpea-policia-de-san-miguel-de-allende-a-ecologista\\\/\"]}]},{\"@type\":\"ImageObject\",\"inLanguage\":\"es\",\"@id\":\"https:\\\/\\\/kuali.com.mx\\\/web\\\/2023\\\/02\\\/25\\\/golpea-policia-de-san-miguel-de-allende-a-ecologista\\\/#primaryimage\",\"url\":\"https:\\\/\\\/kuali.com.mx\\\/web\\\/wp-content\\\/uploads\\\/2023\\\/02\\\/Arresto-policias-SMA.png\",\"contentUrl\":\"https:\\\/\\\/kuali.com.mx\\\/web\\\/wp-content\\\/uploads\\\/2023\\\/02\\\/Arresto-policias-SMA.png\",\"width\":1978,\"height\":750},{\"@type\":\"BreadcrumbList\",\"@id\":\"https:\\\/\\\/kuali.com.mx\\\/web\\\/2023\\\/02\\\/25\\\/golpea-policia-de-san-miguel-de-allende-a-ecologista\\\/#breadcrumb\",\"itemListElement\":[{\"@type\":\"ListItem\",\"position\":1,\"name\":\"Inicio\",\"item\":\"https:\\\/\\\/kuali.com.mx\\\/web\\\/\"},{\"@type\":\"ListItem\",\"position\":2,\"name\":\"GOLPEA POLIC\u00cdA DE SAN MIGUEL DE ALLENDE A ECOLOGISTA\"}]},{\"@type\":\"WebSite\",\"@id\":\"https:\\\/\\\/kuali.com.mx\\\/web\\\/#website\",\"url\":\"https:\\\/\\\/kuali.com.mx\\\/web\\\/\",\"name\":\"Kuali\",\"description\":\"\",\"potentialAction\":[{\"@type\":\"SearchAction\",\"target\":{\"@type\":\"EntryPoint\",\"urlTemplate\":\"https:\\\/\\\/kuali.com.mx\\\/web\\\/?s={search_term_string}\"},\"query-input\":{\"@type\":\"PropertyValueSpecification\",\"valueRequired\":true,\"valueName\":\"search_term_string\"}}],\"inLanguage\":\"es\"},{\"@type\":\"Person\",\"@id\":\"https:\\\/\\\/kuali.com.mx\\\/web\\\/#\\\/schema\\\/person\\\/6f89ffa8ecba9dae50662357923c5289\",\"name\":\"Kuali Staff\",\"image\":{\"@type\":\"ImageObject\",\"inLanguage\":\"es\",\"@id\":\"https:\\\/\\\/secure.gravatar.com\\\/avatar\\\/f917ad82e5ab71227a733c78b6e60715476f69ee6be59feee4eb5d9920c89e0f?s=96&d=mm&r=g\",\"url\":\"https:\\\/\\\/secure.gravatar.com\\\/avatar\\\/f917ad82e5ab71227a733c78b6e60715476f69ee6be59feee4eb5d9920c89e0f?s=96&d=mm&r=g\",\"contentUrl\":\"https:\\\/\\\/secure.gravatar.com\\\/avatar\\\/f917ad82e5ab71227a733c78b6e60715476f69ee6be59feee4eb5d9920c89e0f?s=96&d=mm&r=g\",\"caption\":\"Kuali Staff\"},\"url\":\"https:\\\/\\\/kuali.com.mx\\\/web\\\/author\\\/lagarto\\\/\"}]}<\/script>\n<!-- \/ Yoast SEO plugin. -->","yoast_head_json":{"title":"GOLPEA POLIC\u00cdA DE SAN MIGUEL DE ALLENDE A ECOLOGISTA - Kuali","robots":{"index":"index","follow":"follow","max-snippet":"max-snippet:-1","max-image-preview":"max-image-preview:large","max-video-preview":"max-video-preview:-1"},"canonical":"https:\/\/kuali.com.mx\/web\/2023\/02\/25\/golpea-policia-de-san-miguel-de-allende-a-ecologista\/","og_locale":"es_MX","og_type":"article","og_title":"GOLPEA POLIC\u00cdA DE SAN MIGUEL DE ALLENDE A ECOLOGISTA - Kuali","og_description":"Carlos Garc\u00eda\/San Miguel de Allende, Gto.- La Polic\u00eda del gobierno pri\u00edsta de San Miguel de Allende golpe\u00f3 \u00a0y arrest\u00f3 a un joven activista porque les pidi\u00f3 que no \u201cmaltrataran\u201d a otro joven que era arrestado por \u201csospechoso\u201d. La agresi\u00f3n qued\u00f3 registrada en un video. El presunto abuso policiaco se cometi\u00f3 la noche del viernes, en [&hellip;]","og_url":"https:\/\/kuali.com.mx\/web\/2023\/02\/25\/golpea-policia-de-san-miguel-de-allende-a-ecologista\/","og_site_name":"Kuali","article_publisher":"https:\/\/kuali.com.mx\/web\/wp-content\/uploads\/2018\/04\/cropped-kuali_logo-1-1.png","article_published_time":"2023-02-25T22:30:18+00:00","article_modified_time":"2023-02-25T22:30:19+00:00","og_image":[{"width":1978,"height":750,"url":"https:\/\/kuali.com.mx\/web\/wp-content\/uploads\/2023\/02\/Arresto-policias-SMA.png","type":"image\/png"}],"author":"Kuali Staff","twitter_card":"summary_large_image","twitter_creator":"@kuali_noticias","twitter_site":"@kuali_noticias","twitter_misc":{"Escrito por":"Kuali Staff","Tiempo de lectura":"3 minutos"},"schema":{"@context":"https:\/\/schema.org","@graph":[{"@type":"Article","@id":"https:\/\/kuali.com.mx\/web\/2023\/02\/25\/golpea-policia-de-san-miguel-de-allende-a-ecologista\/#article","isPartOf":{"@id":"https:\/\/kuali.com.mx\/web\/2023\/02\/25\/golpea-policia-de-san-miguel-de-allende-a-ecologista\/"},"author":{"name":"Kuali Staff","@id":"https:\/\/kuali.com.mx\/web\/#\/schema\/person\/6f89ffa8ecba9dae50662357923c5289"},"headline":"GOLPEA POLIC\u00cdA DE SAN MIGUEL DE ALLENDE A ECOLOGISTA","datePublished":"2023-02-25T22:30:18+00:00","dateModified":"2023-02-25T22:30:19+00:00","mainEntityOfPage":{"@id":"https:\/\/kuali.com.mx\/web\/2023\/02\/25\/golpea-policia-de-san-miguel-de-allende-a-ecologista\/"},"wordCount":592,"commentCount":0,"image":{"@id":"https:\/\/kuali.com.mx\/web\/2023\/02\/25\/golpea-policia-de-san-miguel-de-allende-a-ecologista\/#primaryimage"},"thumbnailUrl":"https:\/\/kuali.com.mx\/web\/wp-content\/uploads\/2023\/02\/Arresto-policias-SMA.png","articleSection":["Derechos Humanos"],"inLanguage":"es","potentialAction":[{"@type":"CommentAction","name":"Comment","target":["https:\/\/kuali.com.mx\/web\/2023\/02\/25\/golpea-policia-de-san-miguel-de-allende-a-ecologista\/#respond"]}]},{"@type":"WebPage","@id":"https:\/\/kuali.com.mx\/web\/2023\/02\/25\/golpea-policia-de-san-miguel-de-allende-a-ecologista\/","url":"https:\/\/kuali.com.mx\/web\/2023\/02\/25\/golpea-policia-de-san-miguel-de-allende-a-ecologista\/","name":"GOLPEA POLIC\u00cdA DE SAN MIGUEL DE ALLENDE A ECOLOGISTA - Kuali","isPartOf":{"@id":"https:\/\/kuali.com.mx\/web\/#website"},"primaryImageOfPage":{"@id":"https:\/\/kuali.com.mx\/web\/2023\/02\/25\/golpea-policia-de-san-miguel-de-allende-a-ecologista\/#primaryimage"},"image":{"@id":"https:\/\/kuali.com.mx\/web\/2023\/02\/25\/golpea-policia-de-san-miguel-de-allende-a-ecologista\/#primaryimage"},"thumbnailUrl":"https:\/\/kuali.com.mx\/web\/wp-content\/uploads\/2023\/02\/Arresto-policias-SMA.png","datePublished":"2023-02-25T22:30:18+00:00","dateModified":"2023-02-25T22:30:19+00:00","author":{"@id":"https:\/\/kuali.com.mx\/web\/#\/schema\/person\/6f89ffa8ecba9dae50662357923c5289"},"breadcrumb":{"@id":"https:\/\/kuali.com.mx\/web\/2023\/02\/25\/golpea-policia-de-san-miguel-de-allende-a-ecologista\/#breadcrumb"},"inLanguage":"es","potentialAction":[{"@type":"ReadAction","target":["https:\/\/kuali.com.mx\/web\/2023\/02\/25\/golpea-policia-de-san-miguel-de-allende-a-ecologista\/"]}]},{"@type":"ImageObject","inLanguage":"es","@id":"https:\/\/kuali.com.mx\/web\/2023\/02\/25\/golpea-policia-de-san-miguel-de-allende-a-ecologista\/#primaryimage","url":"https:\/\/kuali.com.mx\/web\/wp-content\/uploads\/2023\/02\/Arresto-policias-SMA.png","contentUrl":"https:\/\/kuali.com.mx\/web\/wp-content\/uploads\/2023\/02\/Arresto-policias-SMA.png","width":1978,"height":750},{"@type":"BreadcrumbList","@id":"https:\/\/kuali.com.mx\/web\/2023\/02\/25\/golpea-policia-de-san-miguel-de-allende-a-ecologista\/#breadcrumb","itemListElement":[{"@type":"ListItem","position":1,"name":"Inicio","item":"https:\/\/kuali.com.mx\/web\/"},{"@type":"ListItem","position":2,"name":"GOLPEA POLIC\u00cdA DE SAN MIGUEL DE ALLENDE A ECOLOGISTA"}]},{"@type":"WebSite","@id":"https:\/\/kuali.com.mx\/web\/#website","url":"https:\/\/kuali.com.mx\/web\/","name":"Kuali","description":"","potentialAction":[{"@type":"SearchAction","target":{"@type":"EntryPoint","urlTemplate":"https:\/\/kuali.com.mx\/web\/?s={search_term_string}"},"query-input":{"@type":"PropertyValueSpecification","valueRequired":true,"valueName":"search_term_string"}}],"inLanguage":"es"},{"@type":"Person","@id":"https:\/\/kuali.com.mx\/web\/#\/schema\/person\/6f89ffa8ecba9dae50662357923c5289","name":"Kuali Staff","image":{"@type":"ImageObject","inLanguage":"es","@id":"https:\/\/secure.gravatar.com\/avatar\/f917ad82e5ab71227a733c78b6e60715476f69ee6be59feee4eb5d9920c89e0f?s=96&d=mm&r=g","url":"https:\/\/secure.gravatar.com\/avatar\/f917ad82e5ab71227a733c78b6e60715476f69ee6be59feee4eb5d9920c89e0f?s=96&d=mm&r=g","contentUrl":"https:\/\/secure.gravatar.com\/avatar\/f917ad82e5ab71227a733c78b6e60715476f69ee6be59feee4eb5d9920c89e0f?s=96&d=mm&r=g","caption":"Kuali Staff"},"url":"https:\/\/kuali.com.mx\/web\/author\/lagarto\/"}]}},"_links":{"self":[{"href":"https:\/\/kuali.com.mx\/web\/wp-json\/wp\/v2\/posts\/113382","targetHints":{"allow":["GET"]}}],"collection":[{"href":"https:\/\/kuali.com.mx\/web\/wp-json\/wp\/v2\/posts"}],"about":[{"href":"https:\/\/kuali.com.mx\/web\/wp-json\/wp\/v2\/types\/post"}],"author":[{"embeddable":true,"href":"https:\/\/kuali.com.mx\/web\/wp-json\/wp\/v2\/users\/2"}],"replies":[{"embeddable":true,"href":"https:\/\/kuali.com.mx\/web\/wp-json\/wp\/v2\/comments?post=113382"}],"version-history":[{"count":1,"href":"https:\/\/kuali.com.mx\/web\/wp-json\/wp\/v2\/posts\/113382\/revisions"}],"predecessor-version":[{"id":113386,"href":"https:\/\/kuali.com.mx\/web\/wp-json\/wp\/v2\/posts\/113382\/revisions\/113386"}],"wp:featuredmedia":[{"embeddable":true,"href":"https:\/\/kuali.com.mx\/web\/wp-json\/wp\/v2\/media\/113385"}],"wp:attachment":[{"href":"https:\/\/kuali.com.mx\/web\/wp-json\/wp\/v2\/media?parent=113382"}],"wp:term":[{"taxonomy":"category","embeddable":true,"href":"https:\/\/kuali.com.mx\/web\/wp-json\/wp\/v2\/categories?post=113382"},{"taxonomy":"post_tag","embeddable":true,"href":"https:\/\/kuali.com.mx\/web\/wp-json\/wp\/v2\/tags?post=113382"}],"curies":[{"name":"wp","href":"https:\/\/api.w.org\/{rel}","templated":true}]}}