{"id":112792,"date":"2023-02-16T10:23:37","date_gmt":"2023-02-16T16:23:37","guid":{"rendered":"https:\/\/kuali.com.mx\/web\/?p=112792"},"modified":"2023-02-16T11:00:33","modified_gmt":"2023-02-16T17:00:33","slug":"onu-y-ue-contra-reclutamiento-infantil","status":"publish","type":"post","link":"https:\/\/kuali.com.mx\/web\/2023\/02\/16\/onu-y-ue-contra-reclutamiento-infantil\/","title":{"rendered":"ONU y UE CONTRA RECLUTAMIENTO INFANTIL\u00a0\u00a0\u00a0"},"content":{"rendered":"\n<p><em><strong>ENCUENTRO CON GOROSITO<\/strong><\/em><\/p>\n\n\n\n<p>La Organizaci\u00f3n de las Naciones Unidas (ONU) y la Uni\u00f3n Europea (UE) llamaron a la comunidad internacional que tengan presente la crisis que representa el fen\u00f3meno del reclutamiento militar infantil para los conflictos armados.<\/p>\n\n\n\n<p>Pese a que ha habido un leve avance en el combate a este flagelo en algunos pa\u00edses en conflicto como Yemen, la lacra del reclutamiento infantil en la mayor\u00eda de los conflictos armados del mundo, sigue presente.&nbsp;&nbsp;&nbsp;<\/p>\n\n\n\n<p>En el D\u00eda Internacional contra el uso de Menores en la Guerra, las cifras m\u00e1s actualizadas proporcionadas por la Organizaci\u00f3n de las Naciones Unidas en el a\u00f1o 2021 son las siguientes, fueron reclutados m\u00e1s de 6.310 ni\u00f1os (5707 ni\u00f1os y 603 ni\u00f1as), \u201cun n\u00famero que habr\u00e1 subido desde entonces tras el estallido de nuevas crisis\u201d.&nbsp;<\/p>\n\n\n\n<p>La denominada Coalici\u00f3n Global por el Fin de la Violencia contra los Ni\u00f1os, de la que forman parte m\u00e1s de 700 Gobiernos y Organizaciones No Gubernamentales de todo el mundo, dio a conocer la adopci\u00f3n reciente de un plan en Yemen para \u201cponer fin al reclutamiento infantil y la violencia contra los ni\u00f1os\u201d.<\/p>\n\n\n\n<p>Tambi\u00e9n se anunci\u00f3 que en pa\u00edses como Burkina Faso y Nigeria, a finales del a\u00f1o pasado se puso fin a la pr\u00e1ctica de la detenci\u00f3n militar a menores involucrados en conflictos armados.<\/p>\n\n\n\n<p>El reclutamiento infantil es una expresi\u00f3n de violencia contra los ni\u00f1os que les pone en grav\u00edsimo riesgo. Solo en 2021, la Organizaci\u00f3n de las Naciones Unidas, verific\u00f3 cerca de 23.000 violaciones graves contra ni\u00f1os en contextos de conflictos. El mayor n\u00famero de violaciones fueron 2.515 asesinatos y 5.555 mutilaciones.&nbsp;&nbsp;&nbsp;&nbsp;<\/p>\n\n\n\n<p>La Organizaci\u00f3n de las Naciones Unidas y la Uni\u00f3n Europea, en un comunicado conjunto dirigido por la representante especial de la Secretar\u00eda General de la ONU, Virginia Gamba, y el Alto Representante de la Uni\u00f3n Europea (UE) para Asuntos Exteriores y Pol\u00edtica de Seguridad, Joseph Borrell enfatizaron que \u201cla protecci\u00f3n de los menores frente al conflicto debe estar al frente de cualquier esfuerzo\u201d.<\/p>\n\n\n\n<p>Raz\u00f3n m\u00e1s que suficiente, por la que ambos representantes exhortaron una vez m\u00e1s a la \u201cratificaci\u00f3n universal y puesta en pr\u00e1ctica sin excepciones de la Convenci\u00f3n para los Derechos de la Infancia\u201d y su Protocolo Opcional sobre la participaci\u00f3n de los ni\u00f1os en conflictos armados.<\/p>\n\n\n\n<p>Especificaron que: \u201cCualquier agenda sobre los ni\u00f1os y los conflictos armados debe integrarse plenamente en todas las actividades relacionadas con la paz y la seguridad y durante todo el ciclo del conflicto, incluido el an\u00e1lisis del conflicto, la alerta temprana, los procesos de paz y la mediaci\u00f3n, y el apoyo al sector de la seguridad\u201d.<\/p>\n\n\n\n<p>Llegando a la conclusi\u00f3n que: \u201cTodos los ni\u00f1os deben tener una infancia libre de violencia. Los ni\u00f1os deben ser tratados como ni\u00f1os. S\u00f3lo as\u00ed puede haber un ma\u00f1ana en paz\u201d.<\/p>\n\n\n\n<p>El Papa Francisco hab\u00eda dicho sobre el tema: \u201cA miles de ni\u00f1os se les roba su infancia oblig\u00e1ndoles a combatir en conflictos armados. Detengamos este crimen abominable\u201d.<\/p>\n\n\n\n<p>&nbsp;&nbsp;&nbsp;&nbsp;&nbsp;&nbsp;&nbsp;&nbsp;&nbsp;&nbsp;&nbsp;\u00a1Hasta el pr\u00f3ximo encuentro\u2026!<\/p>\n\n\n\n<p>\u00a0\u00a0\u00a0\u00a0\u00a0\u00a0\u00a0\u00a0\u00a0\u00a0\u00a0\u00a0\u00a0\u00a0\u00a0\u00a0\u00a0\u00a0\u00a0\u00a0\u00a0\u00a0\u00a0\u00a0\u00a0\u00a0\u00a0\u00a0\u00a0\u00a0\u00a0\u00a0\u00a0\u00a0\u00a0\u00a0\u00a0\u00a0\u00a0\u00a0\u00a0\u00a0\u00a0\u00a0\u00a0\u00a0\u00a0\u00a0\u00a0\u00a0\u00a0\u00a0\u00a0\u00a0\u00a0\u00a0<em><strong>\u00a0\u00a0\u00a0\u00a0Dr.(c). Washington Daniel Gorosito P\u00e9rez<\/strong><\/em><\/p>\n","protected":false},"excerpt":{"rendered":"ENCUENTRO CON GOROSITO La Organizaci\u00f3n de las Naciones Unidas (ONU) y la Uni\u00f3n Europea (UE) llamaron a la comunidad internacional que tengan presente la crisis que representa el fen\u00f3meno del reclutamiento militar infantil para los conflictos armados. Pese a que ha habido un leve avance en el combate a este flagelo en algunos pa\u00edses en [&hellip;]","protected":false},"author":2,"featured_media":112794,"comment_status":"open","ping_status":"open","sticky":false,"template":"","format":"standard","meta":{"_seopress_robots_primary_cat":"none","_seopress_titles_title":"","_seopress_titles_desc":"","_seopress_robots_index":"","_monsterinsights_skip_tracking":false,"_monsterinsights_sitenote_active":false,"_monsterinsights_sitenote_note":"","_monsterinsights_sitenote_category":0,"footnotes":""},"categories":[3],"tags":[],"class_list":["post-112792","post","type-post","status-publish","format-standard","has-post-thumbnail","hentry","category-politica"],"yoast_head":"<!-- This site is optimized with the Yoast SEO plugin v27.4 - https:\/\/yoast.com\/product\/yoast-seo-wordpress\/ -->\n<title>ONU y UE CONTRA RECLUTAMIENTO INFANTIL\u00a0\u00a0\u00a0 - Kuali<\/title>\n<meta name=\"robots\" content=\"index, follow, max-snippet:-1, max-image-preview:large, max-video-preview:-1\" \/>\n<link rel=\"canonical\" href=\"https:\/\/kuali.com.mx\/web\/2023\/02\/16\/onu-y-ue-contra-reclutamiento-infantil\/\" \/>\n<meta property=\"og:locale\" content=\"es_MX\" \/>\n<meta property=\"og:type\" content=\"article\" \/>\n<meta property=\"og:title\" content=\"ONU y UE CONTRA RECLUTAMIENTO INFANTIL\u00a0\u00a0\u00a0 - Kuali\" \/>\n<meta property=\"og:description\" content=\"ENCUENTRO CON GOROSITO La Organizaci\u00f3n de las Naciones Unidas (ONU) y la Uni\u00f3n Europea (UE) llamaron a la comunidad internacional que tengan presente la crisis que representa el fen\u00f3meno del reclutamiento militar infantil para los conflictos armados. Pese a que ha habido un leve avance en el combate a este flagelo en algunos pa\u00edses en [&hellip;]\" \/>\n<meta property=\"og:url\" content=\"https:\/\/kuali.com.mx\/web\/2023\/02\/16\/onu-y-ue-contra-reclutamiento-infantil\/\" \/>\n<meta property=\"og:site_name\" content=\"Kuali\" \/>\n<meta property=\"article:publisher\" content=\"https:\/\/kuali.com.mx\/web\/wp-content\/uploads\/2018\/04\/cropped-kuali_logo-1-1.png\" \/>\n<meta property=\"article:published_time\" content=\"2023-02-16T16:23:37+00:00\" \/>\n<meta property=\"article:modified_time\" content=\"2023-02-16T17:00:33+00:00\" \/>\n<meta property=\"og:image\" content=\"https:\/\/kuali.com.mx\/web\/wp-content\/uploads\/2023\/02\/NINOS-B.jpg\" \/>\n\t<meta property=\"og:image:width\" content=\"822\" \/>\n\t<meta property=\"og:image:height\" content=\"352\" \/>\n\t<meta property=\"og:image:type\" content=\"image\/jpeg\" \/>\n<meta name=\"author\" content=\"Kuali Staff\" \/>\n<meta name=\"twitter:card\" content=\"summary_large_image\" \/>\n<meta name=\"twitter:creator\" content=\"@kuali_noticias\" \/>\n<meta name=\"twitter:site\" content=\"@kuali_noticias\" \/>\n<meta name=\"twitter:label1\" content=\"Escrito por\" \/>\n\t<meta name=\"twitter:data1\" content=\"Kuali Staff\" \/>\n\t<meta name=\"twitter:label2\" content=\"Tiempo de lectura\" \/>\n\t<meta name=\"twitter:data2\" content=\"3 minutos\" \/>\n<script type=\"application\/ld+json\" class=\"yoast-schema-graph\">{\"@context\":\"https:\\\/\\\/schema.org\",\"@graph\":[{\"@type\":\"Article\",\"@id\":\"https:\\\/\\\/kuali.com.mx\\\/web\\\/2023\\\/02\\\/16\\\/onu-y-ue-contra-reclutamiento-infantil\\\/#article\",\"isPartOf\":{\"@id\":\"https:\\\/\\\/kuali.com.mx\\\/web\\\/2023\\\/02\\\/16\\\/onu-y-ue-contra-reclutamiento-infantil\\\/\"},\"author\":{\"name\":\"Kuali Staff\",\"@id\":\"https:\\\/\\\/kuali.com.mx\\\/web\\\/#\\\/schema\\\/person\\\/6f89ffa8ecba9dae50662357923c5289\"},\"headline\":\"ONU y UE CONTRA RECLUTAMIENTO INFANTIL\u00a0\u00a0\u00a0\",\"datePublished\":\"2023-02-16T16:23:37+00:00\",\"dateModified\":\"2023-02-16T17:00:33+00:00\",\"mainEntityOfPage\":{\"@id\":\"https:\\\/\\\/kuali.com.mx\\\/web\\\/2023\\\/02\\\/16\\\/onu-y-ue-contra-reclutamiento-infantil\\\/\"},\"wordCount\":567,\"commentCount\":0,\"image\":{\"@id\":\"https:\\\/\\\/kuali.com.mx\\\/web\\\/2023\\\/02\\\/16\\\/onu-y-ue-contra-reclutamiento-infantil\\\/#primaryimage\"},\"thumbnailUrl\":\"https:\\\/\\\/kuali.com.mx\\\/web\\\/wp-content\\\/uploads\\\/2023\\\/02\\\/NINOS-B.jpg\",\"articleSection\":[\"Pol\u00edtica\"],\"inLanguage\":\"es\",\"potentialAction\":[{\"@type\":\"CommentAction\",\"name\":\"Comment\",\"target\":[\"https:\\\/\\\/kuali.com.mx\\\/web\\\/2023\\\/02\\\/16\\\/onu-y-ue-contra-reclutamiento-infantil\\\/#respond\"]}]},{\"@type\":\"WebPage\",\"@id\":\"https:\\\/\\\/kuali.com.mx\\\/web\\\/2023\\\/02\\\/16\\\/onu-y-ue-contra-reclutamiento-infantil\\\/\",\"url\":\"https:\\\/\\\/kuali.com.mx\\\/web\\\/2023\\\/02\\\/16\\\/onu-y-ue-contra-reclutamiento-infantil\\\/\",\"name\":\"ONU y UE CONTRA RECLUTAMIENTO INFANTIL\u00a0\u00a0\u00a0 - Kuali\",\"isPartOf\":{\"@id\":\"https:\\\/\\\/kuali.com.mx\\\/web\\\/#website\"},\"primaryImageOfPage\":{\"@id\":\"https:\\\/\\\/kuali.com.mx\\\/web\\\/2023\\\/02\\\/16\\\/onu-y-ue-contra-reclutamiento-infantil\\\/#primaryimage\"},\"image\":{\"@id\":\"https:\\\/\\\/kuali.com.mx\\\/web\\\/2023\\\/02\\\/16\\\/onu-y-ue-contra-reclutamiento-infantil\\\/#primaryimage\"},\"thumbnailUrl\":\"https:\\\/\\\/kuali.com.mx\\\/web\\\/wp-content\\\/uploads\\\/2023\\\/02\\\/NINOS-B.jpg\",\"datePublished\":\"2023-02-16T16:23:37+00:00\",\"dateModified\":\"2023-02-16T17:00:33+00:00\",\"author\":{\"@id\":\"https:\\\/\\\/kuali.com.mx\\\/web\\\/#\\\/schema\\\/person\\\/6f89ffa8ecba9dae50662357923c5289\"},\"breadcrumb\":{\"@id\":\"https:\\\/\\\/kuali.com.mx\\\/web\\\/2023\\\/02\\\/16\\\/onu-y-ue-contra-reclutamiento-infantil\\\/#breadcrumb\"},\"inLanguage\":\"es\",\"potentialAction\":[{\"@type\":\"ReadAction\",\"target\":[\"https:\\\/\\\/kuali.com.mx\\\/web\\\/2023\\\/02\\\/16\\\/onu-y-ue-contra-reclutamiento-infantil\\\/\"]}]},{\"@type\":\"ImageObject\",\"inLanguage\":\"es\",\"@id\":\"https:\\\/\\\/kuali.com.mx\\\/web\\\/2023\\\/02\\\/16\\\/onu-y-ue-contra-reclutamiento-infantil\\\/#primaryimage\",\"url\":\"https:\\\/\\\/kuali.com.mx\\\/web\\\/wp-content\\\/uploads\\\/2023\\\/02\\\/NINOS-B.jpg\",\"contentUrl\":\"https:\\\/\\\/kuali.com.mx\\\/web\\\/wp-content\\\/uploads\\\/2023\\\/02\\\/NINOS-B.jpg\",\"width\":822,\"height\":352},{\"@type\":\"BreadcrumbList\",\"@id\":\"https:\\\/\\\/kuali.com.mx\\\/web\\\/2023\\\/02\\\/16\\\/onu-y-ue-contra-reclutamiento-infantil\\\/#breadcrumb\",\"itemListElement\":[{\"@type\":\"ListItem\",\"position\":1,\"name\":\"Inicio\",\"item\":\"https:\\\/\\\/kuali.com.mx\\\/web\\\/\"},{\"@type\":\"ListItem\",\"position\":2,\"name\":\"ONU y UE CONTRA RECLUTAMIENTO INFANTIL\u00a0\u00a0\u00a0\"}]},{\"@type\":\"WebSite\",\"@id\":\"https:\\\/\\\/kuali.com.mx\\\/web\\\/#website\",\"url\":\"https:\\\/\\\/kuali.com.mx\\\/web\\\/\",\"name\":\"Kuali\",\"description\":\"\",\"potentialAction\":[{\"@type\":\"SearchAction\",\"target\":{\"@type\":\"EntryPoint\",\"urlTemplate\":\"https:\\\/\\\/kuali.com.mx\\\/web\\\/?s={search_term_string}\"},\"query-input\":{\"@type\":\"PropertyValueSpecification\",\"valueRequired\":true,\"valueName\":\"search_term_string\"}}],\"inLanguage\":\"es\"},{\"@type\":\"Person\",\"@id\":\"https:\\\/\\\/kuali.com.mx\\\/web\\\/#\\\/schema\\\/person\\\/6f89ffa8ecba9dae50662357923c5289\",\"name\":\"Kuali Staff\",\"image\":{\"@type\":\"ImageObject\",\"inLanguage\":\"es\",\"@id\":\"https:\\\/\\\/secure.gravatar.com\\\/avatar\\\/f917ad82e5ab71227a733c78b6e60715476f69ee6be59feee4eb5d9920c89e0f?s=96&d=mm&r=g\",\"url\":\"https:\\\/\\\/secure.gravatar.com\\\/avatar\\\/f917ad82e5ab71227a733c78b6e60715476f69ee6be59feee4eb5d9920c89e0f?s=96&d=mm&r=g\",\"contentUrl\":\"https:\\\/\\\/secure.gravatar.com\\\/avatar\\\/f917ad82e5ab71227a733c78b6e60715476f69ee6be59feee4eb5d9920c89e0f?s=96&d=mm&r=g\",\"caption\":\"Kuali Staff\"},\"url\":\"https:\\\/\\\/kuali.com.mx\\\/web\\\/author\\\/lagarto\\\/\"}]}<\/script>\n<!-- \/ Yoast SEO plugin. -->","yoast_head_json":{"title":"ONU y UE CONTRA RECLUTAMIENTO INFANTIL\u00a0\u00a0\u00a0 - Kuali","robots":{"index":"index","follow":"follow","max-snippet":"max-snippet:-1","max-image-preview":"max-image-preview:large","max-video-preview":"max-video-preview:-1"},"canonical":"https:\/\/kuali.com.mx\/web\/2023\/02\/16\/onu-y-ue-contra-reclutamiento-infantil\/","og_locale":"es_MX","og_type":"article","og_title":"ONU y UE CONTRA RECLUTAMIENTO INFANTIL\u00a0\u00a0\u00a0 - Kuali","og_description":"ENCUENTRO CON GOROSITO La Organizaci\u00f3n de las Naciones Unidas (ONU) y la Uni\u00f3n Europea (UE) llamaron a la comunidad internacional que tengan presente la crisis que representa el fen\u00f3meno del reclutamiento militar infantil para los conflictos armados. Pese a que ha habido un leve avance en el combate a este flagelo en algunos pa\u00edses en [&hellip;]","og_url":"https:\/\/kuali.com.mx\/web\/2023\/02\/16\/onu-y-ue-contra-reclutamiento-infantil\/","og_site_name":"Kuali","article_publisher":"https:\/\/kuali.com.mx\/web\/wp-content\/uploads\/2018\/04\/cropped-kuali_logo-1-1.png","article_published_time":"2023-02-16T16:23:37+00:00","article_modified_time":"2023-02-16T17:00:33+00:00","og_image":[{"width":822,"height":352,"url":"https:\/\/kuali.com.mx\/web\/wp-content\/uploads\/2023\/02\/NINOS-B.jpg","type":"image\/jpeg"}],"author":"Kuali Staff","twitter_card":"summary_large_image","twitter_creator":"@kuali_noticias","twitter_site":"@kuali_noticias","twitter_misc":{"Escrito por":"Kuali Staff","Tiempo de lectura":"3 minutos"},"schema":{"@context":"https:\/\/schema.org","@graph":[{"@type":"Article","@id":"https:\/\/kuali.com.mx\/web\/2023\/02\/16\/onu-y-ue-contra-reclutamiento-infantil\/#article","isPartOf":{"@id":"https:\/\/kuali.com.mx\/web\/2023\/02\/16\/onu-y-ue-contra-reclutamiento-infantil\/"},"author":{"name":"Kuali Staff","@id":"https:\/\/kuali.com.mx\/web\/#\/schema\/person\/6f89ffa8ecba9dae50662357923c5289"},"headline":"ONU y UE CONTRA RECLUTAMIENTO INFANTIL\u00a0\u00a0\u00a0","datePublished":"2023-02-16T16:23:37+00:00","dateModified":"2023-02-16T17:00:33+00:00","mainEntityOfPage":{"@id":"https:\/\/kuali.com.mx\/web\/2023\/02\/16\/onu-y-ue-contra-reclutamiento-infantil\/"},"wordCount":567,"commentCount":0,"image":{"@id":"https:\/\/kuali.com.mx\/web\/2023\/02\/16\/onu-y-ue-contra-reclutamiento-infantil\/#primaryimage"},"thumbnailUrl":"https:\/\/kuali.com.mx\/web\/wp-content\/uploads\/2023\/02\/NINOS-B.jpg","articleSection":["Pol\u00edtica"],"inLanguage":"es","potentialAction":[{"@type":"CommentAction","name":"Comment","target":["https:\/\/kuali.com.mx\/web\/2023\/02\/16\/onu-y-ue-contra-reclutamiento-infantil\/#respond"]}]},{"@type":"WebPage","@id":"https:\/\/kuali.com.mx\/web\/2023\/02\/16\/onu-y-ue-contra-reclutamiento-infantil\/","url":"https:\/\/kuali.com.mx\/web\/2023\/02\/16\/onu-y-ue-contra-reclutamiento-infantil\/","name":"ONU y UE CONTRA RECLUTAMIENTO INFANTIL\u00a0\u00a0\u00a0 - Kuali","isPartOf":{"@id":"https:\/\/kuali.com.mx\/web\/#website"},"primaryImageOfPage":{"@id":"https:\/\/kuali.com.mx\/web\/2023\/02\/16\/onu-y-ue-contra-reclutamiento-infantil\/#primaryimage"},"image":{"@id":"https:\/\/kuali.com.mx\/web\/2023\/02\/16\/onu-y-ue-contra-reclutamiento-infantil\/#primaryimage"},"thumbnailUrl":"https:\/\/kuali.com.mx\/web\/wp-content\/uploads\/2023\/02\/NINOS-B.jpg","datePublished":"2023-02-16T16:23:37+00:00","dateModified":"2023-02-16T17:00:33+00:00","author":{"@id":"https:\/\/kuali.com.mx\/web\/#\/schema\/person\/6f89ffa8ecba9dae50662357923c5289"},"breadcrumb":{"@id":"https:\/\/kuali.com.mx\/web\/2023\/02\/16\/onu-y-ue-contra-reclutamiento-infantil\/#breadcrumb"},"inLanguage":"es","potentialAction":[{"@type":"ReadAction","target":["https:\/\/kuali.com.mx\/web\/2023\/02\/16\/onu-y-ue-contra-reclutamiento-infantil\/"]}]},{"@type":"ImageObject","inLanguage":"es","@id":"https:\/\/kuali.com.mx\/web\/2023\/02\/16\/onu-y-ue-contra-reclutamiento-infantil\/#primaryimage","url":"https:\/\/kuali.com.mx\/web\/wp-content\/uploads\/2023\/02\/NINOS-B.jpg","contentUrl":"https:\/\/kuali.com.mx\/web\/wp-content\/uploads\/2023\/02\/NINOS-B.jpg","width":822,"height":352},{"@type":"BreadcrumbList","@id":"https:\/\/kuali.com.mx\/web\/2023\/02\/16\/onu-y-ue-contra-reclutamiento-infantil\/#breadcrumb","itemListElement":[{"@type":"ListItem","position":1,"name":"Inicio","item":"https:\/\/kuali.com.mx\/web\/"},{"@type":"ListItem","position":2,"name":"ONU y UE CONTRA RECLUTAMIENTO INFANTIL\u00a0\u00a0\u00a0"}]},{"@type":"WebSite","@id":"https:\/\/kuali.com.mx\/web\/#website","url":"https:\/\/kuali.com.mx\/web\/","name":"Kuali","description":"","potentialAction":[{"@type":"SearchAction","target":{"@type":"EntryPoint","urlTemplate":"https:\/\/kuali.com.mx\/web\/?s={search_term_string}"},"query-input":{"@type":"PropertyValueSpecification","valueRequired":true,"valueName":"search_term_string"}}],"inLanguage":"es"},{"@type":"Person","@id":"https:\/\/kuali.com.mx\/web\/#\/schema\/person\/6f89ffa8ecba9dae50662357923c5289","name":"Kuali Staff","image":{"@type":"ImageObject","inLanguage":"es","@id":"https:\/\/secure.gravatar.com\/avatar\/f917ad82e5ab71227a733c78b6e60715476f69ee6be59feee4eb5d9920c89e0f?s=96&d=mm&r=g","url":"https:\/\/secure.gravatar.com\/avatar\/f917ad82e5ab71227a733c78b6e60715476f69ee6be59feee4eb5d9920c89e0f?s=96&d=mm&r=g","contentUrl":"https:\/\/secure.gravatar.com\/avatar\/f917ad82e5ab71227a733c78b6e60715476f69ee6be59feee4eb5d9920c89e0f?s=96&d=mm&r=g","caption":"Kuali Staff"},"url":"https:\/\/kuali.com.mx\/web\/author\/lagarto\/"}]}},"_links":{"self":[{"href":"https:\/\/kuali.com.mx\/web\/wp-json\/wp\/v2\/posts\/112792","targetHints":{"allow":["GET"]}}],"collection":[{"href":"https:\/\/kuali.com.mx\/web\/wp-json\/wp\/v2\/posts"}],"about":[{"href":"https:\/\/kuali.com.mx\/web\/wp-json\/wp\/v2\/types\/post"}],"author":[{"embeddable":true,"href":"https:\/\/kuali.com.mx\/web\/wp-json\/wp\/v2\/users\/2"}],"replies":[{"embeddable":true,"href":"https:\/\/kuali.com.mx\/web\/wp-json\/wp\/v2\/comments?post=112792"}],"version-history":[{"count":2,"href":"https:\/\/kuali.com.mx\/web\/wp-json\/wp\/v2\/posts\/112792\/revisions"}],"predecessor-version":[{"id":112801,"href":"https:\/\/kuali.com.mx\/web\/wp-json\/wp\/v2\/posts\/112792\/revisions\/112801"}],"wp:featuredmedia":[{"embeddable":true,"href":"https:\/\/kuali.com.mx\/web\/wp-json\/wp\/v2\/media\/112794"}],"wp:attachment":[{"href":"https:\/\/kuali.com.mx\/web\/wp-json\/wp\/v2\/media?parent=112792"}],"wp:term":[{"taxonomy":"category","embeddable":true,"href":"https:\/\/kuali.com.mx\/web\/wp-json\/wp\/v2\/categories?post=112792"},{"taxonomy":"post_tag","embeddable":true,"href":"https:\/\/kuali.com.mx\/web\/wp-json\/wp\/v2\/tags?post=112792"}],"curies":[{"name":"wp","href":"https:\/\/api.w.org\/{rel}","templated":true}]}}