{"id":112774,"date":"2023-02-15T23:27:59","date_gmt":"2023-02-16T05:27:59","guid":{"rendered":"https:\/\/kuali.com.mx\/web\/?p=112774"},"modified":"2023-02-16T08:30:12","modified_gmt":"2023-02-16T14:30:12","slug":"despiden-a-14-funcionarios-de-silao","status":"publish","type":"post","link":"https:\/\/kuali.com.mx\/web\/2023\/02\/15\/despiden-a-14-funcionarios-de-silao\/","title":{"rendered":"DESPIDEN A 14 FUNCIONARIOS DE SILAO"},"content":{"rendered":"\n<p><strong>Alicia Arias\/Silao de la Victoria, Gto.-<\/strong> El alcalde morenista de Silao Carlos Garc\u00eda Villase\u00f1or pidi\u00f3, en sesi\u00f3n de Ayuntamiento privada, la destituci\u00f3n del secretario del Ayuntamiento, Rogelio Fabi\u00e1n Santoyo Guevara, a la par 14 funcionarios fueron despedidos.<\/p>\n\n\n\n<p>La mayor\u00eda de los miembros del Ayuntamiento rechazaron destituir a Santoyo, quien se mantiene en el cargo.<\/p>\n\n\n\n<p>\u201cHay una marcada p\u00e9rdida de confianza de un servidor hacia el secretario porque \u00e9l est\u00e1 haciendo un grupo, y lo dije ah\u00ed \u2013en la sesi\u00f3n de ayuntamiento-, est\u00e1 haciendo un grupo de personas que est\u00e1n provocando una situaci\u00f3n de golpeteo hacia a la administraci\u00f3n, y una parte, tambi\u00e9n importante, es que ya se est\u00e1 metiendo hasta con mis hijos, con la familia; entonces para m\u00ed no se me hace nada sana esa situaci\u00f3n\u201d, declar\u00f3 el alcalde en entrevista con los medios de comunicaci\u00f3n.<\/p>\n\n\n\n<p>La sesi\u00f3n de ayuntamiento se realiz\u00f3 luego de que se convoc\u00f3 en dos ocasiones al cuerpo edilicio y no se reuni\u00f3 el qu\u00f3rum legal; por lo que se opt\u00f3 por realizar la sesi\u00f3n de manera privada y Carlos Garc\u00eda someti\u00f3 a votaci\u00f3n su solicitud de destituir a Rogelio Santoyo, pero la petici\u00f3n del alcalde fue rechazada por mayor\u00eda de votos y el funcionario sigue en el cargo.<\/p>\n\n\n\n<p>\u201cAlgunos regidores no estuvieron de acuerdo en el modo en el que se efectu\u00f3\u201d, explic\u00f3 el presiente municipal en entrevista con los medios de comunicaci\u00f3n.<\/p>\n\n\n\n<p>Dijo que le estrech\u00f3 la mano y le ofreci\u00f3 una oportunidad a Rogelio Santoyo, quien, a partir de ese momento, se debe ganar el puesto.<\/p>\n\n\n\n<p>\u201cYo creo que el resto del ayuntamiento entendi\u00f3 y se enter\u00f3 de algunas cosas y el ayuntamiento &nbsp;decidi\u00f3 darle una oportunidad. Se va a depender de \u00e9l si la toma o la deja\u201d, expres\u00f3 el alcalde.<\/p>\n\n\n\n<p><strong>DESPIDEN A 14 FUNCIONARIOS<\/strong><\/p>\n\n\n\n<p>Mientras se desarrollaba la sesi\u00f3n del ayuntamiento fueron despedidos 14 empleados adscritos a diversas dependencias y algunos se\u00f1alados como personas cercanas a Rogelio Santoyo.<\/p>\n\n\n\n<p>Entre el personal que fue despedido se encuentran el director de Desarrollo Social, Jes\u00fas Salvador Rocha Hern\u00e1ndez; el director Jur\u00eddico, Antonio Cervantes; el contador de la Tesorer\u00eda, Francisco Vel\u00e1zquez; Jos\u00e9 Carlos Mu\u00f1oz, Sonia Mozqueda, Marco Mascorro, Ces\u00e1reo Hern\u00e1ndez Rocha, Jos\u00e9 Tom\u00e1s Trejo Garc\u00eda, Nancy Salinas, Yaneth Charles y Jes\u00fas Ram\u00edrez Borja.<\/p>\n","protected":false},"excerpt":{"rendered":"Alicia Arias\/Silao de la Victoria, Gto.- El alcalde morenista de Silao Carlos Garc\u00eda Villase\u00f1or pidi\u00f3, en sesi\u00f3n de Ayuntamiento privada, la destituci\u00f3n del secretario del Ayuntamiento, Rogelio Fabi\u00e1n Santoyo Guevara, a la par 14 funcionarios fueron despedidos. La mayor\u00eda de los miembros del Ayuntamiento rechazaron destituir a Santoyo, quien se mantiene en el cargo. \u201cHay [&hellip;]","protected":false},"author":2,"featured_media":112777,"comment_status":"open","ping_status":"open","sticky":false,"template":"","format":"standard","meta":{"_seopress_robots_primary_cat":"none","_seopress_titles_title":"","_seopress_titles_desc":"","_seopress_robots_index":"","_monsterinsights_skip_tracking":false,"_monsterinsights_sitenote_active":false,"_monsterinsights_sitenote_note":"","_monsterinsights_sitenote_category":0,"footnotes":""},"categories":[3,69],"tags":[1913,1612,203,1914,12],"class_list":["post-112774","post","type-post","status-publish","format-standard","has-post-thumbnail","hentry","category-politica","category-slider","tag-ayuntamiento","tag-carlos-garcia","tag-gobierno","tag-rogelio-santoyo","tag-silao"],"yoast_head":"<!-- This site is optimized with the Yoast SEO plugin v27.4 - https:\/\/yoast.com\/product\/yoast-seo-wordpress\/ -->\n<title>DESPIDEN A 14 FUNCIONARIOS DE SILAO - Kuali<\/title>\n<meta name=\"robots\" content=\"index, follow, max-snippet:-1, max-image-preview:large, max-video-preview:-1\" \/>\n<link rel=\"canonical\" href=\"https:\/\/kuali.com.mx\/web\/2023\/02\/15\/despiden-a-14-funcionarios-de-silao\/\" \/>\n<meta property=\"og:locale\" content=\"es_MX\" \/>\n<meta property=\"og:type\" content=\"article\" \/>\n<meta property=\"og:title\" content=\"DESPIDEN A 14 FUNCIONARIOS DE SILAO - Kuali\" \/>\n<meta property=\"og:description\" content=\"Alicia Arias\/Silao de la Victoria, Gto.- El alcalde morenista de Silao Carlos Garc\u00eda Villase\u00f1or pidi\u00f3, en sesi\u00f3n de Ayuntamiento privada, la destituci\u00f3n del secretario del Ayuntamiento, Rogelio Fabi\u00e1n Santoyo Guevara, a la par 14 funcionarios fueron despedidos. La mayor\u00eda de los miembros del Ayuntamiento rechazaron destituir a Santoyo, quien se mantiene en el cargo. \u201cHay [&hellip;]\" \/>\n<meta property=\"og:url\" content=\"https:\/\/kuali.com.mx\/web\/2023\/02\/15\/despiden-a-14-funcionarios-de-silao\/\" \/>\n<meta property=\"og:site_name\" content=\"Kuali\" \/>\n<meta property=\"article:publisher\" content=\"https:\/\/kuali.com.mx\/web\/wp-content\/uploads\/2018\/04\/cropped-kuali_logo-1-1.png\" \/>\n<meta property=\"article:published_time\" content=\"2023-02-16T05:27:59+00:00\" \/>\n<meta property=\"article:modified_time\" content=\"2023-02-16T14:30:12+00:00\" \/>\n<meta property=\"og:image\" content=\"https:\/\/kuali.com.mx\/web\/wp-content\/uploads\/2023\/02\/Rogelio-Santoyo_Srio-ayuntamiento-Silao.gif\" \/>\n\t<meta property=\"og:image:width\" content=\"1700\" \/>\n\t<meta property=\"og:image:height\" content=\"750\" \/>\n\t<meta property=\"og:image:type\" content=\"image\/gif\" \/>\n<meta name=\"author\" content=\"Kuali Staff\" \/>\n<meta name=\"twitter:card\" content=\"summary_large_image\" \/>\n<meta name=\"twitter:creator\" content=\"@kuali_noticias\" \/>\n<meta name=\"twitter:site\" content=\"@kuali_noticias\" \/>\n<meta name=\"twitter:label1\" content=\"Escrito por\" \/>\n\t<meta name=\"twitter:data1\" content=\"Kuali Staff\" \/>\n\t<meta name=\"twitter:label2\" content=\"Tiempo de lectura\" \/>\n\t<meta name=\"twitter:data2\" content=\"2 minutos\" \/>\n<script type=\"application\/ld+json\" class=\"yoast-schema-graph\">{\"@context\":\"https:\\\/\\\/schema.org\",\"@graph\":[{\"@type\":\"Article\",\"@id\":\"https:\\\/\\\/kuali.com.mx\\\/web\\\/2023\\\/02\\\/15\\\/despiden-a-14-funcionarios-de-silao\\\/#article\",\"isPartOf\":{\"@id\":\"https:\\\/\\\/kuali.com.mx\\\/web\\\/2023\\\/02\\\/15\\\/despiden-a-14-funcionarios-de-silao\\\/\"},\"author\":{\"name\":\"Kuali Staff\",\"@id\":\"https:\\\/\\\/kuali.com.mx\\\/web\\\/#\\\/schema\\\/person\\\/6f89ffa8ecba9dae50662357923c5289\"},\"headline\":\"DESPIDEN A 14 FUNCIONARIOS DE SILAO\",\"datePublished\":\"2023-02-16T05:27:59+00:00\",\"dateModified\":\"2023-02-16T14:30:12+00:00\",\"mainEntityOfPage\":{\"@id\":\"https:\\\/\\\/kuali.com.mx\\\/web\\\/2023\\\/02\\\/15\\\/despiden-a-14-funcionarios-de-silao\\\/\"},\"wordCount\":410,\"commentCount\":0,\"image\":{\"@id\":\"https:\\\/\\\/kuali.com.mx\\\/web\\\/2023\\\/02\\\/15\\\/despiden-a-14-funcionarios-de-silao\\\/#primaryimage\"},\"thumbnailUrl\":\"https:\\\/\\\/kuali.com.mx\\\/web\\\/wp-content\\\/uploads\\\/2023\\\/02\\\/Rogelio-Santoyo_Srio-ayuntamiento-Silao.gif\",\"keywords\":[\"Ayuntamiento\",\"Carlos Garc\u00eda\",\"Gobierno\",\"Rogelio Santoyo\",\"Silao\"],\"articleSection\":[\"Pol\u00edtica\",\"slider\"],\"inLanguage\":\"es\",\"potentialAction\":[{\"@type\":\"CommentAction\",\"name\":\"Comment\",\"target\":[\"https:\\\/\\\/kuali.com.mx\\\/web\\\/2023\\\/02\\\/15\\\/despiden-a-14-funcionarios-de-silao\\\/#respond\"]}]},{\"@type\":\"WebPage\",\"@id\":\"https:\\\/\\\/kuali.com.mx\\\/web\\\/2023\\\/02\\\/15\\\/despiden-a-14-funcionarios-de-silao\\\/\",\"url\":\"https:\\\/\\\/kuali.com.mx\\\/web\\\/2023\\\/02\\\/15\\\/despiden-a-14-funcionarios-de-silao\\\/\",\"name\":\"DESPIDEN A 14 FUNCIONARIOS DE SILAO - Kuali\",\"isPartOf\":{\"@id\":\"https:\\\/\\\/kuali.com.mx\\\/web\\\/#website\"},\"primaryImageOfPage\":{\"@id\":\"https:\\\/\\\/kuali.com.mx\\\/web\\\/2023\\\/02\\\/15\\\/despiden-a-14-funcionarios-de-silao\\\/#primaryimage\"},\"image\":{\"@id\":\"https:\\\/\\\/kuali.com.mx\\\/web\\\/2023\\\/02\\\/15\\\/despiden-a-14-funcionarios-de-silao\\\/#primaryimage\"},\"thumbnailUrl\":\"https:\\\/\\\/kuali.com.mx\\\/web\\\/wp-content\\\/uploads\\\/2023\\\/02\\\/Rogelio-Santoyo_Srio-ayuntamiento-Silao.gif\",\"datePublished\":\"2023-02-16T05:27:59+00:00\",\"dateModified\":\"2023-02-16T14:30:12+00:00\",\"author\":{\"@id\":\"https:\\\/\\\/kuali.com.mx\\\/web\\\/#\\\/schema\\\/person\\\/6f89ffa8ecba9dae50662357923c5289\"},\"breadcrumb\":{\"@id\":\"https:\\\/\\\/kuali.com.mx\\\/web\\\/2023\\\/02\\\/15\\\/despiden-a-14-funcionarios-de-silao\\\/#breadcrumb\"},\"inLanguage\":\"es\",\"potentialAction\":[{\"@type\":\"ReadAction\",\"target\":[\"https:\\\/\\\/kuali.com.mx\\\/web\\\/2023\\\/02\\\/15\\\/despiden-a-14-funcionarios-de-silao\\\/\"]}]},{\"@type\":\"ImageObject\",\"inLanguage\":\"es\",\"@id\":\"https:\\\/\\\/kuali.com.mx\\\/web\\\/2023\\\/02\\\/15\\\/despiden-a-14-funcionarios-de-silao\\\/#primaryimage\",\"url\":\"https:\\\/\\\/kuali.com.mx\\\/web\\\/wp-content\\\/uploads\\\/2023\\\/02\\\/Rogelio-Santoyo_Srio-ayuntamiento-Silao.gif\",\"contentUrl\":\"https:\\\/\\\/kuali.com.mx\\\/web\\\/wp-content\\\/uploads\\\/2023\\\/02\\\/Rogelio-Santoyo_Srio-ayuntamiento-Silao.gif\",\"width\":1700,\"height\":750},{\"@type\":\"BreadcrumbList\",\"@id\":\"https:\\\/\\\/kuali.com.mx\\\/web\\\/2023\\\/02\\\/15\\\/despiden-a-14-funcionarios-de-silao\\\/#breadcrumb\",\"itemListElement\":[{\"@type\":\"ListItem\",\"position\":1,\"name\":\"Inicio\",\"item\":\"https:\\\/\\\/kuali.com.mx\\\/web\\\/\"},{\"@type\":\"ListItem\",\"position\":2,\"name\":\"DESPIDEN A 14 FUNCIONARIOS DE SILAO\"}]},{\"@type\":\"WebSite\",\"@id\":\"https:\\\/\\\/kuali.com.mx\\\/web\\\/#website\",\"url\":\"https:\\\/\\\/kuali.com.mx\\\/web\\\/\",\"name\":\"Kuali\",\"description\":\"\",\"potentialAction\":[{\"@type\":\"SearchAction\",\"target\":{\"@type\":\"EntryPoint\",\"urlTemplate\":\"https:\\\/\\\/kuali.com.mx\\\/web\\\/?s={search_term_string}\"},\"query-input\":{\"@type\":\"PropertyValueSpecification\",\"valueRequired\":true,\"valueName\":\"search_term_string\"}}],\"inLanguage\":\"es\"},{\"@type\":\"Person\",\"@id\":\"https:\\\/\\\/kuali.com.mx\\\/web\\\/#\\\/schema\\\/person\\\/6f89ffa8ecba9dae50662357923c5289\",\"name\":\"Kuali Staff\",\"image\":{\"@type\":\"ImageObject\",\"inLanguage\":\"es\",\"@id\":\"https:\\\/\\\/secure.gravatar.com\\\/avatar\\\/f917ad82e5ab71227a733c78b6e60715476f69ee6be59feee4eb5d9920c89e0f?s=96&d=mm&r=g\",\"url\":\"https:\\\/\\\/secure.gravatar.com\\\/avatar\\\/f917ad82e5ab71227a733c78b6e60715476f69ee6be59feee4eb5d9920c89e0f?s=96&d=mm&r=g\",\"contentUrl\":\"https:\\\/\\\/secure.gravatar.com\\\/avatar\\\/f917ad82e5ab71227a733c78b6e60715476f69ee6be59feee4eb5d9920c89e0f?s=96&d=mm&r=g\",\"caption\":\"Kuali Staff\"},\"url\":\"https:\\\/\\\/kuali.com.mx\\\/web\\\/author\\\/lagarto\\\/\"}]}<\/script>\n<!-- \/ Yoast SEO plugin. -->","yoast_head_json":{"title":"DESPIDEN A 14 FUNCIONARIOS DE SILAO - Kuali","robots":{"index":"index","follow":"follow","max-snippet":"max-snippet:-1","max-image-preview":"max-image-preview:large","max-video-preview":"max-video-preview:-1"},"canonical":"https:\/\/kuali.com.mx\/web\/2023\/02\/15\/despiden-a-14-funcionarios-de-silao\/","og_locale":"es_MX","og_type":"article","og_title":"DESPIDEN A 14 FUNCIONARIOS DE SILAO - Kuali","og_description":"Alicia Arias\/Silao de la Victoria, Gto.- El alcalde morenista de Silao Carlos Garc\u00eda Villase\u00f1or pidi\u00f3, en sesi\u00f3n de Ayuntamiento privada, la destituci\u00f3n del secretario del Ayuntamiento, Rogelio Fabi\u00e1n Santoyo Guevara, a la par 14 funcionarios fueron despedidos. La mayor\u00eda de los miembros del Ayuntamiento rechazaron destituir a Santoyo, quien se mantiene en el cargo. \u201cHay [&hellip;]","og_url":"https:\/\/kuali.com.mx\/web\/2023\/02\/15\/despiden-a-14-funcionarios-de-silao\/","og_site_name":"Kuali","article_publisher":"https:\/\/kuali.com.mx\/web\/wp-content\/uploads\/2018\/04\/cropped-kuali_logo-1-1.png","article_published_time":"2023-02-16T05:27:59+00:00","article_modified_time":"2023-02-16T14:30:12+00:00","og_image":[{"width":1700,"height":750,"url":"https:\/\/kuali.com.mx\/web\/wp-content\/uploads\/2023\/02\/Rogelio-Santoyo_Srio-ayuntamiento-Silao.gif","type":"image\/gif"}],"author":"Kuali Staff","twitter_card":"summary_large_image","twitter_creator":"@kuali_noticias","twitter_site":"@kuali_noticias","twitter_misc":{"Escrito por":"Kuali Staff","Tiempo de lectura":"2 minutos"},"schema":{"@context":"https:\/\/schema.org","@graph":[{"@type":"Article","@id":"https:\/\/kuali.com.mx\/web\/2023\/02\/15\/despiden-a-14-funcionarios-de-silao\/#article","isPartOf":{"@id":"https:\/\/kuali.com.mx\/web\/2023\/02\/15\/despiden-a-14-funcionarios-de-silao\/"},"author":{"name":"Kuali Staff","@id":"https:\/\/kuali.com.mx\/web\/#\/schema\/person\/6f89ffa8ecba9dae50662357923c5289"},"headline":"DESPIDEN A 14 FUNCIONARIOS DE SILAO","datePublished":"2023-02-16T05:27:59+00:00","dateModified":"2023-02-16T14:30:12+00:00","mainEntityOfPage":{"@id":"https:\/\/kuali.com.mx\/web\/2023\/02\/15\/despiden-a-14-funcionarios-de-silao\/"},"wordCount":410,"commentCount":0,"image":{"@id":"https:\/\/kuali.com.mx\/web\/2023\/02\/15\/despiden-a-14-funcionarios-de-silao\/#primaryimage"},"thumbnailUrl":"https:\/\/kuali.com.mx\/web\/wp-content\/uploads\/2023\/02\/Rogelio-Santoyo_Srio-ayuntamiento-Silao.gif","keywords":["Ayuntamiento","Carlos Garc\u00eda","Gobierno","Rogelio Santoyo","Silao"],"articleSection":["Pol\u00edtica","slider"],"inLanguage":"es","potentialAction":[{"@type":"CommentAction","name":"Comment","target":["https:\/\/kuali.com.mx\/web\/2023\/02\/15\/despiden-a-14-funcionarios-de-silao\/#respond"]}]},{"@type":"WebPage","@id":"https:\/\/kuali.com.mx\/web\/2023\/02\/15\/despiden-a-14-funcionarios-de-silao\/","url":"https:\/\/kuali.com.mx\/web\/2023\/02\/15\/despiden-a-14-funcionarios-de-silao\/","name":"DESPIDEN A 14 FUNCIONARIOS DE SILAO - Kuali","isPartOf":{"@id":"https:\/\/kuali.com.mx\/web\/#website"},"primaryImageOfPage":{"@id":"https:\/\/kuali.com.mx\/web\/2023\/02\/15\/despiden-a-14-funcionarios-de-silao\/#primaryimage"},"image":{"@id":"https:\/\/kuali.com.mx\/web\/2023\/02\/15\/despiden-a-14-funcionarios-de-silao\/#primaryimage"},"thumbnailUrl":"https:\/\/kuali.com.mx\/web\/wp-content\/uploads\/2023\/02\/Rogelio-Santoyo_Srio-ayuntamiento-Silao.gif","datePublished":"2023-02-16T05:27:59+00:00","dateModified":"2023-02-16T14:30:12+00:00","author":{"@id":"https:\/\/kuali.com.mx\/web\/#\/schema\/person\/6f89ffa8ecba9dae50662357923c5289"},"breadcrumb":{"@id":"https:\/\/kuali.com.mx\/web\/2023\/02\/15\/despiden-a-14-funcionarios-de-silao\/#breadcrumb"},"inLanguage":"es","potentialAction":[{"@type":"ReadAction","target":["https:\/\/kuali.com.mx\/web\/2023\/02\/15\/despiden-a-14-funcionarios-de-silao\/"]}]},{"@type":"ImageObject","inLanguage":"es","@id":"https:\/\/kuali.com.mx\/web\/2023\/02\/15\/despiden-a-14-funcionarios-de-silao\/#primaryimage","url":"https:\/\/kuali.com.mx\/web\/wp-content\/uploads\/2023\/02\/Rogelio-Santoyo_Srio-ayuntamiento-Silao.gif","contentUrl":"https:\/\/kuali.com.mx\/web\/wp-content\/uploads\/2023\/02\/Rogelio-Santoyo_Srio-ayuntamiento-Silao.gif","width":1700,"height":750},{"@type":"BreadcrumbList","@id":"https:\/\/kuali.com.mx\/web\/2023\/02\/15\/despiden-a-14-funcionarios-de-silao\/#breadcrumb","itemListElement":[{"@type":"ListItem","position":1,"name":"Inicio","item":"https:\/\/kuali.com.mx\/web\/"},{"@type":"ListItem","position":2,"name":"DESPIDEN A 14 FUNCIONARIOS DE SILAO"}]},{"@type":"WebSite","@id":"https:\/\/kuali.com.mx\/web\/#website","url":"https:\/\/kuali.com.mx\/web\/","name":"Kuali","description":"","potentialAction":[{"@type":"SearchAction","target":{"@type":"EntryPoint","urlTemplate":"https:\/\/kuali.com.mx\/web\/?s={search_term_string}"},"query-input":{"@type":"PropertyValueSpecification","valueRequired":true,"valueName":"search_term_string"}}],"inLanguage":"es"},{"@type":"Person","@id":"https:\/\/kuali.com.mx\/web\/#\/schema\/person\/6f89ffa8ecba9dae50662357923c5289","name":"Kuali Staff","image":{"@type":"ImageObject","inLanguage":"es","@id":"https:\/\/secure.gravatar.com\/avatar\/f917ad82e5ab71227a733c78b6e60715476f69ee6be59feee4eb5d9920c89e0f?s=96&d=mm&r=g","url":"https:\/\/secure.gravatar.com\/avatar\/f917ad82e5ab71227a733c78b6e60715476f69ee6be59feee4eb5d9920c89e0f?s=96&d=mm&r=g","contentUrl":"https:\/\/secure.gravatar.com\/avatar\/f917ad82e5ab71227a733c78b6e60715476f69ee6be59feee4eb5d9920c89e0f?s=96&d=mm&r=g","caption":"Kuali Staff"},"url":"https:\/\/kuali.com.mx\/web\/author\/lagarto\/"}]}},"_links":{"self":[{"href":"https:\/\/kuali.com.mx\/web\/wp-json\/wp\/v2\/posts\/112774","targetHints":{"allow":["GET"]}}],"collection":[{"href":"https:\/\/kuali.com.mx\/web\/wp-json\/wp\/v2\/posts"}],"about":[{"href":"https:\/\/kuali.com.mx\/web\/wp-json\/wp\/v2\/types\/post"}],"author":[{"embeddable":true,"href":"https:\/\/kuali.com.mx\/web\/wp-json\/wp\/v2\/users\/2"}],"replies":[{"embeddable":true,"href":"https:\/\/kuali.com.mx\/web\/wp-json\/wp\/v2\/comments?post=112774"}],"version-history":[{"count":2,"href":"https:\/\/kuali.com.mx\/web\/wp-json\/wp\/v2\/posts\/112774\/revisions"}],"predecessor-version":[{"id":112787,"href":"https:\/\/kuali.com.mx\/web\/wp-json\/wp\/v2\/posts\/112774\/revisions\/112787"}],"wp:featuredmedia":[{"embeddable":true,"href":"https:\/\/kuali.com.mx\/web\/wp-json\/wp\/v2\/media\/112777"}],"wp:attachment":[{"href":"https:\/\/kuali.com.mx\/web\/wp-json\/wp\/v2\/media?parent=112774"}],"wp:term":[{"taxonomy":"category","embeddable":true,"href":"https:\/\/kuali.com.mx\/web\/wp-json\/wp\/v2\/categories?post=112774"},{"taxonomy":"post_tag","embeddable":true,"href":"https:\/\/kuali.com.mx\/web\/wp-json\/wp\/v2\/tags?post=112774"}],"curies":[{"name":"wp","href":"https:\/\/api.w.org\/{rel}","templated":true}]}}