{"id":112618,"date":"2023-02-13T18:20:47","date_gmt":"2023-02-14T00:20:47","guid":{"rendered":"https:\/\/kuali.com.mx\/web\/?p=112618"},"modified":"2023-02-13T18:20:48","modified_gmt":"2023-02-14T00:20:48","slug":"desestima-gobernador-posible-alianza-con-el-pri","status":"publish","type":"post","link":"https:\/\/kuali.com.mx\/web\/2023\/02\/13\/desestima-gobernador-posible-alianza-con-el-pri\/","title":{"rendered":"DESESTIMA GOBERNADOR POSIBLE ALIANZA CON EL PRI"},"content":{"rendered":"\n<p><strong><em>Carlos Garc\u00eda\/Le\u00f3n, Gto.- <\/em><\/strong>La alianza electoral del Partido Acci\u00f3n Nacional (PAN) en Guanajuato debe ser con la sociedad, consider\u00f3 el gobernador, Diego Sinhue Rodr\u00edguez Vallejo, al opinar sobre la intenci\u00f3n del PRI nacional de unirse al PAN para la gubernatura del 2024.<\/p>\n\n\n\n<p>La posible alianza que plante\u00f3 el l\u00edder nacional del PRI, Alejandro Moreno, \u201cesta por verse, no es algo que a mi me competa, es un tema del partido -Acci\u00f3n Nacional-\u201c, se\u00f1al\u00f3 el mandatario.<\/p>\n\n\n\n<p>\u201cEs un tema que respeto, no es un tema que competa al gobernador, en la elecci\u00f3n que viene jugar\u00e9 un papel de autoridad, garantizando que se desarrollen elecciones tranquilas y pac\u00edficas, pero no estar\u00e9 interviniendo\u201d, garantiz\u00f3.<\/p>\n\n\n\n<p>\u00bfEl PAN requiere del apoyo del PRI en Guanajuato?<\/p>\n\n\n\n<p>-Eso lo sabr\u00e1n los partidos cuando hagan sus encuestas, la alianza tiene que ser con la ciudadan\u00eda, siempre lo he dicho.<\/p>\n\n\n\n<p>\u201cSi como partido, seas el que seas, te alejas de la ciudadan\u00eda vas a tener problemas. El Partido Acci\u00f3n Nacional tiene que hacer una alianza con la ciudadan\u00eda, como lo ha hecho siempre\u201d, sostuvo.<\/p>\n\n\n\n<p>Cabe mencionar que el l\u00edder nacional del PAN, Marko Cort\u00e9s Mendoza, anunci\u00f3 que en Guanajuato todo \u201cpinta\u201d que ser\u00e1 una mujer la abandera a la gubernatura.&nbsp; El dirigente adelant\u00f3 que realizar\u00e1n una elecci\u00f3n interna.<\/p>\n\n\n\n<p>La alcaldesa de Le\u00f3n, Alejandra Guti\u00e9rrez Campos; y la secretaria de Gobierno, Libia Garc\u00eda Mu\u00f1oz Ledo, son las aspirantes fuertes a la gubernatura.<\/p>\n","protected":false},"excerpt":{"rendered":"Carlos Garc\u00eda\/Le\u00f3n, Gto.- La alianza electoral del Partido Acci\u00f3n Nacional (PAN) en Guanajuato debe ser con la sociedad, consider\u00f3 el gobernador, Diego Sinhue Rodr\u00edguez Vallejo, al opinar sobre la intenci\u00f3n del PRI nacional de unirse al PAN para la gubernatura del 2024. La posible alianza que plante\u00f3 el l\u00edder nacional del PRI, Alejandro Moreno, \u201cesta [&hellip;]","protected":false},"author":2,"featured_media":38764,"comment_status":"open","ping_status":"open","sticky":false,"template":"","format":"standard","meta":{"_seopress_robots_primary_cat":"none","_seopress_titles_title":"","_seopress_titles_desc":"","_seopress_robots_index":"","_monsterinsights_skip_tracking":false,"_monsterinsights_sitenote_active":false,"_monsterinsights_sitenote_note":"","_monsterinsights_sitenote_category":0,"footnotes":""},"categories":[3,69],"tags":[],"class_list":["post-112618","post","type-post","status-publish","format-standard","has-post-thumbnail","hentry","category-politica","category-slider"],"yoast_head":"<!-- This site is optimized with the Yoast SEO plugin v27.4 - https:\/\/yoast.com\/product\/yoast-seo-wordpress\/ -->\n<title>DESESTIMA GOBERNADOR POSIBLE ALIANZA CON EL PRI - Kuali<\/title>\n<meta name=\"robots\" content=\"index, follow, max-snippet:-1, max-image-preview:large, max-video-preview:-1\" \/>\n<link rel=\"canonical\" href=\"https:\/\/kuali.com.mx\/web\/2023\/02\/13\/desestima-gobernador-posible-alianza-con-el-pri\/\" \/>\n<meta property=\"og:locale\" content=\"es_MX\" \/>\n<meta property=\"og:type\" content=\"article\" \/>\n<meta property=\"og:title\" content=\"DESESTIMA GOBERNADOR POSIBLE ALIANZA CON EL PRI - Kuali\" \/>\n<meta property=\"og:description\" content=\"Carlos Garc\u00eda\/Le\u00f3n, Gto.- La alianza electoral del Partido Acci\u00f3n Nacional (PAN) en Guanajuato debe ser con la sociedad, consider\u00f3 el gobernador, Diego Sinhue Rodr\u00edguez Vallejo, al opinar sobre la intenci\u00f3n del PRI nacional de unirse al PAN para la gubernatura del 2024. La posible alianza que plante\u00f3 el l\u00edder nacional del PRI, Alejandro Moreno, \u201cesta [&hellip;]\" \/>\n<meta property=\"og:url\" content=\"https:\/\/kuali.com.mx\/web\/2023\/02\/13\/desestima-gobernador-posible-alianza-con-el-pri\/\" \/>\n<meta property=\"og:site_name\" content=\"Kuali\" \/>\n<meta property=\"article:publisher\" content=\"https:\/\/kuali.com.mx\/web\/wp-content\/uploads\/2018\/04\/cropped-kuali_logo-1-1.png\" \/>\n<meta property=\"article:published_time\" content=\"2023-02-14T00:20:47+00:00\" \/>\n<meta property=\"article:modified_time\" content=\"2023-02-14T00:20:48+00:00\" \/>\n<meta property=\"og:image\" content=\"https:\/\/kuali.com.mx\/web\/wp-content\/uploads\/2018\/05\/PAN-PRI-e1676334038452.jpg\" \/>\n\t<meta property=\"og:image:width\" content=\"1820\" \/>\n\t<meta property=\"og:image:height\" content=\"750\" \/>\n\t<meta property=\"og:image:type\" content=\"image\/jpeg\" \/>\n<meta name=\"author\" content=\"Kuali Staff\" \/>\n<meta name=\"twitter:card\" content=\"summary_large_image\" \/>\n<meta name=\"twitter:creator\" content=\"@kuali_noticias\" \/>\n<meta name=\"twitter:site\" content=\"@kuali_noticias\" \/>\n<meta name=\"twitter:label1\" content=\"Escrito por\" \/>\n\t<meta name=\"twitter:data1\" content=\"Kuali Staff\" \/>\n\t<meta name=\"twitter:label2\" content=\"Tiempo de lectura\" \/>\n\t<meta name=\"twitter:data2\" content=\"1 minuto\" \/>\n<script type=\"application\/ld+json\" class=\"yoast-schema-graph\">{\"@context\":\"https:\\\/\\\/schema.org\",\"@graph\":[{\"@type\":\"Article\",\"@id\":\"https:\\\/\\\/kuali.com.mx\\\/web\\\/2023\\\/02\\\/13\\\/desestima-gobernador-posible-alianza-con-el-pri\\\/#article\",\"isPartOf\":{\"@id\":\"https:\\\/\\\/kuali.com.mx\\\/web\\\/2023\\\/02\\\/13\\\/desestima-gobernador-posible-alianza-con-el-pri\\\/\"},\"author\":{\"name\":\"Kuali Staff\",\"@id\":\"https:\\\/\\\/kuali.com.mx\\\/web\\\/#\\\/schema\\\/person\\\/6f89ffa8ecba9dae50662357923c5289\"},\"headline\":\"DESESTIMA GOBERNADOR POSIBLE ALIANZA CON EL PRI\",\"datePublished\":\"2023-02-14T00:20:47+00:00\",\"dateModified\":\"2023-02-14T00:20:48+00:00\",\"mainEntityOfPage\":{\"@id\":\"https:\\\/\\\/kuali.com.mx\\\/web\\\/2023\\\/02\\\/13\\\/desestima-gobernador-posible-alianza-con-el-pri\\\/\"},\"wordCount\":264,\"commentCount\":0,\"image\":{\"@id\":\"https:\\\/\\\/kuali.com.mx\\\/web\\\/2023\\\/02\\\/13\\\/desestima-gobernador-posible-alianza-con-el-pri\\\/#primaryimage\"},\"thumbnailUrl\":\"https:\\\/\\\/kuali.com.mx\\\/web\\\/wp-content\\\/uploads\\\/2018\\\/05\\\/PAN-PRI-e1676334038452.jpg\",\"articleSection\":[\"Pol\u00edtica\",\"slider\"],\"inLanguage\":\"es\",\"potentialAction\":[{\"@type\":\"CommentAction\",\"name\":\"Comment\",\"target\":[\"https:\\\/\\\/kuali.com.mx\\\/web\\\/2023\\\/02\\\/13\\\/desestima-gobernador-posible-alianza-con-el-pri\\\/#respond\"]}]},{\"@type\":\"WebPage\",\"@id\":\"https:\\\/\\\/kuali.com.mx\\\/web\\\/2023\\\/02\\\/13\\\/desestima-gobernador-posible-alianza-con-el-pri\\\/\",\"url\":\"https:\\\/\\\/kuali.com.mx\\\/web\\\/2023\\\/02\\\/13\\\/desestima-gobernador-posible-alianza-con-el-pri\\\/\",\"name\":\"DESESTIMA GOBERNADOR POSIBLE ALIANZA CON EL PRI - Kuali\",\"isPartOf\":{\"@id\":\"https:\\\/\\\/kuali.com.mx\\\/web\\\/#website\"},\"primaryImageOfPage\":{\"@id\":\"https:\\\/\\\/kuali.com.mx\\\/web\\\/2023\\\/02\\\/13\\\/desestima-gobernador-posible-alianza-con-el-pri\\\/#primaryimage\"},\"image\":{\"@id\":\"https:\\\/\\\/kuali.com.mx\\\/web\\\/2023\\\/02\\\/13\\\/desestima-gobernador-posible-alianza-con-el-pri\\\/#primaryimage\"},\"thumbnailUrl\":\"https:\\\/\\\/kuali.com.mx\\\/web\\\/wp-content\\\/uploads\\\/2018\\\/05\\\/PAN-PRI-e1676334038452.jpg\",\"datePublished\":\"2023-02-14T00:20:47+00:00\",\"dateModified\":\"2023-02-14T00:20:48+00:00\",\"author\":{\"@id\":\"https:\\\/\\\/kuali.com.mx\\\/web\\\/#\\\/schema\\\/person\\\/6f89ffa8ecba9dae50662357923c5289\"},\"breadcrumb\":{\"@id\":\"https:\\\/\\\/kuali.com.mx\\\/web\\\/2023\\\/02\\\/13\\\/desestima-gobernador-posible-alianza-con-el-pri\\\/#breadcrumb\"},\"inLanguage\":\"es\",\"potentialAction\":[{\"@type\":\"ReadAction\",\"target\":[\"https:\\\/\\\/kuali.com.mx\\\/web\\\/2023\\\/02\\\/13\\\/desestima-gobernador-posible-alianza-con-el-pri\\\/\"]}]},{\"@type\":\"ImageObject\",\"inLanguage\":\"es\",\"@id\":\"https:\\\/\\\/kuali.com.mx\\\/web\\\/2023\\\/02\\\/13\\\/desestima-gobernador-posible-alianza-con-el-pri\\\/#primaryimage\",\"url\":\"https:\\\/\\\/kuali.com.mx\\\/web\\\/wp-content\\\/uploads\\\/2018\\\/05\\\/PAN-PRI-e1676334038452.jpg\",\"contentUrl\":\"https:\\\/\\\/kuali.com.mx\\\/web\\\/wp-content\\\/uploads\\\/2018\\\/05\\\/PAN-PRI-e1676334038452.jpg\",\"width\":1820,\"height\":750},{\"@type\":\"BreadcrumbList\",\"@id\":\"https:\\\/\\\/kuali.com.mx\\\/web\\\/2023\\\/02\\\/13\\\/desestima-gobernador-posible-alianza-con-el-pri\\\/#breadcrumb\",\"itemListElement\":[{\"@type\":\"ListItem\",\"position\":1,\"name\":\"Inicio\",\"item\":\"https:\\\/\\\/kuali.com.mx\\\/web\\\/\"},{\"@type\":\"ListItem\",\"position\":2,\"name\":\"DESESTIMA GOBERNADOR POSIBLE ALIANZA CON EL PRI\"}]},{\"@type\":\"WebSite\",\"@id\":\"https:\\\/\\\/kuali.com.mx\\\/web\\\/#website\",\"url\":\"https:\\\/\\\/kuali.com.mx\\\/web\\\/\",\"name\":\"Kuali\",\"description\":\"\",\"potentialAction\":[{\"@type\":\"SearchAction\",\"target\":{\"@type\":\"EntryPoint\",\"urlTemplate\":\"https:\\\/\\\/kuali.com.mx\\\/web\\\/?s={search_term_string}\"},\"query-input\":{\"@type\":\"PropertyValueSpecification\",\"valueRequired\":true,\"valueName\":\"search_term_string\"}}],\"inLanguage\":\"es\"},{\"@type\":\"Person\",\"@id\":\"https:\\\/\\\/kuali.com.mx\\\/web\\\/#\\\/schema\\\/person\\\/6f89ffa8ecba9dae50662357923c5289\",\"name\":\"Kuali Staff\",\"image\":{\"@type\":\"ImageObject\",\"inLanguage\":\"es\",\"@id\":\"https:\\\/\\\/secure.gravatar.com\\\/avatar\\\/f917ad82e5ab71227a733c78b6e60715476f69ee6be59feee4eb5d9920c89e0f?s=96&d=mm&r=g\",\"url\":\"https:\\\/\\\/secure.gravatar.com\\\/avatar\\\/f917ad82e5ab71227a733c78b6e60715476f69ee6be59feee4eb5d9920c89e0f?s=96&d=mm&r=g\",\"contentUrl\":\"https:\\\/\\\/secure.gravatar.com\\\/avatar\\\/f917ad82e5ab71227a733c78b6e60715476f69ee6be59feee4eb5d9920c89e0f?s=96&d=mm&r=g\",\"caption\":\"Kuali Staff\"},\"url\":\"https:\\\/\\\/kuali.com.mx\\\/web\\\/author\\\/lagarto\\\/\"}]}<\/script>\n<!-- \/ Yoast SEO plugin. -->","yoast_head_json":{"title":"DESESTIMA GOBERNADOR POSIBLE ALIANZA CON EL PRI - Kuali","robots":{"index":"index","follow":"follow","max-snippet":"max-snippet:-1","max-image-preview":"max-image-preview:large","max-video-preview":"max-video-preview:-1"},"canonical":"https:\/\/kuali.com.mx\/web\/2023\/02\/13\/desestima-gobernador-posible-alianza-con-el-pri\/","og_locale":"es_MX","og_type":"article","og_title":"DESESTIMA GOBERNADOR POSIBLE ALIANZA CON EL PRI - Kuali","og_description":"Carlos Garc\u00eda\/Le\u00f3n, Gto.- La alianza electoral del Partido Acci\u00f3n Nacional (PAN) en Guanajuato debe ser con la sociedad, consider\u00f3 el gobernador, Diego Sinhue Rodr\u00edguez Vallejo, al opinar sobre la intenci\u00f3n del PRI nacional de unirse al PAN para la gubernatura del 2024. La posible alianza que plante\u00f3 el l\u00edder nacional del PRI, Alejandro Moreno, \u201cesta [&hellip;]","og_url":"https:\/\/kuali.com.mx\/web\/2023\/02\/13\/desestima-gobernador-posible-alianza-con-el-pri\/","og_site_name":"Kuali","article_publisher":"https:\/\/kuali.com.mx\/web\/wp-content\/uploads\/2018\/04\/cropped-kuali_logo-1-1.png","article_published_time":"2023-02-14T00:20:47+00:00","article_modified_time":"2023-02-14T00:20:48+00:00","og_image":[{"width":1820,"height":750,"url":"https:\/\/kuali.com.mx\/web\/wp-content\/uploads\/2018\/05\/PAN-PRI-e1676334038452.jpg","type":"image\/jpeg"}],"author":"Kuali Staff","twitter_card":"summary_large_image","twitter_creator":"@kuali_noticias","twitter_site":"@kuali_noticias","twitter_misc":{"Escrito por":"Kuali Staff","Tiempo de lectura":"1 minuto"},"schema":{"@context":"https:\/\/schema.org","@graph":[{"@type":"Article","@id":"https:\/\/kuali.com.mx\/web\/2023\/02\/13\/desestima-gobernador-posible-alianza-con-el-pri\/#article","isPartOf":{"@id":"https:\/\/kuali.com.mx\/web\/2023\/02\/13\/desestima-gobernador-posible-alianza-con-el-pri\/"},"author":{"name":"Kuali Staff","@id":"https:\/\/kuali.com.mx\/web\/#\/schema\/person\/6f89ffa8ecba9dae50662357923c5289"},"headline":"DESESTIMA GOBERNADOR POSIBLE ALIANZA CON EL PRI","datePublished":"2023-02-14T00:20:47+00:00","dateModified":"2023-02-14T00:20:48+00:00","mainEntityOfPage":{"@id":"https:\/\/kuali.com.mx\/web\/2023\/02\/13\/desestima-gobernador-posible-alianza-con-el-pri\/"},"wordCount":264,"commentCount":0,"image":{"@id":"https:\/\/kuali.com.mx\/web\/2023\/02\/13\/desestima-gobernador-posible-alianza-con-el-pri\/#primaryimage"},"thumbnailUrl":"https:\/\/kuali.com.mx\/web\/wp-content\/uploads\/2018\/05\/PAN-PRI-e1676334038452.jpg","articleSection":["Pol\u00edtica","slider"],"inLanguage":"es","potentialAction":[{"@type":"CommentAction","name":"Comment","target":["https:\/\/kuali.com.mx\/web\/2023\/02\/13\/desestima-gobernador-posible-alianza-con-el-pri\/#respond"]}]},{"@type":"WebPage","@id":"https:\/\/kuali.com.mx\/web\/2023\/02\/13\/desestima-gobernador-posible-alianza-con-el-pri\/","url":"https:\/\/kuali.com.mx\/web\/2023\/02\/13\/desestima-gobernador-posible-alianza-con-el-pri\/","name":"DESESTIMA GOBERNADOR POSIBLE ALIANZA CON EL PRI - Kuali","isPartOf":{"@id":"https:\/\/kuali.com.mx\/web\/#website"},"primaryImageOfPage":{"@id":"https:\/\/kuali.com.mx\/web\/2023\/02\/13\/desestima-gobernador-posible-alianza-con-el-pri\/#primaryimage"},"image":{"@id":"https:\/\/kuali.com.mx\/web\/2023\/02\/13\/desestima-gobernador-posible-alianza-con-el-pri\/#primaryimage"},"thumbnailUrl":"https:\/\/kuali.com.mx\/web\/wp-content\/uploads\/2018\/05\/PAN-PRI-e1676334038452.jpg","datePublished":"2023-02-14T00:20:47+00:00","dateModified":"2023-02-14T00:20:48+00:00","author":{"@id":"https:\/\/kuali.com.mx\/web\/#\/schema\/person\/6f89ffa8ecba9dae50662357923c5289"},"breadcrumb":{"@id":"https:\/\/kuali.com.mx\/web\/2023\/02\/13\/desestima-gobernador-posible-alianza-con-el-pri\/#breadcrumb"},"inLanguage":"es","potentialAction":[{"@type":"ReadAction","target":["https:\/\/kuali.com.mx\/web\/2023\/02\/13\/desestima-gobernador-posible-alianza-con-el-pri\/"]}]},{"@type":"ImageObject","inLanguage":"es","@id":"https:\/\/kuali.com.mx\/web\/2023\/02\/13\/desestima-gobernador-posible-alianza-con-el-pri\/#primaryimage","url":"https:\/\/kuali.com.mx\/web\/wp-content\/uploads\/2018\/05\/PAN-PRI-e1676334038452.jpg","contentUrl":"https:\/\/kuali.com.mx\/web\/wp-content\/uploads\/2018\/05\/PAN-PRI-e1676334038452.jpg","width":1820,"height":750},{"@type":"BreadcrumbList","@id":"https:\/\/kuali.com.mx\/web\/2023\/02\/13\/desestima-gobernador-posible-alianza-con-el-pri\/#breadcrumb","itemListElement":[{"@type":"ListItem","position":1,"name":"Inicio","item":"https:\/\/kuali.com.mx\/web\/"},{"@type":"ListItem","position":2,"name":"DESESTIMA GOBERNADOR POSIBLE ALIANZA CON EL PRI"}]},{"@type":"WebSite","@id":"https:\/\/kuali.com.mx\/web\/#website","url":"https:\/\/kuali.com.mx\/web\/","name":"Kuali","description":"","potentialAction":[{"@type":"SearchAction","target":{"@type":"EntryPoint","urlTemplate":"https:\/\/kuali.com.mx\/web\/?s={search_term_string}"},"query-input":{"@type":"PropertyValueSpecification","valueRequired":true,"valueName":"search_term_string"}}],"inLanguage":"es"},{"@type":"Person","@id":"https:\/\/kuali.com.mx\/web\/#\/schema\/person\/6f89ffa8ecba9dae50662357923c5289","name":"Kuali Staff","image":{"@type":"ImageObject","inLanguage":"es","@id":"https:\/\/secure.gravatar.com\/avatar\/f917ad82e5ab71227a733c78b6e60715476f69ee6be59feee4eb5d9920c89e0f?s=96&d=mm&r=g","url":"https:\/\/secure.gravatar.com\/avatar\/f917ad82e5ab71227a733c78b6e60715476f69ee6be59feee4eb5d9920c89e0f?s=96&d=mm&r=g","contentUrl":"https:\/\/secure.gravatar.com\/avatar\/f917ad82e5ab71227a733c78b6e60715476f69ee6be59feee4eb5d9920c89e0f?s=96&d=mm&r=g","caption":"Kuali Staff"},"url":"https:\/\/kuali.com.mx\/web\/author\/lagarto\/"}]}},"_links":{"self":[{"href":"https:\/\/kuali.com.mx\/web\/wp-json\/wp\/v2\/posts\/112618","targetHints":{"allow":["GET"]}}],"collection":[{"href":"https:\/\/kuali.com.mx\/web\/wp-json\/wp\/v2\/posts"}],"about":[{"href":"https:\/\/kuali.com.mx\/web\/wp-json\/wp\/v2\/types\/post"}],"author":[{"embeddable":true,"href":"https:\/\/kuali.com.mx\/web\/wp-json\/wp\/v2\/users\/2"}],"replies":[{"embeddable":true,"href":"https:\/\/kuali.com.mx\/web\/wp-json\/wp\/v2\/comments?post=112618"}],"version-history":[{"count":1,"href":"https:\/\/kuali.com.mx\/web\/wp-json\/wp\/v2\/posts\/112618\/revisions"}],"predecessor-version":[{"id":112621,"href":"https:\/\/kuali.com.mx\/web\/wp-json\/wp\/v2\/posts\/112618\/revisions\/112621"}],"wp:featuredmedia":[{"embeddable":true,"href":"https:\/\/kuali.com.mx\/web\/wp-json\/wp\/v2\/media\/38764"}],"wp:attachment":[{"href":"https:\/\/kuali.com.mx\/web\/wp-json\/wp\/v2\/media?parent=112618"}],"wp:term":[{"taxonomy":"category","embeddable":true,"href":"https:\/\/kuali.com.mx\/web\/wp-json\/wp\/v2\/categories?post=112618"},{"taxonomy":"post_tag","embeddable":true,"href":"https:\/\/kuali.com.mx\/web\/wp-json\/wp\/v2\/tags?post=112618"}],"curies":[{"name":"wp","href":"https:\/\/api.w.org\/{rel}","templated":true}]}}