{"id":112180,"date":"2023-02-07T18:06:26","date_gmt":"2023-02-08T00:06:26","guid":{"rendered":"https:\/\/kuali.com.mx\/web\/?p=112180"},"modified":"2023-02-07T18:06:27","modified_gmt":"2023-02-08T00:06:27","slug":"solicita-prodheg-comparencia-del-alcalde-de-san-diego-de-la-union","status":"publish","type":"post","link":"https:\/\/kuali.com.mx\/web\/2023\/02\/07\/solicita-prodheg-comparencia-del-alcalde-de-san-diego-de-la-union\/","title":{"rendered":"SOLICITA PRODHEG COMPARENCIA DEL ALCALDE DE SAN DIEGO DE LA UNI\u00d3N"},"content":{"rendered":"\n<p><strong><em>Carlos Garc\u00eda\/Guanajuato, Gto.-\u00a0<\/em><\/strong> El Congreso del Estado recibi\u00f3 la solicitud de la Procuradur\u00eda de los Derechos Humanos de Guanajuato (Prodheg) para que llame a comparecer al alcalde de San Diego de la Uni\u00f3n (2021-2024), Juan Carlos Castillo Cantero, para que explique por qu\u00e9 no acept\u00f3 la recomendaci\u00f3n derivada de los actos de violencia y descalificaciones p\u00fablicas que ejerci\u00f3 contra una regidora.<\/p>\n\n\n\n<p>\u201cDebido a la negativa a pronunciarse sobre la aceptaci\u00f3n y la posterior negativa expresa, por parte de la sindica del municipio -Yessica Vel\u00e1zquez Rodr\u00edguez-, hoy la Prodheg echa andar este mecanismo previsto en la Constituci\u00f3n y en la ley\u201d, inform\u00f3 el ombudsman, Vicente Esqueda M\u00e9ndez.<\/p>\n\n\n\n<p>Despu\u00e9s de que la Diputaci\u00f3n Permanente del Congreso de Guanajuato envi\u00f3 a la Comisi\u00f3n de Derechos Humanos la solicitud de comparecencia, Esqueda M\u00e9ndez explic\u00f3 que no intenta obligar al alcalde a que acepte la recomendaci\u00f3n, porque por ley puede o no acatarla, pero tiene que explicarle a la sociedad, en la m\u00e1xima tribuna, las razones de la negativa.<\/p>\n\n\n\n<p>\u201cNuestro trabajo es por la sociedad y le tenemos que rendir cuentas, por eso las recomendaciones son p\u00fablicas, y quien decida no aceptarlas, pues que de sus razones tambi\u00e9n p\u00fablicamente, todo de cara a la sociedad\u201d, puntualiz\u00f3.<\/p>\n\n\n\n<p>\u00bfHist\u00f3rica la solicitud de comparecencia?<\/p>\n\n\n\n<p>-En Guanajuato es la primera vez que sucede y es parte del mecanismo de protecci\u00f3n de los derechos humanos.<\/p>\n\n\n\n<p>La ma\u00f1ana del martes, la Diputaci\u00f3n Permanente recibi\u00f3 la solicitud del ombudsman para que llamen a comparecer al presidente municipal de San Diego de la Uni\u00f3n -emanado del partido Redes Sociales Progresistas (RSP)- Juan Carlos Castillo Cantero, para que informe por qu\u00e9 no acept\u00f3 la recomendaci\u00f3n derivada de agresiones denunciadas por una regidora cuando \u00e9l fue alcalde en la administraci\u00f3n (2015-2018). La petici\u00f3n fue turnada a la Comisi\u00f3n de Derechos Humanos para su estudio, an\u00e1lisis y dictaminaci\u00f3n.<\/p>\n\n\n\n<p>El 30 de agosto del 2022, el ombudsman resolvi\u00f3 el expediente de queja 101\/17-D y recomend\u00f3 al presidente municipal, Juan Carlos Castillo, que ofrezca una disculpa p\u00fablica a la entonces regidora de la administraci\u00f3n (2015-2018) por \u201cla violaci\u00f3n a su derecho en su condici\u00f3n de mujer a una vida libre de violencia\u201d.<\/p>\n\n\n\n<p>Solicit\u00f3 al actual Ayuntamiento que inicie un proceso administrativo contra el alcalde y que brinden atenci\u00f3n psicosocial a la ahora ex regidora.<\/p>\n\n\n\n<p>En el a\u00f1o 2017, la regidora denunci\u00f3 ante la Prodheg que en una sesi\u00f3n de Ayuntamiento el presidente municipal se molest\u00f3 porque propuso modificar la orden del d\u00eda y por pedir la impresi\u00f3n de tres tantos del acta.<\/p>\n\n\n\n<p>\u201cAl percatarse que no se asent\u00f3 su petici\u00f3n, solicit\u00f3 directamente al encargado de la Secretar\u00eda del Ayuntamiento que la misma se agregara, pero el presidente municipal se opuso, finalmente se modific\u00f3 una hoja, lo que gener\u00f3 molestia en el presidente municipal, quien sali\u00f3 del sal\u00f3n de cabildos sin firmar el acta\u201d, relat\u00f3 la quejosa.<\/p>\n\n\n\n<p>Agreg\u00f3 que ella tom\u00f3 dos tantos del acta, una copia de la Ley de Ingresos y a fuera de la presidencia Juan Carlos Castillo se puso violento, comenz\u00f3 a empujarla, a forcejear con ella para quitarle los documentos.<\/p>\n\n\n\n<p>Despu\u00e9s el presidente difundi\u00f3 en redes sociales un video donde \u201cemiti\u00f3 a la opini\u00f3n p\u00fablica juicios de valor negativos en su contra, al decir que todos sab\u00edan c\u00f3mo se conduc\u00eda dentro y fuera de la administraci\u00f3n p\u00fablica\u201d, denunci\u00f3 ante la Prodheg.<\/p>\n\n\n\n<p>\u201cJuan Carlos Castillo Cantero vulner\u00f3 el derecho de la mujer a una vida libre de violencia, tras efectuar acciones que contravinieron la integridad, dignidad y honra; y por consecuencia, vulner\u00f3 sus derechos humanos\u201d, determin\u00f3 Vicente Esqueda.<\/p>\n","protected":false},"excerpt":{"rendered":"Carlos Garc\u00eda\/Guanajuato, Gto.-\u00a0 El Congreso del Estado recibi\u00f3 la solicitud de la Procuradur\u00eda de los Derechos Humanos de Guanajuato (Prodheg) para que llame a comparecer al alcalde de San Diego de la Uni\u00f3n (2021-2024), Juan Carlos Castillo Cantero, para que explique por qu\u00e9 no acept\u00f3 la recomendaci\u00f3n derivada de los actos de violencia y descalificaciones [&hellip;]","protected":false},"author":2,"featured_media":112183,"comment_status":"open","ping_status":"open","sticky":false,"template":"","format":"standard","meta":{"_seopress_robots_primary_cat":"none","_seopress_titles_title":"","_seopress_titles_desc":"","_seopress_robots_index":"","_monsterinsights_skip_tracking":false,"_monsterinsights_sitenote_active":false,"_monsterinsights_sitenote_note":"","_monsterinsights_sitenote_category":0,"footnotes":""},"categories":[14,69],"tags":[],"class_list":["post-112180","post","type-post","status-publish","format-standard","has-post-thumbnail","hentry","category-derechos","category-slider"],"yoast_head":"<!-- This site is optimized with the Yoast SEO plugin v27.4 - https:\/\/yoast.com\/product\/yoast-seo-wordpress\/ -->\n<title>SOLICITA PRODHEG COMPARENCIA DEL ALCALDE DE SAN DIEGO DE LA UNI\u00d3N - Kuali<\/title>\n<meta name=\"robots\" content=\"index, follow, max-snippet:-1, max-image-preview:large, max-video-preview:-1\" \/>\n<link rel=\"canonical\" href=\"https:\/\/kuali.com.mx\/web\/2023\/02\/07\/solicita-prodheg-comparencia-del-alcalde-de-san-diego-de-la-union\/\" \/>\n<meta property=\"og:locale\" content=\"es_MX\" \/>\n<meta property=\"og:type\" content=\"article\" \/>\n<meta property=\"og:title\" content=\"SOLICITA PRODHEG COMPARENCIA DEL ALCALDE DE SAN DIEGO DE LA UNI\u00d3N - Kuali\" \/>\n<meta property=\"og:description\" content=\"Carlos Garc\u00eda\/Guanajuato, Gto.-\u00a0 El Congreso del Estado recibi\u00f3 la solicitud de la Procuradur\u00eda de los Derechos Humanos de Guanajuato (Prodheg) para que llame a comparecer al alcalde de San Diego de la Uni\u00f3n (2021-2024), Juan Carlos Castillo Cantero, para que explique por qu\u00e9 no acept\u00f3 la recomendaci\u00f3n derivada de los actos de violencia y descalificaciones [&hellip;]\" \/>\n<meta property=\"og:url\" content=\"https:\/\/kuali.com.mx\/web\/2023\/02\/07\/solicita-prodheg-comparencia-del-alcalde-de-san-diego-de-la-union\/\" \/>\n<meta property=\"og:site_name\" content=\"Kuali\" \/>\n<meta property=\"article:publisher\" content=\"https:\/\/kuali.com.mx\/web\/wp-content\/uploads\/2018\/04\/cropped-kuali_logo-1-1.png\" \/>\n<meta property=\"article:published_time\" content=\"2023-02-08T00:06:26+00:00\" \/>\n<meta property=\"article:modified_time\" content=\"2023-02-08T00:06:27+00:00\" \/>\n<meta property=\"og:image\" content=\"https:\/\/kuali.com.mx\/web\/wp-content\/uploads\/2023\/02\/Juan-Carlos-Castillo-Cantero.jpg\" \/>\n\t<meta property=\"og:image:width\" content=\"1785\" \/>\n\t<meta property=\"og:image:height\" content=\"750\" \/>\n\t<meta property=\"og:image:type\" content=\"image\/jpeg\" \/>\n<meta name=\"author\" content=\"Kuali Staff\" \/>\n<meta name=\"twitter:card\" content=\"summary_large_image\" \/>\n<meta name=\"twitter:creator\" content=\"@kuali_noticias\" \/>\n<meta name=\"twitter:site\" content=\"@kuali_noticias\" \/>\n<meta name=\"twitter:label1\" content=\"Escrito por\" \/>\n\t<meta name=\"twitter:data1\" content=\"Kuali Staff\" \/>\n\t<meta name=\"twitter:label2\" content=\"Tiempo de lectura\" \/>\n\t<meta name=\"twitter:data2\" content=\"3 minutos\" \/>\n<script type=\"application\/ld+json\" class=\"yoast-schema-graph\">{\"@context\":\"https:\\\/\\\/schema.org\",\"@graph\":[{\"@type\":\"Article\",\"@id\":\"https:\\\/\\\/kuali.com.mx\\\/web\\\/2023\\\/02\\\/07\\\/solicita-prodheg-comparencia-del-alcalde-de-san-diego-de-la-union\\\/#article\",\"isPartOf\":{\"@id\":\"https:\\\/\\\/kuali.com.mx\\\/web\\\/2023\\\/02\\\/07\\\/solicita-prodheg-comparencia-del-alcalde-de-san-diego-de-la-union\\\/\"},\"author\":{\"name\":\"Kuali Staff\",\"@id\":\"https:\\\/\\\/kuali.com.mx\\\/web\\\/#\\\/schema\\\/person\\\/6f89ffa8ecba9dae50662357923c5289\"},\"headline\":\"SOLICITA PRODHEG COMPARENCIA DEL ALCALDE DE SAN DIEGO DE LA UNI\u00d3N\",\"datePublished\":\"2023-02-08T00:06:26+00:00\",\"dateModified\":\"2023-02-08T00:06:27+00:00\",\"mainEntityOfPage\":{\"@id\":\"https:\\\/\\\/kuali.com.mx\\\/web\\\/2023\\\/02\\\/07\\\/solicita-prodheg-comparencia-del-alcalde-de-san-diego-de-la-union\\\/\"},\"wordCount\":645,\"commentCount\":0,\"image\":{\"@id\":\"https:\\\/\\\/kuali.com.mx\\\/web\\\/2023\\\/02\\\/07\\\/solicita-prodheg-comparencia-del-alcalde-de-san-diego-de-la-union\\\/#primaryimage\"},\"thumbnailUrl\":\"https:\\\/\\\/kuali.com.mx\\\/web\\\/wp-content\\\/uploads\\\/2023\\\/02\\\/Juan-Carlos-Castillo-Cantero.jpg\",\"articleSection\":[\"Derechos Humanos\",\"slider\"],\"inLanguage\":\"es\",\"potentialAction\":[{\"@type\":\"CommentAction\",\"name\":\"Comment\",\"target\":[\"https:\\\/\\\/kuali.com.mx\\\/web\\\/2023\\\/02\\\/07\\\/solicita-prodheg-comparencia-del-alcalde-de-san-diego-de-la-union\\\/#respond\"]}]},{\"@type\":\"WebPage\",\"@id\":\"https:\\\/\\\/kuali.com.mx\\\/web\\\/2023\\\/02\\\/07\\\/solicita-prodheg-comparencia-del-alcalde-de-san-diego-de-la-union\\\/\",\"url\":\"https:\\\/\\\/kuali.com.mx\\\/web\\\/2023\\\/02\\\/07\\\/solicita-prodheg-comparencia-del-alcalde-de-san-diego-de-la-union\\\/\",\"name\":\"SOLICITA PRODHEG COMPARENCIA DEL ALCALDE DE SAN DIEGO DE LA UNI\u00d3N - Kuali\",\"isPartOf\":{\"@id\":\"https:\\\/\\\/kuali.com.mx\\\/web\\\/#website\"},\"primaryImageOfPage\":{\"@id\":\"https:\\\/\\\/kuali.com.mx\\\/web\\\/2023\\\/02\\\/07\\\/solicita-prodheg-comparencia-del-alcalde-de-san-diego-de-la-union\\\/#primaryimage\"},\"image\":{\"@id\":\"https:\\\/\\\/kuali.com.mx\\\/web\\\/2023\\\/02\\\/07\\\/solicita-prodheg-comparencia-del-alcalde-de-san-diego-de-la-union\\\/#primaryimage\"},\"thumbnailUrl\":\"https:\\\/\\\/kuali.com.mx\\\/web\\\/wp-content\\\/uploads\\\/2023\\\/02\\\/Juan-Carlos-Castillo-Cantero.jpg\",\"datePublished\":\"2023-02-08T00:06:26+00:00\",\"dateModified\":\"2023-02-08T00:06:27+00:00\",\"author\":{\"@id\":\"https:\\\/\\\/kuali.com.mx\\\/web\\\/#\\\/schema\\\/person\\\/6f89ffa8ecba9dae50662357923c5289\"},\"breadcrumb\":{\"@id\":\"https:\\\/\\\/kuali.com.mx\\\/web\\\/2023\\\/02\\\/07\\\/solicita-prodheg-comparencia-del-alcalde-de-san-diego-de-la-union\\\/#breadcrumb\"},\"inLanguage\":\"es\",\"potentialAction\":[{\"@type\":\"ReadAction\",\"target\":[\"https:\\\/\\\/kuali.com.mx\\\/web\\\/2023\\\/02\\\/07\\\/solicita-prodheg-comparencia-del-alcalde-de-san-diego-de-la-union\\\/\"]}]},{\"@type\":\"ImageObject\",\"inLanguage\":\"es\",\"@id\":\"https:\\\/\\\/kuali.com.mx\\\/web\\\/2023\\\/02\\\/07\\\/solicita-prodheg-comparencia-del-alcalde-de-san-diego-de-la-union\\\/#primaryimage\",\"url\":\"https:\\\/\\\/kuali.com.mx\\\/web\\\/wp-content\\\/uploads\\\/2023\\\/02\\\/Juan-Carlos-Castillo-Cantero.jpg\",\"contentUrl\":\"https:\\\/\\\/kuali.com.mx\\\/web\\\/wp-content\\\/uploads\\\/2023\\\/02\\\/Juan-Carlos-Castillo-Cantero.jpg\",\"width\":1785,\"height\":750},{\"@type\":\"BreadcrumbList\",\"@id\":\"https:\\\/\\\/kuali.com.mx\\\/web\\\/2023\\\/02\\\/07\\\/solicita-prodheg-comparencia-del-alcalde-de-san-diego-de-la-union\\\/#breadcrumb\",\"itemListElement\":[{\"@type\":\"ListItem\",\"position\":1,\"name\":\"Inicio\",\"item\":\"https:\\\/\\\/kuali.com.mx\\\/web\\\/\"},{\"@type\":\"ListItem\",\"position\":2,\"name\":\"SOLICITA PRODHEG COMPARENCIA DEL ALCALDE DE SAN DIEGO DE LA UNI\u00d3N\"}]},{\"@type\":\"WebSite\",\"@id\":\"https:\\\/\\\/kuali.com.mx\\\/web\\\/#website\",\"url\":\"https:\\\/\\\/kuali.com.mx\\\/web\\\/\",\"name\":\"Kuali\",\"description\":\"\",\"potentialAction\":[{\"@type\":\"SearchAction\",\"target\":{\"@type\":\"EntryPoint\",\"urlTemplate\":\"https:\\\/\\\/kuali.com.mx\\\/web\\\/?s={search_term_string}\"},\"query-input\":{\"@type\":\"PropertyValueSpecification\",\"valueRequired\":true,\"valueName\":\"search_term_string\"}}],\"inLanguage\":\"es\"},{\"@type\":\"Person\",\"@id\":\"https:\\\/\\\/kuali.com.mx\\\/web\\\/#\\\/schema\\\/person\\\/6f89ffa8ecba9dae50662357923c5289\",\"name\":\"Kuali Staff\",\"image\":{\"@type\":\"ImageObject\",\"inLanguage\":\"es\",\"@id\":\"https:\\\/\\\/secure.gravatar.com\\\/avatar\\\/f917ad82e5ab71227a733c78b6e60715476f69ee6be59feee4eb5d9920c89e0f?s=96&d=mm&r=g\",\"url\":\"https:\\\/\\\/secure.gravatar.com\\\/avatar\\\/f917ad82e5ab71227a733c78b6e60715476f69ee6be59feee4eb5d9920c89e0f?s=96&d=mm&r=g\",\"contentUrl\":\"https:\\\/\\\/secure.gravatar.com\\\/avatar\\\/f917ad82e5ab71227a733c78b6e60715476f69ee6be59feee4eb5d9920c89e0f?s=96&d=mm&r=g\",\"caption\":\"Kuali Staff\"},\"url\":\"https:\\\/\\\/kuali.com.mx\\\/web\\\/author\\\/lagarto\\\/\"}]}<\/script>\n<!-- \/ Yoast SEO plugin. -->","yoast_head_json":{"title":"SOLICITA PRODHEG COMPARENCIA DEL ALCALDE DE SAN DIEGO DE LA UNI\u00d3N - Kuali","robots":{"index":"index","follow":"follow","max-snippet":"max-snippet:-1","max-image-preview":"max-image-preview:large","max-video-preview":"max-video-preview:-1"},"canonical":"https:\/\/kuali.com.mx\/web\/2023\/02\/07\/solicita-prodheg-comparencia-del-alcalde-de-san-diego-de-la-union\/","og_locale":"es_MX","og_type":"article","og_title":"SOLICITA PRODHEG COMPARENCIA DEL ALCALDE DE SAN DIEGO DE LA UNI\u00d3N - Kuali","og_description":"Carlos Garc\u00eda\/Guanajuato, Gto.-\u00a0 El Congreso del Estado recibi\u00f3 la solicitud de la Procuradur\u00eda de los Derechos Humanos de Guanajuato (Prodheg) para que llame a comparecer al alcalde de San Diego de la Uni\u00f3n (2021-2024), Juan Carlos Castillo Cantero, para que explique por qu\u00e9 no acept\u00f3 la recomendaci\u00f3n derivada de los actos de violencia y descalificaciones [&hellip;]","og_url":"https:\/\/kuali.com.mx\/web\/2023\/02\/07\/solicita-prodheg-comparencia-del-alcalde-de-san-diego-de-la-union\/","og_site_name":"Kuali","article_publisher":"https:\/\/kuali.com.mx\/web\/wp-content\/uploads\/2018\/04\/cropped-kuali_logo-1-1.png","article_published_time":"2023-02-08T00:06:26+00:00","article_modified_time":"2023-02-08T00:06:27+00:00","og_image":[{"width":1785,"height":750,"url":"https:\/\/kuali.com.mx\/web\/wp-content\/uploads\/2023\/02\/Juan-Carlos-Castillo-Cantero.jpg","type":"image\/jpeg"}],"author":"Kuali Staff","twitter_card":"summary_large_image","twitter_creator":"@kuali_noticias","twitter_site":"@kuali_noticias","twitter_misc":{"Escrito por":"Kuali Staff","Tiempo de lectura":"3 minutos"},"schema":{"@context":"https:\/\/schema.org","@graph":[{"@type":"Article","@id":"https:\/\/kuali.com.mx\/web\/2023\/02\/07\/solicita-prodheg-comparencia-del-alcalde-de-san-diego-de-la-union\/#article","isPartOf":{"@id":"https:\/\/kuali.com.mx\/web\/2023\/02\/07\/solicita-prodheg-comparencia-del-alcalde-de-san-diego-de-la-union\/"},"author":{"name":"Kuali Staff","@id":"https:\/\/kuali.com.mx\/web\/#\/schema\/person\/6f89ffa8ecba9dae50662357923c5289"},"headline":"SOLICITA PRODHEG COMPARENCIA DEL ALCALDE DE SAN DIEGO DE LA UNI\u00d3N","datePublished":"2023-02-08T00:06:26+00:00","dateModified":"2023-02-08T00:06:27+00:00","mainEntityOfPage":{"@id":"https:\/\/kuali.com.mx\/web\/2023\/02\/07\/solicita-prodheg-comparencia-del-alcalde-de-san-diego-de-la-union\/"},"wordCount":645,"commentCount":0,"image":{"@id":"https:\/\/kuali.com.mx\/web\/2023\/02\/07\/solicita-prodheg-comparencia-del-alcalde-de-san-diego-de-la-union\/#primaryimage"},"thumbnailUrl":"https:\/\/kuali.com.mx\/web\/wp-content\/uploads\/2023\/02\/Juan-Carlos-Castillo-Cantero.jpg","articleSection":["Derechos Humanos","slider"],"inLanguage":"es","potentialAction":[{"@type":"CommentAction","name":"Comment","target":["https:\/\/kuali.com.mx\/web\/2023\/02\/07\/solicita-prodheg-comparencia-del-alcalde-de-san-diego-de-la-union\/#respond"]}]},{"@type":"WebPage","@id":"https:\/\/kuali.com.mx\/web\/2023\/02\/07\/solicita-prodheg-comparencia-del-alcalde-de-san-diego-de-la-union\/","url":"https:\/\/kuali.com.mx\/web\/2023\/02\/07\/solicita-prodheg-comparencia-del-alcalde-de-san-diego-de-la-union\/","name":"SOLICITA PRODHEG COMPARENCIA DEL ALCALDE DE SAN DIEGO DE LA UNI\u00d3N - Kuali","isPartOf":{"@id":"https:\/\/kuali.com.mx\/web\/#website"},"primaryImageOfPage":{"@id":"https:\/\/kuali.com.mx\/web\/2023\/02\/07\/solicita-prodheg-comparencia-del-alcalde-de-san-diego-de-la-union\/#primaryimage"},"image":{"@id":"https:\/\/kuali.com.mx\/web\/2023\/02\/07\/solicita-prodheg-comparencia-del-alcalde-de-san-diego-de-la-union\/#primaryimage"},"thumbnailUrl":"https:\/\/kuali.com.mx\/web\/wp-content\/uploads\/2023\/02\/Juan-Carlos-Castillo-Cantero.jpg","datePublished":"2023-02-08T00:06:26+00:00","dateModified":"2023-02-08T00:06:27+00:00","author":{"@id":"https:\/\/kuali.com.mx\/web\/#\/schema\/person\/6f89ffa8ecba9dae50662357923c5289"},"breadcrumb":{"@id":"https:\/\/kuali.com.mx\/web\/2023\/02\/07\/solicita-prodheg-comparencia-del-alcalde-de-san-diego-de-la-union\/#breadcrumb"},"inLanguage":"es","potentialAction":[{"@type":"ReadAction","target":["https:\/\/kuali.com.mx\/web\/2023\/02\/07\/solicita-prodheg-comparencia-del-alcalde-de-san-diego-de-la-union\/"]}]},{"@type":"ImageObject","inLanguage":"es","@id":"https:\/\/kuali.com.mx\/web\/2023\/02\/07\/solicita-prodheg-comparencia-del-alcalde-de-san-diego-de-la-union\/#primaryimage","url":"https:\/\/kuali.com.mx\/web\/wp-content\/uploads\/2023\/02\/Juan-Carlos-Castillo-Cantero.jpg","contentUrl":"https:\/\/kuali.com.mx\/web\/wp-content\/uploads\/2023\/02\/Juan-Carlos-Castillo-Cantero.jpg","width":1785,"height":750},{"@type":"BreadcrumbList","@id":"https:\/\/kuali.com.mx\/web\/2023\/02\/07\/solicita-prodheg-comparencia-del-alcalde-de-san-diego-de-la-union\/#breadcrumb","itemListElement":[{"@type":"ListItem","position":1,"name":"Inicio","item":"https:\/\/kuali.com.mx\/web\/"},{"@type":"ListItem","position":2,"name":"SOLICITA PRODHEG COMPARENCIA DEL ALCALDE DE SAN DIEGO DE LA UNI\u00d3N"}]},{"@type":"WebSite","@id":"https:\/\/kuali.com.mx\/web\/#website","url":"https:\/\/kuali.com.mx\/web\/","name":"Kuali","description":"","potentialAction":[{"@type":"SearchAction","target":{"@type":"EntryPoint","urlTemplate":"https:\/\/kuali.com.mx\/web\/?s={search_term_string}"},"query-input":{"@type":"PropertyValueSpecification","valueRequired":true,"valueName":"search_term_string"}}],"inLanguage":"es"},{"@type":"Person","@id":"https:\/\/kuali.com.mx\/web\/#\/schema\/person\/6f89ffa8ecba9dae50662357923c5289","name":"Kuali Staff","image":{"@type":"ImageObject","inLanguage":"es","@id":"https:\/\/secure.gravatar.com\/avatar\/f917ad82e5ab71227a733c78b6e60715476f69ee6be59feee4eb5d9920c89e0f?s=96&d=mm&r=g","url":"https:\/\/secure.gravatar.com\/avatar\/f917ad82e5ab71227a733c78b6e60715476f69ee6be59feee4eb5d9920c89e0f?s=96&d=mm&r=g","contentUrl":"https:\/\/secure.gravatar.com\/avatar\/f917ad82e5ab71227a733c78b6e60715476f69ee6be59feee4eb5d9920c89e0f?s=96&d=mm&r=g","caption":"Kuali Staff"},"url":"https:\/\/kuali.com.mx\/web\/author\/lagarto\/"}]}},"_links":{"self":[{"href":"https:\/\/kuali.com.mx\/web\/wp-json\/wp\/v2\/posts\/112180","targetHints":{"allow":["GET"]}}],"collection":[{"href":"https:\/\/kuali.com.mx\/web\/wp-json\/wp\/v2\/posts"}],"about":[{"href":"https:\/\/kuali.com.mx\/web\/wp-json\/wp\/v2\/types\/post"}],"author":[{"embeddable":true,"href":"https:\/\/kuali.com.mx\/web\/wp-json\/wp\/v2\/users\/2"}],"replies":[{"embeddable":true,"href":"https:\/\/kuali.com.mx\/web\/wp-json\/wp\/v2\/comments?post=112180"}],"version-history":[{"count":1,"href":"https:\/\/kuali.com.mx\/web\/wp-json\/wp\/v2\/posts\/112180\/revisions"}],"predecessor-version":[{"id":112184,"href":"https:\/\/kuali.com.mx\/web\/wp-json\/wp\/v2\/posts\/112180\/revisions\/112184"}],"wp:featuredmedia":[{"embeddable":true,"href":"https:\/\/kuali.com.mx\/web\/wp-json\/wp\/v2\/media\/112183"}],"wp:attachment":[{"href":"https:\/\/kuali.com.mx\/web\/wp-json\/wp\/v2\/media?parent=112180"}],"wp:term":[{"taxonomy":"category","embeddable":true,"href":"https:\/\/kuali.com.mx\/web\/wp-json\/wp\/v2\/categories?post=112180"},{"taxonomy":"post_tag","embeddable":true,"href":"https:\/\/kuali.com.mx\/web\/wp-json\/wp\/v2\/tags?post=112180"}],"curies":[{"name":"wp","href":"https:\/\/api.w.org\/{rel}","templated":true}]}}