{"id":111262,"date":"2023-01-23T17:23:13","date_gmt":"2023-01-23T23:23:13","guid":{"rendered":"https:\/\/kuali.com.mx\/web\/?p=111262"},"modified":"2023-01-24T07:59:27","modified_gmt":"2023-01-24T13:59:27","slug":"excesivo-aumento-de-4-pesos-al-transporte-alcaldesa","status":"publish","type":"post","link":"https:\/\/kuali.com.mx\/web\/2023\/01\/23\/excesivo-aumento-de-4-pesos-al-transporte-alcaldesa\/","title":{"rendered":"\u201cEXCESIVO\u201d AUMENTO DE 4 PESOS AL TRANSPORTE: ALCALDESA"},"content":{"rendered":"\n<p><strong>Alicia Arias\/Le\u00f3n, Gto.- <\/strong>De \u201cexcesivo\u201d calific\u00f3 la alcaldesa de Le\u00f3n, Alejandra Guti\u00e9rrez Campos, la solicitud de los empresarios para incrementar en cuatro pesos la tarifa del transporte p\u00fablico urbano.<\/p>\n\n\n\n<p>\u201cDe manera personal y particular no estoy de acuerdo. Creo que es excesivo cuatro pesos\u201d, opin\u00f3 la presidenta municipal sobre las intenciones de los empresarios del transporte concesionado, quienes solicitaron al Ayuntamiento de Le\u00f3n autorizar un incremento del 36 por ciento a la tarifa.<\/p>\n\n\n\n<p>Sin embargo, a\u00f1adi\u00f3, Guti\u00e9rrez Campos, \u201clo que s\u00ed quiero que sepa la ciudadan\u00eda es que estaremos haciendo un an\u00e1lisis. Para eso es la mesa. En la mesa se analiza, se discute y se escucha y, en el caso particular esteremos defendiendo os intereses del usuario. Esta es nuestra responsabilidad y en todo momento estaremos defendiendo los intereses \u2013y- que se de buen servicio al usuario\u201d.&nbsp;<\/p>\n\n\n\n<p>Las declaraciones de la alcaldesa fueron hechas despu\u00e9s de que, en sesi\u00f3n extraordinaria celebrada esta ma\u00f1ana, el Ayuntamiento de Le\u00f3n dio entrada a la solicitud de los transportistas y aprob\u00f3 la instalaci\u00f3n de la Comisi\u00f3n Mixta Tarifaria, con lo que comienzan las negociaciones para el futuro aumento de la tarifa.<\/p>\n\n\n\n<p>La instalaci\u00f3n de la comisi\u00f3n se aprob\u00f3 con tres votos en contra de los regidores de Morena, y desech\u00f3 la propuesta de hacer una consulta ciudadana.<\/p>\n\n\n\n<p>Por tercer trienio consecutivo los transportistas solicitaron un alza al pasaje. En la primera administraci\u00f3n (2015-2018) del alcalde panista, H\u00e9ctor L\u00f3pez Santillana, la tarifa aument\u00f3 hasta un 30 por ciento y elimin\u00f3 la gratuidad para adultos mayores y en su segundo trienio el pasaje aument\u00f3 hasta un 23 por ciento.<\/p>\n\n\n\n<p>La solicitud de los transportistas es de un 36 por ciento, lo que equivale a cuatro pesos la tarifa en efectivo y con prepago, en 1.8 pesos la preferente y en .86 pesos a los adultos mayores.<\/p>\n\n\n\n<p>Los empresarios piden subir de 12 a 16 pesos el pago en efectivo, de 11 a 15 pesos con tarjeta de prepago, de 5.20 a 7 pesos a estudiantes y de 5.20 a 6 pesos para las personas adultas mayores.<\/p>\n","protected":false},"excerpt":{"rendered":"Alicia Arias\/Le\u00f3n, Gto.- De \u201cexcesivo\u201d calific\u00f3 la alcaldesa de Le\u00f3n, Alejandra Guti\u00e9rrez Campos, la solicitud de los empresarios para incrementar en cuatro pesos la tarifa del transporte p\u00fablico urbano. \u201cDe manera personal y particular no estoy de acuerdo. Creo que es excesivo cuatro pesos\u201d, opin\u00f3 la presidenta municipal sobre las intenciones de los empresarios del [&hellip;]","protected":false},"author":2,"featured_media":111265,"comment_status":"open","ping_status":"open","sticky":false,"template":"","format":"standard","meta":{"_seopress_robots_primary_cat":"none","_seopress_titles_title":"","_seopress_titles_desc":"","_seopress_robots_index":"","_monsterinsights_skip_tracking":false,"_monsterinsights_sitenote_active":false,"_monsterinsights_sitenote_note":"","_monsterinsights_sitenote_category":0,"footnotes":""},"categories":[3],"tags":[10,286,1780],"class_list":["post-111262","post","type-post","status-publish","format-standard","has-post-thumbnail","hentry","category-politica","tag-leon","tag-tarifas","tag-transporte-publico"],"yoast_head":"<!-- This site is optimized with the Yoast SEO plugin v27.4 - https:\/\/yoast.com\/product\/yoast-seo-wordpress\/ -->\n<title>\u201cEXCESIVO\u201d AUMENTO DE 4 PESOS AL TRANSPORTE: ALCALDESA - Kuali<\/title>\n<meta name=\"robots\" content=\"index, follow, max-snippet:-1, max-image-preview:large, max-video-preview:-1\" \/>\n<link rel=\"canonical\" href=\"https:\/\/kuali.com.mx\/web\/2023\/01\/23\/excesivo-aumento-de-4-pesos-al-transporte-alcaldesa\/\" \/>\n<meta property=\"og:locale\" content=\"es_MX\" \/>\n<meta property=\"og:type\" content=\"article\" \/>\n<meta property=\"og:title\" content=\"\u201cEXCESIVO\u201d AUMENTO DE 4 PESOS AL TRANSPORTE: ALCALDESA - Kuali\" \/>\n<meta property=\"og:description\" content=\"Alicia Arias\/Le\u00f3n, Gto.- De \u201cexcesivo\u201d calific\u00f3 la alcaldesa de Le\u00f3n, Alejandra Guti\u00e9rrez Campos, la solicitud de los empresarios para incrementar en cuatro pesos la tarifa del transporte p\u00fablico urbano. \u201cDe manera personal y particular no estoy de acuerdo. Creo que es excesivo cuatro pesos\u201d, opin\u00f3 la presidenta municipal sobre las intenciones de los empresarios del [&hellip;]\" \/>\n<meta property=\"og:url\" content=\"https:\/\/kuali.com.mx\/web\/2023\/01\/23\/excesivo-aumento-de-4-pesos-al-transporte-alcaldesa\/\" \/>\n<meta property=\"og:site_name\" content=\"Kuali\" \/>\n<meta property=\"article:publisher\" content=\"https:\/\/kuali.com.mx\/web\/wp-content\/uploads\/2018\/04\/cropped-kuali_logo-1-1.png\" \/>\n<meta property=\"article:published_time\" content=\"2023-01-23T23:23:13+00:00\" \/>\n<meta property=\"article:modified_time\" content=\"2023-01-24T13:59:27+00:00\" \/>\n<meta property=\"og:image\" content=\"https:\/\/kuali.com.mx\/web\/wp-content\/uploads\/2023\/01\/Ale-Gutierrez.gif\" \/>\n\t<meta property=\"og:image:width\" content=\"1700\" \/>\n\t<meta property=\"og:image:height\" content=\"750\" \/>\n\t<meta property=\"og:image:type\" content=\"image\/gif\" \/>\n<meta name=\"author\" content=\"Kuali Staff\" \/>\n<meta name=\"twitter:card\" content=\"summary_large_image\" \/>\n<meta name=\"twitter:creator\" content=\"@kuali_noticias\" \/>\n<meta name=\"twitter:site\" content=\"@kuali_noticias\" \/>\n<meta name=\"twitter:label1\" content=\"Escrito por\" \/>\n\t<meta name=\"twitter:data1\" content=\"Kuali Staff\" \/>\n\t<meta name=\"twitter:label2\" content=\"Tiempo de lectura\" \/>\n\t<meta name=\"twitter:data2\" content=\"2 minutos\" \/>\n<script type=\"application\/ld+json\" class=\"yoast-schema-graph\">{\"@context\":\"https:\\\/\\\/schema.org\",\"@graph\":[{\"@type\":\"Article\",\"@id\":\"https:\\\/\\\/kuali.com.mx\\\/web\\\/2023\\\/01\\\/23\\\/excesivo-aumento-de-4-pesos-al-transporte-alcaldesa\\\/#article\",\"isPartOf\":{\"@id\":\"https:\\\/\\\/kuali.com.mx\\\/web\\\/2023\\\/01\\\/23\\\/excesivo-aumento-de-4-pesos-al-transporte-alcaldesa\\\/\"},\"author\":{\"name\":\"Kuali Staff\",\"@id\":\"https:\\\/\\\/kuali.com.mx\\\/web\\\/#\\\/schema\\\/person\\\/6f89ffa8ecba9dae50662357923c5289\"},\"headline\":\"\u201cEXCESIVO\u201d AUMENTO DE 4 PESOS AL TRANSPORTE: ALCALDESA\",\"datePublished\":\"2023-01-23T23:23:13+00:00\",\"dateModified\":\"2023-01-24T13:59:27+00:00\",\"mainEntityOfPage\":{\"@id\":\"https:\\\/\\\/kuali.com.mx\\\/web\\\/2023\\\/01\\\/23\\\/excesivo-aumento-de-4-pesos-al-transporte-alcaldesa\\\/\"},\"wordCount\":357,\"commentCount\":0,\"image\":{\"@id\":\"https:\\\/\\\/kuali.com.mx\\\/web\\\/2023\\\/01\\\/23\\\/excesivo-aumento-de-4-pesos-al-transporte-alcaldesa\\\/#primaryimage\"},\"thumbnailUrl\":\"https:\\\/\\\/kuali.com.mx\\\/web\\\/wp-content\\\/uploads\\\/2023\\\/01\\\/Ale-Gutierrez.gif\",\"keywords\":[\"Le\u00f3n\",\"Tarifas\",\"Transporte p\u00fablico\"],\"articleSection\":[\"Pol\u00edtica\"],\"inLanguage\":\"es\",\"potentialAction\":[{\"@type\":\"CommentAction\",\"name\":\"Comment\",\"target\":[\"https:\\\/\\\/kuali.com.mx\\\/web\\\/2023\\\/01\\\/23\\\/excesivo-aumento-de-4-pesos-al-transporte-alcaldesa\\\/#respond\"]}]},{\"@type\":\"WebPage\",\"@id\":\"https:\\\/\\\/kuali.com.mx\\\/web\\\/2023\\\/01\\\/23\\\/excesivo-aumento-de-4-pesos-al-transporte-alcaldesa\\\/\",\"url\":\"https:\\\/\\\/kuali.com.mx\\\/web\\\/2023\\\/01\\\/23\\\/excesivo-aumento-de-4-pesos-al-transporte-alcaldesa\\\/\",\"name\":\"\u201cEXCESIVO\u201d AUMENTO DE 4 PESOS AL TRANSPORTE: ALCALDESA - Kuali\",\"isPartOf\":{\"@id\":\"https:\\\/\\\/kuali.com.mx\\\/web\\\/#website\"},\"primaryImageOfPage\":{\"@id\":\"https:\\\/\\\/kuali.com.mx\\\/web\\\/2023\\\/01\\\/23\\\/excesivo-aumento-de-4-pesos-al-transporte-alcaldesa\\\/#primaryimage\"},\"image\":{\"@id\":\"https:\\\/\\\/kuali.com.mx\\\/web\\\/2023\\\/01\\\/23\\\/excesivo-aumento-de-4-pesos-al-transporte-alcaldesa\\\/#primaryimage\"},\"thumbnailUrl\":\"https:\\\/\\\/kuali.com.mx\\\/web\\\/wp-content\\\/uploads\\\/2023\\\/01\\\/Ale-Gutierrez.gif\",\"datePublished\":\"2023-01-23T23:23:13+00:00\",\"dateModified\":\"2023-01-24T13:59:27+00:00\",\"author\":{\"@id\":\"https:\\\/\\\/kuali.com.mx\\\/web\\\/#\\\/schema\\\/person\\\/6f89ffa8ecba9dae50662357923c5289\"},\"breadcrumb\":{\"@id\":\"https:\\\/\\\/kuali.com.mx\\\/web\\\/2023\\\/01\\\/23\\\/excesivo-aumento-de-4-pesos-al-transporte-alcaldesa\\\/#breadcrumb\"},\"inLanguage\":\"es\",\"potentialAction\":[{\"@type\":\"ReadAction\",\"target\":[\"https:\\\/\\\/kuali.com.mx\\\/web\\\/2023\\\/01\\\/23\\\/excesivo-aumento-de-4-pesos-al-transporte-alcaldesa\\\/\"]}]},{\"@type\":\"ImageObject\",\"inLanguage\":\"es\",\"@id\":\"https:\\\/\\\/kuali.com.mx\\\/web\\\/2023\\\/01\\\/23\\\/excesivo-aumento-de-4-pesos-al-transporte-alcaldesa\\\/#primaryimage\",\"url\":\"https:\\\/\\\/kuali.com.mx\\\/web\\\/wp-content\\\/uploads\\\/2023\\\/01\\\/Ale-Gutierrez.gif\",\"contentUrl\":\"https:\\\/\\\/kuali.com.mx\\\/web\\\/wp-content\\\/uploads\\\/2023\\\/01\\\/Ale-Gutierrez.gif\",\"width\":1700,\"height\":750},{\"@type\":\"BreadcrumbList\",\"@id\":\"https:\\\/\\\/kuali.com.mx\\\/web\\\/2023\\\/01\\\/23\\\/excesivo-aumento-de-4-pesos-al-transporte-alcaldesa\\\/#breadcrumb\",\"itemListElement\":[{\"@type\":\"ListItem\",\"position\":1,\"name\":\"Inicio\",\"item\":\"https:\\\/\\\/kuali.com.mx\\\/web\\\/\"},{\"@type\":\"ListItem\",\"position\":2,\"name\":\"\u201cEXCESIVO\u201d AUMENTO DE 4 PESOS AL TRANSPORTE: ALCALDESA\"}]},{\"@type\":\"WebSite\",\"@id\":\"https:\\\/\\\/kuali.com.mx\\\/web\\\/#website\",\"url\":\"https:\\\/\\\/kuali.com.mx\\\/web\\\/\",\"name\":\"Kuali\",\"description\":\"\",\"potentialAction\":[{\"@type\":\"SearchAction\",\"target\":{\"@type\":\"EntryPoint\",\"urlTemplate\":\"https:\\\/\\\/kuali.com.mx\\\/web\\\/?s={search_term_string}\"},\"query-input\":{\"@type\":\"PropertyValueSpecification\",\"valueRequired\":true,\"valueName\":\"search_term_string\"}}],\"inLanguage\":\"es\"},{\"@type\":\"Person\",\"@id\":\"https:\\\/\\\/kuali.com.mx\\\/web\\\/#\\\/schema\\\/person\\\/6f89ffa8ecba9dae50662357923c5289\",\"name\":\"Kuali Staff\",\"image\":{\"@type\":\"ImageObject\",\"inLanguage\":\"es\",\"@id\":\"https:\\\/\\\/secure.gravatar.com\\\/avatar\\\/f917ad82e5ab71227a733c78b6e60715476f69ee6be59feee4eb5d9920c89e0f?s=96&d=mm&r=g\",\"url\":\"https:\\\/\\\/secure.gravatar.com\\\/avatar\\\/f917ad82e5ab71227a733c78b6e60715476f69ee6be59feee4eb5d9920c89e0f?s=96&d=mm&r=g\",\"contentUrl\":\"https:\\\/\\\/secure.gravatar.com\\\/avatar\\\/f917ad82e5ab71227a733c78b6e60715476f69ee6be59feee4eb5d9920c89e0f?s=96&d=mm&r=g\",\"caption\":\"Kuali Staff\"},\"url\":\"https:\\\/\\\/kuali.com.mx\\\/web\\\/author\\\/lagarto\\\/\"}]}<\/script>\n<!-- \/ Yoast SEO plugin. -->","yoast_head_json":{"title":"\u201cEXCESIVO\u201d AUMENTO DE 4 PESOS AL TRANSPORTE: ALCALDESA - Kuali","robots":{"index":"index","follow":"follow","max-snippet":"max-snippet:-1","max-image-preview":"max-image-preview:large","max-video-preview":"max-video-preview:-1"},"canonical":"https:\/\/kuali.com.mx\/web\/2023\/01\/23\/excesivo-aumento-de-4-pesos-al-transporte-alcaldesa\/","og_locale":"es_MX","og_type":"article","og_title":"\u201cEXCESIVO\u201d AUMENTO DE 4 PESOS AL TRANSPORTE: ALCALDESA - Kuali","og_description":"Alicia Arias\/Le\u00f3n, Gto.- De \u201cexcesivo\u201d calific\u00f3 la alcaldesa de Le\u00f3n, Alejandra Guti\u00e9rrez Campos, la solicitud de los empresarios para incrementar en cuatro pesos la tarifa del transporte p\u00fablico urbano. \u201cDe manera personal y particular no estoy de acuerdo. Creo que es excesivo cuatro pesos\u201d, opin\u00f3 la presidenta municipal sobre las intenciones de los empresarios del [&hellip;]","og_url":"https:\/\/kuali.com.mx\/web\/2023\/01\/23\/excesivo-aumento-de-4-pesos-al-transporte-alcaldesa\/","og_site_name":"Kuali","article_publisher":"https:\/\/kuali.com.mx\/web\/wp-content\/uploads\/2018\/04\/cropped-kuali_logo-1-1.png","article_published_time":"2023-01-23T23:23:13+00:00","article_modified_time":"2023-01-24T13:59:27+00:00","og_image":[{"width":1700,"height":750,"url":"https:\/\/kuali.com.mx\/web\/wp-content\/uploads\/2023\/01\/Ale-Gutierrez.gif","type":"image\/gif"}],"author":"Kuali Staff","twitter_card":"summary_large_image","twitter_creator":"@kuali_noticias","twitter_site":"@kuali_noticias","twitter_misc":{"Escrito por":"Kuali Staff","Tiempo de lectura":"2 minutos"},"schema":{"@context":"https:\/\/schema.org","@graph":[{"@type":"Article","@id":"https:\/\/kuali.com.mx\/web\/2023\/01\/23\/excesivo-aumento-de-4-pesos-al-transporte-alcaldesa\/#article","isPartOf":{"@id":"https:\/\/kuali.com.mx\/web\/2023\/01\/23\/excesivo-aumento-de-4-pesos-al-transporte-alcaldesa\/"},"author":{"name":"Kuali Staff","@id":"https:\/\/kuali.com.mx\/web\/#\/schema\/person\/6f89ffa8ecba9dae50662357923c5289"},"headline":"\u201cEXCESIVO\u201d AUMENTO DE 4 PESOS AL TRANSPORTE: ALCALDESA","datePublished":"2023-01-23T23:23:13+00:00","dateModified":"2023-01-24T13:59:27+00:00","mainEntityOfPage":{"@id":"https:\/\/kuali.com.mx\/web\/2023\/01\/23\/excesivo-aumento-de-4-pesos-al-transporte-alcaldesa\/"},"wordCount":357,"commentCount":0,"image":{"@id":"https:\/\/kuali.com.mx\/web\/2023\/01\/23\/excesivo-aumento-de-4-pesos-al-transporte-alcaldesa\/#primaryimage"},"thumbnailUrl":"https:\/\/kuali.com.mx\/web\/wp-content\/uploads\/2023\/01\/Ale-Gutierrez.gif","keywords":["Le\u00f3n","Tarifas","Transporte p\u00fablico"],"articleSection":["Pol\u00edtica"],"inLanguage":"es","potentialAction":[{"@type":"CommentAction","name":"Comment","target":["https:\/\/kuali.com.mx\/web\/2023\/01\/23\/excesivo-aumento-de-4-pesos-al-transporte-alcaldesa\/#respond"]}]},{"@type":"WebPage","@id":"https:\/\/kuali.com.mx\/web\/2023\/01\/23\/excesivo-aumento-de-4-pesos-al-transporte-alcaldesa\/","url":"https:\/\/kuali.com.mx\/web\/2023\/01\/23\/excesivo-aumento-de-4-pesos-al-transporte-alcaldesa\/","name":"\u201cEXCESIVO\u201d AUMENTO DE 4 PESOS AL TRANSPORTE: ALCALDESA - Kuali","isPartOf":{"@id":"https:\/\/kuali.com.mx\/web\/#website"},"primaryImageOfPage":{"@id":"https:\/\/kuali.com.mx\/web\/2023\/01\/23\/excesivo-aumento-de-4-pesos-al-transporte-alcaldesa\/#primaryimage"},"image":{"@id":"https:\/\/kuali.com.mx\/web\/2023\/01\/23\/excesivo-aumento-de-4-pesos-al-transporte-alcaldesa\/#primaryimage"},"thumbnailUrl":"https:\/\/kuali.com.mx\/web\/wp-content\/uploads\/2023\/01\/Ale-Gutierrez.gif","datePublished":"2023-01-23T23:23:13+00:00","dateModified":"2023-01-24T13:59:27+00:00","author":{"@id":"https:\/\/kuali.com.mx\/web\/#\/schema\/person\/6f89ffa8ecba9dae50662357923c5289"},"breadcrumb":{"@id":"https:\/\/kuali.com.mx\/web\/2023\/01\/23\/excesivo-aumento-de-4-pesos-al-transporte-alcaldesa\/#breadcrumb"},"inLanguage":"es","potentialAction":[{"@type":"ReadAction","target":["https:\/\/kuali.com.mx\/web\/2023\/01\/23\/excesivo-aumento-de-4-pesos-al-transporte-alcaldesa\/"]}]},{"@type":"ImageObject","inLanguage":"es","@id":"https:\/\/kuali.com.mx\/web\/2023\/01\/23\/excesivo-aumento-de-4-pesos-al-transporte-alcaldesa\/#primaryimage","url":"https:\/\/kuali.com.mx\/web\/wp-content\/uploads\/2023\/01\/Ale-Gutierrez.gif","contentUrl":"https:\/\/kuali.com.mx\/web\/wp-content\/uploads\/2023\/01\/Ale-Gutierrez.gif","width":1700,"height":750},{"@type":"BreadcrumbList","@id":"https:\/\/kuali.com.mx\/web\/2023\/01\/23\/excesivo-aumento-de-4-pesos-al-transporte-alcaldesa\/#breadcrumb","itemListElement":[{"@type":"ListItem","position":1,"name":"Inicio","item":"https:\/\/kuali.com.mx\/web\/"},{"@type":"ListItem","position":2,"name":"\u201cEXCESIVO\u201d AUMENTO DE 4 PESOS AL TRANSPORTE: ALCALDESA"}]},{"@type":"WebSite","@id":"https:\/\/kuali.com.mx\/web\/#website","url":"https:\/\/kuali.com.mx\/web\/","name":"Kuali","description":"","potentialAction":[{"@type":"SearchAction","target":{"@type":"EntryPoint","urlTemplate":"https:\/\/kuali.com.mx\/web\/?s={search_term_string}"},"query-input":{"@type":"PropertyValueSpecification","valueRequired":true,"valueName":"search_term_string"}}],"inLanguage":"es"},{"@type":"Person","@id":"https:\/\/kuali.com.mx\/web\/#\/schema\/person\/6f89ffa8ecba9dae50662357923c5289","name":"Kuali Staff","image":{"@type":"ImageObject","inLanguage":"es","@id":"https:\/\/secure.gravatar.com\/avatar\/f917ad82e5ab71227a733c78b6e60715476f69ee6be59feee4eb5d9920c89e0f?s=96&d=mm&r=g","url":"https:\/\/secure.gravatar.com\/avatar\/f917ad82e5ab71227a733c78b6e60715476f69ee6be59feee4eb5d9920c89e0f?s=96&d=mm&r=g","contentUrl":"https:\/\/secure.gravatar.com\/avatar\/f917ad82e5ab71227a733c78b6e60715476f69ee6be59feee4eb5d9920c89e0f?s=96&d=mm&r=g","caption":"Kuali Staff"},"url":"https:\/\/kuali.com.mx\/web\/author\/lagarto\/"}]}},"_links":{"self":[{"href":"https:\/\/kuali.com.mx\/web\/wp-json\/wp\/v2\/posts\/111262","targetHints":{"allow":["GET"]}}],"collection":[{"href":"https:\/\/kuali.com.mx\/web\/wp-json\/wp\/v2\/posts"}],"about":[{"href":"https:\/\/kuali.com.mx\/web\/wp-json\/wp\/v2\/types\/post"}],"author":[{"embeddable":true,"href":"https:\/\/kuali.com.mx\/web\/wp-json\/wp\/v2\/users\/2"}],"replies":[{"embeddable":true,"href":"https:\/\/kuali.com.mx\/web\/wp-json\/wp\/v2\/comments?post=111262"}],"version-history":[{"count":1,"href":"https:\/\/kuali.com.mx\/web\/wp-json\/wp\/v2\/posts\/111262\/revisions"}],"predecessor-version":[{"id":111266,"href":"https:\/\/kuali.com.mx\/web\/wp-json\/wp\/v2\/posts\/111262\/revisions\/111266"}],"wp:featuredmedia":[{"embeddable":true,"href":"https:\/\/kuali.com.mx\/web\/wp-json\/wp\/v2\/media\/111265"}],"wp:attachment":[{"href":"https:\/\/kuali.com.mx\/web\/wp-json\/wp\/v2\/media?parent=111262"}],"wp:term":[{"taxonomy":"category","embeddable":true,"href":"https:\/\/kuali.com.mx\/web\/wp-json\/wp\/v2\/categories?post=111262"},{"taxonomy":"post_tag","embeddable":true,"href":"https:\/\/kuali.com.mx\/web\/wp-json\/wp\/v2\/tags?post=111262"}],"curies":[{"name":"wp","href":"https:\/\/api.w.org\/{rel}","templated":true}]}}