{"id":110680,"date":"2023-01-12T21:06:14","date_gmt":"2023-01-13T03:06:14","guid":{"rendered":"https:\/\/kuali.com.mx\/web\/?p=110680"},"modified":"2023-01-12T21:06:15","modified_gmt":"2023-01-13T03:06:15","slug":"despues-de-la-pandemia-el-dia-de-los-inditos-no-es-igual","status":"publish","type":"post","link":"https:\/\/kuali.com.mx\/web\/2023\/01\/12\/despues-de-la-pandemia-el-dia-de-los-inditos-no-es-igual\/","title":{"rendered":"DESPU\u00c9S DE LA PANDEMIA, EL \u201cD\u00cdA DE LOS INDITOS\u201d NO ES IGUAL"},"content":{"rendered":"\n<p><strong>Alicia Arias\/Le\u00f3n, Gto.- <\/strong>Despu\u00e9s de la pandemia por COVID-19 la celebraci\u00f3n del D\u00eda de los Inditos no ha vuelto a ser igual. Ya no hay filas qu\u00e9 hacer, ni horas qu\u00e9 esperar para llegar hasta los pies del altar para visitar a la Virgen de Guadalupe en el santuario que lleva su nombre.<\/p>\n\n\n\n<iframe loading=\"lazy\" src=\"https:\/\/www.facebook.com\/plugins\/video.php?height=314&href=https%3A%2F%2Fwww.facebook.com%2FKualiNoticias%2Fvideos%2F574040187515684%2F&show_text=false&width=560&t=0\" width=\"560\" height=\"314\" style=\"border:none;overflow:hidden\" scrolling=\"no\" frameborder=\"0\" allowfullscreen=\"true\" allow=\"autoplay; clipboard-write; encrypted-media; picture-in-picture; web-share\" allowFullScreen=\"true\"><\/iframe>\n\n\n\n<p>El \u201cD\u00eda de los Inditos\u201d es una festividad cat\u00f3lica \u00fanica en M\u00e9xico, que solo se vive en la ciudad de Le\u00f3n, donde el 12 de diciembre, D\u00eda de la Virgen de Guadalupe, perdi\u00f3 fuerza ante el 12 de enero, que es la fecha en la que las y los leoneses acuden vestidos de \u201cinditos\u201d al Santuario de Guadalupe para pedir favores, agradecer y dejar ofrendas a la llamada \u201cPatrona de M\u00e9xico\u201d.<\/p>\n\n\n\n<figure class=\"wp-block-image size-large\"><img loading=\"lazy\" decoding=\"async\" width=\"1024\" height=\"576\" src=\"https:\/\/kuali.com.mx\/web\/wp-content\/uploads\/2023\/01\/Inditos-1_ok-1024x576.jpg\" alt=\"\" class=\"wp-image-110684\" srcset=\"https:\/\/kuali.com.mx\/web\/wp-content\/uploads\/2023\/01\/Inditos-1_ok-1024x576.jpg 1024w, https:\/\/kuali.com.mx\/web\/wp-content\/uploads\/2023\/01\/Inditos-1_ok-300x169.jpg 300w, https:\/\/kuali.com.mx\/web\/wp-content\/uploads\/2023\/01\/Inditos-1_ok-768x432.jpg 768w, https:\/\/kuali.com.mx\/web\/wp-content\/uploads\/2023\/01\/Inditos-1_ok-730x410.jpg 730w, https:\/\/kuali.com.mx\/web\/wp-content\/uploads\/2023\/01\/Inditos-1_ok-206x116.jpg 206w, https:\/\/kuali.com.mx\/web\/wp-content\/uploads\/2023\/01\/Inditos-1_ok.jpg 1536w\" sizes=\"auto, (max-width: 1024px) 100vw, 1024px\" \/><figcaption>D\u00eda de los Inditos en Le\u00f3n. FOTO: ALICIA ARIAS<\/figcaption><\/figure>\n\n\n\n<p>Hasta antes de la pandemia por COVID-19, todav\u00eda el 12 de enero del 2020, la gente ten\u00eda que formarse desde la calle Miguel Alem\u00e1n porque hasta ah\u00ed llegaba la fila y, hoy, igual que hace un a\u00f1o ni siquiera hubo fila; aun as\u00ed, el tr\u00e1nsito de las y los peregrinos ha sido constante a lo largo del d\u00eda.<\/p>\n\n\n\n<p><strong>EL ORIGEN<\/strong><\/p>\n\n\n\n<p>La tradici\u00f3n de lo que en Le\u00f3n se le conoce como el D\u00eda de los Inditos tiene su origen en el a\u00f1o de 1876, cuando el sacerdote Pablo de Anda inculc\u00f3 una ferviente devoci\u00f3n a la Virgen de Guadalupe y a esa tradici\u00f3n se le llam\u00f3 \u201cNi\u00f1os Inditos\u201d.<\/p>\n\n\n\n<p>El sacerdote impuls\u00f3 la construcci\u00f3n del Santuario de Guadalupe en el a\u00f1o de 1870, el cual fue bendecido el 12 de julio de 1875.<\/p>\n\n\n\n<p>En ese tiempo, en Le\u00f3n se acostumbraba a visitar a la Guadalupana en la Catedral Bas\u00edlica de Le\u00f3n el d\u00eda 12 de diciembre y el santuario se quedaba solo, por lo que Pablo de Anda instituy\u00f3, un mes despu\u00e9s, el 12 de enero la visita a la Virgen de Guadalupe en el Santuario dedicado a ella.<\/p>\n\n\n\n<figure class=\"wp-block-image size-large\"><img loading=\"lazy\" decoding=\"async\" width=\"1024\" height=\"473\" src=\"https:\/\/kuali.com.mx\/web\/wp-content\/uploads\/2023\/01\/Inditos-2_ok-1024x473.jpg\" alt=\"\" class=\"wp-image-110685\" srcset=\"https:\/\/kuali.com.mx\/web\/wp-content\/uploads\/2023\/01\/Inditos-2_ok-1024x473.jpg 1024w, https:\/\/kuali.com.mx\/web\/wp-content\/uploads\/2023\/01\/Inditos-2_ok-300x139.jpg 300w, https:\/\/kuali.com.mx\/web\/wp-content\/uploads\/2023\/01\/Inditos-2_ok-768x355.jpg 768w, https:\/\/kuali.com.mx\/web\/wp-content\/uploads\/2023\/01\/Inditos-2_ok-1536x710.jpg 1536w, https:\/\/kuali.com.mx\/web\/wp-content\/uploads\/2023\/01\/Inditos-2_ok-228x105.jpg 228w, https:\/\/kuali.com.mx\/web\/wp-content\/uploads\/2023\/01\/Inditos-2_ok.jpg 1734w\" sizes=\"auto, (max-width: 1024px) 100vw, 1024px\" \/><figcaption>Santuario de la Virgen de Guadalupe en Leon, Gto. FOTO: ALICIA ARIAS<\/figcaption><\/figure>\n\n\n\n<p>Con el pasar del tiempo, la gente dej\u00f3 de acudir a la catedral el 12 de diciembre y prevaleci\u00f3 hasta hoy en d\u00eda la devoci\u00f3n del 12 de enero, el D\u00eda de los Inditos.<\/p>\n","protected":false},"excerpt":{"rendered":"Alicia Arias\/Le\u00f3n, Gto.- Despu\u00e9s de la pandemia por COVID-19 la celebraci\u00f3n del D\u00eda de los Inditos no ha vuelto a ser igual. Ya no hay filas qu\u00e9 hacer, ni horas qu\u00e9 esperar para llegar hasta los pies del altar para visitar a la Virgen de Guadalupe en el santuario que lleva su nombre. El \u201cD\u00eda [&hellip;]","protected":false},"author":2,"featured_media":110683,"comment_status":"open","ping_status":"open","sticky":false,"template":"","format":"standard","meta":{"_seopress_robots_primary_cat":"none","_seopress_titles_title":"","_seopress_titles_desc":"","_seopress_robots_index":"","_monsterinsights_skip_tracking":false,"_monsterinsights_sitenote_active":false,"_monsterinsights_sitenote_note":"","_monsterinsights_sitenote_category":0,"footnotes":""},"categories":[8,1],"tags":[1732,10,1294,595,1733],"class_list":["post-110680","post","type-post","status-publish","format-standard","has-post-thumbnail","hentry","category-espectaculos","category-actualidad","tag-dia-de-los-inditos","tag-leon","tag-religion","tag-tradiciones","tag-virgen-de-guadalupe"],"yoast_head":"<!-- This site is optimized with the Yoast SEO plugin v27.4 - https:\/\/yoast.com\/product\/yoast-seo-wordpress\/ -->\n<title>DESPU\u00c9S DE LA PANDEMIA, EL \u201cD\u00cdA DE LOS INDITOS\u201d NO ES IGUAL - Kuali<\/title>\n<meta name=\"robots\" content=\"index, follow, max-snippet:-1, max-image-preview:large, max-video-preview:-1\" \/>\n<link rel=\"canonical\" href=\"https:\/\/kuali.com.mx\/web\/2023\/01\/12\/despues-de-la-pandemia-el-dia-de-los-inditos-no-es-igual\/\" \/>\n<meta property=\"og:locale\" content=\"es_MX\" \/>\n<meta property=\"og:type\" content=\"article\" \/>\n<meta property=\"og:title\" content=\"DESPU\u00c9S DE LA PANDEMIA, EL \u201cD\u00cdA DE LOS INDITOS\u201d NO ES IGUAL - Kuali\" \/>\n<meta property=\"og:description\" content=\"Alicia Arias\/Le\u00f3n, Gto.- Despu\u00e9s de la pandemia por COVID-19 la celebraci\u00f3n del D\u00eda de los Inditos no ha vuelto a ser igual. Ya no hay filas qu\u00e9 hacer, ni horas qu\u00e9 esperar para llegar hasta los pies del altar para visitar a la Virgen de Guadalupe en el santuario que lleva su nombre. El \u201cD\u00eda [&hellip;]\" \/>\n<meta property=\"og:url\" content=\"https:\/\/kuali.com.mx\/web\/2023\/01\/12\/despues-de-la-pandemia-el-dia-de-los-inditos-no-es-igual\/\" \/>\n<meta property=\"og:site_name\" content=\"Kuali\" \/>\n<meta property=\"article:publisher\" content=\"https:\/\/kuali.com.mx\/web\/wp-content\/uploads\/2018\/04\/cropped-kuali_logo-1-1.png\" \/>\n<meta property=\"article:published_time\" content=\"2023-01-13T03:06:14+00:00\" \/>\n<meta property=\"article:modified_time\" content=\"2023-01-13T03:06:15+00:00\" \/>\n<meta property=\"og:image\" content=\"https:\/\/kuali.com.mx\/web\/wp-content\/uploads\/2023\/01\/Inditos.gif\" \/>\n\t<meta property=\"og:image:width\" content=\"1800\" \/>\n\t<meta property=\"og:image:height\" content=\"750\" \/>\n\t<meta property=\"og:image:type\" content=\"image\/gif\" \/>\n<meta name=\"author\" content=\"Kuali Staff\" \/>\n<meta name=\"twitter:card\" content=\"summary_large_image\" \/>\n<meta name=\"twitter:creator\" content=\"@kuali_noticias\" \/>\n<meta name=\"twitter:site\" content=\"@kuali_noticias\" \/>\n<meta name=\"twitter:label1\" content=\"Escrito por\" \/>\n\t<meta name=\"twitter:data1\" content=\"Kuali Staff\" \/>\n\t<meta name=\"twitter:label2\" content=\"Tiempo de lectura\" \/>\n\t<meta name=\"twitter:data2\" content=\"2 minutos\" \/>\n<script type=\"application\/ld+json\" class=\"yoast-schema-graph\">{\"@context\":\"https:\\\/\\\/schema.org\",\"@graph\":[{\"@type\":\"Article\",\"@id\":\"https:\\\/\\\/kuali.com.mx\\\/web\\\/2023\\\/01\\\/12\\\/despues-de-la-pandemia-el-dia-de-los-inditos-no-es-igual\\\/#article\",\"isPartOf\":{\"@id\":\"https:\\\/\\\/kuali.com.mx\\\/web\\\/2023\\\/01\\\/12\\\/despues-de-la-pandemia-el-dia-de-los-inditos-no-es-igual\\\/\"},\"author\":{\"name\":\"Kuali Staff\",\"@id\":\"https:\\\/\\\/kuali.com.mx\\\/web\\\/#\\\/schema\\\/person\\\/6f89ffa8ecba9dae50662357923c5289\"},\"headline\":\"DESPU\u00c9S DE LA PANDEMIA, EL \u201cD\u00cdA DE LOS INDITOS\u201d NO ES IGUAL\",\"datePublished\":\"2023-01-13T03:06:14+00:00\",\"dateModified\":\"2023-01-13T03:06:15+00:00\",\"mainEntityOfPage\":{\"@id\":\"https:\\\/\\\/kuali.com.mx\\\/web\\\/2023\\\/01\\\/12\\\/despues-de-la-pandemia-el-dia-de-los-inditos-no-es-igual\\\/\"},\"wordCount\":406,\"commentCount\":0,\"image\":{\"@id\":\"https:\\\/\\\/kuali.com.mx\\\/web\\\/2023\\\/01\\\/12\\\/despues-de-la-pandemia-el-dia-de-los-inditos-no-es-igual\\\/#primaryimage\"},\"thumbnailUrl\":\"https:\\\/\\\/kuali.com.mx\\\/web\\\/wp-content\\\/uploads\\\/2023\\\/01\\\/Inditos.gif\",\"keywords\":[\"D\u00eda de los Inditos\",\"Le\u00f3n\",\"Religi\u00f3n\",\"Tradiciones\",\"Virgen de Guadalupe\"],\"articleSection\":[\"Cultura\",\"Versatil\"],\"inLanguage\":\"es\",\"potentialAction\":[{\"@type\":\"CommentAction\",\"name\":\"Comment\",\"target\":[\"https:\\\/\\\/kuali.com.mx\\\/web\\\/2023\\\/01\\\/12\\\/despues-de-la-pandemia-el-dia-de-los-inditos-no-es-igual\\\/#respond\"]}]},{\"@type\":\"WebPage\",\"@id\":\"https:\\\/\\\/kuali.com.mx\\\/web\\\/2023\\\/01\\\/12\\\/despues-de-la-pandemia-el-dia-de-los-inditos-no-es-igual\\\/\",\"url\":\"https:\\\/\\\/kuali.com.mx\\\/web\\\/2023\\\/01\\\/12\\\/despues-de-la-pandemia-el-dia-de-los-inditos-no-es-igual\\\/\",\"name\":\"DESPU\u00c9S DE LA PANDEMIA, EL \u201cD\u00cdA DE LOS INDITOS\u201d NO ES IGUAL - Kuali\",\"isPartOf\":{\"@id\":\"https:\\\/\\\/kuali.com.mx\\\/web\\\/#website\"},\"primaryImageOfPage\":{\"@id\":\"https:\\\/\\\/kuali.com.mx\\\/web\\\/2023\\\/01\\\/12\\\/despues-de-la-pandemia-el-dia-de-los-inditos-no-es-igual\\\/#primaryimage\"},\"image\":{\"@id\":\"https:\\\/\\\/kuali.com.mx\\\/web\\\/2023\\\/01\\\/12\\\/despues-de-la-pandemia-el-dia-de-los-inditos-no-es-igual\\\/#primaryimage\"},\"thumbnailUrl\":\"https:\\\/\\\/kuali.com.mx\\\/web\\\/wp-content\\\/uploads\\\/2023\\\/01\\\/Inditos.gif\",\"datePublished\":\"2023-01-13T03:06:14+00:00\",\"dateModified\":\"2023-01-13T03:06:15+00:00\",\"author\":{\"@id\":\"https:\\\/\\\/kuali.com.mx\\\/web\\\/#\\\/schema\\\/person\\\/6f89ffa8ecba9dae50662357923c5289\"},\"breadcrumb\":{\"@id\":\"https:\\\/\\\/kuali.com.mx\\\/web\\\/2023\\\/01\\\/12\\\/despues-de-la-pandemia-el-dia-de-los-inditos-no-es-igual\\\/#breadcrumb\"},\"inLanguage\":\"es\",\"potentialAction\":[{\"@type\":\"ReadAction\",\"target\":[\"https:\\\/\\\/kuali.com.mx\\\/web\\\/2023\\\/01\\\/12\\\/despues-de-la-pandemia-el-dia-de-los-inditos-no-es-igual\\\/\"]}]},{\"@type\":\"ImageObject\",\"inLanguage\":\"es\",\"@id\":\"https:\\\/\\\/kuali.com.mx\\\/web\\\/2023\\\/01\\\/12\\\/despues-de-la-pandemia-el-dia-de-los-inditos-no-es-igual\\\/#primaryimage\",\"url\":\"https:\\\/\\\/kuali.com.mx\\\/web\\\/wp-content\\\/uploads\\\/2023\\\/01\\\/Inditos.gif\",\"contentUrl\":\"https:\\\/\\\/kuali.com.mx\\\/web\\\/wp-content\\\/uploads\\\/2023\\\/01\\\/Inditos.gif\",\"width\":1800,\"height\":750},{\"@type\":\"BreadcrumbList\",\"@id\":\"https:\\\/\\\/kuali.com.mx\\\/web\\\/2023\\\/01\\\/12\\\/despues-de-la-pandemia-el-dia-de-los-inditos-no-es-igual\\\/#breadcrumb\",\"itemListElement\":[{\"@type\":\"ListItem\",\"position\":1,\"name\":\"Inicio\",\"item\":\"https:\\\/\\\/kuali.com.mx\\\/web\\\/\"},{\"@type\":\"ListItem\",\"position\":2,\"name\":\"DESPU\u00c9S DE LA PANDEMIA, EL \u201cD\u00cdA DE LOS INDITOS\u201d NO ES IGUAL\"}]},{\"@type\":\"WebSite\",\"@id\":\"https:\\\/\\\/kuali.com.mx\\\/web\\\/#website\",\"url\":\"https:\\\/\\\/kuali.com.mx\\\/web\\\/\",\"name\":\"Kuali\",\"description\":\"\",\"potentialAction\":[{\"@type\":\"SearchAction\",\"target\":{\"@type\":\"EntryPoint\",\"urlTemplate\":\"https:\\\/\\\/kuali.com.mx\\\/web\\\/?s={search_term_string}\"},\"query-input\":{\"@type\":\"PropertyValueSpecification\",\"valueRequired\":true,\"valueName\":\"search_term_string\"}}],\"inLanguage\":\"es\"},{\"@type\":\"Person\",\"@id\":\"https:\\\/\\\/kuali.com.mx\\\/web\\\/#\\\/schema\\\/person\\\/6f89ffa8ecba9dae50662357923c5289\",\"name\":\"Kuali Staff\",\"image\":{\"@type\":\"ImageObject\",\"inLanguage\":\"es\",\"@id\":\"https:\\\/\\\/secure.gravatar.com\\\/avatar\\\/f917ad82e5ab71227a733c78b6e60715476f69ee6be59feee4eb5d9920c89e0f?s=96&d=mm&r=g\",\"url\":\"https:\\\/\\\/secure.gravatar.com\\\/avatar\\\/f917ad82e5ab71227a733c78b6e60715476f69ee6be59feee4eb5d9920c89e0f?s=96&d=mm&r=g\",\"contentUrl\":\"https:\\\/\\\/secure.gravatar.com\\\/avatar\\\/f917ad82e5ab71227a733c78b6e60715476f69ee6be59feee4eb5d9920c89e0f?s=96&d=mm&r=g\",\"caption\":\"Kuali Staff\"},\"url\":\"https:\\\/\\\/kuali.com.mx\\\/web\\\/author\\\/lagarto\\\/\"}]}<\/script>\n<!-- \/ Yoast SEO plugin. -->","yoast_head_json":{"title":"DESPU\u00c9S DE LA PANDEMIA, EL \u201cD\u00cdA DE LOS INDITOS\u201d NO ES IGUAL - Kuali","robots":{"index":"index","follow":"follow","max-snippet":"max-snippet:-1","max-image-preview":"max-image-preview:large","max-video-preview":"max-video-preview:-1"},"canonical":"https:\/\/kuali.com.mx\/web\/2023\/01\/12\/despues-de-la-pandemia-el-dia-de-los-inditos-no-es-igual\/","og_locale":"es_MX","og_type":"article","og_title":"DESPU\u00c9S DE LA PANDEMIA, EL \u201cD\u00cdA DE LOS INDITOS\u201d NO ES IGUAL - Kuali","og_description":"Alicia Arias\/Le\u00f3n, Gto.- Despu\u00e9s de la pandemia por COVID-19 la celebraci\u00f3n del D\u00eda de los Inditos no ha vuelto a ser igual. Ya no hay filas qu\u00e9 hacer, ni horas qu\u00e9 esperar para llegar hasta los pies del altar para visitar a la Virgen de Guadalupe en el santuario que lleva su nombre. El \u201cD\u00eda [&hellip;]","og_url":"https:\/\/kuali.com.mx\/web\/2023\/01\/12\/despues-de-la-pandemia-el-dia-de-los-inditos-no-es-igual\/","og_site_name":"Kuali","article_publisher":"https:\/\/kuali.com.mx\/web\/wp-content\/uploads\/2018\/04\/cropped-kuali_logo-1-1.png","article_published_time":"2023-01-13T03:06:14+00:00","article_modified_time":"2023-01-13T03:06:15+00:00","og_image":[{"width":1800,"height":750,"url":"https:\/\/kuali.com.mx\/web\/wp-content\/uploads\/2023\/01\/Inditos.gif","type":"image\/gif"}],"author":"Kuali Staff","twitter_card":"summary_large_image","twitter_creator":"@kuali_noticias","twitter_site":"@kuali_noticias","twitter_misc":{"Escrito por":"Kuali Staff","Tiempo de lectura":"2 minutos"},"schema":{"@context":"https:\/\/schema.org","@graph":[{"@type":"Article","@id":"https:\/\/kuali.com.mx\/web\/2023\/01\/12\/despues-de-la-pandemia-el-dia-de-los-inditos-no-es-igual\/#article","isPartOf":{"@id":"https:\/\/kuali.com.mx\/web\/2023\/01\/12\/despues-de-la-pandemia-el-dia-de-los-inditos-no-es-igual\/"},"author":{"name":"Kuali Staff","@id":"https:\/\/kuali.com.mx\/web\/#\/schema\/person\/6f89ffa8ecba9dae50662357923c5289"},"headline":"DESPU\u00c9S DE LA PANDEMIA, EL \u201cD\u00cdA DE LOS INDITOS\u201d NO ES IGUAL","datePublished":"2023-01-13T03:06:14+00:00","dateModified":"2023-01-13T03:06:15+00:00","mainEntityOfPage":{"@id":"https:\/\/kuali.com.mx\/web\/2023\/01\/12\/despues-de-la-pandemia-el-dia-de-los-inditos-no-es-igual\/"},"wordCount":406,"commentCount":0,"image":{"@id":"https:\/\/kuali.com.mx\/web\/2023\/01\/12\/despues-de-la-pandemia-el-dia-de-los-inditos-no-es-igual\/#primaryimage"},"thumbnailUrl":"https:\/\/kuali.com.mx\/web\/wp-content\/uploads\/2023\/01\/Inditos.gif","keywords":["D\u00eda de los Inditos","Le\u00f3n","Religi\u00f3n","Tradiciones","Virgen de Guadalupe"],"articleSection":["Cultura","Versatil"],"inLanguage":"es","potentialAction":[{"@type":"CommentAction","name":"Comment","target":["https:\/\/kuali.com.mx\/web\/2023\/01\/12\/despues-de-la-pandemia-el-dia-de-los-inditos-no-es-igual\/#respond"]}]},{"@type":"WebPage","@id":"https:\/\/kuali.com.mx\/web\/2023\/01\/12\/despues-de-la-pandemia-el-dia-de-los-inditos-no-es-igual\/","url":"https:\/\/kuali.com.mx\/web\/2023\/01\/12\/despues-de-la-pandemia-el-dia-de-los-inditos-no-es-igual\/","name":"DESPU\u00c9S DE LA PANDEMIA, EL \u201cD\u00cdA DE LOS INDITOS\u201d NO ES IGUAL - Kuali","isPartOf":{"@id":"https:\/\/kuali.com.mx\/web\/#website"},"primaryImageOfPage":{"@id":"https:\/\/kuali.com.mx\/web\/2023\/01\/12\/despues-de-la-pandemia-el-dia-de-los-inditos-no-es-igual\/#primaryimage"},"image":{"@id":"https:\/\/kuali.com.mx\/web\/2023\/01\/12\/despues-de-la-pandemia-el-dia-de-los-inditos-no-es-igual\/#primaryimage"},"thumbnailUrl":"https:\/\/kuali.com.mx\/web\/wp-content\/uploads\/2023\/01\/Inditos.gif","datePublished":"2023-01-13T03:06:14+00:00","dateModified":"2023-01-13T03:06:15+00:00","author":{"@id":"https:\/\/kuali.com.mx\/web\/#\/schema\/person\/6f89ffa8ecba9dae50662357923c5289"},"breadcrumb":{"@id":"https:\/\/kuali.com.mx\/web\/2023\/01\/12\/despues-de-la-pandemia-el-dia-de-los-inditos-no-es-igual\/#breadcrumb"},"inLanguage":"es","potentialAction":[{"@type":"ReadAction","target":["https:\/\/kuali.com.mx\/web\/2023\/01\/12\/despues-de-la-pandemia-el-dia-de-los-inditos-no-es-igual\/"]}]},{"@type":"ImageObject","inLanguage":"es","@id":"https:\/\/kuali.com.mx\/web\/2023\/01\/12\/despues-de-la-pandemia-el-dia-de-los-inditos-no-es-igual\/#primaryimage","url":"https:\/\/kuali.com.mx\/web\/wp-content\/uploads\/2023\/01\/Inditos.gif","contentUrl":"https:\/\/kuali.com.mx\/web\/wp-content\/uploads\/2023\/01\/Inditos.gif","width":1800,"height":750},{"@type":"BreadcrumbList","@id":"https:\/\/kuali.com.mx\/web\/2023\/01\/12\/despues-de-la-pandemia-el-dia-de-los-inditos-no-es-igual\/#breadcrumb","itemListElement":[{"@type":"ListItem","position":1,"name":"Inicio","item":"https:\/\/kuali.com.mx\/web\/"},{"@type":"ListItem","position":2,"name":"DESPU\u00c9S DE LA PANDEMIA, EL \u201cD\u00cdA DE LOS INDITOS\u201d NO ES IGUAL"}]},{"@type":"WebSite","@id":"https:\/\/kuali.com.mx\/web\/#website","url":"https:\/\/kuali.com.mx\/web\/","name":"Kuali","description":"","potentialAction":[{"@type":"SearchAction","target":{"@type":"EntryPoint","urlTemplate":"https:\/\/kuali.com.mx\/web\/?s={search_term_string}"},"query-input":{"@type":"PropertyValueSpecification","valueRequired":true,"valueName":"search_term_string"}}],"inLanguage":"es"},{"@type":"Person","@id":"https:\/\/kuali.com.mx\/web\/#\/schema\/person\/6f89ffa8ecba9dae50662357923c5289","name":"Kuali Staff","image":{"@type":"ImageObject","inLanguage":"es","@id":"https:\/\/secure.gravatar.com\/avatar\/f917ad82e5ab71227a733c78b6e60715476f69ee6be59feee4eb5d9920c89e0f?s=96&d=mm&r=g","url":"https:\/\/secure.gravatar.com\/avatar\/f917ad82e5ab71227a733c78b6e60715476f69ee6be59feee4eb5d9920c89e0f?s=96&d=mm&r=g","contentUrl":"https:\/\/secure.gravatar.com\/avatar\/f917ad82e5ab71227a733c78b6e60715476f69ee6be59feee4eb5d9920c89e0f?s=96&d=mm&r=g","caption":"Kuali Staff"},"url":"https:\/\/kuali.com.mx\/web\/author\/lagarto\/"}]}},"_links":{"self":[{"href":"https:\/\/kuali.com.mx\/web\/wp-json\/wp\/v2\/posts\/110680","targetHints":{"allow":["GET"]}}],"collection":[{"href":"https:\/\/kuali.com.mx\/web\/wp-json\/wp\/v2\/posts"}],"about":[{"href":"https:\/\/kuali.com.mx\/web\/wp-json\/wp\/v2\/types\/post"}],"author":[{"embeddable":true,"href":"https:\/\/kuali.com.mx\/web\/wp-json\/wp\/v2\/users\/2"}],"replies":[{"embeddable":true,"href":"https:\/\/kuali.com.mx\/web\/wp-json\/wp\/v2\/comments?post=110680"}],"version-history":[{"count":1,"href":"https:\/\/kuali.com.mx\/web\/wp-json\/wp\/v2\/posts\/110680\/revisions"}],"predecessor-version":[{"id":110686,"href":"https:\/\/kuali.com.mx\/web\/wp-json\/wp\/v2\/posts\/110680\/revisions\/110686"}],"wp:featuredmedia":[{"embeddable":true,"href":"https:\/\/kuali.com.mx\/web\/wp-json\/wp\/v2\/media\/110683"}],"wp:attachment":[{"href":"https:\/\/kuali.com.mx\/web\/wp-json\/wp\/v2\/media?parent=110680"}],"wp:term":[{"taxonomy":"category","embeddable":true,"href":"https:\/\/kuali.com.mx\/web\/wp-json\/wp\/v2\/categories?post=110680"},{"taxonomy":"post_tag","embeddable":true,"href":"https:\/\/kuali.com.mx\/web\/wp-json\/wp\/v2\/tags?post=110680"}],"curies":[{"name":"wp","href":"https:\/\/api.w.org\/{rel}","templated":true}]}}