{"id":110138,"date":"2023-01-02T20:38:36","date_gmt":"2023-01-03T02:38:36","guid":{"rendered":"https:\/\/kuali.com.mx\/web\/?p=110138"},"modified":"2023-01-03T10:41:15","modified_gmt":"2023-01-03T16:41:15","slug":"son-menores-de-edad-45-de-motociclistas-infraccionados","status":"publish","type":"post","link":"https:\/\/kuali.com.mx\/web\/2023\/01\/02\/son-menores-de-edad-45-de-motociclistas-infraccionados\/","title":{"rendered":"SON MENORES DE EDAD 45% DE MOTOCICLISTAS INFRACCIONADOS"},"content":{"rendered":"\n<p><strong>Kuali\/Pur\u00edsima del Rinc\u00f3n, Gto.- <\/strong>El 45 por ciento de las infracciones aplicadas a conductores de motocicletas son menores de edad que tienen el consentimiento de sus padres para conducir violando los reglamentos municipales.<\/p>\n\n\n\n<p>\u201cEl 90 por ciento de los padres de familia que han prestado veh\u00edculos de motor, sobre todo motos, a sus hijos o hijas menores de edad, reconocieron la irresponsabilidad y aceptaron su obligaci\u00f3n de atender una cultura de vialidad y de protecci\u00f3n, esto luego de impedirles la circulaci\u00f3n en Pur\u00edsima del Rinc\u00f3n\u201d, inform\u00f3 el gobern\u00f3 municipal en un comunicado de prensa.<\/p>\n\n\n\n<p>Tras reforzarse la aplicaci\u00f3n de cero tolerancia en la conducci\u00f3n de veh\u00edculos de motor a menores de edad, el pasado 28 de diciembre, el coordinador de Tr\u00e1nsito y Transporte municipal, Juan Carlos Mart\u00ednez Torres, anunci\u00f3 que el operativo continuar\u00e1 de forma intensiva y permanente en este 2023.<\/p>\n\n\n\n<p>Aun cuando las y los menores de edad conducen fuera de toda normatividad, un 10 por ciento, en promedio, &nbsp;de las y los paterfamilias reaccionan negativamente al ejercicio de la autoridad.<\/p>\n\n\n\n<p>Durante los tres \u00faltimos de 2022 se levantaron 48 infracciones, de las cuales correspondieron a motocicletas que fueron retiradas de circulaci\u00f3n por alguna falta.<\/p>\n\n\n\n<p>Del total de las motos retiradas, 15 eran conducidas por menores de edad, es decir, el 45 por ciento. Se les decomis\u00f3 la moto para, en primer lugar, proteger la integridad de las y los menores, para cuidar la condici\u00f3n de terceros y para abonar a una cultura de responsabilidad vial.<\/p>\n\n\n\n<p>Juan Carlos Mart\u00ednez, record\u00f3 que durante el 2022 se registraron dos muertes por accidentes en moto, la de un adolescente y una menor de edad.<\/p>\n\n\n\n<p>Del resto de las motos retiradas, 16 corresponden a unidades que eran conducidas por personas adultas, pero les faltaban placas; mientras que las 17 restantes fue por falta de documentos, como la licencia de conducir.<\/p>\n\n\n\n<p>El funcionario municipal record\u00f3 que tr\u00e1nsito del estado otorga permisos especiales a menores para conducir veh\u00edculos de motor cuando es su medio de transporte a la escuela y acuden solos.<\/p>\n\n\n\n<p>La invitaci\u00f3n de las autoridades municipales es a padres de familia y menores es que estudien el reglamento, regularicen la situaci\u00f3n, desde el &nbsp;plaqueo, licencia, uso de casco, respeto al n\u00famero de pasajeros permitido por unidad y conducir respetando los l\u00edmites de velocidad.<\/p>\n\n\n\n<p>Si las y los menores de edad cuentan con permiso especial, se les hace un llamado a que tomen en cuenta los tiempos para sus traslados y se comporten con responsabilidad en toda acci\u00f3n y decisi\u00f3n.<\/p>\n","protected":false},"excerpt":{"rendered":"Kuali\/Pur\u00edsima del Rinc\u00f3n, Gto.- El 45 por ciento de las infracciones aplicadas a conductores de motocicletas son menores de edad que tienen el consentimiento de sus padres para conducir violando los reglamentos municipales. \u201cEl 90 por ciento de los padres de familia que han prestado veh\u00edculos de motor, sobre todo motos, a sus hijos o [&hellip;]","protected":false},"author":2,"featured_media":110134,"comment_status":"open","ping_status":"open","sticky":false,"template":"","format":"standard","meta":{"_seopress_robots_primary_cat":"none","_seopress_titles_title":"","_seopress_titles_desc":"","_seopress_robots_index":"","_monsterinsights_skip_tracking":false,"_monsterinsights_sitenote_active":false,"_monsterinsights_sitenote_note":"","_monsterinsights_sitenote_category":0,"footnotes":""},"categories":[3],"tags":[1703,1702,1699,1700,1701,1152],"class_list":["post-110138","post","type-post","status-publish","format-standard","has-post-thumbnail","hentry","category-politica","tag-cultura-vial","tag-infacciones","tag-menores-de-edad","tag-motociclistas","tag-motos","tag-purisima"],"yoast_head":"<!-- This site is optimized with the Yoast SEO plugin v27.4 - https:\/\/yoast.com\/product\/yoast-seo-wordpress\/ -->\n<title>SON MENORES DE EDAD 45% DE MOTOCICLISTAS INFRACCIONADOS - Kuali<\/title>\n<meta name=\"robots\" content=\"index, follow, max-snippet:-1, max-image-preview:large, max-video-preview:-1\" \/>\n<link rel=\"canonical\" href=\"https:\/\/kuali.com.mx\/web\/2023\/01\/02\/son-menores-de-edad-45-de-motociclistas-infraccionados\/\" \/>\n<meta property=\"og:locale\" content=\"es_MX\" \/>\n<meta property=\"og:type\" content=\"article\" \/>\n<meta property=\"og:title\" content=\"SON MENORES DE EDAD 45% DE MOTOCICLISTAS INFRACCIONADOS - Kuali\" \/>\n<meta property=\"og:description\" content=\"Kuali\/Pur\u00edsima del Rinc\u00f3n, Gto.- El 45 por ciento de las infracciones aplicadas a conductores de motocicletas son menores de edad que tienen el consentimiento de sus padres para conducir violando los reglamentos municipales. \u201cEl 90 por ciento de los padres de familia que han prestado veh\u00edculos de motor, sobre todo motos, a sus hijos o [&hellip;]\" \/>\n<meta property=\"og:url\" content=\"https:\/\/kuali.com.mx\/web\/2023\/01\/02\/son-menores-de-edad-45-de-motociclistas-infraccionados\/\" \/>\n<meta property=\"og:site_name\" content=\"Kuali\" \/>\n<meta property=\"article:publisher\" content=\"https:\/\/kuali.com.mx\/web\/wp-content\/uploads\/2018\/04\/cropped-kuali_logo-1-1.png\" \/>\n<meta property=\"article:published_time\" content=\"2023-01-03T02:38:36+00:00\" \/>\n<meta property=\"article:modified_time\" content=\"2023-01-03T16:41:15+00:00\" \/>\n<meta property=\"og:image\" content=\"https:\/\/kuali.com.mx\/web\/wp-content\/uploads\/2023\/01\/Operativo_motos_Purisima.gif\" \/>\n\t<meta property=\"og:image:width\" content=\"1700\" \/>\n\t<meta property=\"og:image:height\" content=\"750\" \/>\n\t<meta property=\"og:image:type\" content=\"image\/gif\" \/>\n<meta name=\"author\" content=\"Kuali Staff\" \/>\n<meta name=\"twitter:card\" content=\"summary_large_image\" \/>\n<meta name=\"twitter:creator\" content=\"@kuali_noticias\" \/>\n<meta name=\"twitter:site\" content=\"@kuali_noticias\" \/>\n<meta name=\"twitter:label1\" content=\"Escrito por\" \/>\n\t<meta name=\"twitter:data1\" content=\"Kuali Staff\" \/>\n\t<meta name=\"twitter:label2\" content=\"Tiempo de lectura\" \/>\n\t<meta name=\"twitter:data2\" content=\"2 minutos\" \/>\n<script type=\"application\/ld+json\" class=\"yoast-schema-graph\">{\"@context\":\"https:\\\/\\\/schema.org\",\"@graph\":[{\"@type\":\"Article\",\"@id\":\"https:\\\/\\\/kuali.com.mx\\\/web\\\/2023\\\/01\\\/02\\\/son-menores-de-edad-45-de-motociclistas-infraccionados\\\/#article\",\"isPartOf\":{\"@id\":\"https:\\\/\\\/kuali.com.mx\\\/web\\\/2023\\\/01\\\/02\\\/son-menores-de-edad-45-de-motociclistas-infraccionados\\\/\"},\"author\":{\"name\":\"Kuali Staff\",\"@id\":\"https:\\\/\\\/kuali.com.mx\\\/web\\\/#\\\/schema\\\/person\\\/6f89ffa8ecba9dae50662357923c5289\"},\"headline\":\"SON MENORES DE EDAD 45% DE MOTOCICLISTAS INFRACCIONADOS\",\"datePublished\":\"2023-01-03T02:38:36+00:00\",\"dateModified\":\"2023-01-03T16:41:15+00:00\",\"mainEntityOfPage\":{\"@id\":\"https:\\\/\\\/kuali.com.mx\\\/web\\\/2023\\\/01\\\/02\\\/son-menores-de-edad-45-de-motociclistas-infraccionados\\\/\"},\"wordCount\":439,\"commentCount\":0,\"image\":{\"@id\":\"https:\\\/\\\/kuali.com.mx\\\/web\\\/2023\\\/01\\\/02\\\/son-menores-de-edad-45-de-motociclistas-infraccionados\\\/#primaryimage\"},\"thumbnailUrl\":\"https:\\\/\\\/kuali.com.mx\\\/web\\\/wp-content\\\/uploads\\\/2023\\\/01\\\/Operativo_motos_Purisima.gif\",\"keywords\":[\"Cultura vial\",\"Infacciones\",\"Menores de edad\",\"Motociclistas\",\"Motos\",\"Pur\u00edsima\"],\"articleSection\":[\"Pol\u00edtica\"],\"inLanguage\":\"es\",\"potentialAction\":[{\"@type\":\"CommentAction\",\"name\":\"Comment\",\"target\":[\"https:\\\/\\\/kuali.com.mx\\\/web\\\/2023\\\/01\\\/02\\\/son-menores-de-edad-45-de-motociclistas-infraccionados\\\/#respond\"]}]},{\"@type\":\"WebPage\",\"@id\":\"https:\\\/\\\/kuali.com.mx\\\/web\\\/2023\\\/01\\\/02\\\/son-menores-de-edad-45-de-motociclistas-infraccionados\\\/\",\"url\":\"https:\\\/\\\/kuali.com.mx\\\/web\\\/2023\\\/01\\\/02\\\/son-menores-de-edad-45-de-motociclistas-infraccionados\\\/\",\"name\":\"SON MENORES DE EDAD 45% DE MOTOCICLISTAS INFRACCIONADOS - Kuali\",\"isPartOf\":{\"@id\":\"https:\\\/\\\/kuali.com.mx\\\/web\\\/#website\"},\"primaryImageOfPage\":{\"@id\":\"https:\\\/\\\/kuali.com.mx\\\/web\\\/2023\\\/01\\\/02\\\/son-menores-de-edad-45-de-motociclistas-infraccionados\\\/#primaryimage\"},\"image\":{\"@id\":\"https:\\\/\\\/kuali.com.mx\\\/web\\\/2023\\\/01\\\/02\\\/son-menores-de-edad-45-de-motociclistas-infraccionados\\\/#primaryimage\"},\"thumbnailUrl\":\"https:\\\/\\\/kuali.com.mx\\\/web\\\/wp-content\\\/uploads\\\/2023\\\/01\\\/Operativo_motos_Purisima.gif\",\"datePublished\":\"2023-01-03T02:38:36+00:00\",\"dateModified\":\"2023-01-03T16:41:15+00:00\",\"author\":{\"@id\":\"https:\\\/\\\/kuali.com.mx\\\/web\\\/#\\\/schema\\\/person\\\/6f89ffa8ecba9dae50662357923c5289\"},\"breadcrumb\":{\"@id\":\"https:\\\/\\\/kuali.com.mx\\\/web\\\/2023\\\/01\\\/02\\\/son-menores-de-edad-45-de-motociclistas-infraccionados\\\/#breadcrumb\"},\"inLanguage\":\"es\",\"potentialAction\":[{\"@type\":\"ReadAction\",\"target\":[\"https:\\\/\\\/kuali.com.mx\\\/web\\\/2023\\\/01\\\/02\\\/son-menores-de-edad-45-de-motociclistas-infraccionados\\\/\"]}]},{\"@type\":\"ImageObject\",\"inLanguage\":\"es\",\"@id\":\"https:\\\/\\\/kuali.com.mx\\\/web\\\/2023\\\/01\\\/02\\\/son-menores-de-edad-45-de-motociclistas-infraccionados\\\/#primaryimage\",\"url\":\"https:\\\/\\\/kuali.com.mx\\\/web\\\/wp-content\\\/uploads\\\/2023\\\/01\\\/Operativo_motos_Purisima.gif\",\"contentUrl\":\"https:\\\/\\\/kuali.com.mx\\\/web\\\/wp-content\\\/uploads\\\/2023\\\/01\\\/Operativo_motos_Purisima.gif\",\"width\":1700,\"height\":750},{\"@type\":\"BreadcrumbList\",\"@id\":\"https:\\\/\\\/kuali.com.mx\\\/web\\\/2023\\\/01\\\/02\\\/son-menores-de-edad-45-de-motociclistas-infraccionados\\\/#breadcrumb\",\"itemListElement\":[{\"@type\":\"ListItem\",\"position\":1,\"name\":\"Inicio\",\"item\":\"https:\\\/\\\/kuali.com.mx\\\/web\\\/\"},{\"@type\":\"ListItem\",\"position\":2,\"name\":\"SON MENORES DE EDAD 45% DE MOTOCICLISTAS INFRACCIONADOS\"}]},{\"@type\":\"WebSite\",\"@id\":\"https:\\\/\\\/kuali.com.mx\\\/web\\\/#website\",\"url\":\"https:\\\/\\\/kuali.com.mx\\\/web\\\/\",\"name\":\"Kuali\",\"description\":\"\",\"potentialAction\":[{\"@type\":\"SearchAction\",\"target\":{\"@type\":\"EntryPoint\",\"urlTemplate\":\"https:\\\/\\\/kuali.com.mx\\\/web\\\/?s={search_term_string}\"},\"query-input\":{\"@type\":\"PropertyValueSpecification\",\"valueRequired\":true,\"valueName\":\"search_term_string\"}}],\"inLanguage\":\"es\"},{\"@type\":\"Person\",\"@id\":\"https:\\\/\\\/kuali.com.mx\\\/web\\\/#\\\/schema\\\/person\\\/6f89ffa8ecba9dae50662357923c5289\",\"name\":\"Kuali Staff\",\"image\":{\"@type\":\"ImageObject\",\"inLanguage\":\"es\",\"@id\":\"https:\\\/\\\/secure.gravatar.com\\\/avatar\\\/f917ad82e5ab71227a733c78b6e60715476f69ee6be59feee4eb5d9920c89e0f?s=96&d=mm&r=g\",\"url\":\"https:\\\/\\\/secure.gravatar.com\\\/avatar\\\/f917ad82e5ab71227a733c78b6e60715476f69ee6be59feee4eb5d9920c89e0f?s=96&d=mm&r=g\",\"contentUrl\":\"https:\\\/\\\/secure.gravatar.com\\\/avatar\\\/f917ad82e5ab71227a733c78b6e60715476f69ee6be59feee4eb5d9920c89e0f?s=96&d=mm&r=g\",\"caption\":\"Kuali Staff\"},\"url\":\"https:\\\/\\\/kuali.com.mx\\\/web\\\/author\\\/lagarto\\\/\"}]}<\/script>\n<!-- \/ Yoast SEO plugin. -->","yoast_head_json":{"title":"SON MENORES DE EDAD 45% DE MOTOCICLISTAS INFRACCIONADOS - Kuali","robots":{"index":"index","follow":"follow","max-snippet":"max-snippet:-1","max-image-preview":"max-image-preview:large","max-video-preview":"max-video-preview:-1"},"canonical":"https:\/\/kuali.com.mx\/web\/2023\/01\/02\/son-menores-de-edad-45-de-motociclistas-infraccionados\/","og_locale":"es_MX","og_type":"article","og_title":"SON MENORES DE EDAD 45% DE MOTOCICLISTAS INFRACCIONADOS - Kuali","og_description":"Kuali\/Pur\u00edsima del Rinc\u00f3n, Gto.- El 45 por ciento de las infracciones aplicadas a conductores de motocicletas son menores de edad que tienen el consentimiento de sus padres para conducir violando los reglamentos municipales. \u201cEl 90 por ciento de los padres de familia que han prestado veh\u00edculos de motor, sobre todo motos, a sus hijos o [&hellip;]","og_url":"https:\/\/kuali.com.mx\/web\/2023\/01\/02\/son-menores-de-edad-45-de-motociclistas-infraccionados\/","og_site_name":"Kuali","article_publisher":"https:\/\/kuali.com.mx\/web\/wp-content\/uploads\/2018\/04\/cropped-kuali_logo-1-1.png","article_published_time":"2023-01-03T02:38:36+00:00","article_modified_time":"2023-01-03T16:41:15+00:00","og_image":[{"width":1700,"height":750,"url":"https:\/\/kuali.com.mx\/web\/wp-content\/uploads\/2023\/01\/Operativo_motos_Purisima.gif","type":"image\/gif"}],"author":"Kuali Staff","twitter_card":"summary_large_image","twitter_creator":"@kuali_noticias","twitter_site":"@kuali_noticias","twitter_misc":{"Escrito por":"Kuali Staff","Tiempo de lectura":"2 minutos"},"schema":{"@context":"https:\/\/schema.org","@graph":[{"@type":"Article","@id":"https:\/\/kuali.com.mx\/web\/2023\/01\/02\/son-menores-de-edad-45-de-motociclistas-infraccionados\/#article","isPartOf":{"@id":"https:\/\/kuali.com.mx\/web\/2023\/01\/02\/son-menores-de-edad-45-de-motociclistas-infraccionados\/"},"author":{"name":"Kuali Staff","@id":"https:\/\/kuali.com.mx\/web\/#\/schema\/person\/6f89ffa8ecba9dae50662357923c5289"},"headline":"SON MENORES DE EDAD 45% DE MOTOCICLISTAS INFRACCIONADOS","datePublished":"2023-01-03T02:38:36+00:00","dateModified":"2023-01-03T16:41:15+00:00","mainEntityOfPage":{"@id":"https:\/\/kuali.com.mx\/web\/2023\/01\/02\/son-menores-de-edad-45-de-motociclistas-infraccionados\/"},"wordCount":439,"commentCount":0,"image":{"@id":"https:\/\/kuali.com.mx\/web\/2023\/01\/02\/son-menores-de-edad-45-de-motociclistas-infraccionados\/#primaryimage"},"thumbnailUrl":"https:\/\/kuali.com.mx\/web\/wp-content\/uploads\/2023\/01\/Operativo_motos_Purisima.gif","keywords":["Cultura vial","Infacciones","Menores de edad","Motociclistas","Motos","Pur\u00edsima"],"articleSection":["Pol\u00edtica"],"inLanguage":"es","potentialAction":[{"@type":"CommentAction","name":"Comment","target":["https:\/\/kuali.com.mx\/web\/2023\/01\/02\/son-menores-de-edad-45-de-motociclistas-infraccionados\/#respond"]}]},{"@type":"WebPage","@id":"https:\/\/kuali.com.mx\/web\/2023\/01\/02\/son-menores-de-edad-45-de-motociclistas-infraccionados\/","url":"https:\/\/kuali.com.mx\/web\/2023\/01\/02\/son-menores-de-edad-45-de-motociclistas-infraccionados\/","name":"SON MENORES DE EDAD 45% DE MOTOCICLISTAS INFRACCIONADOS - Kuali","isPartOf":{"@id":"https:\/\/kuali.com.mx\/web\/#website"},"primaryImageOfPage":{"@id":"https:\/\/kuali.com.mx\/web\/2023\/01\/02\/son-menores-de-edad-45-de-motociclistas-infraccionados\/#primaryimage"},"image":{"@id":"https:\/\/kuali.com.mx\/web\/2023\/01\/02\/son-menores-de-edad-45-de-motociclistas-infraccionados\/#primaryimage"},"thumbnailUrl":"https:\/\/kuali.com.mx\/web\/wp-content\/uploads\/2023\/01\/Operativo_motos_Purisima.gif","datePublished":"2023-01-03T02:38:36+00:00","dateModified":"2023-01-03T16:41:15+00:00","author":{"@id":"https:\/\/kuali.com.mx\/web\/#\/schema\/person\/6f89ffa8ecba9dae50662357923c5289"},"breadcrumb":{"@id":"https:\/\/kuali.com.mx\/web\/2023\/01\/02\/son-menores-de-edad-45-de-motociclistas-infraccionados\/#breadcrumb"},"inLanguage":"es","potentialAction":[{"@type":"ReadAction","target":["https:\/\/kuali.com.mx\/web\/2023\/01\/02\/son-menores-de-edad-45-de-motociclistas-infraccionados\/"]}]},{"@type":"ImageObject","inLanguage":"es","@id":"https:\/\/kuali.com.mx\/web\/2023\/01\/02\/son-menores-de-edad-45-de-motociclistas-infraccionados\/#primaryimage","url":"https:\/\/kuali.com.mx\/web\/wp-content\/uploads\/2023\/01\/Operativo_motos_Purisima.gif","contentUrl":"https:\/\/kuali.com.mx\/web\/wp-content\/uploads\/2023\/01\/Operativo_motos_Purisima.gif","width":1700,"height":750},{"@type":"BreadcrumbList","@id":"https:\/\/kuali.com.mx\/web\/2023\/01\/02\/son-menores-de-edad-45-de-motociclistas-infraccionados\/#breadcrumb","itemListElement":[{"@type":"ListItem","position":1,"name":"Inicio","item":"https:\/\/kuali.com.mx\/web\/"},{"@type":"ListItem","position":2,"name":"SON MENORES DE EDAD 45% DE MOTOCICLISTAS INFRACCIONADOS"}]},{"@type":"WebSite","@id":"https:\/\/kuali.com.mx\/web\/#website","url":"https:\/\/kuali.com.mx\/web\/","name":"Kuali","description":"","potentialAction":[{"@type":"SearchAction","target":{"@type":"EntryPoint","urlTemplate":"https:\/\/kuali.com.mx\/web\/?s={search_term_string}"},"query-input":{"@type":"PropertyValueSpecification","valueRequired":true,"valueName":"search_term_string"}}],"inLanguage":"es"},{"@type":"Person","@id":"https:\/\/kuali.com.mx\/web\/#\/schema\/person\/6f89ffa8ecba9dae50662357923c5289","name":"Kuali Staff","image":{"@type":"ImageObject","inLanguage":"es","@id":"https:\/\/secure.gravatar.com\/avatar\/f917ad82e5ab71227a733c78b6e60715476f69ee6be59feee4eb5d9920c89e0f?s=96&d=mm&r=g","url":"https:\/\/secure.gravatar.com\/avatar\/f917ad82e5ab71227a733c78b6e60715476f69ee6be59feee4eb5d9920c89e0f?s=96&d=mm&r=g","contentUrl":"https:\/\/secure.gravatar.com\/avatar\/f917ad82e5ab71227a733c78b6e60715476f69ee6be59feee4eb5d9920c89e0f?s=96&d=mm&r=g","caption":"Kuali Staff"},"url":"https:\/\/kuali.com.mx\/web\/author\/lagarto\/"}]}},"_links":{"self":[{"href":"https:\/\/kuali.com.mx\/web\/wp-json\/wp\/v2\/posts\/110138","targetHints":{"allow":["GET"]}}],"collection":[{"href":"https:\/\/kuali.com.mx\/web\/wp-json\/wp\/v2\/posts"}],"about":[{"href":"https:\/\/kuali.com.mx\/web\/wp-json\/wp\/v2\/types\/post"}],"author":[{"embeddable":true,"href":"https:\/\/kuali.com.mx\/web\/wp-json\/wp\/v2\/users\/2"}],"replies":[{"embeddable":true,"href":"https:\/\/kuali.com.mx\/web\/wp-json\/wp\/v2\/comments?post=110138"}],"version-history":[{"count":3,"href":"https:\/\/kuali.com.mx\/web\/wp-json\/wp\/v2\/posts\/110138\/revisions"}],"predecessor-version":[{"id":110143,"href":"https:\/\/kuali.com.mx\/web\/wp-json\/wp\/v2\/posts\/110138\/revisions\/110143"}],"wp:featuredmedia":[{"embeddable":true,"href":"https:\/\/kuali.com.mx\/web\/wp-json\/wp\/v2\/media\/110134"}],"wp:attachment":[{"href":"https:\/\/kuali.com.mx\/web\/wp-json\/wp\/v2\/media?parent=110138"}],"wp:term":[{"taxonomy":"category","embeddable":true,"href":"https:\/\/kuali.com.mx\/web\/wp-json\/wp\/v2\/categories?post=110138"},{"taxonomy":"post_tag","embeddable":true,"href":"https:\/\/kuali.com.mx\/web\/wp-json\/wp\/v2\/tags?post=110138"}],"curies":[{"name":"wp","href":"https:\/\/api.w.org\/{rel}","templated":true}]}}