{"id":110124,"date":"2023-01-02T19:49:40","date_gmt":"2023-01-03T01:49:40","guid":{"rendered":"https:\/\/kuali.com.mx\/web\/?p=110124"},"modified":"2023-01-03T12:23:40","modified_gmt":"2023-01-03T18:23:40","slug":"dignifican-monumento-a-los-martires","status":"publish","type":"post","link":"https:\/\/kuali.com.mx\/web\/2023\/01\/02\/dignifican-monumento-a-los-martires\/","title":{"rendered":"DIGNIFICAN MONUMENTO A LOS M\u00c1RTIRES"},"content":{"rendered":"\n<p><strong><em>Kuali\/Le\u00f3n, Gto.-<\/em><\/strong>Como parte de la conmemoraci\u00f3n del 77 aniversario de los M\u00e1rtires del 2 de Enero,  el gobierno de Le\u00f3n  realiz\u00f3 labores de dignificaci\u00f3n y mejoramiento del Monumento a los M\u00e1rtires que se encuentra en el Pante\u00f3n San Nicol\u00e1s.<\/p>\n\n\n\n<p>\u201cNuestros panteones son identidad, tradici\u00f3n y sobre todo son nuestras ra\u00edces porque al final de cuentas aqu\u00ed est\u00e1 nuestra historia, son hombres y mujeres que dejaron hasta su vida para que nosotros hoy podamos tenerla ciudad que tenemos y tenemos que respetarlos y dignificar su estancia en el pante\u00f3n\u201d, refiri\u00f3 la alcaldesa, Alejandra Guti\u00e9rrez Campos.<\/p>\n\n\n\n<p>Fue en 1946 en esta ciudad que un grupo de hombres y mujeres dieron su vida en sacrificio por Le\u00f3n, y a 77 a\u00f1os de este suceso el Gobierno Municipal encabezado por la presidenta Alejandra Guti\u00e9rrez se sum\u00f3 a la conmemoraci\u00f3n con un homenaje para agradecer y reconocer su la valent\u00eda de los M\u00e1rtires del 2 de enero.<\/p>\n\n\n\n<p>\u201cEstaremos mejorando el pante\u00f3n, estaremos trabajando en otros proyectos para seguir dignificando nuestros panteones, es un lugar de convivencia familiar donde se recuerda a los que ya no est\u00e1n con nosotros, pero sobre todo donde tambi\u00e9n est\u00e1 nuestra historia y tradiciones\u201d, afirm\u00f3.<\/p>\n\n\n\n<p>Como parte de las acciones de rehabilitaci\u00f3n del Pante\u00f3n San Nicol\u00e1s tambi\u00e9n se rehabilitaron los andadores, el alumbrado, restauraci\u00f3n de accesos y limpieza de pila de servicio, rehabilitaci\u00f3n del andador de acceso as\u00ed como la restauraci\u00f3n de la tumba de Luis Long, y a construcci\u00f3n de gavetas y osarios.<\/p>\n\n\n\n<p>Adem\u00e1s se inform\u00f3 que para todas estas acciones el Municipio de Le\u00f3n destin\u00f3 un total de 9 millones de pesos.<\/p>\n\n\n\n<p>Al respecto, el titular de Obra P\u00fablica del municipio, Israel Mart\u00ednez Mart\u00ednez, inform\u00f3 que desde la fundaci\u00f3n del pante\u00f3n no se hab\u00eda destinado recurso para su rehabilitaci\u00f3n.<\/p>\n\n\n\n<p>\u201cDesde que se fund\u00f3 este pante\u00f3n pr\u00e1cticamente no se hab\u00eda hecho ning\u00fan tipo de rehabilitaci\u00f3n a las tumbas o a los monumentos, por eso es que nuestra Alcaldesa nos encarg\u00f3 que estuvi\u00e9ramos interviniendo\u2026 El Monumento de los M\u00e1rtires se revisti\u00f3 toda la estructura y se pusieron placas de inoxidables para que permanezcan durante muchos a\u00f1os\u201d, explic\u00f3.<\/p>\n","protected":false},"excerpt":{"rendered":"Kuali\/Le\u00f3n, Gto.-Como parte de la conmemoraci\u00f3n del 77 aniversario de los M\u00e1rtires del 2 de Enero, el gobierno de Le\u00f3n realiz\u00f3 labores de dignificaci\u00f3n y mejoramiento del Monumento a los M\u00e1rtires que se encuentra en el Pante\u00f3n San Nicol\u00e1s. \u201cNuestros panteones son identidad, tradici\u00f3n y sobre todo son nuestras ra\u00edces porque al final de cuentas [&hellip;]","protected":false},"author":2,"featured_media":110127,"comment_status":"open","ping_status":"open","sticky":false,"template":"","format":"standard","meta":{"_seopress_robots_primary_cat":"none","_seopress_titles_title":"","_seopress_titles_desc":"","_seopress_robots_index":"","_monsterinsights_skip_tracking":false,"_monsterinsights_sitenote_active":false,"_monsterinsights_sitenote_note":"","_monsterinsights_sitenote_category":0,"footnotes":""},"categories":[3],"tags":[],"class_list":["post-110124","post","type-post","status-publish","format-standard","has-post-thumbnail","hentry","category-politica"],"yoast_head":"<!-- This site is optimized with the Yoast SEO plugin v27.4 - https:\/\/yoast.com\/product\/yoast-seo-wordpress\/ -->\n<title>DIGNIFICAN MONUMENTO A LOS M\u00c1RTIRES - Kuali<\/title>\n<meta name=\"robots\" content=\"index, follow, max-snippet:-1, max-image-preview:large, max-video-preview:-1\" \/>\n<link rel=\"canonical\" href=\"https:\/\/kuali.com.mx\/web\/2023\/01\/02\/dignifican-monumento-a-los-martires\/\" \/>\n<meta property=\"og:locale\" content=\"es_MX\" \/>\n<meta property=\"og:type\" content=\"article\" \/>\n<meta property=\"og:title\" content=\"DIGNIFICAN MONUMENTO A LOS M\u00c1RTIRES - Kuali\" \/>\n<meta property=\"og:description\" content=\"Kuali\/Le\u00f3n, Gto.-Como parte de la conmemoraci\u00f3n del 77 aniversario de los M\u00e1rtires del 2 de Enero, el gobierno de Le\u00f3n realiz\u00f3 labores de dignificaci\u00f3n y mejoramiento del Monumento a los M\u00e1rtires que se encuentra en el Pante\u00f3n San Nicol\u00e1s. \u201cNuestros panteones son identidad, tradici\u00f3n y sobre todo son nuestras ra\u00edces porque al final de cuentas [&hellip;]\" \/>\n<meta property=\"og:url\" content=\"https:\/\/kuali.com.mx\/web\/2023\/01\/02\/dignifican-monumento-a-los-martires\/\" \/>\n<meta property=\"og:site_name\" content=\"Kuali\" \/>\n<meta property=\"article:publisher\" content=\"https:\/\/kuali.com.mx\/web\/wp-content\/uploads\/2018\/04\/cropped-kuali_logo-1-1.png\" \/>\n<meta property=\"article:published_time\" content=\"2023-01-03T01:49:40+00:00\" \/>\n<meta property=\"article:modified_time\" content=\"2023-01-03T18:23:40+00:00\" \/>\n<meta property=\"og:image\" content=\"https:\/\/kuali.com.mx\/web\/wp-content\/uploads\/2023\/01\/Martires-Leon.jpg\" \/>\n\t<meta property=\"og:image:width\" content=\"1600\" \/>\n\t<meta property=\"og:image:height\" content=\"1064\" \/>\n\t<meta property=\"og:image:type\" content=\"image\/jpeg\" \/>\n<meta name=\"author\" content=\"Kuali Staff\" \/>\n<meta name=\"twitter:card\" content=\"summary_large_image\" \/>\n<meta name=\"twitter:creator\" content=\"@kuali_noticias\" \/>\n<meta name=\"twitter:site\" content=\"@kuali_noticias\" \/>\n<meta name=\"twitter:label1\" content=\"Escrito por\" \/>\n\t<meta name=\"twitter:data1\" content=\"Kuali Staff\" \/>\n\t<meta name=\"twitter:label2\" content=\"Tiempo de lectura\" \/>\n\t<meta name=\"twitter:data2\" content=\"2 minutos\" \/>\n<script type=\"application\/ld+json\" class=\"yoast-schema-graph\">{\"@context\":\"https:\\\/\\\/schema.org\",\"@graph\":[{\"@type\":\"Article\",\"@id\":\"https:\\\/\\\/kuali.com.mx\\\/web\\\/2023\\\/01\\\/02\\\/dignifican-monumento-a-los-martires\\\/#article\",\"isPartOf\":{\"@id\":\"https:\\\/\\\/kuali.com.mx\\\/web\\\/2023\\\/01\\\/02\\\/dignifican-monumento-a-los-martires\\\/\"},\"author\":{\"name\":\"Kuali Staff\",\"@id\":\"https:\\\/\\\/kuali.com.mx\\\/web\\\/#\\\/schema\\\/person\\\/6f89ffa8ecba9dae50662357923c5289\"},\"headline\":\"DIGNIFICAN MONUMENTO A LOS M\u00c1RTIRES\",\"datePublished\":\"2023-01-03T01:49:40+00:00\",\"dateModified\":\"2023-01-03T18:23:40+00:00\",\"mainEntityOfPage\":{\"@id\":\"https:\\\/\\\/kuali.com.mx\\\/web\\\/2023\\\/01\\\/02\\\/dignifican-monumento-a-los-martires\\\/\"},\"wordCount\":395,\"commentCount\":0,\"image\":{\"@id\":\"https:\\\/\\\/kuali.com.mx\\\/web\\\/2023\\\/01\\\/02\\\/dignifican-monumento-a-los-martires\\\/#primaryimage\"},\"thumbnailUrl\":\"https:\\\/\\\/kuali.com.mx\\\/web\\\/wp-content\\\/uploads\\\/2023\\\/01\\\/Martires-Leon.jpg\",\"articleSection\":[\"Pol\u00edtica\"],\"inLanguage\":\"es\",\"potentialAction\":[{\"@type\":\"CommentAction\",\"name\":\"Comment\",\"target\":[\"https:\\\/\\\/kuali.com.mx\\\/web\\\/2023\\\/01\\\/02\\\/dignifican-monumento-a-los-martires\\\/#respond\"]}]},{\"@type\":\"WebPage\",\"@id\":\"https:\\\/\\\/kuali.com.mx\\\/web\\\/2023\\\/01\\\/02\\\/dignifican-monumento-a-los-martires\\\/\",\"url\":\"https:\\\/\\\/kuali.com.mx\\\/web\\\/2023\\\/01\\\/02\\\/dignifican-monumento-a-los-martires\\\/\",\"name\":\"DIGNIFICAN MONUMENTO A LOS M\u00c1RTIRES - Kuali\",\"isPartOf\":{\"@id\":\"https:\\\/\\\/kuali.com.mx\\\/web\\\/#website\"},\"primaryImageOfPage\":{\"@id\":\"https:\\\/\\\/kuali.com.mx\\\/web\\\/2023\\\/01\\\/02\\\/dignifican-monumento-a-los-martires\\\/#primaryimage\"},\"image\":{\"@id\":\"https:\\\/\\\/kuali.com.mx\\\/web\\\/2023\\\/01\\\/02\\\/dignifican-monumento-a-los-martires\\\/#primaryimage\"},\"thumbnailUrl\":\"https:\\\/\\\/kuali.com.mx\\\/web\\\/wp-content\\\/uploads\\\/2023\\\/01\\\/Martires-Leon.jpg\",\"datePublished\":\"2023-01-03T01:49:40+00:00\",\"dateModified\":\"2023-01-03T18:23:40+00:00\",\"author\":{\"@id\":\"https:\\\/\\\/kuali.com.mx\\\/web\\\/#\\\/schema\\\/person\\\/6f89ffa8ecba9dae50662357923c5289\"},\"breadcrumb\":{\"@id\":\"https:\\\/\\\/kuali.com.mx\\\/web\\\/2023\\\/01\\\/02\\\/dignifican-monumento-a-los-martires\\\/#breadcrumb\"},\"inLanguage\":\"es\",\"potentialAction\":[{\"@type\":\"ReadAction\",\"target\":[\"https:\\\/\\\/kuali.com.mx\\\/web\\\/2023\\\/01\\\/02\\\/dignifican-monumento-a-los-martires\\\/\"]}]},{\"@type\":\"ImageObject\",\"inLanguage\":\"es\",\"@id\":\"https:\\\/\\\/kuali.com.mx\\\/web\\\/2023\\\/01\\\/02\\\/dignifican-monumento-a-los-martires\\\/#primaryimage\",\"url\":\"https:\\\/\\\/kuali.com.mx\\\/web\\\/wp-content\\\/uploads\\\/2023\\\/01\\\/Martires-Leon.jpg\",\"contentUrl\":\"https:\\\/\\\/kuali.com.mx\\\/web\\\/wp-content\\\/uploads\\\/2023\\\/01\\\/Martires-Leon.jpg\",\"width\":1600,\"height\":1064},{\"@type\":\"BreadcrumbList\",\"@id\":\"https:\\\/\\\/kuali.com.mx\\\/web\\\/2023\\\/01\\\/02\\\/dignifican-monumento-a-los-martires\\\/#breadcrumb\",\"itemListElement\":[{\"@type\":\"ListItem\",\"position\":1,\"name\":\"Inicio\",\"item\":\"https:\\\/\\\/kuali.com.mx\\\/web\\\/\"},{\"@type\":\"ListItem\",\"position\":2,\"name\":\"DIGNIFICAN MONUMENTO A LOS M\u00c1RTIRES\"}]},{\"@type\":\"WebSite\",\"@id\":\"https:\\\/\\\/kuali.com.mx\\\/web\\\/#website\",\"url\":\"https:\\\/\\\/kuali.com.mx\\\/web\\\/\",\"name\":\"Kuali\",\"description\":\"\",\"potentialAction\":[{\"@type\":\"SearchAction\",\"target\":{\"@type\":\"EntryPoint\",\"urlTemplate\":\"https:\\\/\\\/kuali.com.mx\\\/web\\\/?s={search_term_string}\"},\"query-input\":{\"@type\":\"PropertyValueSpecification\",\"valueRequired\":true,\"valueName\":\"search_term_string\"}}],\"inLanguage\":\"es\"},{\"@type\":\"Person\",\"@id\":\"https:\\\/\\\/kuali.com.mx\\\/web\\\/#\\\/schema\\\/person\\\/6f89ffa8ecba9dae50662357923c5289\",\"name\":\"Kuali Staff\",\"image\":{\"@type\":\"ImageObject\",\"inLanguage\":\"es\",\"@id\":\"https:\\\/\\\/secure.gravatar.com\\\/avatar\\\/f917ad82e5ab71227a733c78b6e60715476f69ee6be59feee4eb5d9920c89e0f?s=96&d=mm&r=g\",\"url\":\"https:\\\/\\\/secure.gravatar.com\\\/avatar\\\/f917ad82e5ab71227a733c78b6e60715476f69ee6be59feee4eb5d9920c89e0f?s=96&d=mm&r=g\",\"contentUrl\":\"https:\\\/\\\/secure.gravatar.com\\\/avatar\\\/f917ad82e5ab71227a733c78b6e60715476f69ee6be59feee4eb5d9920c89e0f?s=96&d=mm&r=g\",\"caption\":\"Kuali Staff\"},\"url\":\"https:\\\/\\\/kuali.com.mx\\\/web\\\/author\\\/lagarto\\\/\"}]}<\/script>\n<!-- \/ Yoast SEO plugin. -->","yoast_head_json":{"title":"DIGNIFICAN MONUMENTO A LOS M\u00c1RTIRES - Kuali","robots":{"index":"index","follow":"follow","max-snippet":"max-snippet:-1","max-image-preview":"max-image-preview:large","max-video-preview":"max-video-preview:-1"},"canonical":"https:\/\/kuali.com.mx\/web\/2023\/01\/02\/dignifican-monumento-a-los-martires\/","og_locale":"es_MX","og_type":"article","og_title":"DIGNIFICAN MONUMENTO A LOS M\u00c1RTIRES - Kuali","og_description":"Kuali\/Le\u00f3n, Gto.-Como parte de la conmemoraci\u00f3n del 77 aniversario de los M\u00e1rtires del 2 de Enero, el gobierno de Le\u00f3n realiz\u00f3 labores de dignificaci\u00f3n y mejoramiento del Monumento a los M\u00e1rtires que se encuentra en el Pante\u00f3n San Nicol\u00e1s. \u201cNuestros panteones son identidad, tradici\u00f3n y sobre todo son nuestras ra\u00edces porque al final de cuentas [&hellip;]","og_url":"https:\/\/kuali.com.mx\/web\/2023\/01\/02\/dignifican-monumento-a-los-martires\/","og_site_name":"Kuali","article_publisher":"https:\/\/kuali.com.mx\/web\/wp-content\/uploads\/2018\/04\/cropped-kuali_logo-1-1.png","article_published_time":"2023-01-03T01:49:40+00:00","article_modified_time":"2023-01-03T18:23:40+00:00","og_image":[{"width":1600,"height":1064,"url":"https:\/\/kuali.com.mx\/web\/wp-content\/uploads\/2023\/01\/Martires-Leon.jpg","type":"image\/jpeg"}],"author":"Kuali Staff","twitter_card":"summary_large_image","twitter_creator":"@kuali_noticias","twitter_site":"@kuali_noticias","twitter_misc":{"Escrito por":"Kuali Staff","Tiempo de lectura":"2 minutos"},"schema":{"@context":"https:\/\/schema.org","@graph":[{"@type":"Article","@id":"https:\/\/kuali.com.mx\/web\/2023\/01\/02\/dignifican-monumento-a-los-martires\/#article","isPartOf":{"@id":"https:\/\/kuali.com.mx\/web\/2023\/01\/02\/dignifican-monumento-a-los-martires\/"},"author":{"name":"Kuali Staff","@id":"https:\/\/kuali.com.mx\/web\/#\/schema\/person\/6f89ffa8ecba9dae50662357923c5289"},"headline":"DIGNIFICAN MONUMENTO A LOS M\u00c1RTIRES","datePublished":"2023-01-03T01:49:40+00:00","dateModified":"2023-01-03T18:23:40+00:00","mainEntityOfPage":{"@id":"https:\/\/kuali.com.mx\/web\/2023\/01\/02\/dignifican-monumento-a-los-martires\/"},"wordCount":395,"commentCount":0,"image":{"@id":"https:\/\/kuali.com.mx\/web\/2023\/01\/02\/dignifican-monumento-a-los-martires\/#primaryimage"},"thumbnailUrl":"https:\/\/kuali.com.mx\/web\/wp-content\/uploads\/2023\/01\/Martires-Leon.jpg","articleSection":["Pol\u00edtica"],"inLanguage":"es","potentialAction":[{"@type":"CommentAction","name":"Comment","target":["https:\/\/kuali.com.mx\/web\/2023\/01\/02\/dignifican-monumento-a-los-martires\/#respond"]}]},{"@type":"WebPage","@id":"https:\/\/kuali.com.mx\/web\/2023\/01\/02\/dignifican-monumento-a-los-martires\/","url":"https:\/\/kuali.com.mx\/web\/2023\/01\/02\/dignifican-monumento-a-los-martires\/","name":"DIGNIFICAN MONUMENTO A LOS M\u00c1RTIRES - Kuali","isPartOf":{"@id":"https:\/\/kuali.com.mx\/web\/#website"},"primaryImageOfPage":{"@id":"https:\/\/kuali.com.mx\/web\/2023\/01\/02\/dignifican-monumento-a-los-martires\/#primaryimage"},"image":{"@id":"https:\/\/kuali.com.mx\/web\/2023\/01\/02\/dignifican-monumento-a-los-martires\/#primaryimage"},"thumbnailUrl":"https:\/\/kuali.com.mx\/web\/wp-content\/uploads\/2023\/01\/Martires-Leon.jpg","datePublished":"2023-01-03T01:49:40+00:00","dateModified":"2023-01-03T18:23:40+00:00","author":{"@id":"https:\/\/kuali.com.mx\/web\/#\/schema\/person\/6f89ffa8ecba9dae50662357923c5289"},"breadcrumb":{"@id":"https:\/\/kuali.com.mx\/web\/2023\/01\/02\/dignifican-monumento-a-los-martires\/#breadcrumb"},"inLanguage":"es","potentialAction":[{"@type":"ReadAction","target":["https:\/\/kuali.com.mx\/web\/2023\/01\/02\/dignifican-monumento-a-los-martires\/"]}]},{"@type":"ImageObject","inLanguage":"es","@id":"https:\/\/kuali.com.mx\/web\/2023\/01\/02\/dignifican-monumento-a-los-martires\/#primaryimage","url":"https:\/\/kuali.com.mx\/web\/wp-content\/uploads\/2023\/01\/Martires-Leon.jpg","contentUrl":"https:\/\/kuali.com.mx\/web\/wp-content\/uploads\/2023\/01\/Martires-Leon.jpg","width":1600,"height":1064},{"@type":"BreadcrumbList","@id":"https:\/\/kuali.com.mx\/web\/2023\/01\/02\/dignifican-monumento-a-los-martires\/#breadcrumb","itemListElement":[{"@type":"ListItem","position":1,"name":"Inicio","item":"https:\/\/kuali.com.mx\/web\/"},{"@type":"ListItem","position":2,"name":"DIGNIFICAN MONUMENTO A LOS M\u00c1RTIRES"}]},{"@type":"WebSite","@id":"https:\/\/kuali.com.mx\/web\/#website","url":"https:\/\/kuali.com.mx\/web\/","name":"Kuali","description":"","potentialAction":[{"@type":"SearchAction","target":{"@type":"EntryPoint","urlTemplate":"https:\/\/kuali.com.mx\/web\/?s={search_term_string}"},"query-input":{"@type":"PropertyValueSpecification","valueRequired":true,"valueName":"search_term_string"}}],"inLanguage":"es"},{"@type":"Person","@id":"https:\/\/kuali.com.mx\/web\/#\/schema\/person\/6f89ffa8ecba9dae50662357923c5289","name":"Kuali Staff","image":{"@type":"ImageObject","inLanguage":"es","@id":"https:\/\/secure.gravatar.com\/avatar\/f917ad82e5ab71227a733c78b6e60715476f69ee6be59feee4eb5d9920c89e0f?s=96&d=mm&r=g","url":"https:\/\/secure.gravatar.com\/avatar\/f917ad82e5ab71227a733c78b6e60715476f69ee6be59feee4eb5d9920c89e0f?s=96&d=mm&r=g","contentUrl":"https:\/\/secure.gravatar.com\/avatar\/f917ad82e5ab71227a733c78b6e60715476f69ee6be59feee4eb5d9920c89e0f?s=96&d=mm&r=g","caption":"Kuali Staff"},"url":"https:\/\/kuali.com.mx\/web\/author\/lagarto\/"}]}},"_links":{"self":[{"href":"https:\/\/kuali.com.mx\/web\/wp-json\/wp\/v2\/posts\/110124","targetHints":{"allow":["GET"]}}],"collection":[{"href":"https:\/\/kuali.com.mx\/web\/wp-json\/wp\/v2\/posts"}],"about":[{"href":"https:\/\/kuali.com.mx\/web\/wp-json\/wp\/v2\/types\/post"}],"author":[{"embeddable":true,"href":"https:\/\/kuali.com.mx\/web\/wp-json\/wp\/v2\/users\/2"}],"replies":[{"embeddable":true,"href":"https:\/\/kuali.com.mx\/web\/wp-json\/wp\/v2\/comments?post=110124"}],"version-history":[{"count":3,"href":"https:\/\/kuali.com.mx\/web\/wp-json\/wp\/v2\/posts\/110124\/revisions"}],"predecessor-version":[{"id":110173,"href":"https:\/\/kuali.com.mx\/web\/wp-json\/wp\/v2\/posts\/110124\/revisions\/110173"}],"wp:featuredmedia":[{"embeddable":true,"href":"https:\/\/kuali.com.mx\/web\/wp-json\/wp\/v2\/media\/110127"}],"wp:attachment":[{"href":"https:\/\/kuali.com.mx\/web\/wp-json\/wp\/v2\/media?parent=110124"}],"wp:term":[{"taxonomy":"category","embeddable":true,"href":"https:\/\/kuali.com.mx\/web\/wp-json\/wp\/v2\/categories?post=110124"},{"taxonomy":"post_tag","embeddable":true,"href":"https:\/\/kuali.com.mx\/web\/wp-json\/wp\/v2\/tags?post=110124"}],"curies":[{"name":"wp","href":"https:\/\/api.w.org\/{rel}","templated":true}]}}