{"id":109899,"date":"2022-12-29T22:39:00","date_gmt":"2022-12-30T04:39:00","guid":{"rendered":"https:\/\/kuali.com.mx\/web\/?p=109899"},"modified":"2022-12-29T23:47:02","modified_gmt":"2022-12-30T05:47:02","slug":"fallece-o-rei-pele-leyenda-del-futbol-mundial","status":"publish","type":"post","link":"https:\/\/kuali.com.mx\/web\/2022\/12\/29\/fallece-o-rei-pele-leyenda-del-futbol-mundial\/","title":{"rendered":"FALLECE \u201cO REI\u201d PEL\u00c9, LEYENDA DEL F\u00daTBOL\u00a0MUNDIAL"},"content":{"rendered":"\n<p><em><strong>Prensa Latina\/Sao Paulo,Brasil<\/strong><\/em>.-Edson Arantes do Nascimento, 'O Rei' Pel\u00e9, considerado por muchos como el jugador m\u00e1s trascendental de la historia del f\u00fatbol, falleci\u00f3 hoy despu\u00e9s de batallar durante mucho tiempo contra un c\u00e1ncer de colon.<\/p>\n\n\n\n<p>Acompa\u00f1ado de su familia en el hospital Albert Einstein de Sao Paulo, el astro brasile\u00f1o, tres veces campe\u00f3n mundial, muri\u00f3 a los 82 a\u00f1os, dejando atr\u00e1s un legado impresionante para las futuras generaciones.<\/p>\n\n\n\n<p>Desde todos los confines del planeta llegan las condolencias por esta gran p\u00e9rdida. El gran \u00edcono del deporte brasile\u00f1o y del club Santos puso rumbo hacia la eternidad.<\/p>\n\n\n\n<p>Precisamente, el Santos, desde donde Pel\u00e9 salt\u00f3 al estrellato mundial, decidi\u00f3 cambiar su escudo e incluir una corona en honor a su rey.<\/p>\n\n\n\n<p>Para poner en perspectiva la dimensi\u00f3n y el talento de \u2018O Rei\u2019, es necesario citar una y otra vez a su compa\u00f1ero Eduardo Gon\u00e7alves de Andrade \u2018Tostao\u2019: Creo que Pel\u00e9 era mejor que todos los dem\u00e1s, no hay ni punto de comparaci\u00f3n. No ten\u00eda ni un solo defecto, asegur\u00f3.<\/p>\n\n\n\n<p>Diego Maradona era espectacular, pero no estaba al nivel de Pel\u00e9 f\u00edsicamente, no marc\u00f3 el n\u00famero de goles que marc\u00f3 Pel\u00e9. Lionel Messi es espectacular, pero no cabecea el bal\u00f3n como lo cabeceaba Pel\u00e9, no dispara tan bien con las dos piernas. Cristiano Ronaldo es un futbolista excepcional, pero no tiene la habilidad que ten\u00eda Pel\u00e9 y no hace los pases incre\u00edbles que hac\u00eda Pel\u00e9, enfatiz\u00f3.<\/p>\n\n\n\n<p>Si tomamos las cualidades de Cristiano Ronaldo y de Messi y las combinamos, \u00a1entonces tendremos un jugador que comparar con Pel\u00e9!, recalc\u00f3.<\/p>\n","protected":false},"excerpt":{"rendered":"Prensa Latina\/Sao Paulo,Brasil.-Edson Arantes do Nascimento, 'O Rei' Pel\u00e9, considerado por muchos como el jugador m\u00e1s trascendental de la historia del f\u00fatbol, falleci\u00f3 hoy despu\u00e9s de batallar durante mucho tiempo contra un c\u00e1ncer de colon. Acompa\u00f1ado de su familia en el hospital Albert Einstein de Sao Paulo, el astro brasile\u00f1o, tres veces campe\u00f3n mundial, muri\u00f3 [&hellip;]","protected":false},"author":2,"featured_media":109901,"comment_status":"open","ping_status":"open","sticky":false,"template":"","format":"standard","meta":{"_seopress_robots_primary_cat":"none","_seopress_titles_title":"","_seopress_titles_desc":"","_seopress_robots_index":"","_monsterinsights_skip_tracking":false,"_monsterinsights_sitenote_active":false,"_monsterinsights_sitenote_note":"","_monsterinsights_sitenote_category":0,"footnotes":""},"categories":[16,69],"tags":[],"class_list":["post-109899","post","type-post","status-publish","format-standard","has-post-thumbnail","hentry","category-deportes","category-slider"],"yoast_head":"<!-- This site is optimized with the Yoast SEO plugin v27.5 - https:\/\/yoast.com\/product\/yoast-seo-wordpress\/ -->\n<title>FALLECE \u201cO REI\u201d PEL\u00c9, LEYENDA DEL F\u00daTBOL\u00a0MUNDIAL - Kuali<\/title>\n<meta name=\"robots\" content=\"index, follow, max-snippet:-1, max-image-preview:large, max-video-preview:-1\" \/>\n<link rel=\"canonical\" href=\"https:\/\/kuali.com.mx\/web\/2022\/12\/29\/fallece-o-rei-pele-leyenda-del-futbol-mundial\/\" \/>\n<meta property=\"og:locale\" content=\"es_MX\" \/>\n<meta property=\"og:type\" content=\"article\" \/>\n<meta property=\"og:title\" content=\"FALLECE \u201cO REI\u201d PEL\u00c9, LEYENDA DEL F\u00daTBOL\u00a0MUNDIAL - Kuali\" \/>\n<meta property=\"og:description\" content=\"Prensa Latina\/Sao Paulo,Brasil.-Edson Arantes do Nascimento, &#039;O Rei&#039; Pel\u00e9, considerado por muchos como el jugador m\u00e1s trascendental de la historia del f\u00fatbol, falleci\u00f3 hoy despu\u00e9s de batallar durante mucho tiempo contra un c\u00e1ncer de colon. Acompa\u00f1ado de su familia en el hospital Albert Einstein de Sao Paulo, el astro brasile\u00f1o, tres veces campe\u00f3n mundial, muri\u00f3 [&hellip;]\" \/>\n<meta property=\"og:url\" content=\"https:\/\/kuali.com.mx\/web\/2022\/12\/29\/fallece-o-rei-pele-leyenda-del-futbol-mundial\/\" \/>\n<meta property=\"og:site_name\" content=\"Kuali\" \/>\n<meta property=\"article:publisher\" content=\"https:\/\/kuali.com.mx\/web\/wp-content\/uploads\/2018\/04\/cropped-kuali_logo-1-1.png\" \/>\n<meta property=\"article:published_time\" content=\"2022-12-30T04:39:00+00:00\" \/>\n<meta property=\"article:modified_time\" content=\"2022-12-30T05:47:02+00:00\" \/>\n<meta property=\"og:image\" content=\"https:\/\/kuali.com.mx\/web\/wp-content\/uploads\/2022\/12\/REY-PELE.jpg\" \/>\n\t<meta property=\"og:image:width\" content=\"936\" \/>\n\t<meta property=\"og:image:height\" content=\"566\" \/>\n\t<meta property=\"og:image:type\" content=\"image\/jpeg\" \/>\n<meta name=\"author\" content=\"Kuali Staff\" \/>\n<meta name=\"twitter:card\" content=\"summary_large_image\" \/>\n<meta name=\"twitter:creator\" content=\"@kuali_noticias\" \/>\n<meta name=\"twitter:site\" content=\"@kuali_noticias\" \/>\n<meta name=\"twitter:label1\" content=\"Escrito por\" \/>\n\t<meta name=\"twitter:data1\" content=\"Kuali Staff\" \/>\n\t<meta name=\"twitter:label2\" content=\"Tiempo de lectura\" \/>\n\t<meta name=\"twitter:data2\" content=\"1 minuto\" \/>\n<script type=\"application\/ld+json\" class=\"yoast-schema-graph\">{\"@context\":\"https:\\\/\\\/schema.org\",\"@graph\":[{\"@type\":\"Article\",\"@id\":\"https:\\\/\\\/kuali.com.mx\\\/web\\\/2022\\\/12\\\/29\\\/fallece-o-rei-pele-leyenda-del-futbol-mundial\\\/#article\",\"isPartOf\":{\"@id\":\"https:\\\/\\\/kuali.com.mx\\\/web\\\/2022\\\/12\\\/29\\\/fallece-o-rei-pele-leyenda-del-futbol-mundial\\\/\"},\"author\":{\"name\":\"Kuali Staff\",\"@id\":\"https:\\\/\\\/kuali.com.mx\\\/web\\\/#\\\/schema\\\/person\\\/6f89ffa8ecba9dae50662357923c5289\"},\"headline\":\"FALLECE \u201cO REI\u201d PEL\u00c9, LEYENDA DEL F\u00daTBOL\u00a0MUNDIAL\",\"datePublished\":\"2022-12-30T04:39:00+00:00\",\"dateModified\":\"2022-12-30T05:47:02+00:00\",\"mainEntityOfPage\":{\"@id\":\"https:\\\/\\\/kuali.com.mx\\\/web\\\/2022\\\/12\\\/29\\\/fallece-o-rei-pele-leyenda-del-futbol-mundial\\\/\"},\"wordCount\":290,\"commentCount\":0,\"image\":{\"@id\":\"https:\\\/\\\/kuali.com.mx\\\/web\\\/2022\\\/12\\\/29\\\/fallece-o-rei-pele-leyenda-del-futbol-mundial\\\/#primaryimage\"},\"thumbnailUrl\":\"https:\\\/\\\/kuali.com.mx\\\/web\\\/wp-content\\\/uploads\\\/2022\\\/12\\\/REY-PELE.jpg\",\"articleSection\":[\"Deportes\",\"slider\"],\"inLanguage\":\"es\",\"potentialAction\":[{\"@type\":\"CommentAction\",\"name\":\"Comment\",\"target\":[\"https:\\\/\\\/kuali.com.mx\\\/web\\\/2022\\\/12\\\/29\\\/fallece-o-rei-pele-leyenda-del-futbol-mundial\\\/#respond\"]}]},{\"@type\":\"WebPage\",\"@id\":\"https:\\\/\\\/kuali.com.mx\\\/web\\\/2022\\\/12\\\/29\\\/fallece-o-rei-pele-leyenda-del-futbol-mundial\\\/\",\"url\":\"https:\\\/\\\/kuali.com.mx\\\/web\\\/2022\\\/12\\\/29\\\/fallece-o-rei-pele-leyenda-del-futbol-mundial\\\/\",\"name\":\"FALLECE \u201cO REI\u201d PEL\u00c9, LEYENDA DEL F\u00daTBOL\u00a0MUNDIAL - Kuali\",\"isPartOf\":{\"@id\":\"https:\\\/\\\/kuali.com.mx\\\/web\\\/#website\"},\"primaryImageOfPage\":{\"@id\":\"https:\\\/\\\/kuali.com.mx\\\/web\\\/2022\\\/12\\\/29\\\/fallece-o-rei-pele-leyenda-del-futbol-mundial\\\/#primaryimage\"},\"image\":{\"@id\":\"https:\\\/\\\/kuali.com.mx\\\/web\\\/2022\\\/12\\\/29\\\/fallece-o-rei-pele-leyenda-del-futbol-mundial\\\/#primaryimage\"},\"thumbnailUrl\":\"https:\\\/\\\/kuali.com.mx\\\/web\\\/wp-content\\\/uploads\\\/2022\\\/12\\\/REY-PELE.jpg\",\"datePublished\":\"2022-12-30T04:39:00+00:00\",\"dateModified\":\"2022-12-30T05:47:02+00:00\",\"author\":{\"@id\":\"https:\\\/\\\/kuali.com.mx\\\/web\\\/#\\\/schema\\\/person\\\/6f89ffa8ecba9dae50662357923c5289\"},\"breadcrumb\":{\"@id\":\"https:\\\/\\\/kuali.com.mx\\\/web\\\/2022\\\/12\\\/29\\\/fallece-o-rei-pele-leyenda-del-futbol-mundial\\\/#breadcrumb\"},\"inLanguage\":\"es\",\"potentialAction\":[{\"@type\":\"ReadAction\",\"target\":[\"https:\\\/\\\/kuali.com.mx\\\/web\\\/2022\\\/12\\\/29\\\/fallece-o-rei-pele-leyenda-del-futbol-mundial\\\/\"]}]},{\"@type\":\"ImageObject\",\"inLanguage\":\"es\",\"@id\":\"https:\\\/\\\/kuali.com.mx\\\/web\\\/2022\\\/12\\\/29\\\/fallece-o-rei-pele-leyenda-del-futbol-mundial\\\/#primaryimage\",\"url\":\"https:\\\/\\\/kuali.com.mx\\\/web\\\/wp-content\\\/uploads\\\/2022\\\/12\\\/REY-PELE.jpg\",\"contentUrl\":\"https:\\\/\\\/kuali.com.mx\\\/web\\\/wp-content\\\/uploads\\\/2022\\\/12\\\/REY-PELE.jpg\",\"width\":936,\"height\":566},{\"@type\":\"BreadcrumbList\",\"@id\":\"https:\\\/\\\/kuali.com.mx\\\/web\\\/2022\\\/12\\\/29\\\/fallece-o-rei-pele-leyenda-del-futbol-mundial\\\/#breadcrumb\",\"itemListElement\":[{\"@type\":\"ListItem\",\"position\":1,\"name\":\"Inicio\",\"item\":\"https:\\\/\\\/kuali.com.mx\\\/web\\\/\"},{\"@type\":\"ListItem\",\"position\":2,\"name\":\"FALLECE \u201cO REI\u201d PEL\u00c9, LEYENDA DEL F\u00daTBOL\u00a0MUNDIAL\"}]},{\"@type\":\"WebSite\",\"@id\":\"https:\\\/\\\/kuali.com.mx\\\/web\\\/#website\",\"url\":\"https:\\\/\\\/kuali.com.mx\\\/web\\\/\",\"name\":\"Kuali\",\"description\":\"\",\"potentialAction\":[{\"@type\":\"SearchAction\",\"target\":{\"@type\":\"EntryPoint\",\"urlTemplate\":\"https:\\\/\\\/kuali.com.mx\\\/web\\\/?s={search_term_string}\"},\"query-input\":{\"@type\":\"PropertyValueSpecification\",\"valueRequired\":true,\"valueName\":\"search_term_string\"}}],\"inLanguage\":\"es\"},{\"@type\":\"Person\",\"@id\":\"https:\\\/\\\/kuali.com.mx\\\/web\\\/#\\\/schema\\\/person\\\/6f89ffa8ecba9dae50662357923c5289\",\"name\":\"Kuali Staff\",\"image\":{\"@type\":\"ImageObject\",\"inLanguage\":\"es\",\"@id\":\"https:\\\/\\\/secure.gravatar.com\\\/avatar\\\/f917ad82e5ab71227a733c78b6e60715476f69ee6be59feee4eb5d9920c89e0f?s=96&d=mm&r=g\",\"url\":\"https:\\\/\\\/secure.gravatar.com\\\/avatar\\\/f917ad82e5ab71227a733c78b6e60715476f69ee6be59feee4eb5d9920c89e0f?s=96&d=mm&r=g\",\"contentUrl\":\"https:\\\/\\\/secure.gravatar.com\\\/avatar\\\/f917ad82e5ab71227a733c78b6e60715476f69ee6be59feee4eb5d9920c89e0f?s=96&d=mm&r=g\",\"caption\":\"Kuali Staff\"},\"url\":\"https:\\\/\\\/kuali.com.mx\\\/web\\\/author\\\/lagarto\\\/\"}]}<\/script>\n<!-- \/ Yoast SEO plugin. -->","yoast_head_json":{"title":"FALLECE \u201cO REI\u201d PEL\u00c9, LEYENDA DEL F\u00daTBOL\u00a0MUNDIAL - Kuali","robots":{"index":"index","follow":"follow","max-snippet":"max-snippet:-1","max-image-preview":"max-image-preview:large","max-video-preview":"max-video-preview:-1"},"canonical":"https:\/\/kuali.com.mx\/web\/2022\/12\/29\/fallece-o-rei-pele-leyenda-del-futbol-mundial\/","og_locale":"es_MX","og_type":"article","og_title":"FALLECE \u201cO REI\u201d PEL\u00c9, LEYENDA DEL F\u00daTBOL\u00a0MUNDIAL - Kuali","og_description":"Prensa Latina\/Sao Paulo,Brasil.-Edson Arantes do Nascimento, 'O Rei' Pel\u00e9, considerado por muchos como el jugador m\u00e1s trascendental de la historia del f\u00fatbol, falleci\u00f3 hoy despu\u00e9s de batallar durante mucho tiempo contra un c\u00e1ncer de colon. Acompa\u00f1ado de su familia en el hospital Albert Einstein de Sao Paulo, el astro brasile\u00f1o, tres veces campe\u00f3n mundial, muri\u00f3 [&hellip;]","og_url":"https:\/\/kuali.com.mx\/web\/2022\/12\/29\/fallece-o-rei-pele-leyenda-del-futbol-mundial\/","og_site_name":"Kuali","article_publisher":"https:\/\/kuali.com.mx\/web\/wp-content\/uploads\/2018\/04\/cropped-kuali_logo-1-1.png","article_published_time":"2022-12-30T04:39:00+00:00","article_modified_time":"2022-12-30T05:47:02+00:00","og_image":[{"width":936,"height":566,"url":"https:\/\/kuali.com.mx\/web\/wp-content\/uploads\/2022\/12\/REY-PELE.jpg","type":"image\/jpeg"}],"author":"Kuali Staff","twitter_card":"summary_large_image","twitter_creator":"@kuali_noticias","twitter_site":"@kuali_noticias","twitter_misc":{"Escrito por":"Kuali Staff","Tiempo de lectura":"1 minuto"},"schema":{"@context":"https:\/\/schema.org","@graph":[{"@type":"Article","@id":"https:\/\/kuali.com.mx\/web\/2022\/12\/29\/fallece-o-rei-pele-leyenda-del-futbol-mundial\/#article","isPartOf":{"@id":"https:\/\/kuali.com.mx\/web\/2022\/12\/29\/fallece-o-rei-pele-leyenda-del-futbol-mundial\/"},"author":{"name":"Kuali Staff","@id":"https:\/\/kuali.com.mx\/web\/#\/schema\/person\/6f89ffa8ecba9dae50662357923c5289"},"headline":"FALLECE \u201cO REI\u201d PEL\u00c9, LEYENDA DEL F\u00daTBOL\u00a0MUNDIAL","datePublished":"2022-12-30T04:39:00+00:00","dateModified":"2022-12-30T05:47:02+00:00","mainEntityOfPage":{"@id":"https:\/\/kuali.com.mx\/web\/2022\/12\/29\/fallece-o-rei-pele-leyenda-del-futbol-mundial\/"},"wordCount":290,"commentCount":0,"image":{"@id":"https:\/\/kuali.com.mx\/web\/2022\/12\/29\/fallece-o-rei-pele-leyenda-del-futbol-mundial\/#primaryimage"},"thumbnailUrl":"https:\/\/kuali.com.mx\/web\/wp-content\/uploads\/2022\/12\/REY-PELE.jpg","articleSection":["Deportes","slider"],"inLanguage":"es","potentialAction":[{"@type":"CommentAction","name":"Comment","target":["https:\/\/kuali.com.mx\/web\/2022\/12\/29\/fallece-o-rei-pele-leyenda-del-futbol-mundial\/#respond"]}]},{"@type":"WebPage","@id":"https:\/\/kuali.com.mx\/web\/2022\/12\/29\/fallece-o-rei-pele-leyenda-del-futbol-mundial\/","url":"https:\/\/kuali.com.mx\/web\/2022\/12\/29\/fallece-o-rei-pele-leyenda-del-futbol-mundial\/","name":"FALLECE \u201cO REI\u201d PEL\u00c9, LEYENDA DEL F\u00daTBOL\u00a0MUNDIAL - Kuali","isPartOf":{"@id":"https:\/\/kuali.com.mx\/web\/#website"},"primaryImageOfPage":{"@id":"https:\/\/kuali.com.mx\/web\/2022\/12\/29\/fallece-o-rei-pele-leyenda-del-futbol-mundial\/#primaryimage"},"image":{"@id":"https:\/\/kuali.com.mx\/web\/2022\/12\/29\/fallece-o-rei-pele-leyenda-del-futbol-mundial\/#primaryimage"},"thumbnailUrl":"https:\/\/kuali.com.mx\/web\/wp-content\/uploads\/2022\/12\/REY-PELE.jpg","datePublished":"2022-12-30T04:39:00+00:00","dateModified":"2022-12-30T05:47:02+00:00","author":{"@id":"https:\/\/kuali.com.mx\/web\/#\/schema\/person\/6f89ffa8ecba9dae50662357923c5289"},"breadcrumb":{"@id":"https:\/\/kuali.com.mx\/web\/2022\/12\/29\/fallece-o-rei-pele-leyenda-del-futbol-mundial\/#breadcrumb"},"inLanguage":"es","potentialAction":[{"@type":"ReadAction","target":["https:\/\/kuali.com.mx\/web\/2022\/12\/29\/fallece-o-rei-pele-leyenda-del-futbol-mundial\/"]}]},{"@type":"ImageObject","inLanguage":"es","@id":"https:\/\/kuali.com.mx\/web\/2022\/12\/29\/fallece-o-rei-pele-leyenda-del-futbol-mundial\/#primaryimage","url":"https:\/\/kuali.com.mx\/web\/wp-content\/uploads\/2022\/12\/REY-PELE.jpg","contentUrl":"https:\/\/kuali.com.mx\/web\/wp-content\/uploads\/2022\/12\/REY-PELE.jpg","width":936,"height":566},{"@type":"BreadcrumbList","@id":"https:\/\/kuali.com.mx\/web\/2022\/12\/29\/fallece-o-rei-pele-leyenda-del-futbol-mundial\/#breadcrumb","itemListElement":[{"@type":"ListItem","position":1,"name":"Inicio","item":"https:\/\/kuali.com.mx\/web\/"},{"@type":"ListItem","position":2,"name":"FALLECE \u201cO REI\u201d PEL\u00c9, LEYENDA DEL F\u00daTBOL\u00a0MUNDIAL"}]},{"@type":"WebSite","@id":"https:\/\/kuali.com.mx\/web\/#website","url":"https:\/\/kuali.com.mx\/web\/","name":"Kuali","description":"","potentialAction":[{"@type":"SearchAction","target":{"@type":"EntryPoint","urlTemplate":"https:\/\/kuali.com.mx\/web\/?s={search_term_string}"},"query-input":{"@type":"PropertyValueSpecification","valueRequired":true,"valueName":"search_term_string"}}],"inLanguage":"es"},{"@type":"Person","@id":"https:\/\/kuali.com.mx\/web\/#\/schema\/person\/6f89ffa8ecba9dae50662357923c5289","name":"Kuali Staff","image":{"@type":"ImageObject","inLanguage":"es","@id":"https:\/\/secure.gravatar.com\/avatar\/f917ad82e5ab71227a733c78b6e60715476f69ee6be59feee4eb5d9920c89e0f?s=96&d=mm&r=g","url":"https:\/\/secure.gravatar.com\/avatar\/f917ad82e5ab71227a733c78b6e60715476f69ee6be59feee4eb5d9920c89e0f?s=96&d=mm&r=g","contentUrl":"https:\/\/secure.gravatar.com\/avatar\/f917ad82e5ab71227a733c78b6e60715476f69ee6be59feee4eb5d9920c89e0f?s=96&d=mm&r=g","caption":"Kuali Staff"},"url":"https:\/\/kuali.com.mx\/web\/author\/lagarto\/"}]}},"_links":{"self":[{"href":"https:\/\/kuali.com.mx\/web\/wp-json\/wp\/v2\/posts\/109899","targetHints":{"allow":["GET"]}}],"collection":[{"href":"https:\/\/kuali.com.mx\/web\/wp-json\/wp\/v2\/posts"}],"about":[{"href":"https:\/\/kuali.com.mx\/web\/wp-json\/wp\/v2\/types\/post"}],"author":[{"embeddable":true,"href":"https:\/\/kuali.com.mx\/web\/wp-json\/wp\/v2\/users\/2"}],"replies":[{"embeddable":true,"href":"https:\/\/kuali.com.mx\/web\/wp-json\/wp\/v2\/comments?post=109899"}],"version-history":[{"count":1,"href":"https:\/\/kuali.com.mx\/web\/wp-json\/wp\/v2\/posts\/109899\/revisions"}],"predecessor-version":[{"id":109902,"href":"https:\/\/kuali.com.mx\/web\/wp-json\/wp\/v2\/posts\/109899\/revisions\/109902"}],"wp:featuredmedia":[{"embeddable":true,"href":"https:\/\/kuali.com.mx\/web\/wp-json\/wp\/v2\/media\/109901"}],"wp:attachment":[{"href":"https:\/\/kuali.com.mx\/web\/wp-json\/wp\/v2\/media?parent=109899"}],"wp:term":[{"taxonomy":"category","embeddable":true,"href":"https:\/\/kuali.com.mx\/web\/wp-json\/wp\/v2\/categories?post=109899"},{"taxonomy":"post_tag","embeddable":true,"href":"https:\/\/kuali.com.mx\/web\/wp-json\/wp\/v2\/tags?post=109899"}],"curies":[{"name":"wp","href":"https:\/\/api.w.org\/{rel}","templated":true}]}}