{"id":109670,"date":"2022-12-23T19:26:13","date_gmt":"2022-12-24T01:26:13","guid":{"rendered":"https:\/\/kuali.com.mx\/web\/?p=109670"},"modified":"2022-12-24T09:31:56","modified_gmt":"2022-12-24T15:31:56","slug":"es-banda-de-musica-del-estado-patrimonio-cultural","status":"publish","type":"post","link":"https:\/\/kuali.com.mx\/web\/2022\/12\/23\/es-banda-de-musica-del-estado-patrimonio-cultural\/","title":{"rendered":"ES BANDA DE M\u00daSICA DEL ESTADO PATRIMONIO CULTURAL\u00a0"},"content":{"rendered":"\n<p><em><strong>Kuali\/Guanajuato, Gto.-&nbsp;<\/strong><\/em><em>La Banda de M\u00fasica del Estado se convirti\u00f3 este viernes en la primera agrupaci\u00f3n art\u00edstica de Guanajuato en contar con el reconocimiento oficial como Patrimonio Cultural Intangible, al entrar en vigor el decreto gubernativo n\u00famero 130 firmado por el gobernador Diego Sinhue Rodr\u00edguez Vallejo.<\/em><\/p>\n\n\n\n<p><em>El decreto, publicado un d\u00eda antes en el Peri\u00f3dico Oficial del Gobierno del Estado, confiere la distinci\u00f3n patrimonial a la Banda de M\u00fasica por ser una \u201cexpresi\u00f3n de cultura tradicional y popular\u201d y declara de inter\u00e9s p\u00fablico su salvaguarda.<\/em><\/p>\n\n\n\n<p><em>La Banda de M\u00fasica del Estado es una de las agrupaciones de su g\u00e9nero con mayor historia en el pa\u00eds. Fue establecida por orden del gobernador Manuel Doblado el 22 de noviembre de 1855, como Banda de M\u00fasica del Primer Batall\u00f3n Ligero de Guanajuato, por lo que en este a\u00f1o celebr\u00f3 su 167\u00b0 aniversario.<\/em><\/p>\n\n\n\n<p><em>En la exposici\u00f3n de motivos de la declaratoria, se manifiesta que esta agrupaci\u00f3n musical \u201caglutina y potencializa expresiones culturales propias de la sociedad guanajuatense de tal forma que dichas expresiones son portadoras de identidad, valores y significados dado su car\u00e1cter de identidad como agrupaci\u00f3n oficial del estado\u201d.<\/em><\/p>\n\n\n\n<p><em>El documento tambi\u00e9n subraya la calidad interpretativa y la versatilidad del repertorio de la banda, que la constituyen como \u201cuna de las agrupaciones musicales m\u00e1s antiguas del pa\u00eds y un referente en el estado de Guanajuato entre las agrupaciones de su tipo\u201d, que adem\u00e1s \u201cha contribuido al enriquecimiento de la cultura musical de la sociedad\u201d.<\/em><\/p>\n\n\n\n<p><em>El conjunto musical guanajuatense goza de un profundo arraigo entre la poblaci\u00f3n, gracias al acompa\u00f1amiento que ha hecho a lo largo de los a\u00f1os de las fiestas m\u00e1s tradicionales de la ciudad de Guanajuato, como el Viernes de Dolores o la apertura de la Presa de la Olla, adem\u00e1s de inauguraciones notables, como las del Mercado Hidalgo, el Teatro Ju\u00e1rez o la presa de San Renovato.<\/em><\/p>\n\n\n\n<p><em>Con esta declaratoria, la Banda de M\u00fasica del Estado cierra un 2022 especialmente fruct\u00edfero, pues este a\u00f1o regres\u00f3 a la programaci\u00f3n del Festival Internacional Cervantino, con una actuaci\u00f3n conjunta con las orquestas, bandas y coros de Vientos Musicales en la Explanada de la Alh\u00f3ndiga y con el proyecto especial Jard\u00edn Uni\u00f3n, en el que estren\u00f3 seis obras contempor\u00e1neas de j\u00f3venes compositores guanajuatenses.<\/em><\/p>\n\n\n\n<p><em>En octubre recibi\u00f3 tambi\u00e9n la Presea Eugenio Trueba Olivares, m\u00e1xima distinci\u00f3n del Gobierno del Estado de Guanajuato a artistas con una trayectoria destacada y una aportaci\u00f3n significativa al Cervantino.<\/em><\/p>\n\n\n\n<p><em>La Banda de M\u00fasica, actualmente dirigida por Adalberto Tovar, tambi\u00e9n fue emisaria de la entidad en el programa Guanajuato se Lee en Coahuila, dentro de la Feria Internacional del Libro de Coahuila y su historia es objeto de un libro que actualmente se encuentra en la fase final de su proceso de publicaci\u00f3n.<\/em><\/p>\n\n\n\n<p><em>Junto con la Banda de M\u00fasica del Estado, cuentan con la declaraci\u00f3n de Patrimonio Cultural Intangible de Guanajuato: la fiesta brava y la charrer\u00eda (2013), la tradici\u00f3n de los tapetes ef\u00edmeros y la Octava Noche de Uriangato (2020) y la celebraci\u00f3n del Grito de Independencia en Dolores Hidalgo (2021).<\/em><\/p>\n","protected":false},"excerpt":{"rendered":"Kuali\/Guanajuato, Gto.-&nbsp;La Banda de M\u00fasica del Estado se convirti\u00f3 este viernes en la primera agrupaci\u00f3n art\u00edstica de Guanajuato en contar con el reconocimiento oficial como Patrimonio Cultural Intangible, al entrar en vigor el decreto gubernativo n\u00famero 130 firmado por el gobernador Diego Sinhue Rodr\u00edguez Vallejo. El decreto, publicado un d\u00eda antes en el Peri\u00f3dico Oficial [&hellip;]","protected":false},"author":2,"featured_media":109700,"comment_status":"open","ping_status":"open","sticky":false,"template":"","format":"standard","meta":{"_seopress_robots_primary_cat":"none","_seopress_titles_title":"","_seopress_titles_desc":"","_seopress_robots_index":"","_monsterinsights_skip_tracking":false,"_monsterinsights_sitenote_active":false,"_monsterinsights_sitenote_note":"","_monsterinsights_sitenote_category":0,"footnotes":""},"categories":[8,69],"tags":[],"class_list":["post-109670","post","type-post","status-publish","format-standard","has-post-thumbnail","hentry","category-espectaculos","category-slider"],"yoast_head":"<!-- This site is optimized with the Yoast SEO plugin v27.4 - https:\/\/yoast.com\/product\/yoast-seo-wordpress\/ -->\n<title>ES BANDA DE M\u00daSICA DEL ESTADO PATRIMONIO CULTURAL\u00a0 - Kuali<\/title>\n<meta name=\"robots\" content=\"index, follow, max-snippet:-1, max-image-preview:large, max-video-preview:-1\" \/>\n<link rel=\"canonical\" href=\"https:\/\/kuali.com.mx\/web\/2022\/12\/23\/es-banda-de-musica-del-estado-patrimonio-cultural\/\" \/>\n<meta property=\"og:locale\" content=\"es_MX\" \/>\n<meta property=\"og:type\" content=\"article\" \/>\n<meta property=\"og:title\" content=\"ES BANDA DE M\u00daSICA DEL ESTADO PATRIMONIO CULTURAL\u00a0 - Kuali\" \/>\n<meta property=\"og:description\" content=\"Kuali\/Guanajuato, Gto.-&nbsp;La Banda de M\u00fasica del Estado se convirti\u00f3 este viernes en la primera agrupaci\u00f3n art\u00edstica de Guanajuato en contar con el reconocimiento oficial como Patrimonio Cultural Intangible, al entrar en vigor el decreto gubernativo n\u00famero 130 firmado por el gobernador Diego Sinhue Rodr\u00edguez Vallejo. El decreto, publicado un d\u00eda antes en el Peri\u00f3dico Oficial [&hellip;]\" \/>\n<meta property=\"og:url\" content=\"https:\/\/kuali.com.mx\/web\/2022\/12\/23\/es-banda-de-musica-del-estado-patrimonio-cultural\/\" \/>\n<meta property=\"og:site_name\" content=\"Kuali\" \/>\n<meta property=\"article:publisher\" content=\"https:\/\/kuali.com.mx\/web\/wp-content\/uploads\/2018\/04\/cropped-kuali_logo-1-1.png\" \/>\n<meta property=\"article:published_time\" content=\"2022-12-24T01:26:13+00:00\" \/>\n<meta property=\"article:modified_time\" content=\"2022-12-24T15:31:56+00:00\" \/>\n<meta property=\"og:image\" content=\"https:\/\/kuali.com.mx\/web\/wp-content\/uploads\/2022\/12\/Copia-de-BANDA.jpg\" \/>\n\t<meta property=\"og:image:width\" content=\"1632\" \/>\n\t<meta property=\"og:image:height\" content=\"750\" \/>\n\t<meta property=\"og:image:type\" content=\"image\/jpeg\" \/>\n<meta name=\"author\" content=\"Kuali Staff\" \/>\n<meta name=\"twitter:card\" content=\"summary_large_image\" \/>\n<meta name=\"twitter:creator\" content=\"@kuali_noticias\" \/>\n<meta name=\"twitter:site\" content=\"@kuali_noticias\" \/>\n<meta name=\"twitter:label1\" content=\"Escrito por\" \/>\n\t<meta name=\"twitter:data1\" content=\"Kuali Staff\" \/>\n\t<meta name=\"twitter:label2\" content=\"Tiempo de lectura\" \/>\n\t<meta name=\"twitter:data2\" content=\"3 minutos\" \/>\n<script type=\"application\/ld+json\" class=\"yoast-schema-graph\">{\"@context\":\"https:\\\/\\\/schema.org\",\"@graph\":[{\"@type\":\"Article\",\"@id\":\"https:\\\/\\\/kuali.com.mx\\\/web\\\/2022\\\/12\\\/23\\\/es-banda-de-musica-del-estado-patrimonio-cultural\\\/#article\",\"isPartOf\":{\"@id\":\"https:\\\/\\\/kuali.com.mx\\\/web\\\/2022\\\/12\\\/23\\\/es-banda-de-musica-del-estado-patrimonio-cultural\\\/\"},\"author\":{\"name\":\"Kuali Staff\",\"@id\":\"https:\\\/\\\/kuali.com.mx\\\/web\\\/#\\\/schema\\\/person\\\/6f89ffa8ecba9dae50662357923c5289\"},\"headline\":\"ES BANDA DE M\u00daSICA DEL ESTADO PATRIMONIO CULTURAL\u00a0\",\"datePublished\":\"2022-12-24T01:26:13+00:00\",\"dateModified\":\"2022-12-24T15:31:56+00:00\",\"mainEntityOfPage\":{\"@id\":\"https:\\\/\\\/kuali.com.mx\\\/web\\\/2022\\\/12\\\/23\\\/es-banda-de-musica-del-estado-patrimonio-cultural\\\/\"},\"wordCount\":559,\"commentCount\":0,\"image\":{\"@id\":\"https:\\\/\\\/kuali.com.mx\\\/web\\\/2022\\\/12\\\/23\\\/es-banda-de-musica-del-estado-patrimonio-cultural\\\/#primaryimage\"},\"thumbnailUrl\":\"https:\\\/\\\/kuali.com.mx\\\/web\\\/wp-content\\\/uploads\\\/2022\\\/12\\\/Copia-de-BANDA.jpg\",\"articleSection\":[\"Cultura\",\"slider\"],\"inLanguage\":\"es\",\"potentialAction\":[{\"@type\":\"CommentAction\",\"name\":\"Comment\",\"target\":[\"https:\\\/\\\/kuali.com.mx\\\/web\\\/2022\\\/12\\\/23\\\/es-banda-de-musica-del-estado-patrimonio-cultural\\\/#respond\"]}]},{\"@type\":\"WebPage\",\"@id\":\"https:\\\/\\\/kuali.com.mx\\\/web\\\/2022\\\/12\\\/23\\\/es-banda-de-musica-del-estado-patrimonio-cultural\\\/\",\"url\":\"https:\\\/\\\/kuali.com.mx\\\/web\\\/2022\\\/12\\\/23\\\/es-banda-de-musica-del-estado-patrimonio-cultural\\\/\",\"name\":\"ES BANDA DE M\u00daSICA DEL ESTADO PATRIMONIO CULTURAL\u00a0 - Kuali\",\"isPartOf\":{\"@id\":\"https:\\\/\\\/kuali.com.mx\\\/web\\\/#website\"},\"primaryImageOfPage\":{\"@id\":\"https:\\\/\\\/kuali.com.mx\\\/web\\\/2022\\\/12\\\/23\\\/es-banda-de-musica-del-estado-patrimonio-cultural\\\/#primaryimage\"},\"image\":{\"@id\":\"https:\\\/\\\/kuali.com.mx\\\/web\\\/2022\\\/12\\\/23\\\/es-banda-de-musica-del-estado-patrimonio-cultural\\\/#primaryimage\"},\"thumbnailUrl\":\"https:\\\/\\\/kuali.com.mx\\\/web\\\/wp-content\\\/uploads\\\/2022\\\/12\\\/Copia-de-BANDA.jpg\",\"datePublished\":\"2022-12-24T01:26:13+00:00\",\"dateModified\":\"2022-12-24T15:31:56+00:00\",\"author\":{\"@id\":\"https:\\\/\\\/kuali.com.mx\\\/web\\\/#\\\/schema\\\/person\\\/6f89ffa8ecba9dae50662357923c5289\"},\"breadcrumb\":{\"@id\":\"https:\\\/\\\/kuali.com.mx\\\/web\\\/2022\\\/12\\\/23\\\/es-banda-de-musica-del-estado-patrimonio-cultural\\\/#breadcrumb\"},\"inLanguage\":\"es\",\"potentialAction\":[{\"@type\":\"ReadAction\",\"target\":[\"https:\\\/\\\/kuali.com.mx\\\/web\\\/2022\\\/12\\\/23\\\/es-banda-de-musica-del-estado-patrimonio-cultural\\\/\"]}]},{\"@type\":\"ImageObject\",\"inLanguage\":\"es\",\"@id\":\"https:\\\/\\\/kuali.com.mx\\\/web\\\/2022\\\/12\\\/23\\\/es-banda-de-musica-del-estado-patrimonio-cultural\\\/#primaryimage\",\"url\":\"https:\\\/\\\/kuali.com.mx\\\/web\\\/wp-content\\\/uploads\\\/2022\\\/12\\\/Copia-de-BANDA.jpg\",\"contentUrl\":\"https:\\\/\\\/kuali.com.mx\\\/web\\\/wp-content\\\/uploads\\\/2022\\\/12\\\/Copia-de-BANDA.jpg\",\"width\":1632,\"height\":750},{\"@type\":\"BreadcrumbList\",\"@id\":\"https:\\\/\\\/kuali.com.mx\\\/web\\\/2022\\\/12\\\/23\\\/es-banda-de-musica-del-estado-patrimonio-cultural\\\/#breadcrumb\",\"itemListElement\":[{\"@type\":\"ListItem\",\"position\":1,\"name\":\"Inicio\",\"item\":\"https:\\\/\\\/kuali.com.mx\\\/web\\\/\"},{\"@type\":\"ListItem\",\"position\":2,\"name\":\"ES BANDA DE M\u00daSICA DEL ESTADO PATRIMONIO CULTURAL\u00a0\"}]},{\"@type\":\"WebSite\",\"@id\":\"https:\\\/\\\/kuali.com.mx\\\/web\\\/#website\",\"url\":\"https:\\\/\\\/kuali.com.mx\\\/web\\\/\",\"name\":\"Kuali\",\"description\":\"\",\"potentialAction\":[{\"@type\":\"SearchAction\",\"target\":{\"@type\":\"EntryPoint\",\"urlTemplate\":\"https:\\\/\\\/kuali.com.mx\\\/web\\\/?s={search_term_string}\"},\"query-input\":{\"@type\":\"PropertyValueSpecification\",\"valueRequired\":true,\"valueName\":\"search_term_string\"}}],\"inLanguage\":\"es\"},{\"@type\":\"Person\",\"@id\":\"https:\\\/\\\/kuali.com.mx\\\/web\\\/#\\\/schema\\\/person\\\/6f89ffa8ecba9dae50662357923c5289\",\"name\":\"Kuali Staff\",\"image\":{\"@type\":\"ImageObject\",\"inLanguage\":\"es\",\"@id\":\"https:\\\/\\\/secure.gravatar.com\\\/avatar\\\/f917ad82e5ab71227a733c78b6e60715476f69ee6be59feee4eb5d9920c89e0f?s=96&d=mm&r=g\",\"url\":\"https:\\\/\\\/secure.gravatar.com\\\/avatar\\\/f917ad82e5ab71227a733c78b6e60715476f69ee6be59feee4eb5d9920c89e0f?s=96&d=mm&r=g\",\"contentUrl\":\"https:\\\/\\\/secure.gravatar.com\\\/avatar\\\/f917ad82e5ab71227a733c78b6e60715476f69ee6be59feee4eb5d9920c89e0f?s=96&d=mm&r=g\",\"caption\":\"Kuali Staff\"},\"url\":\"https:\\\/\\\/kuali.com.mx\\\/web\\\/author\\\/lagarto\\\/\"}]}<\/script>\n<!-- \/ Yoast SEO plugin. -->","yoast_head_json":{"title":"ES BANDA DE M\u00daSICA DEL ESTADO PATRIMONIO CULTURAL\u00a0 - Kuali","robots":{"index":"index","follow":"follow","max-snippet":"max-snippet:-1","max-image-preview":"max-image-preview:large","max-video-preview":"max-video-preview:-1"},"canonical":"https:\/\/kuali.com.mx\/web\/2022\/12\/23\/es-banda-de-musica-del-estado-patrimonio-cultural\/","og_locale":"es_MX","og_type":"article","og_title":"ES BANDA DE M\u00daSICA DEL ESTADO PATRIMONIO CULTURAL\u00a0 - Kuali","og_description":"Kuali\/Guanajuato, Gto.-&nbsp;La Banda de M\u00fasica del Estado se convirti\u00f3 este viernes en la primera agrupaci\u00f3n art\u00edstica de Guanajuato en contar con el reconocimiento oficial como Patrimonio Cultural Intangible, al entrar en vigor el decreto gubernativo n\u00famero 130 firmado por el gobernador Diego Sinhue Rodr\u00edguez Vallejo. El decreto, publicado un d\u00eda antes en el Peri\u00f3dico Oficial [&hellip;]","og_url":"https:\/\/kuali.com.mx\/web\/2022\/12\/23\/es-banda-de-musica-del-estado-patrimonio-cultural\/","og_site_name":"Kuali","article_publisher":"https:\/\/kuali.com.mx\/web\/wp-content\/uploads\/2018\/04\/cropped-kuali_logo-1-1.png","article_published_time":"2022-12-24T01:26:13+00:00","article_modified_time":"2022-12-24T15:31:56+00:00","og_image":[{"width":1632,"height":750,"url":"https:\/\/kuali.com.mx\/web\/wp-content\/uploads\/2022\/12\/Copia-de-BANDA.jpg","type":"image\/jpeg"}],"author":"Kuali Staff","twitter_card":"summary_large_image","twitter_creator":"@kuali_noticias","twitter_site":"@kuali_noticias","twitter_misc":{"Escrito por":"Kuali Staff","Tiempo de lectura":"3 minutos"},"schema":{"@context":"https:\/\/schema.org","@graph":[{"@type":"Article","@id":"https:\/\/kuali.com.mx\/web\/2022\/12\/23\/es-banda-de-musica-del-estado-patrimonio-cultural\/#article","isPartOf":{"@id":"https:\/\/kuali.com.mx\/web\/2022\/12\/23\/es-banda-de-musica-del-estado-patrimonio-cultural\/"},"author":{"name":"Kuali Staff","@id":"https:\/\/kuali.com.mx\/web\/#\/schema\/person\/6f89ffa8ecba9dae50662357923c5289"},"headline":"ES BANDA DE M\u00daSICA DEL ESTADO PATRIMONIO CULTURAL\u00a0","datePublished":"2022-12-24T01:26:13+00:00","dateModified":"2022-12-24T15:31:56+00:00","mainEntityOfPage":{"@id":"https:\/\/kuali.com.mx\/web\/2022\/12\/23\/es-banda-de-musica-del-estado-patrimonio-cultural\/"},"wordCount":559,"commentCount":0,"image":{"@id":"https:\/\/kuali.com.mx\/web\/2022\/12\/23\/es-banda-de-musica-del-estado-patrimonio-cultural\/#primaryimage"},"thumbnailUrl":"https:\/\/kuali.com.mx\/web\/wp-content\/uploads\/2022\/12\/Copia-de-BANDA.jpg","articleSection":["Cultura","slider"],"inLanguage":"es","potentialAction":[{"@type":"CommentAction","name":"Comment","target":["https:\/\/kuali.com.mx\/web\/2022\/12\/23\/es-banda-de-musica-del-estado-patrimonio-cultural\/#respond"]}]},{"@type":"WebPage","@id":"https:\/\/kuali.com.mx\/web\/2022\/12\/23\/es-banda-de-musica-del-estado-patrimonio-cultural\/","url":"https:\/\/kuali.com.mx\/web\/2022\/12\/23\/es-banda-de-musica-del-estado-patrimonio-cultural\/","name":"ES BANDA DE M\u00daSICA DEL ESTADO PATRIMONIO CULTURAL\u00a0 - Kuali","isPartOf":{"@id":"https:\/\/kuali.com.mx\/web\/#website"},"primaryImageOfPage":{"@id":"https:\/\/kuali.com.mx\/web\/2022\/12\/23\/es-banda-de-musica-del-estado-patrimonio-cultural\/#primaryimage"},"image":{"@id":"https:\/\/kuali.com.mx\/web\/2022\/12\/23\/es-banda-de-musica-del-estado-patrimonio-cultural\/#primaryimage"},"thumbnailUrl":"https:\/\/kuali.com.mx\/web\/wp-content\/uploads\/2022\/12\/Copia-de-BANDA.jpg","datePublished":"2022-12-24T01:26:13+00:00","dateModified":"2022-12-24T15:31:56+00:00","author":{"@id":"https:\/\/kuali.com.mx\/web\/#\/schema\/person\/6f89ffa8ecba9dae50662357923c5289"},"breadcrumb":{"@id":"https:\/\/kuali.com.mx\/web\/2022\/12\/23\/es-banda-de-musica-del-estado-patrimonio-cultural\/#breadcrumb"},"inLanguage":"es","potentialAction":[{"@type":"ReadAction","target":["https:\/\/kuali.com.mx\/web\/2022\/12\/23\/es-banda-de-musica-del-estado-patrimonio-cultural\/"]}]},{"@type":"ImageObject","inLanguage":"es","@id":"https:\/\/kuali.com.mx\/web\/2022\/12\/23\/es-banda-de-musica-del-estado-patrimonio-cultural\/#primaryimage","url":"https:\/\/kuali.com.mx\/web\/wp-content\/uploads\/2022\/12\/Copia-de-BANDA.jpg","contentUrl":"https:\/\/kuali.com.mx\/web\/wp-content\/uploads\/2022\/12\/Copia-de-BANDA.jpg","width":1632,"height":750},{"@type":"BreadcrumbList","@id":"https:\/\/kuali.com.mx\/web\/2022\/12\/23\/es-banda-de-musica-del-estado-patrimonio-cultural\/#breadcrumb","itemListElement":[{"@type":"ListItem","position":1,"name":"Inicio","item":"https:\/\/kuali.com.mx\/web\/"},{"@type":"ListItem","position":2,"name":"ES BANDA DE M\u00daSICA DEL ESTADO PATRIMONIO CULTURAL\u00a0"}]},{"@type":"WebSite","@id":"https:\/\/kuali.com.mx\/web\/#website","url":"https:\/\/kuali.com.mx\/web\/","name":"Kuali","description":"","potentialAction":[{"@type":"SearchAction","target":{"@type":"EntryPoint","urlTemplate":"https:\/\/kuali.com.mx\/web\/?s={search_term_string}"},"query-input":{"@type":"PropertyValueSpecification","valueRequired":true,"valueName":"search_term_string"}}],"inLanguage":"es"},{"@type":"Person","@id":"https:\/\/kuali.com.mx\/web\/#\/schema\/person\/6f89ffa8ecba9dae50662357923c5289","name":"Kuali Staff","image":{"@type":"ImageObject","inLanguage":"es","@id":"https:\/\/secure.gravatar.com\/avatar\/f917ad82e5ab71227a733c78b6e60715476f69ee6be59feee4eb5d9920c89e0f?s=96&d=mm&r=g","url":"https:\/\/secure.gravatar.com\/avatar\/f917ad82e5ab71227a733c78b6e60715476f69ee6be59feee4eb5d9920c89e0f?s=96&d=mm&r=g","contentUrl":"https:\/\/secure.gravatar.com\/avatar\/f917ad82e5ab71227a733c78b6e60715476f69ee6be59feee4eb5d9920c89e0f?s=96&d=mm&r=g","caption":"Kuali Staff"},"url":"https:\/\/kuali.com.mx\/web\/author\/lagarto\/"}]}},"_links":{"self":[{"href":"https:\/\/kuali.com.mx\/web\/wp-json\/wp\/v2\/posts\/109670","targetHints":{"allow":["GET"]}}],"collection":[{"href":"https:\/\/kuali.com.mx\/web\/wp-json\/wp\/v2\/posts"}],"about":[{"href":"https:\/\/kuali.com.mx\/web\/wp-json\/wp\/v2\/types\/post"}],"author":[{"embeddable":true,"href":"https:\/\/kuali.com.mx\/web\/wp-json\/wp\/v2\/users\/2"}],"replies":[{"embeddable":true,"href":"https:\/\/kuali.com.mx\/web\/wp-json\/wp\/v2\/comments?post=109670"}],"version-history":[{"count":1,"href":"https:\/\/kuali.com.mx\/web\/wp-json\/wp\/v2\/posts\/109670\/revisions"}],"predecessor-version":[{"id":109673,"href":"https:\/\/kuali.com.mx\/web\/wp-json\/wp\/v2\/posts\/109670\/revisions\/109673"}],"wp:featuredmedia":[{"embeddable":true,"href":"https:\/\/kuali.com.mx\/web\/wp-json\/wp\/v2\/media\/109700"}],"wp:attachment":[{"href":"https:\/\/kuali.com.mx\/web\/wp-json\/wp\/v2\/media?parent=109670"}],"wp:term":[{"taxonomy":"category","embeddable":true,"href":"https:\/\/kuali.com.mx\/web\/wp-json\/wp\/v2\/categories?post=109670"},{"taxonomy":"post_tag","embeddable":true,"href":"https:\/\/kuali.com.mx\/web\/wp-json\/wp\/v2\/tags?post=109670"}],"curies":[{"name":"wp","href":"https:\/\/api.w.org\/{rel}","templated":true}]}}