{"id":109648,"date":"2022-12-23T00:01:05","date_gmt":"2022-12-23T06:01:05","guid":{"rendered":"https:\/\/kuali.com.mx\/web\/?p=109648"},"modified":"2022-12-23T12:44:52","modified_gmt":"2022-12-23T18:44:52","slug":"llega-frente-frio-no-19-habria-temperatira-de-menos-0c","status":"publish","type":"post","link":"https:\/\/kuali.com.mx\/web\/2022\/12\/23\/llega-frente-frio-no-19-habria-temperatira-de-menos-0c\/","title":{"rendered":"LLEGA FRENTE FR\u00cdO No. 19. HABR\u00cdA TEMPERATURA DE MENOS 0\u00b0C"},"content":{"rendered":"\n<p><strong>Kuali\/Guanajuato, Gto.-<\/strong> Con la entrada del frente fr\u00edo No. 19 la temperatura podr\u00eda descender de los 0\u00b0C en el estado de Guanajuato, inform\u00f3 la Coordinaci\u00f3n Estatal de Protecci\u00f3n Civil.<\/p>\n\n\n\n<p>El llamado a la poblaci\u00f3n es a extremar precauciones y mantenerse en zonas seguras ante la presencia de la \"onda g\u00e9lida generada por el frente fr\u00edo n\u00famero 19 y su masa de aire \u00e1rtica\" sobre Guanajuato y otros estados del pa\u00eds.<\/p>\n\n\n\n<p>De acuerdo al informe de la Coordinaci\u00f3n General del Servicio Meteorol\u00f3gico Nacional, estos fen\u00f3menos climatol\u00f3gicos ingresar\u00e1n por el norte del territorio nacional durante la tarde y noche de hoy, y se desplazar\u00e1n por el norte y noreste con intervalos de chubascos en el noreste y oriente del pa\u00eds.<\/p>\n\n\n\n<p>El frente fr\u00edo n\u00famero 19 y su masa de aire \u00e1rtica ocasionar\u00e1n bajas temperaturas qu\u00e9 afectar\u00e1 el noreste, centro, oriente y sureste de M\u00e9xico, con temperaturas por debajo de los cero grados cent\u00edgrados y heladas.<\/p>\n\n\n\n<p>Los estados donde se sentir\u00e1 m\u00e1s este fen\u00f3meno climatol\u00f3gico son Guanajuato, Chihuahua, Coahuila, Nuevo Le\u00f3n, Tamaulipas, Durango, San Luis Potos\u00ed, Aguascalientes, Quer\u00e9taro, Hidalgo, Puebla, Estado de M\u00e9xico, Ciudad de M\u00e9xico, Oaxaca, Chiapas y Veracruz.<\/p>\n\n\n\n<p>Habr\u00e1 notables descensos de temperatura y la producci\u00f3n de \u2018Norte\u2019 de muy fuerte e intenso, con rachas de 80 a 100 Km\/H y olas de 2 a 3 metros de altura durante la noche de hoy jueves y madrugada del viernes en las costas de Tamaulipas y el norte de Veracruz.<\/p>\n\n\n\n<p>Se contemplan lluvias de intensas a torrenciales en los estados de Veracruz, Tabasco, Oaxaca y Chiapas, adem\u00e1s de lluvias muy fuertes en Campeche, Yucat\u00e1n y Quintana del viernes 23 al lunes 26 de diciembre.<\/p>\n\n\n\n<p>De hoy jueves y durante la madrugada del viernes, se espera la ca\u00edda de nieve o aguanieve, en la Sierra de Coahuila, Nuevo Le\u00f3n y Tamaulipas, y puede extenderse durante el viernes, s\u00e1bado y domingo a San Luis Potos\u00ed, Quer\u00e9taro, Hidalgo, Veracruz, Puebla, Tlaxcala, Estado de M\u00e9xico y Ciudad de M\u00e9xico.<\/p>\n\n\n\n<p>La Coordinaci\u00f3n Nacional de Protecci\u00f3n Civil pide extremar precauciones en Veracruz, Oaxaca, Chiapas, Tabasco, Campeche, Yucat\u00e1n y Quintana Roo, pues se pronostican lluvias en rangos muy fuertes, intensas y torrenciales, qu\u00e9 podr\u00edan incrementar los niveles de r\u00edos, arroyos y provocar inundaciones y deslaves en zonas bajas.<\/p>\n\n\n\n<p>Para los estados del Golfo de M\u00e9xico, se pide tambi\u00e9n atender a las autoridades portuarias para la navegaci\u00f3n mar\u00edtima debido al viento intenso y al oleaje elevado generados por el \u2018Norte\u2019.<\/p>\n","protected":false},"excerpt":{"rendered":"Kuali\/Guanajuato, Gto.- Con la entrada del frente fr\u00edo No. 19 la temperatura podr\u00eda descender de los 0\u00b0C en el estado de Guanajuato, inform\u00f3 la Coordinaci\u00f3n Estatal de Protecci\u00f3n Civil. El llamado a la poblaci\u00f3n es a extremar precauciones y mantenerse en zonas seguras ante la presencia de la \"onda g\u00e9lida generada por el frente fr\u00edo [&hellip;]","protected":false},"author":2,"featured_media":47492,"comment_status":"open","ping_status":"open","sticky":false,"template":"","format":"standard","meta":{"_seopress_robots_primary_cat":"none","_seopress_titles_title":"","_seopress_titles_desc":"","_seopress_robots_index":"","_monsterinsights_skip_tracking":false,"_monsterinsights_sitenote_active":false,"_monsterinsights_sitenote_note":"","_monsterinsights_sitenote_category":0,"footnotes":""},"categories":[17,69],"tags":[1602,9,187,1601],"class_list":["post-109648","post","type-post","status-publish","format-standard","has-post-thumbnail","hentry","category-ecologia","category-slider","tag-frente-frio","tag-guanajuato","tag-medio-ambiente","tag-temporada-invernal"],"yoast_head":"<!-- This site is optimized with the Yoast SEO plugin v27.4 - https:\/\/yoast.com\/product\/yoast-seo-wordpress\/ -->\n<title>LLEGA FRENTE FR\u00cdO No. 19. HABR\u00cdA TEMPERATURA DE MENOS 0\u00b0C - Kuali<\/title>\n<meta name=\"robots\" content=\"index, follow, max-snippet:-1, max-image-preview:large, max-video-preview:-1\" \/>\n<link rel=\"canonical\" href=\"https:\/\/kuali.com.mx\/web\/2022\/12\/23\/llega-frente-frio-no-19-habria-temperatira-de-menos-0c\/\" \/>\n<meta property=\"og:locale\" content=\"es_MX\" \/>\n<meta property=\"og:type\" content=\"article\" \/>\n<meta property=\"og:title\" content=\"LLEGA FRENTE FR\u00cdO No. 19. HABR\u00cdA TEMPERATURA DE MENOS 0\u00b0C - Kuali\" \/>\n<meta property=\"og:description\" content=\"Kuali\/Guanajuato, Gto.- Con la entrada del frente fr\u00edo No. 19 la temperatura podr\u00eda descender de los 0\u00b0C en el estado de Guanajuato, inform\u00f3 la Coordinaci\u00f3n Estatal de Protecci\u00f3n Civil. El llamado a la poblaci\u00f3n es a extremar precauciones y mantenerse en zonas seguras ante la presencia de la &quot;onda g\u00e9lida generada por el frente fr\u00edo [&hellip;]\" \/>\n<meta property=\"og:url\" content=\"https:\/\/kuali.com.mx\/web\/2022\/12\/23\/llega-frente-frio-no-19-habria-temperatira-de-menos-0c\/\" \/>\n<meta property=\"og:site_name\" content=\"Kuali\" \/>\n<meta property=\"article:publisher\" content=\"https:\/\/kuali.com.mx\/web\/wp-content\/uploads\/2018\/04\/cropped-kuali_logo-1-1.png\" \/>\n<meta property=\"article:published_time\" content=\"2022-12-23T06:01:05+00:00\" \/>\n<meta property=\"article:modified_time\" content=\"2022-12-23T18:44:52+00:00\" \/>\n<meta property=\"og:image\" content=\"https:\/\/kuali.com.mx\/web\/wp-content\/uploads\/2018\/11\/Fr\u00edo-ropa-invierno.jpg\" \/>\n\t<meta property=\"og:image:width\" content=\"1902\" \/>\n\t<meta property=\"og:image:height\" content=\"750\" \/>\n\t<meta property=\"og:image:type\" content=\"image\/jpeg\" \/>\n<meta name=\"author\" content=\"Kuali Staff\" \/>\n<meta name=\"twitter:card\" content=\"summary_large_image\" \/>\n<meta name=\"twitter:creator\" content=\"@kuali_noticias\" \/>\n<meta name=\"twitter:site\" content=\"@kuali_noticias\" \/>\n<meta name=\"twitter:label1\" content=\"Escrito por\" \/>\n\t<meta name=\"twitter:data1\" content=\"Kuali Staff\" \/>\n\t<meta name=\"twitter:label2\" content=\"Tiempo de lectura\" \/>\n\t<meta name=\"twitter:data2\" content=\"2 minutos\" \/>\n<script type=\"application\/ld+json\" class=\"yoast-schema-graph\">{\"@context\":\"https:\\\/\\\/schema.org\",\"@graph\":[{\"@type\":\"Article\",\"@id\":\"https:\\\/\\\/kuali.com.mx\\\/web\\\/2022\\\/12\\\/23\\\/llega-frente-frio-no-19-habria-temperatira-de-menos-0c\\\/#article\",\"isPartOf\":{\"@id\":\"https:\\\/\\\/kuali.com.mx\\\/web\\\/2022\\\/12\\\/23\\\/llega-frente-frio-no-19-habria-temperatira-de-menos-0c\\\/\"},\"author\":{\"name\":\"Kuali Staff\",\"@id\":\"https:\\\/\\\/kuali.com.mx\\\/web\\\/#\\\/schema\\\/person\\\/6f89ffa8ecba9dae50662357923c5289\"},\"headline\":\"LLEGA FRENTE FR\u00cdO No. 19. HABR\u00cdA TEMPERATURA DE MENOS 0\u00b0C\",\"datePublished\":\"2022-12-23T06:01:05+00:00\",\"dateModified\":\"2022-12-23T18:44:52+00:00\",\"mainEntityOfPage\":{\"@id\":\"https:\\\/\\\/kuali.com.mx\\\/web\\\/2022\\\/12\\\/23\\\/llega-frente-frio-no-19-habria-temperatira-de-menos-0c\\\/\"},\"wordCount\":451,\"commentCount\":0,\"image\":{\"@id\":\"https:\\\/\\\/kuali.com.mx\\\/web\\\/2022\\\/12\\\/23\\\/llega-frente-frio-no-19-habria-temperatira-de-menos-0c\\\/#primaryimage\"},\"thumbnailUrl\":\"https:\\\/\\\/kuali.com.mx\\\/web\\\/wp-content\\\/uploads\\\/2018\\\/11\\\/Fr\u00edo-ropa-invierno.jpg\",\"keywords\":[\"Frente fr\u00edo\",\"Guanajuato\",\"Medio ambiente\",\"Temporada invernal\"],\"articleSection\":[\"Ecolog\u00eda\",\"slider\"],\"inLanguage\":\"es\",\"potentialAction\":[{\"@type\":\"CommentAction\",\"name\":\"Comment\",\"target\":[\"https:\\\/\\\/kuali.com.mx\\\/web\\\/2022\\\/12\\\/23\\\/llega-frente-frio-no-19-habria-temperatira-de-menos-0c\\\/#respond\"]}]},{\"@type\":\"WebPage\",\"@id\":\"https:\\\/\\\/kuali.com.mx\\\/web\\\/2022\\\/12\\\/23\\\/llega-frente-frio-no-19-habria-temperatira-de-menos-0c\\\/\",\"url\":\"https:\\\/\\\/kuali.com.mx\\\/web\\\/2022\\\/12\\\/23\\\/llega-frente-frio-no-19-habria-temperatira-de-menos-0c\\\/\",\"name\":\"LLEGA FRENTE FR\u00cdO No. 19. HABR\u00cdA TEMPERATURA DE MENOS 0\u00b0C - Kuali\",\"isPartOf\":{\"@id\":\"https:\\\/\\\/kuali.com.mx\\\/web\\\/#website\"},\"primaryImageOfPage\":{\"@id\":\"https:\\\/\\\/kuali.com.mx\\\/web\\\/2022\\\/12\\\/23\\\/llega-frente-frio-no-19-habria-temperatira-de-menos-0c\\\/#primaryimage\"},\"image\":{\"@id\":\"https:\\\/\\\/kuali.com.mx\\\/web\\\/2022\\\/12\\\/23\\\/llega-frente-frio-no-19-habria-temperatira-de-menos-0c\\\/#primaryimage\"},\"thumbnailUrl\":\"https:\\\/\\\/kuali.com.mx\\\/web\\\/wp-content\\\/uploads\\\/2018\\\/11\\\/Fr\u00edo-ropa-invierno.jpg\",\"datePublished\":\"2022-12-23T06:01:05+00:00\",\"dateModified\":\"2022-12-23T18:44:52+00:00\",\"author\":{\"@id\":\"https:\\\/\\\/kuali.com.mx\\\/web\\\/#\\\/schema\\\/person\\\/6f89ffa8ecba9dae50662357923c5289\"},\"breadcrumb\":{\"@id\":\"https:\\\/\\\/kuali.com.mx\\\/web\\\/2022\\\/12\\\/23\\\/llega-frente-frio-no-19-habria-temperatira-de-menos-0c\\\/#breadcrumb\"},\"inLanguage\":\"es\",\"potentialAction\":[{\"@type\":\"ReadAction\",\"target\":[\"https:\\\/\\\/kuali.com.mx\\\/web\\\/2022\\\/12\\\/23\\\/llega-frente-frio-no-19-habria-temperatira-de-menos-0c\\\/\"]}]},{\"@type\":\"ImageObject\",\"inLanguage\":\"es\",\"@id\":\"https:\\\/\\\/kuali.com.mx\\\/web\\\/2022\\\/12\\\/23\\\/llega-frente-frio-no-19-habria-temperatira-de-menos-0c\\\/#primaryimage\",\"url\":\"https:\\\/\\\/kuali.com.mx\\\/web\\\/wp-content\\\/uploads\\\/2018\\\/11\\\/Fr\u00edo-ropa-invierno.jpg\",\"contentUrl\":\"https:\\\/\\\/kuali.com.mx\\\/web\\\/wp-content\\\/uploads\\\/2018\\\/11\\\/Fr\u00edo-ropa-invierno.jpg\",\"width\":1902,\"height\":750},{\"@type\":\"BreadcrumbList\",\"@id\":\"https:\\\/\\\/kuali.com.mx\\\/web\\\/2022\\\/12\\\/23\\\/llega-frente-frio-no-19-habria-temperatira-de-menos-0c\\\/#breadcrumb\",\"itemListElement\":[{\"@type\":\"ListItem\",\"position\":1,\"name\":\"Inicio\",\"item\":\"https:\\\/\\\/kuali.com.mx\\\/web\\\/\"},{\"@type\":\"ListItem\",\"position\":2,\"name\":\"LLEGA FRENTE FR\u00cdO No. 19. HABR\u00cdA TEMPERATURA DE MENOS 0\u00b0C\"}]},{\"@type\":\"WebSite\",\"@id\":\"https:\\\/\\\/kuali.com.mx\\\/web\\\/#website\",\"url\":\"https:\\\/\\\/kuali.com.mx\\\/web\\\/\",\"name\":\"Kuali\",\"description\":\"\",\"potentialAction\":[{\"@type\":\"SearchAction\",\"target\":{\"@type\":\"EntryPoint\",\"urlTemplate\":\"https:\\\/\\\/kuali.com.mx\\\/web\\\/?s={search_term_string}\"},\"query-input\":{\"@type\":\"PropertyValueSpecification\",\"valueRequired\":true,\"valueName\":\"search_term_string\"}}],\"inLanguage\":\"es\"},{\"@type\":\"Person\",\"@id\":\"https:\\\/\\\/kuali.com.mx\\\/web\\\/#\\\/schema\\\/person\\\/6f89ffa8ecba9dae50662357923c5289\",\"name\":\"Kuali Staff\",\"image\":{\"@type\":\"ImageObject\",\"inLanguage\":\"es\",\"@id\":\"https:\\\/\\\/secure.gravatar.com\\\/avatar\\\/f917ad82e5ab71227a733c78b6e60715476f69ee6be59feee4eb5d9920c89e0f?s=96&d=mm&r=g\",\"url\":\"https:\\\/\\\/secure.gravatar.com\\\/avatar\\\/f917ad82e5ab71227a733c78b6e60715476f69ee6be59feee4eb5d9920c89e0f?s=96&d=mm&r=g\",\"contentUrl\":\"https:\\\/\\\/secure.gravatar.com\\\/avatar\\\/f917ad82e5ab71227a733c78b6e60715476f69ee6be59feee4eb5d9920c89e0f?s=96&d=mm&r=g\",\"caption\":\"Kuali Staff\"},\"url\":\"https:\\\/\\\/kuali.com.mx\\\/web\\\/author\\\/lagarto\\\/\"}]}<\/script>\n<!-- \/ Yoast SEO plugin. -->","yoast_head_json":{"title":"LLEGA FRENTE FR\u00cdO No. 19. HABR\u00cdA TEMPERATURA DE MENOS 0\u00b0C - Kuali","robots":{"index":"index","follow":"follow","max-snippet":"max-snippet:-1","max-image-preview":"max-image-preview:large","max-video-preview":"max-video-preview:-1"},"canonical":"https:\/\/kuali.com.mx\/web\/2022\/12\/23\/llega-frente-frio-no-19-habria-temperatira-de-menos-0c\/","og_locale":"es_MX","og_type":"article","og_title":"LLEGA FRENTE FR\u00cdO No. 19. HABR\u00cdA TEMPERATURA DE MENOS 0\u00b0C - Kuali","og_description":"Kuali\/Guanajuato, Gto.- Con la entrada del frente fr\u00edo No. 19 la temperatura podr\u00eda descender de los 0\u00b0C en el estado de Guanajuato, inform\u00f3 la Coordinaci\u00f3n Estatal de Protecci\u00f3n Civil. El llamado a la poblaci\u00f3n es a extremar precauciones y mantenerse en zonas seguras ante la presencia de la \"onda g\u00e9lida generada por el frente fr\u00edo [&hellip;]","og_url":"https:\/\/kuali.com.mx\/web\/2022\/12\/23\/llega-frente-frio-no-19-habria-temperatira-de-menos-0c\/","og_site_name":"Kuali","article_publisher":"https:\/\/kuali.com.mx\/web\/wp-content\/uploads\/2018\/04\/cropped-kuali_logo-1-1.png","article_published_time":"2022-12-23T06:01:05+00:00","article_modified_time":"2022-12-23T18:44:52+00:00","og_image":[{"width":1902,"height":750,"url":"https:\/\/kuali.com.mx\/web\/wp-content\/uploads\/2018\/11\/Fr\u00edo-ropa-invierno.jpg","type":"image\/jpeg"}],"author":"Kuali Staff","twitter_card":"summary_large_image","twitter_creator":"@kuali_noticias","twitter_site":"@kuali_noticias","twitter_misc":{"Escrito por":"Kuali Staff","Tiempo de lectura":"2 minutos"},"schema":{"@context":"https:\/\/schema.org","@graph":[{"@type":"Article","@id":"https:\/\/kuali.com.mx\/web\/2022\/12\/23\/llega-frente-frio-no-19-habria-temperatira-de-menos-0c\/#article","isPartOf":{"@id":"https:\/\/kuali.com.mx\/web\/2022\/12\/23\/llega-frente-frio-no-19-habria-temperatira-de-menos-0c\/"},"author":{"name":"Kuali Staff","@id":"https:\/\/kuali.com.mx\/web\/#\/schema\/person\/6f89ffa8ecba9dae50662357923c5289"},"headline":"LLEGA FRENTE FR\u00cdO No. 19. HABR\u00cdA TEMPERATURA DE MENOS 0\u00b0C","datePublished":"2022-12-23T06:01:05+00:00","dateModified":"2022-12-23T18:44:52+00:00","mainEntityOfPage":{"@id":"https:\/\/kuali.com.mx\/web\/2022\/12\/23\/llega-frente-frio-no-19-habria-temperatira-de-menos-0c\/"},"wordCount":451,"commentCount":0,"image":{"@id":"https:\/\/kuali.com.mx\/web\/2022\/12\/23\/llega-frente-frio-no-19-habria-temperatira-de-menos-0c\/#primaryimage"},"thumbnailUrl":"https:\/\/kuali.com.mx\/web\/wp-content\/uploads\/2018\/11\/Fr\u00edo-ropa-invierno.jpg","keywords":["Frente fr\u00edo","Guanajuato","Medio ambiente","Temporada invernal"],"articleSection":["Ecolog\u00eda","slider"],"inLanguage":"es","potentialAction":[{"@type":"CommentAction","name":"Comment","target":["https:\/\/kuali.com.mx\/web\/2022\/12\/23\/llega-frente-frio-no-19-habria-temperatira-de-menos-0c\/#respond"]}]},{"@type":"WebPage","@id":"https:\/\/kuali.com.mx\/web\/2022\/12\/23\/llega-frente-frio-no-19-habria-temperatira-de-menos-0c\/","url":"https:\/\/kuali.com.mx\/web\/2022\/12\/23\/llega-frente-frio-no-19-habria-temperatira-de-menos-0c\/","name":"LLEGA FRENTE FR\u00cdO No. 19. HABR\u00cdA TEMPERATURA DE MENOS 0\u00b0C - Kuali","isPartOf":{"@id":"https:\/\/kuali.com.mx\/web\/#website"},"primaryImageOfPage":{"@id":"https:\/\/kuali.com.mx\/web\/2022\/12\/23\/llega-frente-frio-no-19-habria-temperatira-de-menos-0c\/#primaryimage"},"image":{"@id":"https:\/\/kuali.com.mx\/web\/2022\/12\/23\/llega-frente-frio-no-19-habria-temperatira-de-menos-0c\/#primaryimage"},"thumbnailUrl":"https:\/\/kuali.com.mx\/web\/wp-content\/uploads\/2018\/11\/Fr\u00edo-ropa-invierno.jpg","datePublished":"2022-12-23T06:01:05+00:00","dateModified":"2022-12-23T18:44:52+00:00","author":{"@id":"https:\/\/kuali.com.mx\/web\/#\/schema\/person\/6f89ffa8ecba9dae50662357923c5289"},"breadcrumb":{"@id":"https:\/\/kuali.com.mx\/web\/2022\/12\/23\/llega-frente-frio-no-19-habria-temperatira-de-menos-0c\/#breadcrumb"},"inLanguage":"es","potentialAction":[{"@type":"ReadAction","target":["https:\/\/kuali.com.mx\/web\/2022\/12\/23\/llega-frente-frio-no-19-habria-temperatira-de-menos-0c\/"]}]},{"@type":"ImageObject","inLanguage":"es","@id":"https:\/\/kuali.com.mx\/web\/2022\/12\/23\/llega-frente-frio-no-19-habria-temperatira-de-menos-0c\/#primaryimage","url":"https:\/\/kuali.com.mx\/web\/wp-content\/uploads\/2018\/11\/Fr\u00edo-ropa-invierno.jpg","contentUrl":"https:\/\/kuali.com.mx\/web\/wp-content\/uploads\/2018\/11\/Fr\u00edo-ropa-invierno.jpg","width":1902,"height":750},{"@type":"BreadcrumbList","@id":"https:\/\/kuali.com.mx\/web\/2022\/12\/23\/llega-frente-frio-no-19-habria-temperatira-de-menos-0c\/#breadcrumb","itemListElement":[{"@type":"ListItem","position":1,"name":"Inicio","item":"https:\/\/kuali.com.mx\/web\/"},{"@type":"ListItem","position":2,"name":"LLEGA FRENTE FR\u00cdO No. 19. HABR\u00cdA TEMPERATURA DE MENOS 0\u00b0C"}]},{"@type":"WebSite","@id":"https:\/\/kuali.com.mx\/web\/#website","url":"https:\/\/kuali.com.mx\/web\/","name":"Kuali","description":"","potentialAction":[{"@type":"SearchAction","target":{"@type":"EntryPoint","urlTemplate":"https:\/\/kuali.com.mx\/web\/?s={search_term_string}"},"query-input":{"@type":"PropertyValueSpecification","valueRequired":true,"valueName":"search_term_string"}}],"inLanguage":"es"},{"@type":"Person","@id":"https:\/\/kuali.com.mx\/web\/#\/schema\/person\/6f89ffa8ecba9dae50662357923c5289","name":"Kuali Staff","image":{"@type":"ImageObject","inLanguage":"es","@id":"https:\/\/secure.gravatar.com\/avatar\/f917ad82e5ab71227a733c78b6e60715476f69ee6be59feee4eb5d9920c89e0f?s=96&d=mm&r=g","url":"https:\/\/secure.gravatar.com\/avatar\/f917ad82e5ab71227a733c78b6e60715476f69ee6be59feee4eb5d9920c89e0f?s=96&d=mm&r=g","contentUrl":"https:\/\/secure.gravatar.com\/avatar\/f917ad82e5ab71227a733c78b6e60715476f69ee6be59feee4eb5d9920c89e0f?s=96&d=mm&r=g","caption":"Kuali Staff"},"url":"https:\/\/kuali.com.mx\/web\/author\/lagarto\/"}]}},"_links":{"self":[{"href":"https:\/\/kuali.com.mx\/web\/wp-json\/wp\/v2\/posts\/109648","targetHints":{"allow":["GET"]}}],"collection":[{"href":"https:\/\/kuali.com.mx\/web\/wp-json\/wp\/v2\/posts"}],"about":[{"href":"https:\/\/kuali.com.mx\/web\/wp-json\/wp\/v2\/types\/post"}],"author":[{"embeddable":true,"href":"https:\/\/kuali.com.mx\/web\/wp-json\/wp\/v2\/users\/2"}],"replies":[{"embeddable":true,"href":"https:\/\/kuali.com.mx\/web\/wp-json\/wp\/v2\/comments?post=109648"}],"version-history":[{"count":2,"href":"https:\/\/kuali.com.mx\/web\/wp-json\/wp\/v2\/posts\/109648\/revisions"}],"predecessor-version":[{"id":109664,"href":"https:\/\/kuali.com.mx\/web\/wp-json\/wp\/v2\/posts\/109648\/revisions\/109664"}],"wp:featuredmedia":[{"embeddable":true,"href":"https:\/\/kuali.com.mx\/web\/wp-json\/wp\/v2\/media\/47492"}],"wp:attachment":[{"href":"https:\/\/kuali.com.mx\/web\/wp-json\/wp\/v2\/media?parent=109648"}],"wp:term":[{"taxonomy":"category","embeddable":true,"href":"https:\/\/kuali.com.mx\/web\/wp-json\/wp\/v2\/categories?post=109648"},{"taxonomy":"post_tag","embeddable":true,"href":"https:\/\/kuali.com.mx\/web\/wp-json\/wp\/v2\/tags?post=109648"}],"curies":[{"name":"wp","href":"https:\/\/api.w.org\/{rel}","templated":true}]}}