{"id":109644,"date":"2022-12-22T23:46:46","date_gmt":"2022-12-23T05:46:46","guid":{"rendered":"https:\/\/kuali.com.mx\/web\/?p=109644"},"modified":"2022-12-23T10:08:45","modified_gmt":"2022-12-23T16:08:45","slug":"sheffield-si-puede-ser-candidato-a-gobernador-morena","status":"publish","type":"post","link":"https:\/\/kuali.com.mx\/web\/2022\/12\/22\/sheffield-si-puede-ser-candidato-a-gobernador-morena\/","title":{"rendered":"SHEFFIELD S\u00cd PUEDE SER CANDIDATO A GOBERNADOR: MORENA"},"content":{"rendered":"\n<p><strong>Alicia Arias\/Le\u00f3n, Gto.- <\/strong>La dirigencia estatal de Movimiento Regeneraci\u00f3n Nacional (Morena) sali\u00f3 a la defensa del procurador federal del consumidor y posible aspirante a la gubernatura de Guanajuato, Ricardo Sheffield Padilla. Le respondi\u00f3 al PAN que Sheffield s\u00ed puede participar como candidato en la contienda electoral del 2024.<\/p>\n\n\n\n<p>\u201cLa reacci\u00f3n del PAN es consecuencia de una encuesta publicada por El Universal, donde Morena trae 42 por ciento en intenci\u00f3n del voto contra 38 por ciento del PAN. Ellos est\u00e1n, ya, un poco alarmados con estos datos que nos est\u00e1n arrojando las encuestas y Sheffield es el favorito de los posibles aspirantes morenistas\u201d, dijo Jes\u00fas Ram\u00edrez Garibay, secretario general del Comit\u00e9 Ejecutivo Estatal (CEE) de Morena.<\/p>\n\n\n\n<iframe loading=\"lazy\" src=\"https:\/\/www.facebook.com\/plugins\/video.php?height=314&href=https%3A%2F%2Fwww.facebook.com%2FKualiNoticias%2Fvideos%2F822923542107757%2F&show_text=false&width=560&t=0\" width=\"560\" height=\"314\" style=\"border:none;overflow:hidden\" scrolling=\"no\" frameborder=\"0\" allowfullscreen=\"true\" allow=\"autoplay; clipboard-write; encrypted-media; picture-in-picture; web-share\" allowFullScreen=\"true\"><\/iframe>\n\n\n\n<p>La dirigencia estatal de Morena convoc\u00f3 este jueves a conferencia de prensa para fijar una postura p\u00fablica a los se\u00f1alamientos del dirigente estatal del Partido Acci\u00f3n Nacional, Eduardo L\u00f3pez Mares, quien declar\u00f3 el pasado martes que Sheffield no podr\u00eda ser candidato a la gubernatura porque tiene una sanci\u00f3n por haber incurrido en violencia pol\u00edtica de g\u00e9nero contra la alcaldesa de Le\u00f3n Alejandra Guti\u00e9rrez Campos&nbsp; cuando era candidata a la alcalde de Le\u00f3n, cargo por el que tambi\u00e9n compiti\u00f3 Ricardo Sheffield.<\/p>\n\n\n\n<blockquote class=\"wp-block-quote is-layout-flow wp-block-quote-is-layout-flow\"><p><em>\u201cEst\u00e1n tratando de atacarlo para buscar su inhabilitaci\u00f3n. Ricardo Sheffield siempre ha sido un pol\u00edtico inc\u00f3modo para la clase pol\u00edtica panista y vemos en estas reacciones parte de ello\u201d.<\/em><\/p><cite><em>Jes\u00fas Ram\u00edrez<\/em><\/cite><\/blockquote>\n\n\n\n<p>Tambi\u00e9n asegur\u00f3 Sheffield \u201cno tiene ning\u00fan impedimento constitucional ni legal\u201d porque los requisitos para una candidatura de elecci\u00f3n popular est\u00e1n establecidos en la constituci\u00f3ny en la ley electoral estatal y \u201cen ning\u00fan momento \u00e9l estar\u00eda inhabilitado porque cumple, cabalmente, estos requisitos\u201d.<\/p>\n\n\n\n<p>Explic\u00f3 que el dirigente panista hizo referencia a unos lineamentos que estuvieron vigentes en el proceso electoral 2021, conocidos como la declaraci\u00f3n 3 de 3.<\/p>\n\n\n\n<p>\u201cLos lineamientos, en ning\u00fan momento, pueden estar por encima, ni de la constituci\u00f3n ni de la ley electoral\u201d, expres\u00f3 Jes\u00fas Ram\u00edrez, al se\u00f1alar que Sheffield fue sancionado por cometer violencia pol\u00edtica con una \u201cfalta leve\u201d y que solamente estar\u00e1 inscrito por un periodo de tres meses en el padr\u00f3n de quienes cometen violencia pol\u00edtica de g\u00e9nero.<\/p>\n\n\n\n<p><strong>A LA DEFENSA DEL PARTIDO<\/strong><\/p>\n\n\n\n<p>\u201cSalimos en defensa, primero, del partido. Que no se metan en el proceso de elecci\u00f3n porque somos un partido que nos autogobernamos y tenemos nuestras normas y principios sobre las cuales vanos a definir nuestros candidatos en 2024\u201d, fue el mensaje que le envi\u00f3 Jes\u00fas Ram\u00edrez a L\u00f3pez Mares.<\/p>\n\n\n\n<p>A\u00f1adi\u00f3 Morena es qui\u00e9nes  ser\u00e1n sus candidatas y candidatos, quienes ser\u00e1n electos a trav\u00e9s del m\u00e9todo de encuesta.<\/p>\n\n\n\n<iframe loading=\"lazy\" src=\"https:\/\/www.facebook.com\/plugins\/video.php?height=314&href=https%3A%2F%2Fwww.facebook.com%2FKualiNoticias%2Fvideos%2F1303184500521405%2F&show_text=false&width=560&t=0\" width=\"560\" height=\"314\" style=\"border:none;overflow:hidden\" scrolling=\"no\" frameborder=\"0\" allowfullscreen=\"true\" allow=\"autoplay; clipboard-write; encrypted-media; picture-in-picture; web-share\" allowFullScreen=\"true\"><\/iframe>\n\n\n\n<p>El dirigente morenista acus\u00f3 que \u201cL\u00f3pez Mares ya est\u00e1 diciendo qui\u00e9n puede ser candidato y qui\u00e9n no. Yo le dir\u00eda a L\u00f3pez Mares que se ocupe de su partido porque traen medio hecho bolas el engrudo. No atinan qui\u00e9n va a ser su candidato en 2024. El que estaban perfilando no ha despegado como ellos quisieran a pesar de todo el dinero que le est\u00e1n destinando, y me refiero a Jes\u00fas Oviedo, el secretario de Desarrollo Social y Humano\u201d.<\/p>\n\n\n\n<p>Y a\u00f1adi\u00f3: \u201cporqu\u00e9 ven la paja en el ojo ajeno y no ven la viga que llevan en el propio\u201d, dijo al referirse a la violencia de g\u00e9nero que sufri\u00f3 la regidora morenista en el Ayuntamiento de Le\u00f3n, Gabriela Echeverr\u00eda Gonz\u00e1lez, de parte del s\u00edndico panista Jos\u00e9 Arturo S\u00e1nchez Castellanos, quien fue acreedor a una sanci\u00f3n mayor que la impuesta a Ricardo Sheffield.<\/p>\n\n\n\n<p>Por \u00faltimo, Jes\u00fas Ram\u00edrez se\u00f1al\u00f3 que el pasado fin de semana la militancia de Morena asistieron a cursos durante tres d\u00edas sobre la eliminaci\u00f3n de cualquier forma de violencia en contra de las mujeres porque \u201cestamos comprometidos en la erradicaci\u00f3n de la violencia pol\u00edtica en raz\u00f3n degenero y \u201cvamos a actuar en consecuencia\u201d.<\/p>\n\n\n\n<p>Jes\u00fas Ram\u00edrez estuvo acompa\u00f1ado por la diputada local Alma Alcaraz Hern\u00e1ndez; las regidoras Gabriela Echeverr\u00eda y \u00c9rika Rocha, el presidente del Consejo de Morena, Rudel Oliva; y responsable del Juridico, Miguel Reyes.<\/p>\n\n\n\n<p> <\/p>\n","protected":false},"excerpt":{"rendered":"Alicia Arias\/Le\u00f3n, Gto.- La dirigencia estatal de Movimiento Regeneraci\u00f3n Nacional (Morena) sali\u00f3 a la defensa del procurador federal del consumidor y posible aspirante a la gubernatura de Guanajuato, Ricardo Sheffield Padilla. Le respondi\u00f3 al PAN que Sheffield s\u00ed puede participar como candidato en la contienda electoral del 2024. \u201cLa reacci\u00f3n del PAN es consecuencia de [&hellip;]","protected":false},"author":2,"featured_media":41386,"comment_status":"open","ping_status":"open","sticky":false,"template":"","format":"standard","meta":{"_seopress_robots_primary_cat":"none","_seopress_titles_title":"","_seopress_titles_desc":"","_seopress_robots_index":"","_monsterinsights_skip_tracking":false,"_monsterinsights_sitenote_active":false,"_monsterinsights_sitenote_note":"","_monsterinsights_sitenote_category":0,"footnotes":""},"categories":[3,69],"tags":[9,91,196,1600],"class_list":["post-109644","post","type-post","status-publish","format-standard","has-post-thumbnail","hentry","category-politica","category-slider","tag-guanajuato","tag-pan","tag-politica","tag-sheffield"],"yoast_head":"<!-- This site is optimized with the Yoast SEO plugin v27.4 - https:\/\/yoast.com\/product\/yoast-seo-wordpress\/ -->\n<title>SHEFFIELD S\u00cd PUEDE SER CANDIDATO A GOBERNADOR: MORENA - Kuali<\/title>\n<meta name=\"robots\" content=\"index, follow, max-snippet:-1, max-image-preview:large, max-video-preview:-1\" \/>\n<link rel=\"canonical\" href=\"https:\/\/kuali.com.mx\/web\/2022\/12\/22\/sheffield-si-puede-ser-candidato-a-gobernador-morena\/\" \/>\n<meta property=\"og:locale\" content=\"es_MX\" \/>\n<meta property=\"og:type\" content=\"article\" \/>\n<meta property=\"og:title\" content=\"SHEFFIELD S\u00cd PUEDE SER CANDIDATO A GOBERNADOR: MORENA - Kuali\" \/>\n<meta property=\"og:description\" content=\"Alicia Arias\/Le\u00f3n, Gto.- La dirigencia estatal de Movimiento Regeneraci\u00f3n Nacional (Morena) sali\u00f3 a la defensa del procurador federal del consumidor y posible aspirante a la gubernatura de Guanajuato, Ricardo Sheffield Padilla. Le respondi\u00f3 al PAN que Sheffield s\u00ed puede participar como candidato en la contienda electoral del 2024. \u201cLa reacci\u00f3n del PAN es consecuencia de [&hellip;]\" \/>\n<meta property=\"og:url\" content=\"https:\/\/kuali.com.mx\/web\/2022\/12\/22\/sheffield-si-puede-ser-candidato-a-gobernador-morena\/\" \/>\n<meta property=\"og:site_name\" content=\"Kuali\" \/>\n<meta property=\"article:publisher\" content=\"https:\/\/kuali.com.mx\/web\/wp-content\/uploads\/2018\/04\/cropped-kuali_logo-1-1.png\" \/>\n<meta property=\"article:published_time\" content=\"2022-12-23T05:46:46+00:00\" \/>\n<meta property=\"article:modified_time\" content=\"2022-12-23T16:08:45+00:00\" \/>\n<meta property=\"og:image\" content=\"https:\/\/kuali.com.mx\/web\/wp-content\/uploads\/2018\/07\/Ricardo-Sheffield-voto-e1687570572491.jpg\" \/>\n\t<meta property=\"og:image:width\" content=\"1270\" \/>\n\t<meta property=\"og:image:height\" content=\"640\" \/>\n\t<meta property=\"og:image:type\" content=\"image\/jpeg\" \/>\n<meta name=\"author\" content=\"Kuali Staff\" \/>\n<meta name=\"twitter:card\" content=\"summary_large_image\" \/>\n<meta name=\"twitter:creator\" content=\"@kuali_noticias\" \/>\n<meta name=\"twitter:site\" content=\"@kuali_noticias\" \/>\n<meta name=\"twitter:label1\" content=\"Escrito por\" \/>\n\t<meta name=\"twitter:data1\" content=\"Kuali Staff\" \/>\n\t<meta name=\"twitter:label2\" content=\"Tiempo de lectura\" \/>\n\t<meta name=\"twitter:data2\" content=\"4 minutos\" \/>\n<script type=\"application\/ld+json\" class=\"yoast-schema-graph\">{\"@context\":\"https:\\\/\\\/schema.org\",\"@graph\":[{\"@type\":\"Article\",\"@id\":\"https:\\\/\\\/kuali.com.mx\\\/web\\\/2022\\\/12\\\/22\\\/sheffield-si-puede-ser-candidato-a-gobernador-morena\\\/#article\",\"isPartOf\":{\"@id\":\"https:\\\/\\\/kuali.com.mx\\\/web\\\/2022\\\/12\\\/22\\\/sheffield-si-puede-ser-candidato-a-gobernador-morena\\\/\"},\"author\":{\"name\":\"Kuali Staff\",\"@id\":\"https:\\\/\\\/kuali.com.mx\\\/web\\\/#\\\/schema\\\/person\\\/6f89ffa8ecba9dae50662357923c5289\"},\"headline\":\"SHEFFIELD S\u00cd PUEDE SER CANDIDATO A GOBERNADOR: MORENA\",\"datePublished\":\"2022-12-23T05:46:46+00:00\",\"dateModified\":\"2022-12-23T16:08:45+00:00\",\"mainEntityOfPage\":{\"@id\":\"https:\\\/\\\/kuali.com.mx\\\/web\\\/2022\\\/12\\\/22\\\/sheffield-si-puede-ser-candidato-a-gobernador-morena\\\/\"},\"wordCount\":733,\"commentCount\":0,\"image\":{\"@id\":\"https:\\\/\\\/kuali.com.mx\\\/web\\\/2022\\\/12\\\/22\\\/sheffield-si-puede-ser-candidato-a-gobernador-morena\\\/#primaryimage\"},\"thumbnailUrl\":\"https:\\\/\\\/kuali.com.mx\\\/web\\\/wp-content\\\/uploads\\\/2018\\\/07\\\/Ricardo-Sheffield-voto-e1687570572491.jpg\",\"keywords\":[\"Guanajuato\",\"PAN\",\"Pol\u00edtica\",\"Sheffield\"],\"articleSection\":[\"Pol\u00edtica\",\"slider\"],\"inLanguage\":\"es\",\"potentialAction\":[{\"@type\":\"CommentAction\",\"name\":\"Comment\",\"target\":[\"https:\\\/\\\/kuali.com.mx\\\/web\\\/2022\\\/12\\\/22\\\/sheffield-si-puede-ser-candidato-a-gobernador-morena\\\/#respond\"]}]},{\"@type\":\"WebPage\",\"@id\":\"https:\\\/\\\/kuali.com.mx\\\/web\\\/2022\\\/12\\\/22\\\/sheffield-si-puede-ser-candidato-a-gobernador-morena\\\/\",\"url\":\"https:\\\/\\\/kuali.com.mx\\\/web\\\/2022\\\/12\\\/22\\\/sheffield-si-puede-ser-candidato-a-gobernador-morena\\\/\",\"name\":\"SHEFFIELD S\u00cd PUEDE SER CANDIDATO A GOBERNADOR: MORENA - Kuali\",\"isPartOf\":{\"@id\":\"https:\\\/\\\/kuali.com.mx\\\/web\\\/#website\"},\"primaryImageOfPage\":{\"@id\":\"https:\\\/\\\/kuali.com.mx\\\/web\\\/2022\\\/12\\\/22\\\/sheffield-si-puede-ser-candidato-a-gobernador-morena\\\/#primaryimage\"},\"image\":{\"@id\":\"https:\\\/\\\/kuali.com.mx\\\/web\\\/2022\\\/12\\\/22\\\/sheffield-si-puede-ser-candidato-a-gobernador-morena\\\/#primaryimage\"},\"thumbnailUrl\":\"https:\\\/\\\/kuali.com.mx\\\/web\\\/wp-content\\\/uploads\\\/2018\\\/07\\\/Ricardo-Sheffield-voto-e1687570572491.jpg\",\"datePublished\":\"2022-12-23T05:46:46+00:00\",\"dateModified\":\"2022-12-23T16:08:45+00:00\",\"author\":{\"@id\":\"https:\\\/\\\/kuali.com.mx\\\/web\\\/#\\\/schema\\\/person\\\/6f89ffa8ecba9dae50662357923c5289\"},\"breadcrumb\":{\"@id\":\"https:\\\/\\\/kuali.com.mx\\\/web\\\/2022\\\/12\\\/22\\\/sheffield-si-puede-ser-candidato-a-gobernador-morena\\\/#breadcrumb\"},\"inLanguage\":\"es\",\"potentialAction\":[{\"@type\":\"ReadAction\",\"target\":[\"https:\\\/\\\/kuali.com.mx\\\/web\\\/2022\\\/12\\\/22\\\/sheffield-si-puede-ser-candidato-a-gobernador-morena\\\/\"]}]},{\"@type\":\"ImageObject\",\"inLanguage\":\"es\",\"@id\":\"https:\\\/\\\/kuali.com.mx\\\/web\\\/2022\\\/12\\\/22\\\/sheffield-si-puede-ser-candidato-a-gobernador-morena\\\/#primaryimage\",\"url\":\"https:\\\/\\\/kuali.com.mx\\\/web\\\/wp-content\\\/uploads\\\/2018\\\/07\\\/Ricardo-Sheffield-voto-e1687570572491.jpg\",\"contentUrl\":\"https:\\\/\\\/kuali.com.mx\\\/web\\\/wp-content\\\/uploads\\\/2018\\\/07\\\/Ricardo-Sheffield-voto-e1687570572491.jpg\",\"width\":1270,\"height\":640},{\"@type\":\"BreadcrumbList\",\"@id\":\"https:\\\/\\\/kuali.com.mx\\\/web\\\/2022\\\/12\\\/22\\\/sheffield-si-puede-ser-candidato-a-gobernador-morena\\\/#breadcrumb\",\"itemListElement\":[{\"@type\":\"ListItem\",\"position\":1,\"name\":\"Inicio\",\"item\":\"https:\\\/\\\/kuali.com.mx\\\/web\\\/\"},{\"@type\":\"ListItem\",\"position\":2,\"name\":\"SHEFFIELD S\u00cd PUEDE SER CANDIDATO A GOBERNADOR: MORENA\"}]},{\"@type\":\"WebSite\",\"@id\":\"https:\\\/\\\/kuali.com.mx\\\/web\\\/#website\",\"url\":\"https:\\\/\\\/kuali.com.mx\\\/web\\\/\",\"name\":\"Kuali\",\"description\":\"\",\"potentialAction\":[{\"@type\":\"SearchAction\",\"target\":{\"@type\":\"EntryPoint\",\"urlTemplate\":\"https:\\\/\\\/kuali.com.mx\\\/web\\\/?s={search_term_string}\"},\"query-input\":{\"@type\":\"PropertyValueSpecification\",\"valueRequired\":true,\"valueName\":\"search_term_string\"}}],\"inLanguage\":\"es\"},{\"@type\":\"Person\",\"@id\":\"https:\\\/\\\/kuali.com.mx\\\/web\\\/#\\\/schema\\\/person\\\/6f89ffa8ecba9dae50662357923c5289\",\"name\":\"Kuali Staff\",\"image\":{\"@type\":\"ImageObject\",\"inLanguage\":\"es\",\"@id\":\"https:\\\/\\\/secure.gravatar.com\\\/avatar\\\/f917ad82e5ab71227a733c78b6e60715476f69ee6be59feee4eb5d9920c89e0f?s=96&d=mm&r=g\",\"url\":\"https:\\\/\\\/secure.gravatar.com\\\/avatar\\\/f917ad82e5ab71227a733c78b6e60715476f69ee6be59feee4eb5d9920c89e0f?s=96&d=mm&r=g\",\"contentUrl\":\"https:\\\/\\\/secure.gravatar.com\\\/avatar\\\/f917ad82e5ab71227a733c78b6e60715476f69ee6be59feee4eb5d9920c89e0f?s=96&d=mm&r=g\",\"caption\":\"Kuali Staff\"},\"url\":\"https:\\\/\\\/kuali.com.mx\\\/web\\\/author\\\/lagarto\\\/\"}]}<\/script>\n<!-- \/ Yoast SEO plugin. -->","yoast_head_json":{"title":"SHEFFIELD S\u00cd PUEDE SER CANDIDATO A GOBERNADOR: MORENA - Kuali","robots":{"index":"index","follow":"follow","max-snippet":"max-snippet:-1","max-image-preview":"max-image-preview:large","max-video-preview":"max-video-preview:-1"},"canonical":"https:\/\/kuali.com.mx\/web\/2022\/12\/22\/sheffield-si-puede-ser-candidato-a-gobernador-morena\/","og_locale":"es_MX","og_type":"article","og_title":"SHEFFIELD S\u00cd PUEDE SER CANDIDATO A GOBERNADOR: MORENA - Kuali","og_description":"Alicia Arias\/Le\u00f3n, Gto.- La dirigencia estatal de Movimiento Regeneraci\u00f3n Nacional (Morena) sali\u00f3 a la defensa del procurador federal del consumidor y posible aspirante a la gubernatura de Guanajuato, Ricardo Sheffield Padilla. Le respondi\u00f3 al PAN que Sheffield s\u00ed puede participar como candidato en la contienda electoral del 2024. \u201cLa reacci\u00f3n del PAN es consecuencia de [&hellip;]","og_url":"https:\/\/kuali.com.mx\/web\/2022\/12\/22\/sheffield-si-puede-ser-candidato-a-gobernador-morena\/","og_site_name":"Kuali","article_publisher":"https:\/\/kuali.com.mx\/web\/wp-content\/uploads\/2018\/04\/cropped-kuali_logo-1-1.png","article_published_time":"2022-12-23T05:46:46+00:00","article_modified_time":"2022-12-23T16:08:45+00:00","og_image":[{"width":1270,"height":640,"url":"https:\/\/kuali.com.mx\/web\/wp-content\/uploads\/2018\/07\/Ricardo-Sheffield-voto-e1687570572491.jpg","type":"image\/jpeg"}],"author":"Kuali Staff","twitter_card":"summary_large_image","twitter_creator":"@kuali_noticias","twitter_site":"@kuali_noticias","twitter_misc":{"Escrito por":"Kuali Staff","Tiempo de lectura":"4 minutos"},"schema":{"@context":"https:\/\/schema.org","@graph":[{"@type":"Article","@id":"https:\/\/kuali.com.mx\/web\/2022\/12\/22\/sheffield-si-puede-ser-candidato-a-gobernador-morena\/#article","isPartOf":{"@id":"https:\/\/kuali.com.mx\/web\/2022\/12\/22\/sheffield-si-puede-ser-candidato-a-gobernador-morena\/"},"author":{"name":"Kuali Staff","@id":"https:\/\/kuali.com.mx\/web\/#\/schema\/person\/6f89ffa8ecba9dae50662357923c5289"},"headline":"SHEFFIELD S\u00cd PUEDE SER CANDIDATO A GOBERNADOR: MORENA","datePublished":"2022-12-23T05:46:46+00:00","dateModified":"2022-12-23T16:08:45+00:00","mainEntityOfPage":{"@id":"https:\/\/kuali.com.mx\/web\/2022\/12\/22\/sheffield-si-puede-ser-candidato-a-gobernador-morena\/"},"wordCount":733,"commentCount":0,"image":{"@id":"https:\/\/kuali.com.mx\/web\/2022\/12\/22\/sheffield-si-puede-ser-candidato-a-gobernador-morena\/#primaryimage"},"thumbnailUrl":"https:\/\/kuali.com.mx\/web\/wp-content\/uploads\/2018\/07\/Ricardo-Sheffield-voto-e1687570572491.jpg","keywords":["Guanajuato","PAN","Pol\u00edtica","Sheffield"],"articleSection":["Pol\u00edtica","slider"],"inLanguage":"es","potentialAction":[{"@type":"CommentAction","name":"Comment","target":["https:\/\/kuali.com.mx\/web\/2022\/12\/22\/sheffield-si-puede-ser-candidato-a-gobernador-morena\/#respond"]}]},{"@type":"WebPage","@id":"https:\/\/kuali.com.mx\/web\/2022\/12\/22\/sheffield-si-puede-ser-candidato-a-gobernador-morena\/","url":"https:\/\/kuali.com.mx\/web\/2022\/12\/22\/sheffield-si-puede-ser-candidato-a-gobernador-morena\/","name":"SHEFFIELD S\u00cd PUEDE SER CANDIDATO A GOBERNADOR: MORENA - Kuali","isPartOf":{"@id":"https:\/\/kuali.com.mx\/web\/#website"},"primaryImageOfPage":{"@id":"https:\/\/kuali.com.mx\/web\/2022\/12\/22\/sheffield-si-puede-ser-candidato-a-gobernador-morena\/#primaryimage"},"image":{"@id":"https:\/\/kuali.com.mx\/web\/2022\/12\/22\/sheffield-si-puede-ser-candidato-a-gobernador-morena\/#primaryimage"},"thumbnailUrl":"https:\/\/kuali.com.mx\/web\/wp-content\/uploads\/2018\/07\/Ricardo-Sheffield-voto-e1687570572491.jpg","datePublished":"2022-12-23T05:46:46+00:00","dateModified":"2022-12-23T16:08:45+00:00","author":{"@id":"https:\/\/kuali.com.mx\/web\/#\/schema\/person\/6f89ffa8ecba9dae50662357923c5289"},"breadcrumb":{"@id":"https:\/\/kuali.com.mx\/web\/2022\/12\/22\/sheffield-si-puede-ser-candidato-a-gobernador-morena\/#breadcrumb"},"inLanguage":"es","potentialAction":[{"@type":"ReadAction","target":["https:\/\/kuali.com.mx\/web\/2022\/12\/22\/sheffield-si-puede-ser-candidato-a-gobernador-morena\/"]}]},{"@type":"ImageObject","inLanguage":"es","@id":"https:\/\/kuali.com.mx\/web\/2022\/12\/22\/sheffield-si-puede-ser-candidato-a-gobernador-morena\/#primaryimage","url":"https:\/\/kuali.com.mx\/web\/wp-content\/uploads\/2018\/07\/Ricardo-Sheffield-voto-e1687570572491.jpg","contentUrl":"https:\/\/kuali.com.mx\/web\/wp-content\/uploads\/2018\/07\/Ricardo-Sheffield-voto-e1687570572491.jpg","width":1270,"height":640},{"@type":"BreadcrumbList","@id":"https:\/\/kuali.com.mx\/web\/2022\/12\/22\/sheffield-si-puede-ser-candidato-a-gobernador-morena\/#breadcrumb","itemListElement":[{"@type":"ListItem","position":1,"name":"Inicio","item":"https:\/\/kuali.com.mx\/web\/"},{"@type":"ListItem","position":2,"name":"SHEFFIELD S\u00cd PUEDE SER CANDIDATO A GOBERNADOR: MORENA"}]},{"@type":"WebSite","@id":"https:\/\/kuali.com.mx\/web\/#website","url":"https:\/\/kuali.com.mx\/web\/","name":"Kuali","description":"","potentialAction":[{"@type":"SearchAction","target":{"@type":"EntryPoint","urlTemplate":"https:\/\/kuali.com.mx\/web\/?s={search_term_string}"},"query-input":{"@type":"PropertyValueSpecification","valueRequired":true,"valueName":"search_term_string"}}],"inLanguage":"es"},{"@type":"Person","@id":"https:\/\/kuali.com.mx\/web\/#\/schema\/person\/6f89ffa8ecba9dae50662357923c5289","name":"Kuali Staff","image":{"@type":"ImageObject","inLanguage":"es","@id":"https:\/\/secure.gravatar.com\/avatar\/f917ad82e5ab71227a733c78b6e60715476f69ee6be59feee4eb5d9920c89e0f?s=96&d=mm&r=g","url":"https:\/\/secure.gravatar.com\/avatar\/f917ad82e5ab71227a733c78b6e60715476f69ee6be59feee4eb5d9920c89e0f?s=96&d=mm&r=g","contentUrl":"https:\/\/secure.gravatar.com\/avatar\/f917ad82e5ab71227a733c78b6e60715476f69ee6be59feee4eb5d9920c89e0f?s=96&d=mm&r=g","caption":"Kuali Staff"},"url":"https:\/\/kuali.com.mx\/web\/author\/lagarto\/"}]}},"_links":{"self":[{"href":"https:\/\/kuali.com.mx\/web\/wp-json\/wp\/v2\/posts\/109644","targetHints":{"allow":["GET"]}}],"collection":[{"href":"https:\/\/kuali.com.mx\/web\/wp-json\/wp\/v2\/posts"}],"about":[{"href":"https:\/\/kuali.com.mx\/web\/wp-json\/wp\/v2\/types\/post"}],"author":[{"embeddable":true,"href":"https:\/\/kuali.com.mx\/web\/wp-json\/wp\/v2\/users\/2"}],"replies":[{"embeddable":true,"href":"https:\/\/kuali.com.mx\/web\/wp-json\/wp\/v2\/comments?post=109644"}],"version-history":[{"count":3,"href":"https:\/\/kuali.com.mx\/web\/wp-json\/wp\/v2\/posts\/109644\/revisions"}],"predecessor-version":[{"id":109663,"href":"https:\/\/kuali.com.mx\/web\/wp-json\/wp\/v2\/posts\/109644\/revisions\/109663"}],"wp:featuredmedia":[{"embeddable":true,"href":"https:\/\/kuali.com.mx\/web\/wp-json\/wp\/v2\/media\/41386"}],"wp:attachment":[{"href":"https:\/\/kuali.com.mx\/web\/wp-json\/wp\/v2\/media?parent=109644"}],"wp:term":[{"taxonomy":"category","embeddable":true,"href":"https:\/\/kuali.com.mx\/web\/wp-json\/wp\/v2\/categories?post=109644"},{"taxonomy":"post_tag","embeddable":true,"href":"https:\/\/kuali.com.mx\/web\/wp-json\/wp\/v2\/tags?post=109644"}],"curies":[{"name":"wp","href":"https:\/\/api.w.org\/{rel}","templated":true}]}}