{"id":108755,"date":"2022-12-06T15:36:00","date_gmt":"2022-12-06T21:36:00","guid":{"rendered":"https:\/\/kuali.com.mx\/web\/?p=108755"},"modified":"2022-12-06T21:40:45","modified_gmt":"2022-12-07T03:40:45","slug":"capacitan-a-cuidadores-de-adultos-mayores","status":"publish","type":"post","link":"https:\/\/kuali.com.mx\/web\/2022\/12\/06\/capacitan-a-cuidadores-de-adultos-mayores\/","title":{"rendered":"CAPACITAN A CUIDADORES DE ADULTOS MAYORES"},"content":{"rendered":"\n<p><strong><em>Kuali\/Silao, Gto.- <\/em><\/strong> La Universidad de Guanajuato (UG) imparti\u00f3 a 15 personas el Curso del Taller de Cuidadores de Adultos Mayores con el que mejoraron sus habilidades en el cuidado de personas de la tercera edad.<\/p>\n\n\n\n<p>De esta manera, se dio la clausura del taller, correspondiente a la primera generaci\u00f3n integrada tanto por profesionistas en el cuidado de adultos mayores como por familiares. Este curso se consolid\u00f3 gracias a las alianzas entre la UG, su personal acad\u00e9mico, el DIF Silao, y la entusiasta participaci\u00f3n de la ciudadan\u00eda.&nbsp;&nbsp;<\/p>\n\n\n\n<p>La entrega de reconocimientos estuvo encabezada por el Rector General de la UG, Luis Felipe Guerrero Agripino quien, al explicar la pertinencia del curso, afirm\u00f3, esta va de la mano entre el conocimiento y otras virtudes humanas alianzas que generan grandes transformaciones: \u00a0\u00a0<\/p>\n\n\n\n<p>\u201cEste taller representa una prioridad en el mundo, no solo en Silao, ni en Guanajuato, ni en M\u00e9xico. Es una prioridad del mundo, porque tiene que ver con dos sentidos, el reconocimiento de la&nbsp;persona y con el sentimiento humanitario hac\u00eda la persona en todas las facetas de su vida. (...) Si la Universidad tiene la capacidad de transformar personas eso sucede en el aula en el laboratorio, en el taller y tambi\u00e9n en casa con la persona adulta mayor porque hasta el \u00faltimo suspiro tenemos la oportunidad y el derecho de ver un mundo mejor\u201d, expres\u00f3 el doctor Guerrero.&nbsp;&nbsp;<\/p>\n\n\n\n<p>El programa se dividi\u00f3 en cinco&nbsp;m\u00f3dulos: Alimentaci\u00f3n y nutrici\u00f3n saludable para la tercera edad; Higiene y vigilancia de las condiciones de salud en el adulto mayor; Emociones, duelo y trascendencia en el adulto mayor; El cuidado del cuidador y Fomento a la motricidad, cognici\u00f3n y ocupaci\u00f3n en el adulto mayor. Sesiones que se realizaron los viernes y s\u00e1bados desde el 14 de octubre y concluyeron&nbsp;el pasado 2 de diciembre, as\u00ed lo informo el Mtro. Eduardo P\u00e9rez Guti\u00e9rrez, Titular del Programa UG Ciudad. &nbsp;&nbsp;<\/p>\n\n\n\n<p>Con un emotivo mensaje y en nombre de quienes integraron la primera generaci\u00f3n de este curso-taller, la Sra. Juana Rodr\u00edguez Sol\u00f3rzano, quien dijo sentirse orgullosamente Abeja UG, exhort\u00f3 a la&nbsp;ciudadan\u00eda a hacer difusi\u00f3n y sumar&nbsp;a m\u00e1s personas a este tipo de proyectos que permiten comprometerse con un trato humano a las personas adultas mayores. Por lo que agradeci\u00f3 al doctor Guerrero y a todas las personas que hicieron posible la creaci\u00f3n de este nuevo espacio universitario en el municipio de Silao, as\u00ed como en especial a quienes impartieron su conocimiento en el taller cursado.&nbsp;&nbsp;<\/p>\n\n\n\n<p>\u201cEstoy muy contenta porque jam\u00e1s pens\u00e9 estar aqu\u00ed (...) en mi juventud pens\u00e9 en alguna ocasi\u00f3n estar en la universidad, pero por econom\u00eda no pude, pero ahora estoy muy feliz\u201d, al referirse a los cuidados de los adultos mayores expres\u00f3 toda persona \u201cnecesita de nuestra persona, de nuestra esencia, para darles, para compartirles el amor a todo adulto a todo enfermo. A lo mejor M\u00e9xico ser\u00eda mucho mejor, y creo a todas nos toca un pedacito de arena, ir acercando a las personas, yo las invito a comprometernos que vamos a seguir en pie en esto por el adulto mayor\u201d, recalc\u00f3.&nbsp;&nbsp;<\/p>\n\n\n\n<p>Asimismo, se cont\u00f3 con la presencia de la Lcda. Ivonne Castro Tovar, Presidenta del DIF Silao, quien destac\u00f3 que el Taller de Cuidadores de Adultos Mayores permite garantizar \u201cque vivan esta etapa de su vida de forma saludable, plena, acompa\u00f1ados\/as por personas capacitadas\u201d agreg\u00f3 que al tener alg\u00fan familiar que llega a esta etapa de vida, asimismo, debe ser acompa\u00f1ada tambi\u00e9n por el conocimiento de temas como las emociones, duelo, higiene, entre otras m\u00e1s.&nbsp;&nbsp;<\/p>\n\n\n\n<p>En el evento asimismo se hizo la entrega de reconocimientos a las profesoras que impartieron los cursos, las cuales fueron recibidas con entusiasmo por quienes formaron parte de esta generaci\u00f3n.&nbsp;&nbsp;<\/p>\n","protected":false},"excerpt":{"rendered":"Kuali\/Silao, Gto.- La Universidad de Guanajuato (UG) imparti\u00f3 a 15 personas el Curso del Taller de Cuidadores de Adultos Mayores con el que mejoraron sus habilidades en el cuidado de personas de la tercera edad. De esta manera, se dio la clausura del taller, correspondiente a la primera generaci\u00f3n integrada tanto por profesionistas en el [&hellip;]","protected":false},"author":2,"featured_media":46727,"comment_status":"open","ping_status":"open","sticky":false,"template":"","format":"standard","meta":{"_seopress_robots_primary_cat":"none","_seopress_titles_title":"","_seopress_titles_desc":"","_seopress_robots_index":"","_monsterinsights_skip_tracking":false,"_monsterinsights_sitenote_active":false,"_monsterinsights_sitenote_note":"","_monsterinsights_sitenote_category":0,"footnotes":""},"categories":[7],"tags":[],"class_list":["post-108755","post","type-post","status-publish","format-standard","has-post-thumbnail","hentry","category-salud"],"yoast_head":"<!-- This site is optimized with the Yoast SEO plugin v27.4 - https:\/\/yoast.com\/product\/yoast-seo-wordpress\/ -->\n<title>CAPACITAN A CUIDADORES DE ADULTOS MAYORES - Kuali<\/title>\n<meta name=\"robots\" content=\"index, follow, max-snippet:-1, max-image-preview:large, max-video-preview:-1\" \/>\n<link rel=\"canonical\" href=\"https:\/\/kuali.com.mx\/web\/2022\/12\/06\/capacitan-a-cuidadores-de-adultos-mayores\/\" \/>\n<meta property=\"og:locale\" content=\"es_MX\" \/>\n<meta property=\"og:type\" content=\"article\" \/>\n<meta property=\"og:title\" content=\"CAPACITAN A CUIDADORES DE ADULTOS MAYORES - Kuali\" \/>\n<meta property=\"og:description\" content=\"Kuali\/Silao, Gto.- La Universidad de Guanajuato (UG) imparti\u00f3 a 15 personas el Curso del Taller de Cuidadores de Adultos Mayores con el que mejoraron sus habilidades en el cuidado de personas de la tercera edad. De esta manera, se dio la clausura del taller, correspondiente a la primera generaci\u00f3n integrada tanto por profesionistas en el [&hellip;]\" \/>\n<meta property=\"og:url\" content=\"https:\/\/kuali.com.mx\/web\/2022\/12\/06\/capacitan-a-cuidadores-de-adultos-mayores\/\" \/>\n<meta property=\"og:site_name\" content=\"Kuali\" \/>\n<meta property=\"article:publisher\" content=\"https:\/\/kuali.com.mx\/web\/wp-content\/uploads\/2018\/04\/cropped-kuali_logo-1-1.png\" \/>\n<meta property=\"article:published_time\" content=\"2022-12-06T21:36:00+00:00\" \/>\n<meta property=\"article:modified_time\" content=\"2022-12-07T03:40:45+00:00\" \/>\n<meta property=\"og:image\" content=\"https:\/\/kuali.com.mx\/web\/wp-content\/uploads\/2018\/10\/Adulto-Mayor.jpg\" \/>\n\t<meta property=\"og:image:width\" content=\"1837\" \/>\n\t<meta property=\"og:image:height\" content=\"750\" \/>\n\t<meta property=\"og:image:type\" content=\"image\/jpeg\" \/>\n<meta name=\"author\" content=\"Kuali Staff\" \/>\n<meta name=\"twitter:card\" content=\"summary_large_image\" \/>\n<meta name=\"twitter:creator\" content=\"@kuali_noticias\" \/>\n<meta name=\"twitter:site\" content=\"@kuali_noticias\" \/>\n<meta name=\"twitter:label1\" content=\"Escrito por\" \/>\n\t<meta name=\"twitter:data1\" content=\"Kuali Staff\" \/>\n\t<meta name=\"twitter:label2\" content=\"Tiempo de lectura\" \/>\n\t<meta name=\"twitter:data2\" content=\"3 minutos\" \/>\n<script type=\"application\/ld+json\" class=\"yoast-schema-graph\">{\"@context\":\"https:\\\/\\\/schema.org\",\"@graph\":[{\"@type\":\"Article\",\"@id\":\"https:\\\/\\\/kuali.com.mx\\\/web\\\/2022\\\/12\\\/06\\\/capacitan-a-cuidadores-de-adultos-mayores\\\/#article\",\"isPartOf\":{\"@id\":\"https:\\\/\\\/kuali.com.mx\\\/web\\\/2022\\\/12\\\/06\\\/capacitan-a-cuidadores-de-adultos-mayores\\\/\"},\"author\":{\"name\":\"Kuali Staff\",\"@id\":\"https:\\\/\\\/kuali.com.mx\\\/web\\\/#\\\/schema\\\/person\\\/6f89ffa8ecba9dae50662357923c5289\"},\"headline\":\"CAPACITAN A CUIDADORES DE ADULTOS MAYORES\",\"datePublished\":\"2022-12-06T21:36:00+00:00\",\"dateModified\":\"2022-12-07T03:40:45+00:00\",\"mainEntityOfPage\":{\"@id\":\"https:\\\/\\\/kuali.com.mx\\\/web\\\/2022\\\/12\\\/06\\\/capacitan-a-cuidadores-de-adultos-mayores\\\/\"},\"wordCount\":669,\"commentCount\":0,\"image\":{\"@id\":\"https:\\\/\\\/kuali.com.mx\\\/web\\\/2022\\\/12\\\/06\\\/capacitan-a-cuidadores-de-adultos-mayores\\\/#primaryimage\"},\"thumbnailUrl\":\"https:\\\/\\\/kuali.com.mx\\\/web\\\/wp-content\\\/uploads\\\/2018\\\/10\\\/Adulto-Mayor.jpg\",\"articleSection\":[\"Salud\"],\"inLanguage\":\"es\",\"potentialAction\":[{\"@type\":\"CommentAction\",\"name\":\"Comment\",\"target\":[\"https:\\\/\\\/kuali.com.mx\\\/web\\\/2022\\\/12\\\/06\\\/capacitan-a-cuidadores-de-adultos-mayores\\\/#respond\"]}]},{\"@type\":\"WebPage\",\"@id\":\"https:\\\/\\\/kuali.com.mx\\\/web\\\/2022\\\/12\\\/06\\\/capacitan-a-cuidadores-de-adultos-mayores\\\/\",\"url\":\"https:\\\/\\\/kuali.com.mx\\\/web\\\/2022\\\/12\\\/06\\\/capacitan-a-cuidadores-de-adultos-mayores\\\/\",\"name\":\"CAPACITAN A CUIDADORES DE ADULTOS MAYORES - Kuali\",\"isPartOf\":{\"@id\":\"https:\\\/\\\/kuali.com.mx\\\/web\\\/#website\"},\"primaryImageOfPage\":{\"@id\":\"https:\\\/\\\/kuali.com.mx\\\/web\\\/2022\\\/12\\\/06\\\/capacitan-a-cuidadores-de-adultos-mayores\\\/#primaryimage\"},\"image\":{\"@id\":\"https:\\\/\\\/kuali.com.mx\\\/web\\\/2022\\\/12\\\/06\\\/capacitan-a-cuidadores-de-adultos-mayores\\\/#primaryimage\"},\"thumbnailUrl\":\"https:\\\/\\\/kuali.com.mx\\\/web\\\/wp-content\\\/uploads\\\/2018\\\/10\\\/Adulto-Mayor.jpg\",\"datePublished\":\"2022-12-06T21:36:00+00:00\",\"dateModified\":\"2022-12-07T03:40:45+00:00\",\"author\":{\"@id\":\"https:\\\/\\\/kuali.com.mx\\\/web\\\/#\\\/schema\\\/person\\\/6f89ffa8ecba9dae50662357923c5289\"},\"breadcrumb\":{\"@id\":\"https:\\\/\\\/kuali.com.mx\\\/web\\\/2022\\\/12\\\/06\\\/capacitan-a-cuidadores-de-adultos-mayores\\\/#breadcrumb\"},\"inLanguage\":\"es\",\"potentialAction\":[{\"@type\":\"ReadAction\",\"target\":[\"https:\\\/\\\/kuali.com.mx\\\/web\\\/2022\\\/12\\\/06\\\/capacitan-a-cuidadores-de-adultos-mayores\\\/\"]}]},{\"@type\":\"ImageObject\",\"inLanguage\":\"es\",\"@id\":\"https:\\\/\\\/kuali.com.mx\\\/web\\\/2022\\\/12\\\/06\\\/capacitan-a-cuidadores-de-adultos-mayores\\\/#primaryimage\",\"url\":\"https:\\\/\\\/kuali.com.mx\\\/web\\\/wp-content\\\/uploads\\\/2018\\\/10\\\/Adulto-Mayor.jpg\",\"contentUrl\":\"https:\\\/\\\/kuali.com.mx\\\/web\\\/wp-content\\\/uploads\\\/2018\\\/10\\\/Adulto-Mayor.jpg\",\"width\":1837,\"height\":750},{\"@type\":\"BreadcrumbList\",\"@id\":\"https:\\\/\\\/kuali.com.mx\\\/web\\\/2022\\\/12\\\/06\\\/capacitan-a-cuidadores-de-adultos-mayores\\\/#breadcrumb\",\"itemListElement\":[{\"@type\":\"ListItem\",\"position\":1,\"name\":\"Inicio\",\"item\":\"https:\\\/\\\/kuali.com.mx\\\/web\\\/\"},{\"@type\":\"ListItem\",\"position\":2,\"name\":\"CAPACITAN A CUIDADORES DE ADULTOS MAYORES\"}]},{\"@type\":\"WebSite\",\"@id\":\"https:\\\/\\\/kuali.com.mx\\\/web\\\/#website\",\"url\":\"https:\\\/\\\/kuali.com.mx\\\/web\\\/\",\"name\":\"Kuali\",\"description\":\"\",\"potentialAction\":[{\"@type\":\"SearchAction\",\"target\":{\"@type\":\"EntryPoint\",\"urlTemplate\":\"https:\\\/\\\/kuali.com.mx\\\/web\\\/?s={search_term_string}\"},\"query-input\":{\"@type\":\"PropertyValueSpecification\",\"valueRequired\":true,\"valueName\":\"search_term_string\"}}],\"inLanguage\":\"es\"},{\"@type\":\"Person\",\"@id\":\"https:\\\/\\\/kuali.com.mx\\\/web\\\/#\\\/schema\\\/person\\\/6f89ffa8ecba9dae50662357923c5289\",\"name\":\"Kuali Staff\",\"image\":{\"@type\":\"ImageObject\",\"inLanguage\":\"es\",\"@id\":\"https:\\\/\\\/secure.gravatar.com\\\/avatar\\\/f917ad82e5ab71227a733c78b6e60715476f69ee6be59feee4eb5d9920c89e0f?s=96&d=mm&r=g\",\"url\":\"https:\\\/\\\/secure.gravatar.com\\\/avatar\\\/f917ad82e5ab71227a733c78b6e60715476f69ee6be59feee4eb5d9920c89e0f?s=96&d=mm&r=g\",\"contentUrl\":\"https:\\\/\\\/secure.gravatar.com\\\/avatar\\\/f917ad82e5ab71227a733c78b6e60715476f69ee6be59feee4eb5d9920c89e0f?s=96&d=mm&r=g\",\"caption\":\"Kuali Staff\"},\"url\":\"https:\\\/\\\/kuali.com.mx\\\/web\\\/author\\\/lagarto\\\/\"}]}<\/script>\n<!-- \/ Yoast SEO plugin. -->","yoast_head_json":{"title":"CAPACITAN A CUIDADORES DE ADULTOS MAYORES - Kuali","robots":{"index":"index","follow":"follow","max-snippet":"max-snippet:-1","max-image-preview":"max-image-preview:large","max-video-preview":"max-video-preview:-1"},"canonical":"https:\/\/kuali.com.mx\/web\/2022\/12\/06\/capacitan-a-cuidadores-de-adultos-mayores\/","og_locale":"es_MX","og_type":"article","og_title":"CAPACITAN A CUIDADORES DE ADULTOS MAYORES - Kuali","og_description":"Kuali\/Silao, Gto.- La Universidad de Guanajuato (UG) imparti\u00f3 a 15 personas el Curso del Taller de Cuidadores de Adultos Mayores con el que mejoraron sus habilidades en el cuidado de personas de la tercera edad. De esta manera, se dio la clausura del taller, correspondiente a la primera generaci\u00f3n integrada tanto por profesionistas en el [&hellip;]","og_url":"https:\/\/kuali.com.mx\/web\/2022\/12\/06\/capacitan-a-cuidadores-de-adultos-mayores\/","og_site_name":"Kuali","article_publisher":"https:\/\/kuali.com.mx\/web\/wp-content\/uploads\/2018\/04\/cropped-kuali_logo-1-1.png","article_published_time":"2022-12-06T21:36:00+00:00","article_modified_time":"2022-12-07T03:40:45+00:00","og_image":[{"width":1837,"height":750,"url":"https:\/\/kuali.com.mx\/web\/wp-content\/uploads\/2018\/10\/Adulto-Mayor.jpg","type":"image\/jpeg"}],"author":"Kuali Staff","twitter_card":"summary_large_image","twitter_creator":"@kuali_noticias","twitter_site":"@kuali_noticias","twitter_misc":{"Escrito por":"Kuali Staff","Tiempo de lectura":"3 minutos"},"schema":{"@context":"https:\/\/schema.org","@graph":[{"@type":"Article","@id":"https:\/\/kuali.com.mx\/web\/2022\/12\/06\/capacitan-a-cuidadores-de-adultos-mayores\/#article","isPartOf":{"@id":"https:\/\/kuali.com.mx\/web\/2022\/12\/06\/capacitan-a-cuidadores-de-adultos-mayores\/"},"author":{"name":"Kuali Staff","@id":"https:\/\/kuali.com.mx\/web\/#\/schema\/person\/6f89ffa8ecba9dae50662357923c5289"},"headline":"CAPACITAN A CUIDADORES DE ADULTOS MAYORES","datePublished":"2022-12-06T21:36:00+00:00","dateModified":"2022-12-07T03:40:45+00:00","mainEntityOfPage":{"@id":"https:\/\/kuali.com.mx\/web\/2022\/12\/06\/capacitan-a-cuidadores-de-adultos-mayores\/"},"wordCount":669,"commentCount":0,"image":{"@id":"https:\/\/kuali.com.mx\/web\/2022\/12\/06\/capacitan-a-cuidadores-de-adultos-mayores\/#primaryimage"},"thumbnailUrl":"https:\/\/kuali.com.mx\/web\/wp-content\/uploads\/2018\/10\/Adulto-Mayor.jpg","articleSection":["Salud"],"inLanguage":"es","potentialAction":[{"@type":"CommentAction","name":"Comment","target":["https:\/\/kuali.com.mx\/web\/2022\/12\/06\/capacitan-a-cuidadores-de-adultos-mayores\/#respond"]}]},{"@type":"WebPage","@id":"https:\/\/kuali.com.mx\/web\/2022\/12\/06\/capacitan-a-cuidadores-de-adultos-mayores\/","url":"https:\/\/kuali.com.mx\/web\/2022\/12\/06\/capacitan-a-cuidadores-de-adultos-mayores\/","name":"CAPACITAN A CUIDADORES DE ADULTOS MAYORES - Kuali","isPartOf":{"@id":"https:\/\/kuali.com.mx\/web\/#website"},"primaryImageOfPage":{"@id":"https:\/\/kuali.com.mx\/web\/2022\/12\/06\/capacitan-a-cuidadores-de-adultos-mayores\/#primaryimage"},"image":{"@id":"https:\/\/kuali.com.mx\/web\/2022\/12\/06\/capacitan-a-cuidadores-de-adultos-mayores\/#primaryimage"},"thumbnailUrl":"https:\/\/kuali.com.mx\/web\/wp-content\/uploads\/2018\/10\/Adulto-Mayor.jpg","datePublished":"2022-12-06T21:36:00+00:00","dateModified":"2022-12-07T03:40:45+00:00","author":{"@id":"https:\/\/kuali.com.mx\/web\/#\/schema\/person\/6f89ffa8ecba9dae50662357923c5289"},"breadcrumb":{"@id":"https:\/\/kuali.com.mx\/web\/2022\/12\/06\/capacitan-a-cuidadores-de-adultos-mayores\/#breadcrumb"},"inLanguage":"es","potentialAction":[{"@type":"ReadAction","target":["https:\/\/kuali.com.mx\/web\/2022\/12\/06\/capacitan-a-cuidadores-de-adultos-mayores\/"]}]},{"@type":"ImageObject","inLanguage":"es","@id":"https:\/\/kuali.com.mx\/web\/2022\/12\/06\/capacitan-a-cuidadores-de-adultos-mayores\/#primaryimage","url":"https:\/\/kuali.com.mx\/web\/wp-content\/uploads\/2018\/10\/Adulto-Mayor.jpg","contentUrl":"https:\/\/kuali.com.mx\/web\/wp-content\/uploads\/2018\/10\/Adulto-Mayor.jpg","width":1837,"height":750},{"@type":"BreadcrumbList","@id":"https:\/\/kuali.com.mx\/web\/2022\/12\/06\/capacitan-a-cuidadores-de-adultos-mayores\/#breadcrumb","itemListElement":[{"@type":"ListItem","position":1,"name":"Inicio","item":"https:\/\/kuali.com.mx\/web\/"},{"@type":"ListItem","position":2,"name":"CAPACITAN A CUIDADORES DE ADULTOS MAYORES"}]},{"@type":"WebSite","@id":"https:\/\/kuali.com.mx\/web\/#website","url":"https:\/\/kuali.com.mx\/web\/","name":"Kuali","description":"","potentialAction":[{"@type":"SearchAction","target":{"@type":"EntryPoint","urlTemplate":"https:\/\/kuali.com.mx\/web\/?s={search_term_string}"},"query-input":{"@type":"PropertyValueSpecification","valueRequired":true,"valueName":"search_term_string"}}],"inLanguage":"es"},{"@type":"Person","@id":"https:\/\/kuali.com.mx\/web\/#\/schema\/person\/6f89ffa8ecba9dae50662357923c5289","name":"Kuali Staff","image":{"@type":"ImageObject","inLanguage":"es","@id":"https:\/\/secure.gravatar.com\/avatar\/f917ad82e5ab71227a733c78b6e60715476f69ee6be59feee4eb5d9920c89e0f?s=96&d=mm&r=g","url":"https:\/\/secure.gravatar.com\/avatar\/f917ad82e5ab71227a733c78b6e60715476f69ee6be59feee4eb5d9920c89e0f?s=96&d=mm&r=g","contentUrl":"https:\/\/secure.gravatar.com\/avatar\/f917ad82e5ab71227a733c78b6e60715476f69ee6be59feee4eb5d9920c89e0f?s=96&d=mm&r=g","caption":"Kuali Staff"},"url":"https:\/\/kuali.com.mx\/web\/author\/lagarto\/"}]}},"_links":{"self":[{"href":"https:\/\/kuali.com.mx\/web\/wp-json\/wp\/v2\/posts\/108755","targetHints":{"allow":["GET"]}}],"collection":[{"href":"https:\/\/kuali.com.mx\/web\/wp-json\/wp\/v2\/posts"}],"about":[{"href":"https:\/\/kuali.com.mx\/web\/wp-json\/wp\/v2\/types\/post"}],"author":[{"embeddable":true,"href":"https:\/\/kuali.com.mx\/web\/wp-json\/wp\/v2\/users\/2"}],"replies":[{"embeddable":true,"href":"https:\/\/kuali.com.mx\/web\/wp-json\/wp\/v2\/comments?post=108755"}],"version-history":[{"count":1,"href":"https:\/\/kuali.com.mx\/web\/wp-json\/wp\/v2\/posts\/108755\/revisions"}],"predecessor-version":[{"id":108758,"href":"https:\/\/kuali.com.mx\/web\/wp-json\/wp\/v2\/posts\/108755\/revisions\/108758"}],"wp:featuredmedia":[{"embeddable":true,"href":"https:\/\/kuali.com.mx\/web\/wp-json\/wp\/v2\/media\/46727"}],"wp:attachment":[{"href":"https:\/\/kuali.com.mx\/web\/wp-json\/wp\/v2\/media?parent=108755"}],"wp:term":[{"taxonomy":"category","embeddable":true,"href":"https:\/\/kuali.com.mx\/web\/wp-json\/wp\/v2\/categories?post=108755"},{"taxonomy":"post_tag","embeddable":true,"href":"https:\/\/kuali.com.mx\/web\/wp-json\/wp\/v2\/tags?post=108755"}],"curies":[{"name":"wp","href":"https:\/\/api.w.org\/{rel}","templated":true}]}}