{"id":107663,"date":"2022-11-18T10:17:07","date_gmt":"2022-11-18T16:17:07","guid":{"rendered":"https:\/\/kuali.com.mx\/web\/?p=107663"},"modified":"2022-11-18T11:29:04","modified_gmt":"2022-11-18T17:29:04","slug":"arranco-el-festival-de-jazz-en-irapuato","status":"publish","type":"post","link":"https:\/\/kuali.com.mx\/web\/2022\/11\/18\/arranco-el-festival-de-jazz-en-irapuato\/","title":{"rendered":"ARRANC\u00d3 EL FESTIVAL DE JAZZ EN IRAPUATO"},"content":{"rendered":"\n<p><strong><em>Kuali\/Irapuato, Gto<\/em>.-\u00a0<\/strong>Con la presentaci\u00f3n al ritmo de las bandas \u2018Timi Sullinger\u2019, \u2018Eduardo Piastro Tr\u00edo\u2019 y \u2018Los P\u00e1jaros Lolos\u2019, arranc\u00f3 la edici\u00f3n XXI del Festival de Jazz, uno de los eventos m\u00e1s longevos de la ciudad, que se podr\u00e1 disfrutar hasta el 20 de noviembre en el Andador Ju\u00e1rez, con la presentaci\u00f3n de seis bandas de jazz m\u00e1s.<\/p>\n\n\n\n<p>\u00c1lvaro Pereira Luna, secretario particular, destac\u00f3 la realizaci\u00f3n de eventos de gran formato como el Festival de Jazz, que cumple 21 a\u00f1os de llevarse a cabo, a trav\u00e9s de los cuales se acerca la cultura, el arte y la sana convivencia a las familias irapuatenses.&nbsp;<\/p>\n\n\n\n<p>\u201cLa m\u00fasica tiene el incre\u00edble poder de despertar nuestros sentidos, nos hace viajar a trav\u00e9s del tiempo y es capaz de generar todo tipo de emociones y conectarnos con recuerdos muy importantes. Es un placer darles la bienvenida a este Festival de Jazz en el que participar\u00e1n artistas nacionales e internacionales, que mantendr\u00e1n vivo nuestro Centro Hist\u00f3rico desde esta noche y hasta el domingo 20 de noviembre\u201d, mencion\u00f3.\u00a0<\/p>\n\n\n\n<figure class=\"wp-block-image size-large\"><img loading=\"lazy\" decoding=\"async\" width=\"1024\" height=\"683\" src=\"https:\/\/kuali.com.mx\/web\/wp-content\/uploads\/2022\/11\/JAZZ-B-1024x683.jpg\" alt=\"\" class=\"wp-image-107666\" srcset=\"https:\/\/kuali.com.mx\/web\/wp-content\/uploads\/2022\/11\/JAZZ-B-1024x683.jpg 1024w, https:\/\/kuali.com.mx\/web\/wp-content\/uploads\/2022\/11\/JAZZ-B-300x200.jpg 300w, https:\/\/kuali.com.mx\/web\/wp-content\/uploads\/2022\/11\/JAZZ-B-768x512.jpg 768w, https:\/\/kuali.com.mx\/web\/wp-content\/uploads\/2022\/11\/JAZZ-B-174x116.jpg 174w, https:\/\/kuali.com.mx\/web\/wp-content\/uploads\/2022\/11\/JAZZ-B.jpg 1125w\" sizes=\"auto, (max-width: 1024px) 100vw, 1024px\" \/><\/figure>\n\n\n\n<p>Jorge Paz Andrade, quien desde Morelia Michoac\u00e1n vino a Irapuato por trabajo, coment\u00f3 que, para \u00e9l como visitante llegar a otra ciudad y encontrarse con este tipo de eventos es de mucha alegr\u00eda, pues lo disfrut\u00f3 junto a su familia en un lugar tan bello como el Centro del municipio.<\/p>\n\n\n\n<p>\u201cSiempre es muy bello que haya m\u00fasica y m\u00e1s gratuitamente, sobre todo, en un lugar tan bonito como es el Centro de Irapuato, est\u00e1 muy bonito, muy bien estructurado, muy limpio y con gente muy c\u00e1lida\u201d, comparti\u00f3.&nbsp;<\/p>\n\n\n\n<p>La presentaci\u00f3n de 18 de noviembre, a las 6:00 de la tarde, se contar\u00e1 con el Cuarteto \u2018Dadadebo\u2019; a las 7:00 pm se tendr\u00e1 el concierto de Iraida Noriega, Alain Derbez y Manuel Viterbo y para concluir este d\u00eda, a las 8:00 de la noche se presentar\u00e1 \u2018Las Billies\u2019.<\/p>\n","protected":false},"excerpt":{"rendered":"Kuali\/Irapuato, Gto.-\u00a0Con la presentaci\u00f3n al ritmo de las bandas \u2018Timi Sullinger\u2019, \u2018Eduardo Piastro Tr\u00edo\u2019 y \u2018Los P\u00e1jaros Lolos\u2019, arranc\u00f3 la edici\u00f3n XXI del Festival de Jazz, uno de los eventos m\u00e1s longevos de la ciudad, que se podr\u00e1 disfrutar hasta el 20 de noviembre en el Andador Ju\u00e1rez, con la presentaci\u00f3n de seis bandas de [&hellip;]","protected":false},"author":2,"featured_media":107665,"comment_status":"open","ping_status":"open","sticky":false,"template":"","format":"standard","meta":{"_seopress_robots_primary_cat":"none","_seopress_titles_title":"","_seopress_titles_desc":"","_seopress_robots_index":"","_monsterinsights_skip_tracking":false,"_monsterinsights_sitenote_active":false,"_monsterinsights_sitenote_note":"","_monsterinsights_sitenote_category":0,"footnotes":""},"categories":[8],"tags":[],"class_list":["post-107663","post","type-post","status-publish","format-standard","has-post-thumbnail","hentry","category-espectaculos"],"yoast_head":"<!-- This site is optimized with the Yoast SEO plugin v27.4 - https:\/\/yoast.com\/product\/yoast-seo-wordpress\/ -->\n<title>ARRANC\u00d3 EL FESTIVAL DE JAZZ EN IRAPUATO - Kuali<\/title>\n<meta name=\"robots\" content=\"index, follow, max-snippet:-1, max-image-preview:large, max-video-preview:-1\" \/>\n<link rel=\"canonical\" href=\"https:\/\/kuali.com.mx\/web\/2022\/11\/18\/arranco-el-festival-de-jazz-en-irapuato\/\" \/>\n<meta property=\"og:locale\" content=\"es_MX\" \/>\n<meta property=\"og:type\" content=\"article\" \/>\n<meta property=\"og:title\" content=\"ARRANC\u00d3 EL FESTIVAL DE JAZZ EN IRAPUATO - Kuali\" \/>\n<meta property=\"og:description\" content=\"Kuali\/Irapuato, Gto.-\u00a0Con la presentaci\u00f3n al ritmo de las bandas \u2018Timi Sullinger\u2019, \u2018Eduardo Piastro Tr\u00edo\u2019 y \u2018Los P\u00e1jaros Lolos\u2019, arranc\u00f3 la edici\u00f3n XXI del Festival de Jazz, uno de los eventos m\u00e1s longevos de la ciudad, que se podr\u00e1 disfrutar hasta el 20 de noviembre en el Andador Ju\u00e1rez, con la presentaci\u00f3n de seis bandas de [&hellip;]\" \/>\n<meta property=\"og:url\" content=\"https:\/\/kuali.com.mx\/web\/2022\/11\/18\/arranco-el-festival-de-jazz-en-irapuato\/\" \/>\n<meta property=\"og:site_name\" content=\"Kuali\" \/>\n<meta property=\"article:publisher\" content=\"https:\/\/kuali.com.mx\/web\/wp-content\/uploads\/2018\/04\/cropped-kuali_logo-1-1.png\" \/>\n<meta property=\"article:published_time\" content=\"2022-11-18T16:17:07+00:00\" \/>\n<meta property=\"article:modified_time\" content=\"2022-11-18T17:29:04+00:00\" \/>\n<meta property=\"og:image\" content=\"https:\/\/kuali.com.mx\/web\/wp-content\/uploads\/2022\/11\/JAZZ-A-1.jpg\" \/>\n\t<meta property=\"og:image:width\" content=\"1720\" \/>\n\t<meta property=\"og:image:height\" content=\"750\" \/>\n\t<meta property=\"og:image:type\" content=\"image\/jpeg\" \/>\n<meta name=\"author\" content=\"Kuali Staff\" \/>\n<meta name=\"twitter:card\" content=\"summary_large_image\" \/>\n<meta name=\"twitter:creator\" content=\"@kuali_noticias\" \/>\n<meta name=\"twitter:site\" content=\"@kuali_noticias\" \/>\n<meta name=\"twitter:label1\" content=\"Escrito por\" \/>\n\t<meta name=\"twitter:data1\" content=\"Kuali Staff\" \/>\n\t<meta name=\"twitter:label2\" content=\"Tiempo de lectura\" \/>\n\t<meta name=\"twitter:data2\" content=\"2 minutos\" \/>\n<script type=\"application\/ld+json\" class=\"yoast-schema-graph\">{\"@context\":\"https:\\\/\\\/schema.org\",\"@graph\":[{\"@type\":\"Article\",\"@id\":\"https:\\\/\\\/kuali.com.mx\\\/web\\\/2022\\\/11\\\/18\\\/arranco-el-festival-de-jazz-en-irapuato\\\/#article\",\"isPartOf\":{\"@id\":\"https:\\\/\\\/kuali.com.mx\\\/web\\\/2022\\\/11\\\/18\\\/arranco-el-festival-de-jazz-en-irapuato\\\/\"},\"author\":{\"name\":\"Kuali Staff\",\"@id\":\"https:\\\/\\\/kuali.com.mx\\\/web\\\/#\\\/schema\\\/person\\\/6f89ffa8ecba9dae50662357923c5289\"},\"headline\":\"ARRANC\u00d3 EL FESTIVAL DE JAZZ EN IRAPUATO\",\"datePublished\":\"2022-11-18T16:17:07+00:00\",\"dateModified\":\"2022-11-18T17:29:04+00:00\",\"mainEntityOfPage\":{\"@id\":\"https:\\\/\\\/kuali.com.mx\\\/web\\\/2022\\\/11\\\/18\\\/arranco-el-festival-de-jazz-en-irapuato\\\/\"},\"wordCount\":335,\"commentCount\":0,\"image\":{\"@id\":\"https:\\\/\\\/kuali.com.mx\\\/web\\\/2022\\\/11\\\/18\\\/arranco-el-festival-de-jazz-en-irapuato\\\/#primaryimage\"},\"thumbnailUrl\":\"https:\\\/\\\/kuali.com.mx\\\/web\\\/wp-content\\\/uploads\\\/2022\\\/11\\\/JAZZ-A-1.jpg\",\"articleSection\":[\"Cultura\"],\"inLanguage\":\"es\",\"potentialAction\":[{\"@type\":\"CommentAction\",\"name\":\"Comment\",\"target\":[\"https:\\\/\\\/kuali.com.mx\\\/web\\\/2022\\\/11\\\/18\\\/arranco-el-festival-de-jazz-en-irapuato\\\/#respond\"]}]},{\"@type\":\"WebPage\",\"@id\":\"https:\\\/\\\/kuali.com.mx\\\/web\\\/2022\\\/11\\\/18\\\/arranco-el-festival-de-jazz-en-irapuato\\\/\",\"url\":\"https:\\\/\\\/kuali.com.mx\\\/web\\\/2022\\\/11\\\/18\\\/arranco-el-festival-de-jazz-en-irapuato\\\/\",\"name\":\"ARRANC\u00d3 EL FESTIVAL DE JAZZ EN IRAPUATO - Kuali\",\"isPartOf\":{\"@id\":\"https:\\\/\\\/kuali.com.mx\\\/web\\\/#website\"},\"primaryImageOfPage\":{\"@id\":\"https:\\\/\\\/kuali.com.mx\\\/web\\\/2022\\\/11\\\/18\\\/arranco-el-festival-de-jazz-en-irapuato\\\/#primaryimage\"},\"image\":{\"@id\":\"https:\\\/\\\/kuali.com.mx\\\/web\\\/2022\\\/11\\\/18\\\/arranco-el-festival-de-jazz-en-irapuato\\\/#primaryimage\"},\"thumbnailUrl\":\"https:\\\/\\\/kuali.com.mx\\\/web\\\/wp-content\\\/uploads\\\/2022\\\/11\\\/JAZZ-A-1.jpg\",\"datePublished\":\"2022-11-18T16:17:07+00:00\",\"dateModified\":\"2022-11-18T17:29:04+00:00\",\"author\":{\"@id\":\"https:\\\/\\\/kuali.com.mx\\\/web\\\/#\\\/schema\\\/person\\\/6f89ffa8ecba9dae50662357923c5289\"},\"breadcrumb\":{\"@id\":\"https:\\\/\\\/kuali.com.mx\\\/web\\\/2022\\\/11\\\/18\\\/arranco-el-festival-de-jazz-en-irapuato\\\/#breadcrumb\"},\"inLanguage\":\"es\",\"potentialAction\":[{\"@type\":\"ReadAction\",\"target\":[\"https:\\\/\\\/kuali.com.mx\\\/web\\\/2022\\\/11\\\/18\\\/arranco-el-festival-de-jazz-en-irapuato\\\/\"]}]},{\"@type\":\"ImageObject\",\"inLanguage\":\"es\",\"@id\":\"https:\\\/\\\/kuali.com.mx\\\/web\\\/2022\\\/11\\\/18\\\/arranco-el-festival-de-jazz-en-irapuato\\\/#primaryimage\",\"url\":\"https:\\\/\\\/kuali.com.mx\\\/web\\\/wp-content\\\/uploads\\\/2022\\\/11\\\/JAZZ-A-1.jpg\",\"contentUrl\":\"https:\\\/\\\/kuali.com.mx\\\/web\\\/wp-content\\\/uploads\\\/2022\\\/11\\\/JAZZ-A-1.jpg\",\"width\":1720,\"height\":750},{\"@type\":\"BreadcrumbList\",\"@id\":\"https:\\\/\\\/kuali.com.mx\\\/web\\\/2022\\\/11\\\/18\\\/arranco-el-festival-de-jazz-en-irapuato\\\/#breadcrumb\",\"itemListElement\":[{\"@type\":\"ListItem\",\"position\":1,\"name\":\"Inicio\",\"item\":\"https:\\\/\\\/kuali.com.mx\\\/web\\\/\"},{\"@type\":\"ListItem\",\"position\":2,\"name\":\"ARRANC\u00d3 EL FESTIVAL DE JAZZ EN IRAPUATO\"}]},{\"@type\":\"WebSite\",\"@id\":\"https:\\\/\\\/kuali.com.mx\\\/web\\\/#website\",\"url\":\"https:\\\/\\\/kuali.com.mx\\\/web\\\/\",\"name\":\"Kuali\",\"description\":\"\",\"potentialAction\":[{\"@type\":\"SearchAction\",\"target\":{\"@type\":\"EntryPoint\",\"urlTemplate\":\"https:\\\/\\\/kuali.com.mx\\\/web\\\/?s={search_term_string}\"},\"query-input\":{\"@type\":\"PropertyValueSpecification\",\"valueRequired\":true,\"valueName\":\"search_term_string\"}}],\"inLanguage\":\"es\"},{\"@type\":\"Person\",\"@id\":\"https:\\\/\\\/kuali.com.mx\\\/web\\\/#\\\/schema\\\/person\\\/6f89ffa8ecba9dae50662357923c5289\",\"name\":\"Kuali Staff\",\"image\":{\"@type\":\"ImageObject\",\"inLanguage\":\"es\",\"@id\":\"https:\\\/\\\/secure.gravatar.com\\\/avatar\\\/f917ad82e5ab71227a733c78b6e60715476f69ee6be59feee4eb5d9920c89e0f?s=96&d=mm&r=g\",\"url\":\"https:\\\/\\\/secure.gravatar.com\\\/avatar\\\/f917ad82e5ab71227a733c78b6e60715476f69ee6be59feee4eb5d9920c89e0f?s=96&d=mm&r=g\",\"contentUrl\":\"https:\\\/\\\/secure.gravatar.com\\\/avatar\\\/f917ad82e5ab71227a733c78b6e60715476f69ee6be59feee4eb5d9920c89e0f?s=96&d=mm&r=g\",\"caption\":\"Kuali Staff\"},\"url\":\"https:\\\/\\\/kuali.com.mx\\\/web\\\/author\\\/lagarto\\\/\"}]}<\/script>\n<!-- \/ Yoast SEO plugin. -->","yoast_head_json":{"title":"ARRANC\u00d3 EL FESTIVAL DE JAZZ EN IRAPUATO - Kuali","robots":{"index":"index","follow":"follow","max-snippet":"max-snippet:-1","max-image-preview":"max-image-preview:large","max-video-preview":"max-video-preview:-1"},"canonical":"https:\/\/kuali.com.mx\/web\/2022\/11\/18\/arranco-el-festival-de-jazz-en-irapuato\/","og_locale":"es_MX","og_type":"article","og_title":"ARRANC\u00d3 EL FESTIVAL DE JAZZ EN IRAPUATO - Kuali","og_description":"Kuali\/Irapuato, Gto.-\u00a0Con la presentaci\u00f3n al ritmo de las bandas \u2018Timi Sullinger\u2019, \u2018Eduardo Piastro Tr\u00edo\u2019 y \u2018Los P\u00e1jaros Lolos\u2019, arranc\u00f3 la edici\u00f3n XXI del Festival de Jazz, uno de los eventos m\u00e1s longevos de la ciudad, que se podr\u00e1 disfrutar hasta el 20 de noviembre en el Andador Ju\u00e1rez, con la presentaci\u00f3n de seis bandas de [&hellip;]","og_url":"https:\/\/kuali.com.mx\/web\/2022\/11\/18\/arranco-el-festival-de-jazz-en-irapuato\/","og_site_name":"Kuali","article_publisher":"https:\/\/kuali.com.mx\/web\/wp-content\/uploads\/2018\/04\/cropped-kuali_logo-1-1.png","article_published_time":"2022-11-18T16:17:07+00:00","article_modified_time":"2022-11-18T17:29:04+00:00","og_image":[{"width":1720,"height":750,"url":"https:\/\/kuali.com.mx\/web\/wp-content\/uploads\/2022\/11\/JAZZ-A-1.jpg","type":"image\/jpeg"}],"author":"Kuali Staff","twitter_card":"summary_large_image","twitter_creator":"@kuali_noticias","twitter_site":"@kuali_noticias","twitter_misc":{"Escrito por":"Kuali Staff","Tiempo de lectura":"2 minutos"},"schema":{"@context":"https:\/\/schema.org","@graph":[{"@type":"Article","@id":"https:\/\/kuali.com.mx\/web\/2022\/11\/18\/arranco-el-festival-de-jazz-en-irapuato\/#article","isPartOf":{"@id":"https:\/\/kuali.com.mx\/web\/2022\/11\/18\/arranco-el-festival-de-jazz-en-irapuato\/"},"author":{"name":"Kuali Staff","@id":"https:\/\/kuali.com.mx\/web\/#\/schema\/person\/6f89ffa8ecba9dae50662357923c5289"},"headline":"ARRANC\u00d3 EL FESTIVAL DE JAZZ EN IRAPUATO","datePublished":"2022-11-18T16:17:07+00:00","dateModified":"2022-11-18T17:29:04+00:00","mainEntityOfPage":{"@id":"https:\/\/kuali.com.mx\/web\/2022\/11\/18\/arranco-el-festival-de-jazz-en-irapuato\/"},"wordCount":335,"commentCount":0,"image":{"@id":"https:\/\/kuali.com.mx\/web\/2022\/11\/18\/arranco-el-festival-de-jazz-en-irapuato\/#primaryimage"},"thumbnailUrl":"https:\/\/kuali.com.mx\/web\/wp-content\/uploads\/2022\/11\/JAZZ-A-1.jpg","articleSection":["Cultura"],"inLanguage":"es","potentialAction":[{"@type":"CommentAction","name":"Comment","target":["https:\/\/kuali.com.mx\/web\/2022\/11\/18\/arranco-el-festival-de-jazz-en-irapuato\/#respond"]}]},{"@type":"WebPage","@id":"https:\/\/kuali.com.mx\/web\/2022\/11\/18\/arranco-el-festival-de-jazz-en-irapuato\/","url":"https:\/\/kuali.com.mx\/web\/2022\/11\/18\/arranco-el-festival-de-jazz-en-irapuato\/","name":"ARRANC\u00d3 EL FESTIVAL DE JAZZ EN IRAPUATO - Kuali","isPartOf":{"@id":"https:\/\/kuali.com.mx\/web\/#website"},"primaryImageOfPage":{"@id":"https:\/\/kuali.com.mx\/web\/2022\/11\/18\/arranco-el-festival-de-jazz-en-irapuato\/#primaryimage"},"image":{"@id":"https:\/\/kuali.com.mx\/web\/2022\/11\/18\/arranco-el-festival-de-jazz-en-irapuato\/#primaryimage"},"thumbnailUrl":"https:\/\/kuali.com.mx\/web\/wp-content\/uploads\/2022\/11\/JAZZ-A-1.jpg","datePublished":"2022-11-18T16:17:07+00:00","dateModified":"2022-11-18T17:29:04+00:00","author":{"@id":"https:\/\/kuali.com.mx\/web\/#\/schema\/person\/6f89ffa8ecba9dae50662357923c5289"},"breadcrumb":{"@id":"https:\/\/kuali.com.mx\/web\/2022\/11\/18\/arranco-el-festival-de-jazz-en-irapuato\/#breadcrumb"},"inLanguage":"es","potentialAction":[{"@type":"ReadAction","target":["https:\/\/kuali.com.mx\/web\/2022\/11\/18\/arranco-el-festival-de-jazz-en-irapuato\/"]}]},{"@type":"ImageObject","inLanguage":"es","@id":"https:\/\/kuali.com.mx\/web\/2022\/11\/18\/arranco-el-festival-de-jazz-en-irapuato\/#primaryimage","url":"https:\/\/kuali.com.mx\/web\/wp-content\/uploads\/2022\/11\/JAZZ-A-1.jpg","contentUrl":"https:\/\/kuali.com.mx\/web\/wp-content\/uploads\/2022\/11\/JAZZ-A-1.jpg","width":1720,"height":750},{"@type":"BreadcrumbList","@id":"https:\/\/kuali.com.mx\/web\/2022\/11\/18\/arranco-el-festival-de-jazz-en-irapuato\/#breadcrumb","itemListElement":[{"@type":"ListItem","position":1,"name":"Inicio","item":"https:\/\/kuali.com.mx\/web\/"},{"@type":"ListItem","position":2,"name":"ARRANC\u00d3 EL FESTIVAL DE JAZZ EN IRAPUATO"}]},{"@type":"WebSite","@id":"https:\/\/kuali.com.mx\/web\/#website","url":"https:\/\/kuali.com.mx\/web\/","name":"Kuali","description":"","potentialAction":[{"@type":"SearchAction","target":{"@type":"EntryPoint","urlTemplate":"https:\/\/kuali.com.mx\/web\/?s={search_term_string}"},"query-input":{"@type":"PropertyValueSpecification","valueRequired":true,"valueName":"search_term_string"}}],"inLanguage":"es"},{"@type":"Person","@id":"https:\/\/kuali.com.mx\/web\/#\/schema\/person\/6f89ffa8ecba9dae50662357923c5289","name":"Kuali Staff","image":{"@type":"ImageObject","inLanguage":"es","@id":"https:\/\/secure.gravatar.com\/avatar\/f917ad82e5ab71227a733c78b6e60715476f69ee6be59feee4eb5d9920c89e0f?s=96&d=mm&r=g","url":"https:\/\/secure.gravatar.com\/avatar\/f917ad82e5ab71227a733c78b6e60715476f69ee6be59feee4eb5d9920c89e0f?s=96&d=mm&r=g","contentUrl":"https:\/\/secure.gravatar.com\/avatar\/f917ad82e5ab71227a733c78b6e60715476f69ee6be59feee4eb5d9920c89e0f?s=96&d=mm&r=g","caption":"Kuali Staff"},"url":"https:\/\/kuali.com.mx\/web\/author\/lagarto\/"}]}},"_links":{"self":[{"href":"https:\/\/kuali.com.mx\/web\/wp-json\/wp\/v2\/posts\/107663","targetHints":{"allow":["GET"]}}],"collection":[{"href":"https:\/\/kuali.com.mx\/web\/wp-json\/wp\/v2\/posts"}],"about":[{"href":"https:\/\/kuali.com.mx\/web\/wp-json\/wp\/v2\/types\/post"}],"author":[{"embeddable":true,"href":"https:\/\/kuali.com.mx\/web\/wp-json\/wp\/v2\/users\/2"}],"replies":[{"embeddable":true,"href":"https:\/\/kuali.com.mx\/web\/wp-json\/wp\/v2\/comments?post=107663"}],"version-history":[{"count":1,"href":"https:\/\/kuali.com.mx\/web\/wp-json\/wp\/v2\/posts\/107663\/revisions"}],"predecessor-version":[{"id":107667,"href":"https:\/\/kuali.com.mx\/web\/wp-json\/wp\/v2\/posts\/107663\/revisions\/107667"}],"wp:featuredmedia":[{"embeddable":true,"href":"https:\/\/kuali.com.mx\/web\/wp-json\/wp\/v2\/media\/107665"}],"wp:attachment":[{"href":"https:\/\/kuali.com.mx\/web\/wp-json\/wp\/v2\/media?parent=107663"}],"wp:term":[{"taxonomy":"category","embeddable":true,"href":"https:\/\/kuali.com.mx\/web\/wp-json\/wp\/v2\/categories?post=107663"},{"taxonomy":"post_tag","embeddable":true,"href":"https:\/\/kuali.com.mx\/web\/wp-json\/wp\/v2\/tags?post=107663"}],"curies":[{"name":"wp","href":"https:\/\/api.w.org\/{rel}","templated":true}]}}