{"id":107641,"date":"2022-11-18T07:53:29","date_gmt":"2022-11-18T13:53:29","guid":{"rendered":"https:\/\/kuali.com.mx\/web\/?p=107641"},"modified":"2022-11-18T08:44:18","modified_gmt":"2022-11-18T14:44:18","slug":"piden-medicos-despenalizacion-del-aborto","status":"publish","type":"post","link":"https:\/\/kuali.com.mx\/web\/2022\/11\/18\/piden-medicos-despenalizacion-del-aborto\/","title":{"rendered":"PIDEN M\u00c9DICOS DESPENALIZACI\u00d3N DEL ABORTO\u00a0"},"content":{"rendered":"\n<p><strong><em>Kuali\/Guadalajara, Jal<\/em>.\u2014\u00a0<\/strong>\u00a0Se present\u00f3 en conferencia de prensa la campa\u00f1a\u00a0Salvemos Miles de Vidas M\u00e9xico, donde m\u00e9dicos de todo el pa\u00eds comparten sus testimonios sobre la realidad de los abortos inseguros en favor de que se legalice el aborto seguro para las mujeres mexicanas en todo el pa\u00eds.\u00a0<\/p>\n\n\n\n<p>\u201cCelebramos la creaci\u00f3n y el lanzamiento de Salvemos Miles de Vidas M\u00e9xico, una campa\u00f1a con la que m\u00e9dicas y m\u00e9dicos y otros profesionales de la salud nos permiten conocer el problema de salud p\u00fablica que genera la penalizaci\u00f3n total o parcial del aborto. Lo que los m\u00e9dicos enfrentan d\u00eda a d\u00eda en sus hospitales es un tema que merece toda la atenci\u00f3n de las y los legisladores de este pa\u00eds porque se tratan de miles de vidas que podr\u00edan salvarse si se les permitiera acceder a procedimientos legales y seguros, como ocurre en estados y pa\u00edses donde el aborto es completamente legal. Desde Ipas aplaudimos y compartimos el llamado que realizan a las y los legisladores para que modifiquen sus leyes y den respuesta al llamado que hizo la SCJN recientemente: no se puede seguir criminalizando a las mujeres por abortar\u201d, dijo Mar\u00eda Antonieta Alcalde Castro, directora ejecutiva de Ipas Latinoam\u00e9rica y El Caribe.&nbsp;<\/p>\n\n\n\n<p>La interrupci\u00f3n del embarazo por libre decisi\u00f3n de la mujer en las primeras 12 semanas de gestaci\u00f3n se puede realizar en Ciudad de M\u00e9xico, Oaxaca, Veracruz, Hidalgo, Baja California, Colima, Sinaloa, Guerrero, Baja California Sur y Quintana Roo. Sin embargo, el aborto inseguro sigue presentando un problema grave de salud p\u00fablica en el resto del pa\u00eds, incluyendo en Jalisco. Esta penalizaci\u00f3n sigue cobrando vidas de mujeres y ni\u00f1as: en este momento el aborto es la tercera causa de muerte materna en M\u00e9xico en 2022<strong>,&nbsp;<\/strong>de acuerdo con datos de la Secretar\u00eda de Salud Federal (SSA).&nbsp;<\/p>\n\n\n\n<p>En la conferencia de prensa, profesionales de la salud preocupados por proteger la vida de ni\u00f1as y mujeres en M\u00e9xico comentaron la importancia de que miles de mujeres puedan informarse y acceder al aborto de manera legal y en condiciones sanitarias, dignas y seguras, sin arriesgar su vida ni comprometer su salud reproductiva.&nbsp;<\/p>\n\n\n\n<p>Por medio de testimonios, los voceros pidieron la despenalizaci\u00f3n del aborto en el resto de los estados para que miles de mujeres y ni\u00f1as puedan ser salvadas de pr\u00e1cticas inseguras, donde pueden llegar a perder la vida por las condiciones en las que se practican.&nbsp;<\/p>\n\n\n\n<p>\u201cHemos vivido de cerca las consecuencias del aborto inseguro: hemorragias, infecciones, lesiones de \u00fatero, infertilidad e incluso la muerte. El aborto existi\u00f3, existe y existir\u00e1. La mujer que decide abortar lo har\u00e1 en las condiciones que puede, aun siendo ilegal e inseguro\u201d, dijo la m\u00e9dico gineco-obstetra Georgina D\u00edaz en conferencia de prensa.&nbsp;<\/p>\n\n\n\n<p>Adem\u00e1s, la profesional comparti\u00f3 una historia: \u201crecuerdo una ni\u00f1a que lleg\u00f3 durante mi turno de trabajo pr\u00e1cticamente premortem, la llevaron los familiares, la llev\u00f3 su mam\u00e1. Ella era una ni\u00f1a de 14 a\u00f1os y la pareja, un hombre de 35 a\u00f1os, la hab\u00eda sometido a introducir v\u00eda vaginal un gancho de ropa met\u00e1lico, perfor\u00e1ndole el \u00fatero. La ni\u00f1a muri\u00f3 15 minutos despu\u00e9s de que lleg\u00f3 a mis manos. Esa muerte hizo que me sensibilizar\u00e1 y pudiera ayudar a que m\u00e1s ni\u00f1as no mueran\u201d.&nbsp;<\/p>\n\n\n\n<p>\u201cLa mayor\u00eda de nosotros somos m\u00e9dicos gineco-obstetras que tenemos m\u00e1s de 20 a\u00f1os trabajando en los servicios de la salud, tanto en los servicios p\u00fablicos, como en los servicios privados. Sabemos de primera mano lo que ocurre en los centros de salud y en los hospitales cuando el aborto se criminaliza\u201d, coment\u00f3 la m\u00e9dica Paola Santill\u00e1n.&nbsp;<\/p>\n\n\n\n<p>\u201cHemos visto demasiadas mujeres que llegan a nuestros consultorios u hospitales en crisis, complicadas y adem\u00e1s con mucho miedo porque accedieron a procedimientos que son penados por la ley, sin la metodolog\u00eda adecuada o sin los insumos correctos, y con temor a ser criminalizadas'', complet\u00f3 la doctora.&nbsp;<\/p>\n\n\n\n<p>\u201cCuando el acceso al aborto es legal, se disminuye el n\u00famero de muertes y complicaciones derivadas de procesos inseguros de interrupci\u00f3n del embarazo, as\u00ed como la carga hospitalaria, y la carga econ\u00f3mica que esta implica. Se estima la atenci\u00f3n de complicaciones por abortos inseguros en Am\u00e9rica Latina cuesta alrededor de 333 millones de d\u00f3lares anuales a los servicios de salud,\u201d coment\u00f3 el m\u00e9dico Rafael Buitr\u00f3n.&nbsp;<\/p>\n\n\n\n<p>Adem\u00e1s, agreg\u00f3: \u201cRecordemos que en 2021, la Suprema Corte de Justicia de la Naci\u00f3n declar\u00f3 que es inconstitucional establecer sanciones penales a las mujeres que interrumpen su embarazo en las primeras 12 semanas de gestaci\u00f3n en todo el pa\u00eds. Hacemos un llamado para que las y los legisladores de Jalisco armonicen el c\u00f3digo penal del estado con lo que indica la Suprema Corte\u201d.&nbsp;<\/p>\n\n\n\n<p>A trav\u00e9s de la difusi\u00f3n de testimonios reales de m\u00e9dicos y profesionales de la salud, Salvemos Miles de Vidas M\u00e9xico lucha porque el aborto sea legal en el pa\u00eds y pueda ser atendido como un servicio de salud, para poder salvar miles de vidas de los peligros de recurrir a los abortos inseguros.&nbsp;<\/p>\n","protected":false},"excerpt":{"rendered":"Kuali\/Guadalajara, Jal.\u2014\u00a0\u00a0Se present\u00f3 en conferencia de prensa la campa\u00f1a\u00a0Salvemos Miles de Vidas M\u00e9xico, donde m\u00e9dicos de todo el pa\u00eds comparten sus testimonios sobre la realidad de los abortos inseguros en favor de que se legalice el aborto seguro para las mujeres mexicanas en todo el pa\u00eds.\u00a0 \u201cCelebramos la creaci\u00f3n y el lanzamiento de Salvemos Miles [&hellip;]","protected":false},"author":2,"featured_media":107643,"comment_status":"open","ping_status":"open","sticky":false,"template":"","format":"standard","meta":{"_seopress_robots_primary_cat":"none","_seopress_titles_title":"","_seopress_titles_desc":"","_seopress_robots_index":"","_monsterinsights_skip_tracking":false,"_monsterinsights_sitenote_active":false,"_monsterinsights_sitenote_note":"","_monsterinsights_sitenote_category":0,"footnotes":""},"categories":[7],"tags":[],"class_list":["post-107641","post","type-post","status-publish","format-standard","has-post-thumbnail","hentry","category-salud"],"yoast_head":"<!-- This site is optimized with the Yoast SEO plugin v27.4 - https:\/\/yoast.com\/product\/yoast-seo-wordpress\/ -->\n<title>PIDEN M\u00c9DICOS DESPENALIZACI\u00d3N DEL ABORTO\u00a0 - Kuali<\/title>\n<meta name=\"robots\" content=\"index, follow, max-snippet:-1, max-image-preview:large, max-video-preview:-1\" \/>\n<link rel=\"canonical\" href=\"https:\/\/kuali.com.mx\/web\/2022\/11\/18\/piden-medicos-despenalizacion-del-aborto\/\" \/>\n<meta property=\"og:locale\" content=\"es_MX\" \/>\n<meta property=\"og:type\" content=\"article\" \/>\n<meta property=\"og:title\" content=\"PIDEN M\u00c9DICOS DESPENALIZACI\u00d3N DEL ABORTO\u00a0 - Kuali\" \/>\n<meta property=\"og:description\" content=\"Kuali\/Guadalajara, Jal.\u2014\u00a0\u00a0Se present\u00f3 en conferencia de prensa la campa\u00f1a\u00a0Salvemos Miles de Vidas M\u00e9xico, donde m\u00e9dicos de todo el pa\u00eds comparten sus testimonios sobre la realidad de los abortos inseguros en favor de que se legalice el aborto seguro para las mujeres mexicanas en todo el pa\u00eds.\u00a0 \u201cCelebramos la creaci\u00f3n y el lanzamiento de Salvemos Miles [&hellip;]\" \/>\n<meta property=\"og:url\" content=\"https:\/\/kuali.com.mx\/web\/2022\/11\/18\/piden-medicos-despenalizacion-del-aborto\/\" \/>\n<meta property=\"og:site_name\" content=\"Kuali\" \/>\n<meta property=\"article:publisher\" content=\"https:\/\/kuali.com.mx\/web\/wp-content\/uploads\/2018\/04\/cropped-kuali_logo-1-1.png\" \/>\n<meta property=\"article:published_time\" content=\"2022-11-18T13:53:29+00:00\" \/>\n<meta property=\"article:modified_time\" content=\"2022-11-18T14:44:18+00:00\" \/>\n<meta property=\"og:image\" content=\"https:\/\/kuali.com.mx\/web\/wp-content\/uploads\/2022\/11\/MEDICOS.jpg\" \/>\n\t<meta property=\"og:image:width\" content=\"862\" \/>\n\t<meta property=\"og:image:height\" content=\"412\" \/>\n\t<meta property=\"og:image:type\" content=\"image\/jpeg\" \/>\n<meta name=\"author\" content=\"Kuali Staff\" \/>\n<meta name=\"twitter:card\" content=\"summary_large_image\" \/>\n<meta name=\"twitter:creator\" content=\"@kuali_noticias\" \/>\n<meta name=\"twitter:site\" content=\"@kuali_noticias\" \/>\n<meta name=\"twitter:label1\" content=\"Escrito por\" \/>\n\t<meta name=\"twitter:data1\" content=\"Kuali Staff\" \/>\n\t<meta name=\"twitter:label2\" content=\"Tiempo de lectura\" \/>\n\t<meta name=\"twitter:data2\" content=\"4 minutos\" \/>\n<script type=\"application\/ld+json\" class=\"yoast-schema-graph\">{\"@context\":\"https:\\\/\\\/schema.org\",\"@graph\":[{\"@type\":\"Article\",\"@id\":\"https:\\\/\\\/kuali.com.mx\\\/web\\\/2022\\\/11\\\/18\\\/piden-medicos-despenalizacion-del-aborto\\\/#article\",\"isPartOf\":{\"@id\":\"https:\\\/\\\/kuali.com.mx\\\/web\\\/2022\\\/11\\\/18\\\/piden-medicos-despenalizacion-del-aborto\\\/\"},\"author\":{\"name\":\"Kuali Staff\",\"@id\":\"https:\\\/\\\/kuali.com.mx\\\/web\\\/#\\\/schema\\\/person\\\/6f89ffa8ecba9dae50662357923c5289\"},\"headline\":\"PIDEN M\u00c9DICOS DESPENALIZACI\u00d3N DEL ABORTO\u00a0\",\"datePublished\":\"2022-11-18T13:53:29+00:00\",\"dateModified\":\"2022-11-18T14:44:18+00:00\",\"mainEntityOfPage\":{\"@id\":\"https:\\\/\\\/kuali.com.mx\\\/web\\\/2022\\\/11\\\/18\\\/piden-medicos-despenalizacion-del-aborto\\\/\"},\"wordCount\":904,\"commentCount\":0,\"image\":{\"@id\":\"https:\\\/\\\/kuali.com.mx\\\/web\\\/2022\\\/11\\\/18\\\/piden-medicos-despenalizacion-del-aborto\\\/#primaryimage\"},\"thumbnailUrl\":\"https:\\\/\\\/kuali.com.mx\\\/web\\\/wp-content\\\/uploads\\\/2022\\\/11\\\/MEDICOS.jpg\",\"articleSection\":[\"Salud\"],\"inLanguage\":\"es\",\"potentialAction\":[{\"@type\":\"CommentAction\",\"name\":\"Comment\",\"target\":[\"https:\\\/\\\/kuali.com.mx\\\/web\\\/2022\\\/11\\\/18\\\/piden-medicos-despenalizacion-del-aborto\\\/#respond\"]}]},{\"@type\":\"WebPage\",\"@id\":\"https:\\\/\\\/kuali.com.mx\\\/web\\\/2022\\\/11\\\/18\\\/piden-medicos-despenalizacion-del-aborto\\\/\",\"url\":\"https:\\\/\\\/kuali.com.mx\\\/web\\\/2022\\\/11\\\/18\\\/piden-medicos-despenalizacion-del-aborto\\\/\",\"name\":\"PIDEN M\u00c9DICOS DESPENALIZACI\u00d3N DEL ABORTO\u00a0 - Kuali\",\"isPartOf\":{\"@id\":\"https:\\\/\\\/kuali.com.mx\\\/web\\\/#website\"},\"primaryImageOfPage\":{\"@id\":\"https:\\\/\\\/kuali.com.mx\\\/web\\\/2022\\\/11\\\/18\\\/piden-medicos-despenalizacion-del-aborto\\\/#primaryimage\"},\"image\":{\"@id\":\"https:\\\/\\\/kuali.com.mx\\\/web\\\/2022\\\/11\\\/18\\\/piden-medicos-despenalizacion-del-aborto\\\/#primaryimage\"},\"thumbnailUrl\":\"https:\\\/\\\/kuali.com.mx\\\/web\\\/wp-content\\\/uploads\\\/2022\\\/11\\\/MEDICOS.jpg\",\"datePublished\":\"2022-11-18T13:53:29+00:00\",\"dateModified\":\"2022-11-18T14:44:18+00:00\",\"author\":{\"@id\":\"https:\\\/\\\/kuali.com.mx\\\/web\\\/#\\\/schema\\\/person\\\/6f89ffa8ecba9dae50662357923c5289\"},\"breadcrumb\":{\"@id\":\"https:\\\/\\\/kuali.com.mx\\\/web\\\/2022\\\/11\\\/18\\\/piden-medicos-despenalizacion-del-aborto\\\/#breadcrumb\"},\"inLanguage\":\"es\",\"potentialAction\":[{\"@type\":\"ReadAction\",\"target\":[\"https:\\\/\\\/kuali.com.mx\\\/web\\\/2022\\\/11\\\/18\\\/piden-medicos-despenalizacion-del-aborto\\\/\"]}]},{\"@type\":\"ImageObject\",\"inLanguage\":\"es\",\"@id\":\"https:\\\/\\\/kuali.com.mx\\\/web\\\/2022\\\/11\\\/18\\\/piden-medicos-despenalizacion-del-aborto\\\/#primaryimage\",\"url\":\"https:\\\/\\\/kuali.com.mx\\\/web\\\/wp-content\\\/uploads\\\/2022\\\/11\\\/MEDICOS.jpg\",\"contentUrl\":\"https:\\\/\\\/kuali.com.mx\\\/web\\\/wp-content\\\/uploads\\\/2022\\\/11\\\/MEDICOS.jpg\",\"width\":862,\"height\":412},{\"@type\":\"BreadcrumbList\",\"@id\":\"https:\\\/\\\/kuali.com.mx\\\/web\\\/2022\\\/11\\\/18\\\/piden-medicos-despenalizacion-del-aborto\\\/#breadcrumb\",\"itemListElement\":[{\"@type\":\"ListItem\",\"position\":1,\"name\":\"Inicio\",\"item\":\"https:\\\/\\\/kuali.com.mx\\\/web\\\/\"},{\"@type\":\"ListItem\",\"position\":2,\"name\":\"PIDEN M\u00c9DICOS DESPENALIZACI\u00d3N DEL ABORTO\u00a0\"}]},{\"@type\":\"WebSite\",\"@id\":\"https:\\\/\\\/kuali.com.mx\\\/web\\\/#website\",\"url\":\"https:\\\/\\\/kuali.com.mx\\\/web\\\/\",\"name\":\"Kuali\",\"description\":\"\",\"potentialAction\":[{\"@type\":\"SearchAction\",\"target\":{\"@type\":\"EntryPoint\",\"urlTemplate\":\"https:\\\/\\\/kuali.com.mx\\\/web\\\/?s={search_term_string}\"},\"query-input\":{\"@type\":\"PropertyValueSpecification\",\"valueRequired\":true,\"valueName\":\"search_term_string\"}}],\"inLanguage\":\"es\"},{\"@type\":\"Person\",\"@id\":\"https:\\\/\\\/kuali.com.mx\\\/web\\\/#\\\/schema\\\/person\\\/6f89ffa8ecba9dae50662357923c5289\",\"name\":\"Kuali Staff\",\"image\":{\"@type\":\"ImageObject\",\"inLanguage\":\"es\",\"@id\":\"https:\\\/\\\/secure.gravatar.com\\\/avatar\\\/f917ad82e5ab71227a733c78b6e60715476f69ee6be59feee4eb5d9920c89e0f?s=96&d=mm&r=g\",\"url\":\"https:\\\/\\\/secure.gravatar.com\\\/avatar\\\/f917ad82e5ab71227a733c78b6e60715476f69ee6be59feee4eb5d9920c89e0f?s=96&d=mm&r=g\",\"contentUrl\":\"https:\\\/\\\/secure.gravatar.com\\\/avatar\\\/f917ad82e5ab71227a733c78b6e60715476f69ee6be59feee4eb5d9920c89e0f?s=96&d=mm&r=g\",\"caption\":\"Kuali Staff\"},\"url\":\"https:\\\/\\\/kuali.com.mx\\\/web\\\/author\\\/lagarto\\\/\"}]}<\/script>\n<!-- \/ Yoast SEO plugin. -->","yoast_head_json":{"title":"PIDEN M\u00c9DICOS DESPENALIZACI\u00d3N DEL ABORTO\u00a0 - Kuali","robots":{"index":"index","follow":"follow","max-snippet":"max-snippet:-1","max-image-preview":"max-image-preview:large","max-video-preview":"max-video-preview:-1"},"canonical":"https:\/\/kuali.com.mx\/web\/2022\/11\/18\/piden-medicos-despenalizacion-del-aborto\/","og_locale":"es_MX","og_type":"article","og_title":"PIDEN M\u00c9DICOS DESPENALIZACI\u00d3N DEL ABORTO\u00a0 - Kuali","og_description":"Kuali\/Guadalajara, Jal.\u2014\u00a0\u00a0Se present\u00f3 en conferencia de prensa la campa\u00f1a\u00a0Salvemos Miles de Vidas M\u00e9xico, donde m\u00e9dicos de todo el pa\u00eds comparten sus testimonios sobre la realidad de los abortos inseguros en favor de que se legalice el aborto seguro para las mujeres mexicanas en todo el pa\u00eds.\u00a0 \u201cCelebramos la creaci\u00f3n y el lanzamiento de Salvemos Miles [&hellip;]","og_url":"https:\/\/kuali.com.mx\/web\/2022\/11\/18\/piden-medicos-despenalizacion-del-aborto\/","og_site_name":"Kuali","article_publisher":"https:\/\/kuali.com.mx\/web\/wp-content\/uploads\/2018\/04\/cropped-kuali_logo-1-1.png","article_published_time":"2022-11-18T13:53:29+00:00","article_modified_time":"2022-11-18T14:44:18+00:00","og_image":[{"width":862,"height":412,"url":"https:\/\/kuali.com.mx\/web\/wp-content\/uploads\/2022\/11\/MEDICOS.jpg","type":"image\/jpeg"}],"author":"Kuali Staff","twitter_card":"summary_large_image","twitter_creator":"@kuali_noticias","twitter_site":"@kuali_noticias","twitter_misc":{"Escrito por":"Kuali Staff","Tiempo de lectura":"4 minutos"},"schema":{"@context":"https:\/\/schema.org","@graph":[{"@type":"Article","@id":"https:\/\/kuali.com.mx\/web\/2022\/11\/18\/piden-medicos-despenalizacion-del-aborto\/#article","isPartOf":{"@id":"https:\/\/kuali.com.mx\/web\/2022\/11\/18\/piden-medicos-despenalizacion-del-aborto\/"},"author":{"name":"Kuali Staff","@id":"https:\/\/kuali.com.mx\/web\/#\/schema\/person\/6f89ffa8ecba9dae50662357923c5289"},"headline":"PIDEN M\u00c9DICOS DESPENALIZACI\u00d3N DEL ABORTO\u00a0","datePublished":"2022-11-18T13:53:29+00:00","dateModified":"2022-11-18T14:44:18+00:00","mainEntityOfPage":{"@id":"https:\/\/kuali.com.mx\/web\/2022\/11\/18\/piden-medicos-despenalizacion-del-aborto\/"},"wordCount":904,"commentCount":0,"image":{"@id":"https:\/\/kuali.com.mx\/web\/2022\/11\/18\/piden-medicos-despenalizacion-del-aborto\/#primaryimage"},"thumbnailUrl":"https:\/\/kuali.com.mx\/web\/wp-content\/uploads\/2022\/11\/MEDICOS.jpg","articleSection":["Salud"],"inLanguage":"es","potentialAction":[{"@type":"CommentAction","name":"Comment","target":["https:\/\/kuali.com.mx\/web\/2022\/11\/18\/piden-medicos-despenalizacion-del-aborto\/#respond"]}]},{"@type":"WebPage","@id":"https:\/\/kuali.com.mx\/web\/2022\/11\/18\/piden-medicos-despenalizacion-del-aborto\/","url":"https:\/\/kuali.com.mx\/web\/2022\/11\/18\/piden-medicos-despenalizacion-del-aborto\/","name":"PIDEN M\u00c9DICOS DESPENALIZACI\u00d3N DEL ABORTO\u00a0 - Kuali","isPartOf":{"@id":"https:\/\/kuali.com.mx\/web\/#website"},"primaryImageOfPage":{"@id":"https:\/\/kuali.com.mx\/web\/2022\/11\/18\/piden-medicos-despenalizacion-del-aborto\/#primaryimage"},"image":{"@id":"https:\/\/kuali.com.mx\/web\/2022\/11\/18\/piden-medicos-despenalizacion-del-aborto\/#primaryimage"},"thumbnailUrl":"https:\/\/kuali.com.mx\/web\/wp-content\/uploads\/2022\/11\/MEDICOS.jpg","datePublished":"2022-11-18T13:53:29+00:00","dateModified":"2022-11-18T14:44:18+00:00","author":{"@id":"https:\/\/kuali.com.mx\/web\/#\/schema\/person\/6f89ffa8ecba9dae50662357923c5289"},"breadcrumb":{"@id":"https:\/\/kuali.com.mx\/web\/2022\/11\/18\/piden-medicos-despenalizacion-del-aborto\/#breadcrumb"},"inLanguage":"es","potentialAction":[{"@type":"ReadAction","target":["https:\/\/kuali.com.mx\/web\/2022\/11\/18\/piden-medicos-despenalizacion-del-aborto\/"]}]},{"@type":"ImageObject","inLanguage":"es","@id":"https:\/\/kuali.com.mx\/web\/2022\/11\/18\/piden-medicos-despenalizacion-del-aborto\/#primaryimage","url":"https:\/\/kuali.com.mx\/web\/wp-content\/uploads\/2022\/11\/MEDICOS.jpg","contentUrl":"https:\/\/kuali.com.mx\/web\/wp-content\/uploads\/2022\/11\/MEDICOS.jpg","width":862,"height":412},{"@type":"BreadcrumbList","@id":"https:\/\/kuali.com.mx\/web\/2022\/11\/18\/piden-medicos-despenalizacion-del-aborto\/#breadcrumb","itemListElement":[{"@type":"ListItem","position":1,"name":"Inicio","item":"https:\/\/kuali.com.mx\/web\/"},{"@type":"ListItem","position":2,"name":"PIDEN M\u00c9DICOS DESPENALIZACI\u00d3N DEL ABORTO\u00a0"}]},{"@type":"WebSite","@id":"https:\/\/kuali.com.mx\/web\/#website","url":"https:\/\/kuali.com.mx\/web\/","name":"Kuali","description":"","potentialAction":[{"@type":"SearchAction","target":{"@type":"EntryPoint","urlTemplate":"https:\/\/kuali.com.mx\/web\/?s={search_term_string}"},"query-input":{"@type":"PropertyValueSpecification","valueRequired":true,"valueName":"search_term_string"}}],"inLanguage":"es"},{"@type":"Person","@id":"https:\/\/kuali.com.mx\/web\/#\/schema\/person\/6f89ffa8ecba9dae50662357923c5289","name":"Kuali Staff","image":{"@type":"ImageObject","inLanguage":"es","@id":"https:\/\/secure.gravatar.com\/avatar\/f917ad82e5ab71227a733c78b6e60715476f69ee6be59feee4eb5d9920c89e0f?s=96&d=mm&r=g","url":"https:\/\/secure.gravatar.com\/avatar\/f917ad82e5ab71227a733c78b6e60715476f69ee6be59feee4eb5d9920c89e0f?s=96&d=mm&r=g","contentUrl":"https:\/\/secure.gravatar.com\/avatar\/f917ad82e5ab71227a733c78b6e60715476f69ee6be59feee4eb5d9920c89e0f?s=96&d=mm&r=g","caption":"Kuali Staff"},"url":"https:\/\/kuali.com.mx\/web\/author\/lagarto\/"}]}},"_links":{"self":[{"href":"https:\/\/kuali.com.mx\/web\/wp-json\/wp\/v2\/posts\/107641","targetHints":{"allow":["GET"]}}],"collection":[{"href":"https:\/\/kuali.com.mx\/web\/wp-json\/wp\/v2\/posts"}],"about":[{"href":"https:\/\/kuali.com.mx\/web\/wp-json\/wp\/v2\/types\/post"}],"author":[{"embeddable":true,"href":"https:\/\/kuali.com.mx\/web\/wp-json\/wp\/v2\/users\/2"}],"replies":[{"embeddable":true,"href":"https:\/\/kuali.com.mx\/web\/wp-json\/wp\/v2\/comments?post=107641"}],"version-history":[{"count":2,"href":"https:\/\/kuali.com.mx\/web\/wp-json\/wp\/v2\/posts\/107641\/revisions"}],"predecessor-version":[{"id":107645,"href":"https:\/\/kuali.com.mx\/web\/wp-json\/wp\/v2\/posts\/107641\/revisions\/107645"}],"wp:featuredmedia":[{"embeddable":true,"href":"https:\/\/kuali.com.mx\/web\/wp-json\/wp\/v2\/media\/107643"}],"wp:attachment":[{"href":"https:\/\/kuali.com.mx\/web\/wp-json\/wp\/v2\/media?parent=107641"}],"wp:term":[{"taxonomy":"category","embeddable":true,"href":"https:\/\/kuali.com.mx\/web\/wp-json\/wp\/v2\/categories?post=107641"},{"taxonomy":"post_tag","embeddable":true,"href":"https:\/\/kuali.com.mx\/web\/wp-json\/wp\/v2\/tags?post=107641"}],"curies":[{"name":"wp","href":"https:\/\/api.w.org\/{rel}","templated":true}]}}