{"id":107613,"date":"2022-11-17T12:23:10","date_gmt":"2022-11-17T18:23:10","guid":{"rendered":"https:\/\/kuali.com.mx\/web\/?p=107613"},"modified":"2022-11-17T18:24:05","modified_gmt":"2022-11-18T00:24:05","slug":"abren-inscripciones-casas-de-la-cultura","status":"publish","type":"post","link":"https:\/\/kuali.com.mx\/web\/2022\/11\/17\/abren-inscripciones-casas-de-la-cultura\/","title":{"rendered":"ABREN INSCRIPCIONES CASAS DE LA CULTURA"},"content":{"rendered":"\n<p><strong>Kuali\/Le\u00f3n, Gto.- <\/strong>El 28 de noviembre abrir\u00e1 el periodo de inscripciones para el pr\u00f3ximo ciclo acad\u00e9mico de las Casas de la Cultura Efr\u00e9n Hern\u00e1ndez y Diego Rivera.<\/p>\n\n\n\n<p>El pr\u00f3ximo ciclo de estudios ser\u00e1 del 23 de enero al 10 de junio de 2023 con una oferta de talleres de iniciaci\u00f3n art\u00edstica para infantes, j\u00f3venes, personas adultas y adultas mayores, a cargo de profesores calificados en el desarrollo de conocimientos y habilidades en disciplinas como danza, m\u00fasica, artes pl\u00e1sticas, idiomas, artes esc\u00e9nicas y literarias.<\/p>\n\n\n\n<p>La Casa de la Cultura Efr\u00e9n Hern\u00e1ndez llevar\u00e1 a cabo su proceso de inscripci\u00f3n del 28 de noviembre al nueve de diciembre y ser\u00e1 de manera virtual.<\/p>\n\n\n\n<p>Quien desee inscribirse a alguno de los m\u00e1s de 55 talleres deber\u00e1 llenar un formulario que puede solicitar v\u00eda correo electr\u00f3nico (ccefrenhernandez.icl@hotmail.com) o a trav\u00e9s de WhatsApp (477 252 6242). Por los mismos medios se enviar\u00e1 la oferta acad\u00e9mica completa, que incluye horarios y costos, para identificar la clave del grupo al que se inscribir\u00e1 (bit.ly\/OfertaCaCulEH2023).<\/p>\n\n\n\n<p>Si el taller se encuentra disponible llegar\u00e1 una respuesta afirmativa con la informaci\u00f3n sobre las formas y modalidades de pago, con lo que se dar\u00e1 por concluido dicho proceso.<\/p>\n\n\n\n<p>Por su parte, la Casa de la Cultura Diego Rivera llevar\u00e1 a cabo el proceso para alguno de sus m\u00e1s de 150 talleres de manera presencial, del 28 de noviembre al siete de diciembre.<\/p>\n\n\n\n<p>Las y los interesados deber\u00e1n acudir a sus instalaciones (Portal Delicias s\/n planta baja, Plaza Fundadores) en un horario de lunes a viernes de 9:00 a 13:30 y de 16:00 a 18:30 horas.<\/p>\n\n\n\n<p>La oferta acad\u00e9mica, con horarios y costos, estar\u00e1 publicada en sus redes sociales y del Instituto Cultural de Le\u00f3n (ICL) (bit.ly\/OfertaCaCulDR2023). Los requisitos son: copia de acta de nacimiento, copia de comprobante de domicilio, CURP y copia de identificaci\u00f3n oficial, para mayores de edad; en caso de los menores, la identificaci\u00f3n deber\u00e1 ser del padre, madre o de quien realiza la inscripci\u00f3n.<\/p>\n\n\n\n<p>Para el taller de ingl\u00e9s de la Casa de Cultura Diego Rivera se deber\u00e1 solicitar registro v\u00eda WhatsApp (477 704 7830), abierto del 14 al 24 de noviembre, de 10:00 a 17:00 horas. El costo de la ficha es de 44.00 pesos. Al momento de solicitar el registro para el examen ser\u00e1n indicados la fecha y horario disponible para el mismo. S\u00f3lo podr\u00e1n aplicar examen las personas debidamente registradas.<\/p>\n\n\n\n<p>Para mayores detalles sobre el proceso y la oferta, est\u00e1 disponible el correo ccefrenhernandez.icl@hotmail.com y el WhatsApp 477 252 6242 para la Casa Efr\u00e9n Hern\u00e1ndez; y para la Diego Rivera hay que escribir al correo casaculturaleon@hotmail.com o al WhatsApp 477 704 7830.<\/p>\n","protected":false},"excerpt":{"rendered":"Kuali\/Le\u00f3n, Gto.- El 28 de noviembre abrir\u00e1 el periodo de inscripciones para el pr\u00f3ximo ciclo acad\u00e9mico de las Casas de la Cultura Efr\u00e9n Hern\u00e1ndez y Diego Rivera. El pr\u00f3ximo ciclo de estudios ser\u00e1 del 23 de enero al 10 de junio de 2023 con una oferta de talleres de iniciaci\u00f3n art\u00edstica para infantes, j\u00f3venes, personas [&hellip;]","protected":false},"author":2,"featured_media":107616,"comment_status":"open","ping_status":"open","sticky":false,"template":"","format":"standard","meta":{"_seopress_robots_primary_cat":"none","_seopress_titles_title":"","_seopress_titles_desc":"","_seopress_robots_index":"","_monsterinsights_skip_tracking":false,"_monsterinsights_sitenote_active":false,"_monsterinsights_sitenote_note":"","_monsterinsights_sitenote_category":0,"footnotes":""},"categories":[8],"tags":[127,1422,10],"class_list":["post-107613","post","type-post","status-publish","format-standard","has-post-thumbnail","hentry","category-espectaculos","tag-arte-y-cultura","tag-casas-de-cultura","tag-leon"],"yoast_head":"<!-- This site is optimized with the Yoast SEO plugin v27.4 - https:\/\/yoast.com\/product\/yoast-seo-wordpress\/ -->\n<title>ABREN INSCRIPCIONES CASAS DE LA CULTURA - Kuali<\/title>\n<meta name=\"robots\" content=\"index, follow, max-snippet:-1, max-image-preview:large, max-video-preview:-1\" \/>\n<link rel=\"canonical\" href=\"https:\/\/kuali.com.mx\/web\/2022\/11\/17\/abren-inscripciones-casas-de-la-cultura\/\" \/>\n<meta property=\"og:locale\" content=\"es_MX\" \/>\n<meta property=\"og:type\" content=\"article\" \/>\n<meta property=\"og:title\" content=\"ABREN INSCRIPCIONES CASAS DE LA CULTURA - Kuali\" \/>\n<meta property=\"og:description\" content=\"Kuali\/Le\u00f3n, Gto.- El 28 de noviembre abrir\u00e1 el periodo de inscripciones para el pr\u00f3ximo ciclo acad\u00e9mico de las Casas de la Cultura Efr\u00e9n Hern\u00e1ndez y Diego Rivera. El pr\u00f3ximo ciclo de estudios ser\u00e1 del 23 de enero al 10 de junio de 2023 con una oferta de talleres de iniciaci\u00f3n art\u00edstica para infantes, j\u00f3venes, personas [&hellip;]\" \/>\n<meta property=\"og:url\" content=\"https:\/\/kuali.com.mx\/web\/2022\/11\/17\/abren-inscripciones-casas-de-la-cultura\/\" \/>\n<meta property=\"og:site_name\" content=\"Kuali\" \/>\n<meta property=\"article:publisher\" content=\"https:\/\/kuali.com.mx\/web\/wp-content\/uploads\/2018\/04\/cropped-kuali_logo-1-1.png\" \/>\n<meta property=\"article:published_time\" content=\"2022-11-17T18:23:10+00:00\" \/>\n<meta property=\"article:modified_time\" content=\"2022-11-18T00:24:05+00:00\" \/>\n<meta property=\"og:image\" content=\"https:\/\/kuali.com.mx\/web\/wp-content\/uploads\/2022\/11\/Casa-de-Cultura_Inscripciones.gif\" \/>\n\t<meta property=\"og:image:width\" content=\"1700\" \/>\n\t<meta property=\"og:image:height\" content=\"750\" \/>\n\t<meta property=\"og:image:type\" content=\"image\/gif\" \/>\n<meta name=\"author\" content=\"Kuali Staff\" \/>\n<meta name=\"twitter:card\" content=\"summary_large_image\" \/>\n<meta name=\"twitter:creator\" content=\"@kuali_noticias\" \/>\n<meta name=\"twitter:site\" content=\"@kuali_noticias\" \/>\n<meta name=\"twitter:label1\" content=\"Escrito por\" \/>\n\t<meta name=\"twitter:data1\" content=\"Kuali Staff\" \/>\n\t<meta name=\"twitter:label2\" content=\"Tiempo de lectura\" \/>\n\t<meta name=\"twitter:data2\" content=\"2 minutos\" \/>\n<script type=\"application\/ld+json\" class=\"yoast-schema-graph\">{\"@context\":\"https:\\\/\\\/schema.org\",\"@graph\":[{\"@type\":\"Article\",\"@id\":\"https:\\\/\\\/kuali.com.mx\\\/web\\\/2022\\\/11\\\/17\\\/abren-inscripciones-casas-de-la-cultura\\\/#article\",\"isPartOf\":{\"@id\":\"https:\\\/\\\/kuali.com.mx\\\/web\\\/2022\\\/11\\\/17\\\/abren-inscripciones-casas-de-la-cultura\\\/\"},\"author\":{\"name\":\"Kuali Staff\",\"@id\":\"https:\\\/\\\/kuali.com.mx\\\/web\\\/#\\\/schema\\\/person\\\/6f89ffa8ecba9dae50662357923c5289\"},\"headline\":\"ABREN INSCRIPCIONES CASAS DE LA CULTURA\",\"datePublished\":\"2022-11-17T18:23:10+00:00\",\"dateModified\":\"2022-11-18T00:24:05+00:00\",\"mainEntityOfPage\":{\"@id\":\"https:\\\/\\\/kuali.com.mx\\\/web\\\/2022\\\/11\\\/17\\\/abren-inscripciones-casas-de-la-cultura\\\/\"},\"wordCount\":462,\"commentCount\":0,\"image\":{\"@id\":\"https:\\\/\\\/kuali.com.mx\\\/web\\\/2022\\\/11\\\/17\\\/abren-inscripciones-casas-de-la-cultura\\\/#primaryimage\"},\"thumbnailUrl\":\"https:\\\/\\\/kuali.com.mx\\\/web\\\/wp-content\\\/uploads\\\/2022\\\/11\\\/Casa-de-Cultura_Inscripciones.gif\",\"keywords\":[\"Arte y cultura\",\"Casas de cultura\",\"Le\u00f3n\"],\"articleSection\":[\"Cultura\"],\"inLanguage\":\"es\",\"potentialAction\":[{\"@type\":\"CommentAction\",\"name\":\"Comment\",\"target\":[\"https:\\\/\\\/kuali.com.mx\\\/web\\\/2022\\\/11\\\/17\\\/abren-inscripciones-casas-de-la-cultura\\\/#respond\"]}]},{\"@type\":\"WebPage\",\"@id\":\"https:\\\/\\\/kuali.com.mx\\\/web\\\/2022\\\/11\\\/17\\\/abren-inscripciones-casas-de-la-cultura\\\/\",\"url\":\"https:\\\/\\\/kuali.com.mx\\\/web\\\/2022\\\/11\\\/17\\\/abren-inscripciones-casas-de-la-cultura\\\/\",\"name\":\"ABREN INSCRIPCIONES CASAS DE LA CULTURA - Kuali\",\"isPartOf\":{\"@id\":\"https:\\\/\\\/kuali.com.mx\\\/web\\\/#website\"},\"primaryImageOfPage\":{\"@id\":\"https:\\\/\\\/kuali.com.mx\\\/web\\\/2022\\\/11\\\/17\\\/abren-inscripciones-casas-de-la-cultura\\\/#primaryimage\"},\"image\":{\"@id\":\"https:\\\/\\\/kuali.com.mx\\\/web\\\/2022\\\/11\\\/17\\\/abren-inscripciones-casas-de-la-cultura\\\/#primaryimage\"},\"thumbnailUrl\":\"https:\\\/\\\/kuali.com.mx\\\/web\\\/wp-content\\\/uploads\\\/2022\\\/11\\\/Casa-de-Cultura_Inscripciones.gif\",\"datePublished\":\"2022-11-17T18:23:10+00:00\",\"dateModified\":\"2022-11-18T00:24:05+00:00\",\"author\":{\"@id\":\"https:\\\/\\\/kuali.com.mx\\\/web\\\/#\\\/schema\\\/person\\\/6f89ffa8ecba9dae50662357923c5289\"},\"breadcrumb\":{\"@id\":\"https:\\\/\\\/kuali.com.mx\\\/web\\\/2022\\\/11\\\/17\\\/abren-inscripciones-casas-de-la-cultura\\\/#breadcrumb\"},\"inLanguage\":\"es\",\"potentialAction\":[{\"@type\":\"ReadAction\",\"target\":[\"https:\\\/\\\/kuali.com.mx\\\/web\\\/2022\\\/11\\\/17\\\/abren-inscripciones-casas-de-la-cultura\\\/\"]}]},{\"@type\":\"ImageObject\",\"inLanguage\":\"es\",\"@id\":\"https:\\\/\\\/kuali.com.mx\\\/web\\\/2022\\\/11\\\/17\\\/abren-inscripciones-casas-de-la-cultura\\\/#primaryimage\",\"url\":\"https:\\\/\\\/kuali.com.mx\\\/web\\\/wp-content\\\/uploads\\\/2022\\\/11\\\/Casa-de-Cultura_Inscripciones.gif\",\"contentUrl\":\"https:\\\/\\\/kuali.com.mx\\\/web\\\/wp-content\\\/uploads\\\/2022\\\/11\\\/Casa-de-Cultura_Inscripciones.gif\",\"width\":1700,\"height\":750},{\"@type\":\"BreadcrumbList\",\"@id\":\"https:\\\/\\\/kuali.com.mx\\\/web\\\/2022\\\/11\\\/17\\\/abren-inscripciones-casas-de-la-cultura\\\/#breadcrumb\",\"itemListElement\":[{\"@type\":\"ListItem\",\"position\":1,\"name\":\"Inicio\",\"item\":\"https:\\\/\\\/kuali.com.mx\\\/web\\\/\"},{\"@type\":\"ListItem\",\"position\":2,\"name\":\"ABREN INSCRIPCIONES CASAS DE LA CULTURA\"}]},{\"@type\":\"WebSite\",\"@id\":\"https:\\\/\\\/kuali.com.mx\\\/web\\\/#website\",\"url\":\"https:\\\/\\\/kuali.com.mx\\\/web\\\/\",\"name\":\"Kuali\",\"description\":\"\",\"potentialAction\":[{\"@type\":\"SearchAction\",\"target\":{\"@type\":\"EntryPoint\",\"urlTemplate\":\"https:\\\/\\\/kuali.com.mx\\\/web\\\/?s={search_term_string}\"},\"query-input\":{\"@type\":\"PropertyValueSpecification\",\"valueRequired\":true,\"valueName\":\"search_term_string\"}}],\"inLanguage\":\"es\"},{\"@type\":\"Person\",\"@id\":\"https:\\\/\\\/kuali.com.mx\\\/web\\\/#\\\/schema\\\/person\\\/6f89ffa8ecba9dae50662357923c5289\",\"name\":\"Kuali Staff\",\"image\":{\"@type\":\"ImageObject\",\"inLanguage\":\"es\",\"@id\":\"https:\\\/\\\/secure.gravatar.com\\\/avatar\\\/f917ad82e5ab71227a733c78b6e60715476f69ee6be59feee4eb5d9920c89e0f?s=96&d=mm&r=g\",\"url\":\"https:\\\/\\\/secure.gravatar.com\\\/avatar\\\/f917ad82e5ab71227a733c78b6e60715476f69ee6be59feee4eb5d9920c89e0f?s=96&d=mm&r=g\",\"contentUrl\":\"https:\\\/\\\/secure.gravatar.com\\\/avatar\\\/f917ad82e5ab71227a733c78b6e60715476f69ee6be59feee4eb5d9920c89e0f?s=96&d=mm&r=g\",\"caption\":\"Kuali Staff\"},\"url\":\"https:\\\/\\\/kuali.com.mx\\\/web\\\/author\\\/lagarto\\\/\"}]}<\/script>\n<!-- \/ Yoast SEO plugin. -->","yoast_head_json":{"title":"ABREN INSCRIPCIONES CASAS DE LA CULTURA - Kuali","robots":{"index":"index","follow":"follow","max-snippet":"max-snippet:-1","max-image-preview":"max-image-preview:large","max-video-preview":"max-video-preview:-1"},"canonical":"https:\/\/kuali.com.mx\/web\/2022\/11\/17\/abren-inscripciones-casas-de-la-cultura\/","og_locale":"es_MX","og_type":"article","og_title":"ABREN INSCRIPCIONES CASAS DE LA CULTURA - Kuali","og_description":"Kuali\/Le\u00f3n, Gto.- El 28 de noviembre abrir\u00e1 el periodo de inscripciones para el pr\u00f3ximo ciclo acad\u00e9mico de las Casas de la Cultura Efr\u00e9n Hern\u00e1ndez y Diego Rivera. El pr\u00f3ximo ciclo de estudios ser\u00e1 del 23 de enero al 10 de junio de 2023 con una oferta de talleres de iniciaci\u00f3n art\u00edstica para infantes, j\u00f3venes, personas [&hellip;]","og_url":"https:\/\/kuali.com.mx\/web\/2022\/11\/17\/abren-inscripciones-casas-de-la-cultura\/","og_site_name":"Kuali","article_publisher":"https:\/\/kuali.com.mx\/web\/wp-content\/uploads\/2018\/04\/cropped-kuali_logo-1-1.png","article_published_time":"2022-11-17T18:23:10+00:00","article_modified_time":"2022-11-18T00:24:05+00:00","og_image":[{"width":1700,"height":750,"url":"https:\/\/kuali.com.mx\/web\/wp-content\/uploads\/2022\/11\/Casa-de-Cultura_Inscripciones.gif","type":"image\/gif"}],"author":"Kuali Staff","twitter_card":"summary_large_image","twitter_creator":"@kuali_noticias","twitter_site":"@kuali_noticias","twitter_misc":{"Escrito por":"Kuali Staff","Tiempo de lectura":"2 minutos"},"schema":{"@context":"https:\/\/schema.org","@graph":[{"@type":"Article","@id":"https:\/\/kuali.com.mx\/web\/2022\/11\/17\/abren-inscripciones-casas-de-la-cultura\/#article","isPartOf":{"@id":"https:\/\/kuali.com.mx\/web\/2022\/11\/17\/abren-inscripciones-casas-de-la-cultura\/"},"author":{"name":"Kuali Staff","@id":"https:\/\/kuali.com.mx\/web\/#\/schema\/person\/6f89ffa8ecba9dae50662357923c5289"},"headline":"ABREN INSCRIPCIONES CASAS DE LA CULTURA","datePublished":"2022-11-17T18:23:10+00:00","dateModified":"2022-11-18T00:24:05+00:00","mainEntityOfPage":{"@id":"https:\/\/kuali.com.mx\/web\/2022\/11\/17\/abren-inscripciones-casas-de-la-cultura\/"},"wordCount":462,"commentCount":0,"image":{"@id":"https:\/\/kuali.com.mx\/web\/2022\/11\/17\/abren-inscripciones-casas-de-la-cultura\/#primaryimage"},"thumbnailUrl":"https:\/\/kuali.com.mx\/web\/wp-content\/uploads\/2022\/11\/Casa-de-Cultura_Inscripciones.gif","keywords":["Arte y cultura","Casas de cultura","Le\u00f3n"],"articleSection":["Cultura"],"inLanguage":"es","potentialAction":[{"@type":"CommentAction","name":"Comment","target":["https:\/\/kuali.com.mx\/web\/2022\/11\/17\/abren-inscripciones-casas-de-la-cultura\/#respond"]}]},{"@type":"WebPage","@id":"https:\/\/kuali.com.mx\/web\/2022\/11\/17\/abren-inscripciones-casas-de-la-cultura\/","url":"https:\/\/kuali.com.mx\/web\/2022\/11\/17\/abren-inscripciones-casas-de-la-cultura\/","name":"ABREN INSCRIPCIONES CASAS DE LA CULTURA - Kuali","isPartOf":{"@id":"https:\/\/kuali.com.mx\/web\/#website"},"primaryImageOfPage":{"@id":"https:\/\/kuali.com.mx\/web\/2022\/11\/17\/abren-inscripciones-casas-de-la-cultura\/#primaryimage"},"image":{"@id":"https:\/\/kuali.com.mx\/web\/2022\/11\/17\/abren-inscripciones-casas-de-la-cultura\/#primaryimage"},"thumbnailUrl":"https:\/\/kuali.com.mx\/web\/wp-content\/uploads\/2022\/11\/Casa-de-Cultura_Inscripciones.gif","datePublished":"2022-11-17T18:23:10+00:00","dateModified":"2022-11-18T00:24:05+00:00","author":{"@id":"https:\/\/kuali.com.mx\/web\/#\/schema\/person\/6f89ffa8ecba9dae50662357923c5289"},"breadcrumb":{"@id":"https:\/\/kuali.com.mx\/web\/2022\/11\/17\/abren-inscripciones-casas-de-la-cultura\/#breadcrumb"},"inLanguage":"es","potentialAction":[{"@type":"ReadAction","target":["https:\/\/kuali.com.mx\/web\/2022\/11\/17\/abren-inscripciones-casas-de-la-cultura\/"]}]},{"@type":"ImageObject","inLanguage":"es","@id":"https:\/\/kuali.com.mx\/web\/2022\/11\/17\/abren-inscripciones-casas-de-la-cultura\/#primaryimage","url":"https:\/\/kuali.com.mx\/web\/wp-content\/uploads\/2022\/11\/Casa-de-Cultura_Inscripciones.gif","contentUrl":"https:\/\/kuali.com.mx\/web\/wp-content\/uploads\/2022\/11\/Casa-de-Cultura_Inscripciones.gif","width":1700,"height":750},{"@type":"BreadcrumbList","@id":"https:\/\/kuali.com.mx\/web\/2022\/11\/17\/abren-inscripciones-casas-de-la-cultura\/#breadcrumb","itemListElement":[{"@type":"ListItem","position":1,"name":"Inicio","item":"https:\/\/kuali.com.mx\/web\/"},{"@type":"ListItem","position":2,"name":"ABREN INSCRIPCIONES CASAS DE LA CULTURA"}]},{"@type":"WebSite","@id":"https:\/\/kuali.com.mx\/web\/#website","url":"https:\/\/kuali.com.mx\/web\/","name":"Kuali","description":"","potentialAction":[{"@type":"SearchAction","target":{"@type":"EntryPoint","urlTemplate":"https:\/\/kuali.com.mx\/web\/?s={search_term_string}"},"query-input":{"@type":"PropertyValueSpecification","valueRequired":true,"valueName":"search_term_string"}}],"inLanguage":"es"},{"@type":"Person","@id":"https:\/\/kuali.com.mx\/web\/#\/schema\/person\/6f89ffa8ecba9dae50662357923c5289","name":"Kuali Staff","image":{"@type":"ImageObject","inLanguage":"es","@id":"https:\/\/secure.gravatar.com\/avatar\/f917ad82e5ab71227a733c78b6e60715476f69ee6be59feee4eb5d9920c89e0f?s=96&d=mm&r=g","url":"https:\/\/secure.gravatar.com\/avatar\/f917ad82e5ab71227a733c78b6e60715476f69ee6be59feee4eb5d9920c89e0f?s=96&d=mm&r=g","contentUrl":"https:\/\/secure.gravatar.com\/avatar\/f917ad82e5ab71227a733c78b6e60715476f69ee6be59feee4eb5d9920c89e0f?s=96&d=mm&r=g","caption":"Kuali Staff"},"url":"https:\/\/kuali.com.mx\/web\/author\/lagarto\/"}]}},"_links":{"self":[{"href":"https:\/\/kuali.com.mx\/web\/wp-json\/wp\/v2\/posts\/107613","targetHints":{"allow":["GET"]}}],"collection":[{"href":"https:\/\/kuali.com.mx\/web\/wp-json\/wp\/v2\/posts"}],"about":[{"href":"https:\/\/kuali.com.mx\/web\/wp-json\/wp\/v2\/types\/post"}],"author":[{"embeddable":true,"href":"https:\/\/kuali.com.mx\/web\/wp-json\/wp\/v2\/users\/2"}],"replies":[{"embeddable":true,"href":"https:\/\/kuali.com.mx\/web\/wp-json\/wp\/v2\/comments?post=107613"}],"version-history":[{"count":1,"href":"https:\/\/kuali.com.mx\/web\/wp-json\/wp\/v2\/posts\/107613\/revisions"}],"predecessor-version":[{"id":107621,"href":"https:\/\/kuali.com.mx\/web\/wp-json\/wp\/v2\/posts\/107613\/revisions\/107621"}],"wp:featuredmedia":[{"embeddable":true,"href":"https:\/\/kuali.com.mx\/web\/wp-json\/wp\/v2\/media\/107616"}],"wp:attachment":[{"href":"https:\/\/kuali.com.mx\/web\/wp-json\/wp\/v2\/media?parent=107613"}],"wp:term":[{"taxonomy":"category","embeddable":true,"href":"https:\/\/kuali.com.mx\/web\/wp-json\/wp\/v2\/categories?post=107613"},{"taxonomy":"post_tag","embeddable":true,"href":"https:\/\/kuali.com.mx\/web\/wp-json\/wp\/v2\/tags?post=107613"}],"curies":[{"name":"wp","href":"https:\/\/api.w.org\/{rel}","templated":true}]}}