{"id":107608,"date":"2022-11-17T14:50:43","date_gmt":"2022-11-17T20:50:43","guid":{"rendered":"https:\/\/kuali.com.mx\/web\/?p=107608"},"modified":"2022-11-17T22:29:31","modified_gmt":"2022-11-18T04:29:31","slug":"reforman-ley-presidente-de-tja-dejara-sala-adscripcion","status":"publish","type":"post","link":"https:\/\/kuali.com.mx\/web\/2022\/11\/17\/reforman-ley-presidente-de-tja-dejara-sala-adscripcion\/","title":{"rendered":"REFORMAN LEY, PRESIDENTE DE TJA DEJAR\u00c1 SALA DE ADSCRIPCI\u00d3N"},"content":{"rendered":"\n<p><strong>Kuali\/Guanajuato, Gto.- <\/strong>El Pleno del Congreso de Guanajuato aprob\u00f3, este mi\u00e9rcoles, una reforma a Ley Org\u00e1nica del Tribunal de Justicia Administrativa del Estado de Guanajuato (TJA) para que el magistrado que presida el tribunal sea separo de la sala a la que estaba adscrito antes de tomar protesta de cargo.<\/p>\n\n\n\n<p>Con esta reforma, la persona que sea electa como presidenta del TJA ser\u00e1 suplida por un magistrado a magistrada supernumerario en la sala de su adscripci\u00f3n.<\/p>\n\n\n\n<p>Al ser sometido a votaci\u00f3n en lo particular, la diputada Susana Berm\u00fadez Cano se reserv\u00f3 lo relativo al art\u00edculo 6, que establec\u00eda que el tribunal estar\u00eda integrado por las salas conforme a los fondos que se prevean en la Ley del Presupuesto General de Egresos del Estado de Guanajuato, para el ejercicio fiscal correspondiente, de las cuales una ser\u00e1 especializada en materia de responsabilidades administrativas, as\u00ed como los funcionarios jurisdiccionales y administrativos necesarios para el efectivo ejercicio de sus atribuciones.<\/p>\n\n\n\n<p>En ese sentido, la congresista solicit\u00f3 que se mantuviera en los t\u00e9rminos vigentes que establece la integraci\u00f3n del tribunal por cinco salas, de las cuales una ser\u00e1 especializada en materia de responsabilidades administrativas, as\u00ed como los funcionarios jurisdiccionales y administrativos necesarios para el efectivo ejercicio de sus atribuciones.<\/p>\n\n\n\n<p>Argument\u00f3 que es justo reconocer el avance para la impartici\u00f3n de la justicia administrativa, ya que al disponer que el magistrado o la magistrada que presida el tribunal, que tambi\u00e9n est\u00e1 al frente de sala, pueda desempe\u00f1ar exclusivamente las funciones que la ley le depara a la presidencia del TJA se estaban atendiendo las necesidades presentes para una justicia pronta.<\/p>\n\n\n\n<p>\u201cEstaremos abonando a la redistribuci\u00f3n de cargas de trabajo, dando resultados inmediatos para evitar el rezago de expedientes que se generan por distraer al magistrado presidente en tareas de \u00edndole administrativo\u201d, expres\u00f3 la legisladora.<\/p>\n","protected":false},"excerpt":{"rendered":"Kuali\/Guanajuato, Gto.- El Pleno del Congreso de Guanajuato aprob\u00f3, este mi\u00e9rcoles, una reforma a Ley Org\u00e1nica del Tribunal de Justicia Administrativa del Estado de Guanajuato (TJA) para que el magistrado que presida el tribunal sea separo de la sala a la que estaba adscrito antes de tomar protesta de cargo. Con esta reforma, la persona [&hellip;]","protected":false},"author":2,"featured_media":106109,"comment_status":"open","ping_status":"open","sticky":false,"template":"","format":"standard","meta":{"_seopress_robots_primary_cat":"none","_seopress_titles_title":"","_seopress_titles_desc":"","_seopress_robots_index":"","_monsterinsights_skip_tracking":false,"_monsterinsights_sitenote_active":false,"_monsterinsights_sitenote_note":"","_monsterinsights_sitenote_category":0,"footnotes":""},"categories":[3],"tags":[281,255,1054],"class_list":["post-107608","post","type-post","status-publish","format-standard","has-post-thumbnail","hentry","category-politica","tag-justicia","tag-leyes","tag-reformas-legales"],"yoast_head":"<!-- This site is optimized with the Yoast SEO plugin v27.4 - https:\/\/yoast.com\/product\/yoast-seo-wordpress\/ -->\n<title>REFORMAN LEY, PRESIDENTE DE TJA DEJAR\u00c1 SALA DE ADSCRIPCI\u00d3N - Kuali<\/title>\n<meta name=\"robots\" content=\"index, follow, max-snippet:-1, max-image-preview:large, max-video-preview:-1\" \/>\n<link rel=\"canonical\" href=\"https:\/\/kuali.com.mx\/web\/2022\/11\/17\/reforman-ley-presidente-de-tja-dejara-sala-adscripcion\/\" \/>\n<meta property=\"og:locale\" content=\"es_MX\" \/>\n<meta property=\"og:type\" content=\"article\" \/>\n<meta property=\"og:title\" content=\"REFORMAN LEY, PRESIDENTE DE TJA DEJAR\u00c1 SALA DE ADSCRIPCI\u00d3N - Kuali\" \/>\n<meta property=\"og:description\" content=\"Kuali\/Guanajuato, Gto.- El Pleno del Congreso de Guanajuato aprob\u00f3, este mi\u00e9rcoles, una reforma a Ley Org\u00e1nica del Tribunal de Justicia Administrativa del Estado de Guanajuato (TJA) para que el magistrado que presida el tribunal sea separo de la sala a la que estaba adscrito antes de tomar protesta de cargo. Con esta reforma, la persona [&hellip;]\" \/>\n<meta property=\"og:url\" content=\"https:\/\/kuali.com.mx\/web\/2022\/11\/17\/reforman-ley-presidente-de-tja-dejara-sala-adscripcion\/\" \/>\n<meta property=\"og:site_name\" content=\"Kuali\" \/>\n<meta property=\"article:publisher\" content=\"https:\/\/kuali.com.mx\/web\/wp-content\/uploads\/2018\/04\/cropped-kuali_logo-1-1.png\" \/>\n<meta property=\"article:published_time\" content=\"2022-11-17T20:50:43+00:00\" \/>\n<meta property=\"article:modified_time\" content=\"2022-11-18T04:29:31+00:00\" \/>\n<meta property=\"og:image\" content=\"https:\/\/kuali.com.mx\/web\/wp-content\/uploads\/2022\/10\/TJA.gif\" \/>\n\t<meta property=\"og:image:width\" content=\"1700\" \/>\n\t<meta property=\"og:image:height\" content=\"750\" \/>\n\t<meta property=\"og:image:type\" content=\"image\/gif\" \/>\n<meta name=\"author\" content=\"Kuali Staff\" \/>\n<meta name=\"twitter:card\" content=\"summary_large_image\" \/>\n<meta name=\"twitter:creator\" content=\"@kuali_noticias\" \/>\n<meta name=\"twitter:site\" content=\"@kuali_noticias\" \/>\n<meta name=\"twitter:label1\" content=\"Escrito por\" \/>\n\t<meta name=\"twitter:data1\" content=\"Kuali Staff\" \/>\n\t<meta name=\"twitter:label2\" content=\"Tiempo de lectura\" \/>\n\t<meta name=\"twitter:data2\" content=\"2 minutos\" \/>\n<script type=\"application\/ld+json\" class=\"yoast-schema-graph\">{\"@context\":\"https:\\\/\\\/schema.org\",\"@graph\":[{\"@type\":\"Article\",\"@id\":\"https:\\\/\\\/kuali.com.mx\\\/web\\\/2022\\\/11\\\/17\\\/reforman-ley-presidente-de-tja-dejara-sala-adscripcion\\\/#article\",\"isPartOf\":{\"@id\":\"https:\\\/\\\/kuali.com.mx\\\/web\\\/2022\\\/11\\\/17\\\/reforman-ley-presidente-de-tja-dejara-sala-adscripcion\\\/\"},\"author\":{\"name\":\"Kuali Staff\",\"@id\":\"https:\\\/\\\/kuali.com.mx\\\/web\\\/#\\\/schema\\\/person\\\/6f89ffa8ecba9dae50662357923c5289\"},\"headline\":\"REFORMAN LEY, PRESIDENTE DE TJA DEJAR\u00c1 SALA DE ADSCRIPCI\u00d3N\",\"datePublished\":\"2022-11-17T20:50:43+00:00\",\"dateModified\":\"2022-11-18T04:29:31+00:00\",\"mainEntityOfPage\":{\"@id\":\"https:\\\/\\\/kuali.com.mx\\\/web\\\/2022\\\/11\\\/17\\\/reforman-ley-presidente-de-tja-dejara-sala-adscripcion\\\/\"},\"wordCount\":323,\"commentCount\":0,\"image\":{\"@id\":\"https:\\\/\\\/kuali.com.mx\\\/web\\\/2022\\\/11\\\/17\\\/reforman-ley-presidente-de-tja-dejara-sala-adscripcion\\\/#primaryimage\"},\"thumbnailUrl\":\"https:\\\/\\\/kuali.com.mx\\\/web\\\/wp-content\\\/uploads\\\/2022\\\/10\\\/TJA.gif\",\"keywords\":[\"Justicia\",\"Leyes\",\"Reformas legales\"],\"articleSection\":[\"Pol\u00edtica\"],\"inLanguage\":\"es\",\"potentialAction\":[{\"@type\":\"CommentAction\",\"name\":\"Comment\",\"target\":[\"https:\\\/\\\/kuali.com.mx\\\/web\\\/2022\\\/11\\\/17\\\/reforman-ley-presidente-de-tja-dejara-sala-adscripcion\\\/#respond\"]}]},{\"@type\":\"WebPage\",\"@id\":\"https:\\\/\\\/kuali.com.mx\\\/web\\\/2022\\\/11\\\/17\\\/reforman-ley-presidente-de-tja-dejara-sala-adscripcion\\\/\",\"url\":\"https:\\\/\\\/kuali.com.mx\\\/web\\\/2022\\\/11\\\/17\\\/reforman-ley-presidente-de-tja-dejara-sala-adscripcion\\\/\",\"name\":\"REFORMAN LEY, PRESIDENTE DE TJA DEJAR\u00c1 SALA DE ADSCRIPCI\u00d3N - Kuali\",\"isPartOf\":{\"@id\":\"https:\\\/\\\/kuali.com.mx\\\/web\\\/#website\"},\"primaryImageOfPage\":{\"@id\":\"https:\\\/\\\/kuali.com.mx\\\/web\\\/2022\\\/11\\\/17\\\/reforman-ley-presidente-de-tja-dejara-sala-adscripcion\\\/#primaryimage\"},\"image\":{\"@id\":\"https:\\\/\\\/kuali.com.mx\\\/web\\\/2022\\\/11\\\/17\\\/reforman-ley-presidente-de-tja-dejara-sala-adscripcion\\\/#primaryimage\"},\"thumbnailUrl\":\"https:\\\/\\\/kuali.com.mx\\\/web\\\/wp-content\\\/uploads\\\/2022\\\/10\\\/TJA.gif\",\"datePublished\":\"2022-11-17T20:50:43+00:00\",\"dateModified\":\"2022-11-18T04:29:31+00:00\",\"author\":{\"@id\":\"https:\\\/\\\/kuali.com.mx\\\/web\\\/#\\\/schema\\\/person\\\/6f89ffa8ecba9dae50662357923c5289\"},\"breadcrumb\":{\"@id\":\"https:\\\/\\\/kuali.com.mx\\\/web\\\/2022\\\/11\\\/17\\\/reforman-ley-presidente-de-tja-dejara-sala-adscripcion\\\/#breadcrumb\"},\"inLanguage\":\"es\",\"potentialAction\":[{\"@type\":\"ReadAction\",\"target\":[\"https:\\\/\\\/kuali.com.mx\\\/web\\\/2022\\\/11\\\/17\\\/reforman-ley-presidente-de-tja-dejara-sala-adscripcion\\\/\"]}]},{\"@type\":\"ImageObject\",\"inLanguage\":\"es\",\"@id\":\"https:\\\/\\\/kuali.com.mx\\\/web\\\/2022\\\/11\\\/17\\\/reforman-ley-presidente-de-tja-dejara-sala-adscripcion\\\/#primaryimage\",\"url\":\"https:\\\/\\\/kuali.com.mx\\\/web\\\/wp-content\\\/uploads\\\/2022\\\/10\\\/TJA.gif\",\"contentUrl\":\"https:\\\/\\\/kuali.com.mx\\\/web\\\/wp-content\\\/uploads\\\/2022\\\/10\\\/TJA.gif\",\"width\":1700,\"height\":750},{\"@type\":\"BreadcrumbList\",\"@id\":\"https:\\\/\\\/kuali.com.mx\\\/web\\\/2022\\\/11\\\/17\\\/reforman-ley-presidente-de-tja-dejara-sala-adscripcion\\\/#breadcrumb\",\"itemListElement\":[{\"@type\":\"ListItem\",\"position\":1,\"name\":\"Inicio\",\"item\":\"https:\\\/\\\/kuali.com.mx\\\/web\\\/\"},{\"@type\":\"ListItem\",\"position\":2,\"name\":\"REFORMAN LEY, PRESIDENTE DE TJA DEJAR\u00c1 SALA DE ADSCRIPCI\u00d3N\"}]},{\"@type\":\"WebSite\",\"@id\":\"https:\\\/\\\/kuali.com.mx\\\/web\\\/#website\",\"url\":\"https:\\\/\\\/kuali.com.mx\\\/web\\\/\",\"name\":\"Kuali\",\"description\":\"\",\"potentialAction\":[{\"@type\":\"SearchAction\",\"target\":{\"@type\":\"EntryPoint\",\"urlTemplate\":\"https:\\\/\\\/kuali.com.mx\\\/web\\\/?s={search_term_string}\"},\"query-input\":{\"@type\":\"PropertyValueSpecification\",\"valueRequired\":true,\"valueName\":\"search_term_string\"}}],\"inLanguage\":\"es\"},{\"@type\":\"Person\",\"@id\":\"https:\\\/\\\/kuali.com.mx\\\/web\\\/#\\\/schema\\\/person\\\/6f89ffa8ecba9dae50662357923c5289\",\"name\":\"Kuali Staff\",\"image\":{\"@type\":\"ImageObject\",\"inLanguage\":\"es\",\"@id\":\"https:\\\/\\\/secure.gravatar.com\\\/avatar\\\/f917ad82e5ab71227a733c78b6e60715476f69ee6be59feee4eb5d9920c89e0f?s=96&d=mm&r=g\",\"url\":\"https:\\\/\\\/secure.gravatar.com\\\/avatar\\\/f917ad82e5ab71227a733c78b6e60715476f69ee6be59feee4eb5d9920c89e0f?s=96&d=mm&r=g\",\"contentUrl\":\"https:\\\/\\\/secure.gravatar.com\\\/avatar\\\/f917ad82e5ab71227a733c78b6e60715476f69ee6be59feee4eb5d9920c89e0f?s=96&d=mm&r=g\",\"caption\":\"Kuali Staff\"},\"url\":\"https:\\\/\\\/kuali.com.mx\\\/web\\\/author\\\/lagarto\\\/\"}]}<\/script>\n<!-- \/ Yoast SEO plugin. -->","yoast_head_json":{"title":"REFORMAN LEY, PRESIDENTE DE TJA DEJAR\u00c1 SALA DE ADSCRIPCI\u00d3N - Kuali","robots":{"index":"index","follow":"follow","max-snippet":"max-snippet:-1","max-image-preview":"max-image-preview:large","max-video-preview":"max-video-preview:-1"},"canonical":"https:\/\/kuali.com.mx\/web\/2022\/11\/17\/reforman-ley-presidente-de-tja-dejara-sala-adscripcion\/","og_locale":"es_MX","og_type":"article","og_title":"REFORMAN LEY, PRESIDENTE DE TJA DEJAR\u00c1 SALA DE ADSCRIPCI\u00d3N - Kuali","og_description":"Kuali\/Guanajuato, Gto.- El Pleno del Congreso de Guanajuato aprob\u00f3, este mi\u00e9rcoles, una reforma a Ley Org\u00e1nica del Tribunal de Justicia Administrativa del Estado de Guanajuato (TJA) para que el magistrado que presida el tribunal sea separo de la sala a la que estaba adscrito antes de tomar protesta de cargo. Con esta reforma, la persona [&hellip;]","og_url":"https:\/\/kuali.com.mx\/web\/2022\/11\/17\/reforman-ley-presidente-de-tja-dejara-sala-adscripcion\/","og_site_name":"Kuali","article_publisher":"https:\/\/kuali.com.mx\/web\/wp-content\/uploads\/2018\/04\/cropped-kuali_logo-1-1.png","article_published_time":"2022-11-17T20:50:43+00:00","article_modified_time":"2022-11-18T04:29:31+00:00","og_image":[{"width":1700,"height":750,"url":"https:\/\/kuali.com.mx\/web\/wp-content\/uploads\/2022\/10\/TJA.gif","type":"image\/gif"}],"author":"Kuali Staff","twitter_card":"summary_large_image","twitter_creator":"@kuali_noticias","twitter_site":"@kuali_noticias","twitter_misc":{"Escrito por":"Kuali Staff","Tiempo de lectura":"2 minutos"},"schema":{"@context":"https:\/\/schema.org","@graph":[{"@type":"Article","@id":"https:\/\/kuali.com.mx\/web\/2022\/11\/17\/reforman-ley-presidente-de-tja-dejara-sala-adscripcion\/#article","isPartOf":{"@id":"https:\/\/kuali.com.mx\/web\/2022\/11\/17\/reforman-ley-presidente-de-tja-dejara-sala-adscripcion\/"},"author":{"name":"Kuali Staff","@id":"https:\/\/kuali.com.mx\/web\/#\/schema\/person\/6f89ffa8ecba9dae50662357923c5289"},"headline":"REFORMAN LEY, PRESIDENTE DE TJA DEJAR\u00c1 SALA DE ADSCRIPCI\u00d3N","datePublished":"2022-11-17T20:50:43+00:00","dateModified":"2022-11-18T04:29:31+00:00","mainEntityOfPage":{"@id":"https:\/\/kuali.com.mx\/web\/2022\/11\/17\/reforman-ley-presidente-de-tja-dejara-sala-adscripcion\/"},"wordCount":323,"commentCount":0,"image":{"@id":"https:\/\/kuali.com.mx\/web\/2022\/11\/17\/reforman-ley-presidente-de-tja-dejara-sala-adscripcion\/#primaryimage"},"thumbnailUrl":"https:\/\/kuali.com.mx\/web\/wp-content\/uploads\/2022\/10\/TJA.gif","keywords":["Justicia","Leyes","Reformas legales"],"articleSection":["Pol\u00edtica"],"inLanguage":"es","potentialAction":[{"@type":"CommentAction","name":"Comment","target":["https:\/\/kuali.com.mx\/web\/2022\/11\/17\/reforman-ley-presidente-de-tja-dejara-sala-adscripcion\/#respond"]}]},{"@type":"WebPage","@id":"https:\/\/kuali.com.mx\/web\/2022\/11\/17\/reforman-ley-presidente-de-tja-dejara-sala-adscripcion\/","url":"https:\/\/kuali.com.mx\/web\/2022\/11\/17\/reforman-ley-presidente-de-tja-dejara-sala-adscripcion\/","name":"REFORMAN LEY, PRESIDENTE DE TJA DEJAR\u00c1 SALA DE ADSCRIPCI\u00d3N - Kuali","isPartOf":{"@id":"https:\/\/kuali.com.mx\/web\/#website"},"primaryImageOfPage":{"@id":"https:\/\/kuali.com.mx\/web\/2022\/11\/17\/reforman-ley-presidente-de-tja-dejara-sala-adscripcion\/#primaryimage"},"image":{"@id":"https:\/\/kuali.com.mx\/web\/2022\/11\/17\/reforman-ley-presidente-de-tja-dejara-sala-adscripcion\/#primaryimage"},"thumbnailUrl":"https:\/\/kuali.com.mx\/web\/wp-content\/uploads\/2022\/10\/TJA.gif","datePublished":"2022-11-17T20:50:43+00:00","dateModified":"2022-11-18T04:29:31+00:00","author":{"@id":"https:\/\/kuali.com.mx\/web\/#\/schema\/person\/6f89ffa8ecba9dae50662357923c5289"},"breadcrumb":{"@id":"https:\/\/kuali.com.mx\/web\/2022\/11\/17\/reforman-ley-presidente-de-tja-dejara-sala-adscripcion\/#breadcrumb"},"inLanguage":"es","potentialAction":[{"@type":"ReadAction","target":["https:\/\/kuali.com.mx\/web\/2022\/11\/17\/reforman-ley-presidente-de-tja-dejara-sala-adscripcion\/"]}]},{"@type":"ImageObject","inLanguage":"es","@id":"https:\/\/kuali.com.mx\/web\/2022\/11\/17\/reforman-ley-presidente-de-tja-dejara-sala-adscripcion\/#primaryimage","url":"https:\/\/kuali.com.mx\/web\/wp-content\/uploads\/2022\/10\/TJA.gif","contentUrl":"https:\/\/kuali.com.mx\/web\/wp-content\/uploads\/2022\/10\/TJA.gif","width":1700,"height":750},{"@type":"BreadcrumbList","@id":"https:\/\/kuali.com.mx\/web\/2022\/11\/17\/reforman-ley-presidente-de-tja-dejara-sala-adscripcion\/#breadcrumb","itemListElement":[{"@type":"ListItem","position":1,"name":"Inicio","item":"https:\/\/kuali.com.mx\/web\/"},{"@type":"ListItem","position":2,"name":"REFORMAN LEY, PRESIDENTE DE TJA DEJAR\u00c1 SALA DE ADSCRIPCI\u00d3N"}]},{"@type":"WebSite","@id":"https:\/\/kuali.com.mx\/web\/#website","url":"https:\/\/kuali.com.mx\/web\/","name":"Kuali","description":"","potentialAction":[{"@type":"SearchAction","target":{"@type":"EntryPoint","urlTemplate":"https:\/\/kuali.com.mx\/web\/?s={search_term_string}"},"query-input":{"@type":"PropertyValueSpecification","valueRequired":true,"valueName":"search_term_string"}}],"inLanguage":"es"},{"@type":"Person","@id":"https:\/\/kuali.com.mx\/web\/#\/schema\/person\/6f89ffa8ecba9dae50662357923c5289","name":"Kuali Staff","image":{"@type":"ImageObject","inLanguage":"es","@id":"https:\/\/secure.gravatar.com\/avatar\/f917ad82e5ab71227a733c78b6e60715476f69ee6be59feee4eb5d9920c89e0f?s=96&d=mm&r=g","url":"https:\/\/secure.gravatar.com\/avatar\/f917ad82e5ab71227a733c78b6e60715476f69ee6be59feee4eb5d9920c89e0f?s=96&d=mm&r=g","contentUrl":"https:\/\/secure.gravatar.com\/avatar\/f917ad82e5ab71227a733c78b6e60715476f69ee6be59feee4eb5d9920c89e0f?s=96&d=mm&r=g","caption":"Kuali Staff"},"url":"https:\/\/kuali.com.mx\/web\/author\/lagarto\/"}]}},"_links":{"self":[{"href":"https:\/\/kuali.com.mx\/web\/wp-json\/wp\/v2\/posts\/107608","targetHints":{"allow":["GET"]}}],"collection":[{"href":"https:\/\/kuali.com.mx\/web\/wp-json\/wp\/v2\/posts"}],"about":[{"href":"https:\/\/kuali.com.mx\/web\/wp-json\/wp\/v2\/types\/post"}],"author":[{"embeddable":true,"href":"https:\/\/kuali.com.mx\/web\/wp-json\/wp\/v2\/users\/2"}],"replies":[{"embeddable":true,"href":"https:\/\/kuali.com.mx\/web\/wp-json\/wp\/v2\/comments?post=107608"}],"version-history":[{"count":3,"href":"https:\/\/kuali.com.mx\/web\/wp-json\/wp\/v2\/posts\/107608\/revisions"}],"predecessor-version":[{"id":107640,"href":"https:\/\/kuali.com.mx\/web\/wp-json\/wp\/v2\/posts\/107608\/revisions\/107640"}],"wp:featuredmedia":[{"embeddable":true,"href":"https:\/\/kuali.com.mx\/web\/wp-json\/wp\/v2\/media\/106109"}],"wp:attachment":[{"href":"https:\/\/kuali.com.mx\/web\/wp-json\/wp\/v2\/media?parent=107608"}],"wp:term":[{"taxonomy":"category","embeddable":true,"href":"https:\/\/kuali.com.mx\/web\/wp-json\/wp\/v2\/categories?post=107608"},{"taxonomy":"post_tag","embeddable":true,"href":"https:\/\/kuali.com.mx\/web\/wp-json\/wp\/v2\/tags?post=107608"}],"curies":[{"name":"wp","href":"https:\/\/api.w.org\/{rel}","templated":true}]}}