{"id":107594,"date":"2022-11-17T15:57:48","date_gmt":"2022-11-17T21:57:48","guid":{"rendered":"https:\/\/kuali.com.mx\/web\/?p=107594"},"modified":"2022-11-17T15:57:50","modified_gmt":"2022-11-17T21:57:50","slug":"usaran-agua-de-la-presa-solis-para-5-municipios","status":"publish","type":"post","link":"https:\/\/kuali.com.mx\/web\/2022\/11\/17\/usaran-agua-de-la-presa-solis-para-5-municipios\/","title":{"rendered":"USAR\u00c1N AGUA DE LA PRESA SOL\u00cdS PARA 5 MUNICIPIOS"},"content":{"rendered":"\n<p><strong><em>Carlos Garc\u00eda\/Le\u00f3n, Gto.-<\/em><\/strong> Por la modificaci\u00f3n de la obra de la presa El Zapotillo, la Comisi\u00f3n Nacional del Agua (Conagua) realizar\u00e1 el proyecto ejecutivo para suministrar agua de la presa Sol\u00eds a los municipios de Le\u00f3n, Silao, Irapuato, Salamanca y Celaya, anunci\u00f3 el secretario de Gobernaci\u00f3n, Ad\u00e1n Augusto L\u00f3pez Hern\u00e1ndez.<\/p>\n\n\n\n<p>En febrero del 2023 ser\u00e1n firmados los convenios para que 25 mil productores agr\u00edcolas cedan al estado la concesi\u00f3n de hasta 120 millones de metros c\u00fabicos de agua, adelant\u00f3 en una reuni\u00f3n con organizaciones de la sociedad civil, a la que asisti\u00f3 el gobernador, Diego Sinhue Rodr\u00edguez Vallejo, alcaldes y funcionarios.<\/p>\n\n\n\n<p>Despu\u00e9s de que fue modificado el proyecto de la presa El Zapotillo, el gobernador y alcaldes se reunieron con el presidente, Andr\u00e9s Manuel L\u00f3pez Obrador, para presentarle la opci\u00f3n de usar agua de la presa Sol\u00eds para cinco municipios, record\u00f3. En esa ocasi\u00f3n el proyecto estaba estimado en 12 mil millones de pesos.<\/p>\n\n\n\n<p>El proyecto ser\u00e1 para construir 180 kil\u00f3metros de un acueducto, para la tecnificaci\u00f3n uso del agua agr\u00edcola y para la construcci\u00f3n de plantas potabilizadoras, se\u00f1al\u00f3.<\/p>\n\n\n\n<p>\u201cHicimos el compromiso de que cuando menos tiene que quedar el proyecto ejecutivo y debe de firmarse ya, pero no podemos dejar solo a Guanajuato, yo me compromet\u00ed con \u00e9l de que en febrero del pr\u00f3ximo a\u00f1o se debe estar firmando ya con los ejidatarios\u201d, expuso.<\/p>\n\n\n\n<p>El gobernador de Guanajuato, Diego Sinhue Rodr\u00edguez Vallejo, es responsable en el tema del agua, resalt\u00f3 el secretario de Gobernaci\u00f3n, al momento de contar la \u201can\u00e9cdota\u201d de un caso similar, pero con el mandatario de Nuevo Le\u00f3n, Samuel Garc\u00eda Sep\u00falveda.<\/p>\n\n\n\n<p>Record\u00f3 que le toc\u00f3 atender el problema de escasez de agua en Nuevo Le\u00f3n, donde se plante\u00f3 construir un acueducto de 80 kil\u00f3metros en la presa El Cuchillo.<\/p>\n\n\n\n<p>Samuel Garc\u00eda afirm\u00f3 que ya ten\u00eda el proyecto ejecutivo para arrancar la obra en 10 d\u00edas y la federaci\u00f3n destinar\u00eda ocho mil millones de pesos y el estado dos mil millones, narr\u00f3.<\/p>\n\n\n\n<p>En el anuncio de la obra, Samuel entreg\u00f3 unas carpetas y una USB, que supuestamente conten\u00edan el proyecto, \u201cse la entregamos a la Comisi\u00f3n Nacional del Agua y dos d\u00edas despu\u00e9s, oiga licenciado, pues esto no es el proyecto ejecutivo, no llega ni anteproyecto, no nos entreg\u00f3 nada\u201d, relat\u00f3 ante los asistentes al evento.<\/p>\n\n\n\n<p>En rueda de prensa, Diego Sinhue Rodr\u00edguez explic\u00f3 que despu\u00e9s de las firmas de los convenios, con campesinos, con municipios y con Conagua, el proyecto ejecutivo estar\u00e1 listo en un a\u00f1o y es posible que al final del sexenio estatal y federal pueda iniciar la obra que garantizar\u00e1 el abasto de agua por 50 a\u00f1os, previ\u00f3.<\/p>\n\n\n\n<p>Lo importante es tener los convenios firmados y los derechos adquiridos para que el pr\u00f3ximo gobierno contin\u00fae con el proyecto que dotar\u00eda de 70 millones de metros c\u00fabicos de agua a la ciudad de Le\u00f3n, puntualiz\u00f3.<\/p>\n\n\n\n<p>Agreg\u00f3 que primero se tecnificar\u00e1 el uso de agua agr\u00edcola, despu\u00e9s se construir\u00e1 el acueducto y las plantas potabilizadoras.<\/p>\n\n\n\n<p>Cuando este terminada la obra, se usar\u00e1 el agua de la presa en las buenas temporadas de lluvias para dejar descansar a los matos fre\u00e1ticos y cuando haya sequ\u00eda se usar\u00e1 el l\u00edquido del subsuelo, explic\u00f3.<\/p>\n\n\n\n<p>Todav\u00eda no se puede saber cuanto costar\u00e1 el proyecto, ni el porcentaje de inversi\u00f3n federal y estatal, concluy\u00f3.<\/p>\n","protected":false},"excerpt":{"rendered":"Carlos Garc\u00eda\/Le\u00f3n, Gto.- Por la modificaci\u00f3n de la obra de la presa El Zapotillo, la Comisi\u00f3n Nacional del Agua (Conagua) realizar\u00e1 el proyecto ejecutivo para suministrar agua de la presa Sol\u00eds a los municipios de Le\u00f3n, Silao, Irapuato, Salamanca y Celaya, anunci\u00f3 el secretario de Gobernaci\u00f3n, Ad\u00e1n Augusto L\u00f3pez Hern\u00e1ndez. En febrero del 2023 ser\u00e1n [&hellip;]","protected":false},"author":2,"featured_media":107597,"comment_status":"open","ping_status":"open","sticky":false,"template":"","format":"standard","meta":{"_seopress_robots_primary_cat":"none","_seopress_titles_title":"","_seopress_titles_desc":"","_seopress_robots_index":"","_monsterinsights_skip_tracking":false,"_monsterinsights_sitenote_active":false,"_monsterinsights_sitenote_note":"","_monsterinsights_sitenote_category":0,"footnotes":""},"categories":[3,69],"tags":[],"class_list":["post-107594","post","type-post","status-publish","format-standard","has-post-thumbnail","hentry","category-politica","category-slider"],"yoast_head":"<!-- This site is optimized with the Yoast SEO plugin v27.4 - https:\/\/yoast.com\/product\/yoast-seo-wordpress\/ -->\n<title>USAR\u00c1N AGUA DE LA PRESA SOL\u00cdS PARA 5 MUNICIPIOS - Kuali<\/title>\n<meta name=\"robots\" content=\"index, follow, max-snippet:-1, max-image-preview:large, max-video-preview:-1\" \/>\n<link rel=\"canonical\" href=\"https:\/\/kuali.com.mx\/web\/2022\/11\/17\/usaran-agua-de-la-presa-solis-para-5-municipios\/\" \/>\n<meta property=\"og:locale\" content=\"es_MX\" \/>\n<meta property=\"og:type\" content=\"article\" \/>\n<meta property=\"og:title\" content=\"USAR\u00c1N AGUA DE LA PRESA SOL\u00cdS PARA 5 MUNICIPIOS - Kuali\" \/>\n<meta property=\"og:description\" content=\"Carlos Garc\u00eda\/Le\u00f3n, Gto.- Por la modificaci\u00f3n de la obra de la presa El Zapotillo, la Comisi\u00f3n Nacional del Agua (Conagua) realizar\u00e1 el proyecto ejecutivo para suministrar agua de la presa Sol\u00eds a los municipios de Le\u00f3n, Silao, Irapuato, Salamanca y Celaya, anunci\u00f3 el secretario de Gobernaci\u00f3n, Ad\u00e1n Augusto L\u00f3pez Hern\u00e1ndez. En febrero del 2023 ser\u00e1n [&hellip;]\" \/>\n<meta property=\"og:url\" content=\"https:\/\/kuali.com.mx\/web\/2022\/11\/17\/usaran-agua-de-la-presa-solis-para-5-municipios\/\" \/>\n<meta property=\"og:site_name\" content=\"Kuali\" \/>\n<meta property=\"article:publisher\" content=\"https:\/\/kuali.com.mx\/web\/wp-content\/uploads\/2018\/04\/cropped-kuali_logo-1-1.png\" \/>\n<meta property=\"article:published_time\" content=\"2022-11-17T21:57:48+00:00\" \/>\n<meta property=\"article:modified_time\" content=\"2022-11-17T21:57:50+00:00\" \/>\n<meta property=\"og:image\" content=\"https:\/\/kuali.com.mx\/web\/wp-content\/uploads\/2022\/11\/Adan-Augusto-y-Diegoi-Sinhue.jpg\" \/>\n\t<meta property=\"og:image:width\" content=\"1791\" \/>\n\t<meta property=\"og:image:height\" content=\"750\" \/>\n\t<meta property=\"og:image:type\" content=\"image\/jpeg\" \/>\n<meta name=\"author\" content=\"Kuali Staff\" \/>\n<meta name=\"twitter:card\" content=\"summary_large_image\" \/>\n<meta name=\"twitter:creator\" content=\"@kuali_noticias\" \/>\n<meta name=\"twitter:site\" content=\"@kuali_noticias\" \/>\n<meta name=\"twitter:label1\" content=\"Escrito por\" \/>\n\t<meta name=\"twitter:data1\" content=\"Kuali Staff\" \/>\n\t<meta name=\"twitter:label2\" content=\"Tiempo de lectura\" \/>\n\t<meta name=\"twitter:data2\" content=\"3 minutos\" \/>\n<script type=\"application\/ld+json\" class=\"yoast-schema-graph\">{\"@context\":\"https:\\\/\\\/schema.org\",\"@graph\":[{\"@type\":\"Article\",\"@id\":\"https:\\\/\\\/kuali.com.mx\\\/web\\\/2022\\\/11\\\/17\\\/usaran-agua-de-la-presa-solis-para-5-municipios\\\/#article\",\"isPartOf\":{\"@id\":\"https:\\\/\\\/kuali.com.mx\\\/web\\\/2022\\\/11\\\/17\\\/usaran-agua-de-la-presa-solis-para-5-municipios\\\/\"},\"author\":{\"name\":\"Kuali Staff\",\"@id\":\"https:\\\/\\\/kuali.com.mx\\\/web\\\/#\\\/schema\\\/person\\\/6f89ffa8ecba9dae50662357923c5289\"},\"headline\":\"USAR\u00c1N AGUA DE LA PRESA SOL\u00cdS PARA 5 MUNICIPIOS\",\"datePublished\":\"2022-11-17T21:57:48+00:00\",\"dateModified\":\"2022-11-17T21:57:50+00:00\",\"mainEntityOfPage\":{\"@id\":\"https:\\\/\\\/kuali.com.mx\\\/web\\\/2022\\\/11\\\/17\\\/usaran-agua-de-la-presa-solis-para-5-municipios\\\/\"},\"wordCount\":609,\"commentCount\":0,\"image\":{\"@id\":\"https:\\\/\\\/kuali.com.mx\\\/web\\\/2022\\\/11\\\/17\\\/usaran-agua-de-la-presa-solis-para-5-municipios\\\/#primaryimage\"},\"thumbnailUrl\":\"https:\\\/\\\/kuali.com.mx\\\/web\\\/wp-content\\\/uploads\\\/2022\\\/11\\\/Adan-Augusto-y-Diegoi-Sinhue.jpg\",\"articleSection\":[\"Pol\u00edtica\",\"slider\"],\"inLanguage\":\"es\",\"potentialAction\":[{\"@type\":\"CommentAction\",\"name\":\"Comment\",\"target\":[\"https:\\\/\\\/kuali.com.mx\\\/web\\\/2022\\\/11\\\/17\\\/usaran-agua-de-la-presa-solis-para-5-municipios\\\/#respond\"]}]},{\"@type\":\"WebPage\",\"@id\":\"https:\\\/\\\/kuali.com.mx\\\/web\\\/2022\\\/11\\\/17\\\/usaran-agua-de-la-presa-solis-para-5-municipios\\\/\",\"url\":\"https:\\\/\\\/kuali.com.mx\\\/web\\\/2022\\\/11\\\/17\\\/usaran-agua-de-la-presa-solis-para-5-municipios\\\/\",\"name\":\"USAR\u00c1N AGUA DE LA PRESA SOL\u00cdS PARA 5 MUNICIPIOS - Kuali\",\"isPartOf\":{\"@id\":\"https:\\\/\\\/kuali.com.mx\\\/web\\\/#website\"},\"primaryImageOfPage\":{\"@id\":\"https:\\\/\\\/kuali.com.mx\\\/web\\\/2022\\\/11\\\/17\\\/usaran-agua-de-la-presa-solis-para-5-municipios\\\/#primaryimage\"},\"image\":{\"@id\":\"https:\\\/\\\/kuali.com.mx\\\/web\\\/2022\\\/11\\\/17\\\/usaran-agua-de-la-presa-solis-para-5-municipios\\\/#primaryimage\"},\"thumbnailUrl\":\"https:\\\/\\\/kuali.com.mx\\\/web\\\/wp-content\\\/uploads\\\/2022\\\/11\\\/Adan-Augusto-y-Diegoi-Sinhue.jpg\",\"datePublished\":\"2022-11-17T21:57:48+00:00\",\"dateModified\":\"2022-11-17T21:57:50+00:00\",\"author\":{\"@id\":\"https:\\\/\\\/kuali.com.mx\\\/web\\\/#\\\/schema\\\/person\\\/6f89ffa8ecba9dae50662357923c5289\"},\"breadcrumb\":{\"@id\":\"https:\\\/\\\/kuali.com.mx\\\/web\\\/2022\\\/11\\\/17\\\/usaran-agua-de-la-presa-solis-para-5-municipios\\\/#breadcrumb\"},\"inLanguage\":\"es\",\"potentialAction\":[{\"@type\":\"ReadAction\",\"target\":[\"https:\\\/\\\/kuali.com.mx\\\/web\\\/2022\\\/11\\\/17\\\/usaran-agua-de-la-presa-solis-para-5-municipios\\\/\"]}]},{\"@type\":\"ImageObject\",\"inLanguage\":\"es\",\"@id\":\"https:\\\/\\\/kuali.com.mx\\\/web\\\/2022\\\/11\\\/17\\\/usaran-agua-de-la-presa-solis-para-5-municipios\\\/#primaryimage\",\"url\":\"https:\\\/\\\/kuali.com.mx\\\/web\\\/wp-content\\\/uploads\\\/2022\\\/11\\\/Adan-Augusto-y-Diegoi-Sinhue.jpg\",\"contentUrl\":\"https:\\\/\\\/kuali.com.mx\\\/web\\\/wp-content\\\/uploads\\\/2022\\\/11\\\/Adan-Augusto-y-Diegoi-Sinhue.jpg\",\"width\":1791,\"height\":750},{\"@type\":\"BreadcrumbList\",\"@id\":\"https:\\\/\\\/kuali.com.mx\\\/web\\\/2022\\\/11\\\/17\\\/usaran-agua-de-la-presa-solis-para-5-municipios\\\/#breadcrumb\",\"itemListElement\":[{\"@type\":\"ListItem\",\"position\":1,\"name\":\"Inicio\",\"item\":\"https:\\\/\\\/kuali.com.mx\\\/web\\\/\"},{\"@type\":\"ListItem\",\"position\":2,\"name\":\"USAR\u00c1N AGUA DE LA PRESA SOL\u00cdS PARA 5 MUNICIPIOS\"}]},{\"@type\":\"WebSite\",\"@id\":\"https:\\\/\\\/kuali.com.mx\\\/web\\\/#website\",\"url\":\"https:\\\/\\\/kuali.com.mx\\\/web\\\/\",\"name\":\"Kuali\",\"description\":\"\",\"potentialAction\":[{\"@type\":\"SearchAction\",\"target\":{\"@type\":\"EntryPoint\",\"urlTemplate\":\"https:\\\/\\\/kuali.com.mx\\\/web\\\/?s={search_term_string}\"},\"query-input\":{\"@type\":\"PropertyValueSpecification\",\"valueRequired\":true,\"valueName\":\"search_term_string\"}}],\"inLanguage\":\"es\"},{\"@type\":\"Person\",\"@id\":\"https:\\\/\\\/kuali.com.mx\\\/web\\\/#\\\/schema\\\/person\\\/6f89ffa8ecba9dae50662357923c5289\",\"name\":\"Kuali Staff\",\"image\":{\"@type\":\"ImageObject\",\"inLanguage\":\"es\",\"@id\":\"https:\\\/\\\/secure.gravatar.com\\\/avatar\\\/f917ad82e5ab71227a733c78b6e60715476f69ee6be59feee4eb5d9920c89e0f?s=96&d=mm&r=g\",\"url\":\"https:\\\/\\\/secure.gravatar.com\\\/avatar\\\/f917ad82e5ab71227a733c78b6e60715476f69ee6be59feee4eb5d9920c89e0f?s=96&d=mm&r=g\",\"contentUrl\":\"https:\\\/\\\/secure.gravatar.com\\\/avatar\\\/f917ad82e5ab71227a733c78b6e60715476f69ee6be59feee4eb5d9920c89e0f?s=96&d=mm&r=g\",\"caption\":\"Kuali Staff\"},\"url\":\"https:\\\/\\\/kuali.com.mx\\\/web\\\/author\\\/lagarto\\\/\"}]}<\/script>\n<!-- \/ Yoast SEO plugin. -->","yoast_head_json":{"title":"USAR\u00c1N AGUA DE LA PRESA SOL\u00cdS PARA 5 MUNICIPIOS - Kuali","robots":{"index":"index","follow":"follow","max-snippet":"max-snippet:-1","max-image-preview":"max-image-preview:large","max-video-preview":"max-video-preview:-1"},"canonical":"https:\/\/kuali.com.mx\/web\/2022\/11\/17\/usaran-agua-de-la-presa-solis-para-5-municipios\/","og_locale":"es_MX","og_type":"article","og_title":"USAR\u00c1N AGUA DE LA PRESA SOL\u00cdS PARA 5 MUNICIPIOS - Kuali","og_description":"Carlos Garc\u00eda\/Le\u00f3n, Gto.- Por la modificaci\u00f3n de la obra de la presa El Zapotillo, la Comisi\u00f3n Nacional del Agua (Conagua) realizar\u00e1 el proyecto ejecutivo para suministrar agua de la presa Sol\u00eds a los municipios de Le\u00f3n, Silao, Irapuato, Salamanca y Celaya, anunci\u00f3 el secretario de Gobernaci\u00f3n, Ad\u00e1n Augusto L\u00f3pez Hern\u00e1ndez. En febrero del 2023 ser\u00e1n [&hellip;]","og_url":"https:\/\/kuali.com.mx\/web\/2022\/11\/17\/usaran-agua-de-la-presa-solis-para-5-municipios\/","og_site_name":"Kuali","article_publisher":"https:\/\/kuali.com.mx\/web\/wp-content\/uploads\/2018\/04\/cropped-kuali_logo-1-1.png","article_published_time":"2022-11-17T21:57:48+00:00","article_modified_time":"2022-11-17T21:57:50+00:00","og_image":[{"width":1791,"height":750,"url":"https:\/\/kuali.com.mx\/web\/wp-content\/uploads\/2022\/11\/Adan-Augusto-y-Diegoi-Sinhue.jpg","type":"image\/jpeg"}],"author":"Kuali Staff","twitter_card":"summary_large_image","twitter_creator":"@kuali_noticias","twitter_site":"@kuali_noticias","twitter_misc":{"Escrito por":"Kuali Staff","Tiempo de lectura":"3 minutos"},"schema":{"@context":"https:\/\/schema.org","@graph":[{"@type":"Article","@id":"https:\/\/kuali.com.mx\/web\/2022\/11\/17\/usaran-agua-de-la-presa-solis-para-5-municipios\/#article","isPartOf":{"@id":"https:\/\/kuali.com.mx\/web\/2022\/11\/17\/usaran-agua-de-la-presa-solis-para-5-municipios\/"},"author":{"name":"Kuali Staff","@id":"https:\/\/kuali.com.mx\/web\/#\/schema\/person\/6f89ffa8ecba9dae50662357923c5289"},"headline":"USAR\u00c1N AGUA DE LA PRESA SOL\u00cdS PARA 5 MUNICIPIOS","datePublished":"2022-11-17T21:57:48+00:00","dateModified":"2022-11-17T21:57:50+00:00","mainEntityOfPage":{"@id":"https:\/\/kuali.com.mx\/web\/2022\/11\/17\/usaran-agua-de-la-presa-solis-para-5-municipios\/"},"wordCount":609,"commentCount":0,"image":{"@id":"https:\/\/kuali.com.mx\/web\/2022\/11\/17\/usaran-agua-de-la-presa-solis-para-5-municipios\/#primaryimage"},"thumbnailUrl":"https:\/\/kuali.com.mx\/web\/wp-content\/uploads\/2022\/11\/Adan-Augusto-y-Diegoi-Sinhue.jpg","articleSection":["Pol\u00edtica","slider"],"inLanguage":"es","potentialAction":[{"@type":"CommentAction","name":"Comment","target":["https:\/\/kuali.com.mx\/web\/2022\/11\/17\/usaran-agua-de-la-presa-solis-para-5-municipios\/#respond"]}]},{"@type":"WebPage","@id":"https:\/\/kuali.com.mx\/web\/2022\/11\/17\/usaran-agua-de-la-presa-solis-para-5-municipios\/","url":"https:\/\/kuali.com.mx\/web\/2022\/11\/17\/usaran-agua-de-la-presa-solis-para-5-municipios\/","name":"USAR\u00c1N AGUA DE LA PRESA SOL\u00cdS PARA 5 MUNICIPIOS - Kuali","isPartOf":{"@id":"https:\/\/kuali.com.mx\/web\/#website"},"primaryImageOfPage":{"@id":"https:\/\/kuali.com.mx\/web\/2022\/11\/17\/usaran-agua-de-la-presa-solis-para-5-municipios\/#primaryimage"},"image":{"@id":"https:\/\/kuali.com.mx\/web\/2022\/11\/17\/usaran-agua-de-la-presa-solis-para-5-municipios\/#primaryimage"},"thumbnailUrl":"https:\/\/kuali.com.mx\/web\/wp-content\/uploads\/2022\/11\/Adan-Augusto-y-Diegoi-Sinhue.jpg","datePublished":"2022-11-17T21:57:48+00:00","dateModified":"2022-11-17T21:57:50+00:00","author":{"@id":"https:\/\/kuali.com.mx\/web\/#\/schema\/person\/6f89ffa8ecba9dae50662357923c5289"},"breadcrumb":{"@id":"https:\/\/kuali.com.mx\/web\/2022\/11\/17\/usaran-agua-de-la-presa-solis-para-5-municipios\/#breadcrumb"},"inLanguage":"es","potentialAction":[{"@type":"ReadAction","target":["https:\/\/kuali.com.mx\/web\/2022\/11\/17\/usaran-agua-de-la-presa-solis-para-5-municipios\/"]}]},{"@type":"ImageObject","inLanguage":"es","@id":"https:\/\/kuali.com.mx\/web\/2022\/11\/17\/usaran-agua-de-la-presa-solis-para-5-municipios\/#primaryimage","url":"https:\/\/kuali.com.mx\/web\/wp-content\/uploads\/2022\/11\/Adan-Augusto-y-Diegoi-Sinhue.jpg","contentUrl":"https:\/\/kuali.com.mx\/web\/wp-content\/uploads\/2022\/11\/Adan-Augusto-y-Diegoi-Sinhue.jpg","width":1791,"height":750},{"@type":"BreadcrumbList","@id":"https:\/\/kuali.com.mx\/web\/2022\/11\/17\/usaran-agua-de-la-presa-solis-para-5-municipios\/#breadcrumb","itemListElement":[{"@type":"ListItem","position":1,"name":"Inicio","item":"https:\/\/kuali.com.mx\/web\/"},{"@type":"ListItem","position":2,"name":"USAR\u00c1N AGUA DE LA PRESA SOL\u00cdS PARA 5 MUNICIPIOS"}]},{"@type":"WebSite","@id":"https:\/\/kuali.com.mx\/web\/#website","url":"https:\/\/kuali.com.mx\/web\/","name":"Kuali","description":"","potentialAction":[{"@type":"SearchAction","target":{"@type":"EntryPoint","urlTemplate":"https:\/\/kuali.com.mx\/web\/?s={search_term_string}"},"query-input":{"@type":"PropertyValueSpecification","valueRequired":true,"valueName":"search_term_string"}}],"inLanguage":"es"},{"@type":"Person","@id":"https:\/\/kuali.com.mx\/web\/#\/schema\/person\/6f89ffa8ecba9dae50662357923c5289","name":"Kuali Staff","image":{"@type":"ImageObject","inLanguage":"es","@id":"https:\/\/secure.gravatar.com\/avatar\/f917ad82e5ab71227a733c78b6e60715476f69ee6be59feee4eb5d9920c89e0f?s=96&d=mm&r=g","url":"https:\/\/secure.gravatar.com\/avatar\/f917ad82e5ab71227a733c78b6e60715476f69ee6be59feee4eb5d9920c89e0f?s=96&d=mm&r=g","contentUrl":"https:\/\/secure.gravatar.com\/avatar\/f917ad82e5ab71227a733c78b6e60715476f69ee6be59feee4eb5d9920c89e0f?s=96&d=mm&r=g","caption":"Kuali Staff"},"url":"https:\/\/kuali.com.mx\/web\/author\/lagarto\/"}]}},"_links":{"self":[{"href":"https:\/\/kuali.com.mx\/web\/wp-json\/wp\/v2\/posts\/107594","targetHints":{"allow":["GET"]}}],"collection":[{"href":"https:\/\/kuali.com.mx\/web\/wp-json\/wp\/v2\/posts"}],"about":[{"href":"https:\/\/kuali.com.mx\/web\/wp-json\/wp\/v2\/types\/post"}],"author":[{"embeddable":true,"href":"https:\/\/kuali.com.mx\/web\/wp-json\/wp\/v2\/users\/2"}],"replies":[{"embeddable":true,"href":"https:\/\/kuali.com.mx\/web\/wp-json\/wp\/v2\/comments?post=107594"}],"version-history":[{"count":1,"href":"https:\/\/kuali.com.mx\/web\/wp-json\/wp\/v2\/posts\/107594\/revisions"}],"predecessor-version":[{"id":107598,"href":"https:\/\/kuali.com.mx\/web\/wp-json\/wp\/v2\/posts\/107594\/revisions\/107598"}],"wp:featuredmedia":[{"embeddable":true,"href":"https:\/\/kuali.com.mx\/web\/wp-json\/wp\/v2\/media\/107597"}],"wp:attachment":[{"href":"https:\/\/kuali.com.mx\/web\/wp-json\/wp\/v2\/media?parent=107594"}],"wp:term":[{"taxonomy":"category","embeddable":true,"href":"https:\/\/kuali.com.mx\/web\/wp-json\/wp\/v2\/categories?post=107594"},{"taxonomy":"post_tag","embeddable":true,"href":"https:\/\/kuali.com.mx\/web\/wp-json\/wp\/v2\/tags?post=107594"}],"curies":[{"name":"wp","href":"https:\/\/api.w.org\/{rel}","templated":true}]}}