{"id":107585,"date":"2022-11-17T11:11:30","date_gmt":"2022-11-17T17:11:30","guid":{"rendered":"https:\/\/kuali.com.mx\/web\/?p=107585"},"modified":"2022-11-17T15:58:41","modified_gmt":"2022-11-17T21:58:41","slug":"muere-secretario-de-seguridad-de-aguascalientes-al-caer-helicoptero","status":"publish","type":"post","link":"https:\/\/kuali.com.mx\/web\/2022\/11\/17\/muere-secretario-de-seguridad-de-aguascalientes-al-caer-helicoptero\/","title":{"rendered":"MUERE SECRETARIO DE SEGURIDAD DE AGUASCALIENTES\u00a0AL\u00a0CAER HELIC\u00d3PTERO"},"content":{"rendered":"\n<p><em><strong>Claudio Ba\u00f1uelos\/La Jornada\/Aguascalientes, Ags<\/strong>.<\/em>&nbsp;El titular de la Secretar\u00eda de Seguridad P\u00fablica Estatal (SSPE), Porfirio S\u00e1nchez Mendoza, el piloto, y dos personas m\u00e1s murieron al desplomarse el helic\u00f3ptero de la corporaci\u00f3n, Aguila 1, en un predio ubicado sobre avenida Siglo XXI, casi esquina con Zaragoza, en el municipio de Jes\u00fas Mar\u00eda.<\/p>\n\n\n\n<p>El jefe polic\u00edaco acababa de participar en un operativo que la Fiscal\u00eda estatal realiz\u00f3 en el fraccionamiento Chicahuales, donde fueron cateadas viviendas con denuncias de venta de droga al menudeo.<\/p>\n\n\n\n<p>La operaci\u00f3n se llev\u00f3 a cabo cerca de las 8:05 horas y tuvo una duraci\u00f3n de unos 20 minutos.<\/p>\n\n\n\n<p>Participaron tambi\u00e9n elementos de la fiscal\u00eda, as\u00ed como agentes municipales y estatales. Al concluir el operativo, el secretario abord\u00f3 la aeronave, pero minutos despu\u00e9s se desplom\u00f3.<\/p>\n\n\n\n<p>S\u00e1nchez Mendoza fue ratificado en el cargo por la gobernadora panista Teresa Jim\u00e9nez, cuya administraci\u00f3n inici\u00f3 el pasado 1 de octubre.<\/p>\n\n\n\n<p>Esto, luego de que el pasado 1 de septiembre el funcionario fue exonerado de los cargos de tortura y abuso de autoridad y el 8 de ese mes retom\u00f3 su cargo.<\/p>\n\n\n\n<figure class=\"wp-block-image size-large\"><img loading=\"lazy\" decoding=\"async\" width=\"1024\" height=\"506\" src=\"https:\/\/kuali.com.mx\/web\/wp-content\/uploads\/2022\/11\/accidente-b-1024x506.jpg\" alt=\"\" class=\"wp-image-107588\" srcset=\"https:\/\/kuali.com.mx\/web\/wp-content\/uploads\/2022\/11\/accidente-b-1024x506.jpg 1024w, https:\/\/kuali.com.mx\/web\/wp-content\/uploads\/2022\/11\/accidente-b-300x148.jpg 300w, https:\/\/kuali.com.mx\/web\/wp-content\/uploads\/2022\/11\/accidente-b-768x380.jpg 768w, https:\/\/kuali.com.mx\/web\/wp-content\/uploads\/2022\/11\/accidente-b-228x113.jpg 228w, https:\/\/kuali.com.mx\/web\/wp-content\/uploads\/2022\/11\/accidente-b.jpg 1517w\" sizes=\"auto, (max-width: 1024px) 100vw, 1024px\" \/><\/figure>\n\n\n\n<p>El pasado 10 de noviembre la mandataria estatal hab\u00eda dado indicaciones para que el helic\u00f3ptero sobrevolara la regi\u00f3n lim\u00edtrofe con Jalisco. \u201cComo parte del plan estrat\u00e9gico de seguridad Blindaje Aguascalientes, gir\u00e9 instrucciones para que el helic\u00f3ptero \u00c1guila 1 realizara vuelos de vigilancia entre la frontera sur del estado y la caseta de Encarnaci\u00f3n de D\u00edaz, Jalisco\u201d, escribi\u00f3 en su cuenta de Twitter.<\/p>\n","protected":false},"excerpt":{"rendered":"Claudio Ba\u00f1uelos\/La Jornada\/Aguascalientes, Ags.&nbsp;El titular de la Secretar\u00eda de Seguridad P\u00fablica Estatal (SSPE), Porfirio S\u00e1nchez Mendoza, el piloto, y dos personas m\u00e1s murieron al desplomarse el helic\u00f3ptero de la corporaci\u00f3n, Aguila 1, en un predio ubicado sobre avenida Siglo XXI, casi esquina con Zaragoza, en el municipio de Jes\u00fas Mar\u00eda. El jefe polic\u00edaco acababa de [&hellip;]","protected":false},"author":2,"featured_media":107587,"comment_status":"open","ping_status":"open","sticky":false,"template":"","format":"standard","meta":{"_seopress_robots_primary_cat":"none","_seopress_titles_title":"","_seopress_titles_desc":"","_seopress_robots_index":"","_monsterinsights_skip_tracking":false,"_monsterinsights_sitenote_active":false,"_monsterinsights_sitenote_note":"","_monsterinsights_sitenote_category":0,"footnotes":""},"categories":[3],"tags":[],"class_list":["post-107585","post","type-post","status-publish","format-standard","has-post-thumbnail","hentry","category-politica"],"yoast_head":"<!-- This site is optimized with the Yoast SEO plugin v27.4 - https:\/\/yoast.com\/product\/yoast-seo-wordpress\/ -->\n<title>MUERE SECRETARIO DE SEGURIDAD DE AGUASCALIENTES\u00a0AL\u00a0CAER HELIC\u00d3PTERO - Kuali<\/title>\n<meta name=\"robots\" content=\"index, follow, max-snippet:-1, max-image-preview:large, max-video-preview:-1\" \/>\n<link rel=\"canonical\" href=\"https:\/\/kuali.com.mx\/web\/2022\/11\/17\/muere-secretario-de-seguridad-de-aguascalientes-al-caer-helicoptero\/\" \/>\n<meta property=\"og:locale\" content=\"es_MX\" \/>\n<meta property=\"og:type\" content=\"article\" \/>\n<meta property=\"og:title\" content=\"MUERE SECRETARIO DE SEGURIDAD DE AGUASCALIENTES\u00a0AL\u00a0CAER HELIC\u00d3PTERO - Kuali\" \/>\n<meta property=\"og:description\" content=\"Claudio Ba\u00f1uelos\/La Jornada\/Aguascalientes, Ags.&nbsp;El titular de la Secretar\u00eda de Seguridad P\u00fablica Estatal (SSPE), Porfirio S\u00e1nchez Mendoza, el piloto, y dos personas m\u00e1s murieron al desplomarse el helic\u00f3ptero de la corporaci\u00f3n, Aguila 1, en un predio ubicado sobre avenida Siglo XXI, casi esquina con Zaragoza, en el municipio de Jes\u00fas Mar\u00eda. El jefe polic\u00edaco acababa de [&hellip;]\" \/>\n<meta property=\"og:url\" content=\"https:\/\/kuali.com.mx\/web\/2022\/11\/17\/muere-secretario-de-seguridad-de-aguascalientes-al-caer-helicoptero\/\" \/>\n<meta property=\"og:site_name\" content=\"Kuali\" \/>\n<meta property=\"article:publisher\" content=\"https:\/\/kuali.com.mx\/web\/wp-content\/uploads\/2018\/04\/cropped-kuali_logo-1-1.png\" \/>\n<meta property=\"article:published_time\" content=\"2022-11-17T17:11:30+00:00\" \/>\n<meta property=\"article:modified_time\" content=\"2022-11-17T21:58:41+00:00\" \/>\n<meta property=\"og:image\" content=\"https:\/\/kuali.com.mx\/web\/wp-content\/uploads\/2022\/11\/accidente-1.jpg\" \/>\n\t<meta property=\"og:image:width\" content=\"665\" \/>\n\t<meta property=\"og:image:height\" content=\"269\" \/>\n\t<meta property=\"og:image:type\" content=\"image\/jpeg\" \/>\n<meta name=\"author\" content=\"Kuali Staff\" \/>\n<meta name=\"twitter:card\" content=\"summary_large_image\" \/>\n<meta name=\"twitter:creator\" content=\"@kuali_noticias\" \/>\n<meta name=\"twitter:site\" content=\"@kuali_noticias\" \/>\n<meta name=\"twitter:label1\" content=\"Escrito por\" \/>\n\t<meta name=\"twitter:data1\" content=\"Kuali Staff\" \/>\n\t<meta name=\"twitter:label2\" content=\"Tiempo de lectura\" \/>\n\t<meta name=\"twitter:data2\" content=\"1 minuto\" \/>\n<script type=\"application\/ld+json\" class=\"yoast-schema-graph\">{\"@context\":\"https:\\\/\\\/schema.org\",\"@graph\":[{\"@type\":\"Article\",\"@id\":\"https:\\\/\\\/kuali.com.mx\\\/web\\\/2022\\\/11\\\/17\\\/muere-secretario-de-seguridad-de-aguascalientes-al-caer-helicoptero\\\/#article\",\"isPartOf\":{\"@id\":\"https:\\\/\\\/kuali.com.mx\\\/web\\\/2022\\\/11\\\/17\\\/muere-secretario-de-seguridad-de-aguascalientes-al-caer-helicoptero\\\/\"},\"author\":{\"name\":\"Kuali Staff\",\"@id\":\"https:\\\/\\\/kuali.com.mx\\\/web\\\/#\\\/schema\\\/person\\\/6f89ffa8ecba9dae50662357923c5289\"},\"headline\":\"MUERE SECRETARIO DE SEGURIDAD DE AGUASCALIENTES\u00a0AL\u00a0CAER HELIC\u00d3PTERO\",\"datePublished\":\"2022-11-17T17:11:30+00:00\",\"dateModified\":\"2022-11-17T21:58:41+00:00\",\"mainEntityOfPage\":{\"@id\":\"https:\\\/\\\/kuali.com.mx\\\/web\\\/2022\\\/11\\\/17\\\/muere-secretario-de-seguridad-de-aguascalientes-al-caer-helicoptero\\\/\"},\"wordCount\":272,\"commentCount\":0,\"image\":{\"@id\":\"https:\\\/\\\/kuali.com.mx\\\/web\\\/2022\\\/11\\\/17\\\/muere-secretario-de-seguridad-de-aguascalientes-al-caer-helicoptero\\\/#primaryimage\"},\"thumbnailUrl\":\"https:\\\/\\\/kuali.com.mx\\\/web\\\/wp-content\\\/uploads\\\/2022\\\/11\\\/accidente-1.jpg\",\"articleSection\":[\"Pol\u00edtica\"],\"inLanguage\":\"es\",\"potentialAction\":[{\"@type\":\"CommentAction\",\"name\":\"Comment\",\"target\":[\"https:\\\/\\\/kuali.com.mx\\\/web\\\/2022\\\/11\\\/17\\\/muere-secretario-de-seguridad-de-aguascalientes-al-caer-helicoptero\\\/#respond\"]}]},{\"@type\":\"WebPage\",\"@id\":\"https:\\\/\\\/kuali.com.mx\\\/web\\\/2022\\\/11\\\/17\\\/muere-secretario-de-seguridad-de-aguascalientes-al-caer-helicoptero\\\/\",\"url\":\"https:\\\/\\\/kuali.com.mx\\\/web\\\/2022\\\/11\\\/17\\\/muere-secretario-de-seguridad-de-aguascalientes-al-caer-helicoptero\\\/\",\"name\":\"MUERE SECRETARIO DE SEGURIDAD DE AGUASCALIENTES\u00a0AL\u00a0CAER HELIC\u00d3PTERO - Kuali\",\"isPartOf\":{\"@id\":\"https:\\\/\\\/kuali.com.mx\\\/web\\\/#website\"},\"primaryImageOfPage\":{\"@id\":\"https:\\\/\\\/kuali.com.mx\\\/web\\\/2022\\\/11\\\/17\\\/muere-secretario-de-seguridad-de-aguascalientes-al-caer-helicoptero\\\/#primaryimage\"},\"image\":{\"@id\":\"https:\\\/\\\/kuali.com.mx\\\/web\\\/2022\\\/11\\\/17\\\/muere-secretario-de-seguridad-de-aguascalientes-al-caer-helicoptero\\\/#primaryimage\"},\"thumbnailUrl\":\"https:\\\/\\\/kuali.com.mx\\\/web\\\/wp-content\\\/uploads\\\/2022\\\/11\\\/accidente-1.jpg\",\"datePublished\":\"2022-11-17T17:11:30+00:00\",\"dateModified\":\"2022-11-17T21:58:41+00:00\",\"author\":{\"@id\":\"https:\\\/\\\/kuali.com.mx\\\/web\\\/#\\\/schema\\\/person\\\/6f89ffa8ecba9dae50662357923c5289\"},\"breadcrumb\":{\"@id\":\"https:\\\/\\\/kuali.com.mx\\\/web\\\/2022\\\/11\\\/17\\\/muere-secretario-de-seguridad-de-aguascalientes-al-caer-helicoptero\\\/#breadcrumb\"},\"inLanguage\":\"es\",\"potentialAction\":[{\"@type\":\"ReadAction\",\"target\":[\"https:\\\/\\\/kuali.com.mx\\\/web\\\/2022\\\/11\\\/17\\\/muere-secretario-de-seguridad-de-aguascalientes-al-caer-helicoptero\\\/\"]}]},{\"@type\":\"ImageObject\",\"inLanguage\":\"es\",\"@id\":\"https:\\\/\\\/kuali.com.mx\\\/web\\\/2022\\\/11\\\/17\\\/muere-secretario-de-seguridad-de-aguascalientes-al-caer-helicoptero\\\/#primaryimage\",\"url\":\"https:\\\/\\\/kuali.com.mx\\\/web\\\/wp-content\\\/uploads\\\/2022\\\/11\\\/accidente-1.jpg\",\"contentUrl\":\"https:\\\/\\\/kuali.com.mx\\\/web\\\/wp-content\\\/uploads\\\/2022\\\/11\\\/accidente-1.jpg\",\"width\":665,\"height\":269},{\"@type\":\"BreadcrumbList\",\"@id\":\"https:\\\/\\\/kuali.com.mx\\\/web\\\/2022\\\/11\\\/17\\\/muere-secretario-de-seguridad-de-aguascalientes-al-caer-helicoptero\\\/#breadcrumb\",\"itemListElement\":[{\"@type\":\"ListItem\",\"position\":1,\"name\":\"Inicio\",\"item\":\"https:\\\/\\\/kuali.com.mx\\\/web\\\/\"},{\"@type\":\"ListItem\",\"position\":2,\"name\":\"MUERE SECRETARIO DE SEGURIDAD DE AGUASCALIENTES\u00a0AL\u00a0CAER HELIC\u00d3PTERO\"}]},{\"@type\":\"WebSite\",\"@id\":\"https:\\\/\\\/kuali.com.mx\\\/web\\\/#website\",\"url\":\"https:\\\/\\\/kuali.com.mx\\\/web\\\/\",\"name\":\"Kuali\",\"description\":\"\",\"potentialAction\":[{\"@type\":\"SearchAction\",\"target\":{\"@type\":\"EntryPoint\",\"urlTemplate\":\"https:\\\/\\\/kuali.com.mx\\\/web\\\/?s={search_term_string}\"},\"query-input\":{\"@type\":\"PropertyValueSpecification\",\"valueRequired\":true,\"valueName\":\"search_term_string\"}}],\"inLanguage\":\"es\"},{\"@type\":\"Person\",\"@id\":\"https:\\\/\\\/kuali.com.mx\\\/web\\\/#\\\/schema\\\/person\\\/6f89ffa8ecba9dae50662357923c5289\",\"name\":\"Kuali Staff\",\"image\":{\"@type\":\"ImageObject\",\"inLanguage\":\"es\",\"@id\":\"https:\\\/\\\/secure.gravatar.com\\\/avatar\\\/f917ad82e5ab71227a733c78b6e60715476f69ee6be59feee4eb5d9920c89e0f?s=96&d=mm&r=g\",\"url\":\"https:\\\/\\\/secure.gravatar.com\\\/avatar\\\/f917ad82e5ab71227a733c78b6e60715476f69ee6be59feee4eb5d9920c89e0f?s=96&d=mm&r=g\",\"contentUrl\":\"https:\\\/\\\/secure.gravatar.com\\\/avatar\\\/f917ad82e5ab71227a733c78b6e60715476f69ee6be59feee4eb5d9920c89e0f?s=96&d=mm&r=g\",\"caption\":\"Kuali Staff\"},\"url\":\"https:\\\/\\\/kuali.com.mx\\\/web\\\/author\\\/lagarto\\\/\"}]}<\/script>\n<!-- \/ Yoast SEO plugin. -->","yoast_head_json":{"title":"MUERE SECRETARIO DE SEGURIDAD DE AGUASCALIENTES\u00a0AL\u00a0CAER HELIC\u00d3PTERO - Kuali","robots":{"index":"index","follow":"follow","max-snippet":"max-snippet:-1","max-image-preview":"max-image-preview:large","max-video-preview":"max-video-preview:-1"},"canonical":"https:\/\/kuali.com.mx\/web\/2022\/11\/17\/muere-secretario-de-seguridad-de-aguascalientes-al-caer-helicoptero\/","og_locale":"es_MX","og_type":"article","og_title":"MUERE SECRETARIO DE SEGURIDAD DE AGUASCALIENTES\u00a0AL\u00a0CAER HELIC\u00d3PTERO - Kuali","og_description":"Claudio Ba\u00f1uelos\/La Jornada\/Aguascalientes, Ags.&nbsp;El titular de la Secretar\u00eda de Seguridad P\u00fablica Estatal (SSPE), Porfirio S\u00e1nchez Mendoza, el piloto, y dos personas m\u00e1s murieron al desplomarse el helic\u00f3ptero de la corporaci\u00f3n, Aguila 1, en un predio ubicado sobre avenida Siglo XXI, casi esquina con Zaragoza, en el municipio de Jes\u00fas Mar\u00eda. El jefe polic\u00edaco acababa de [&hellip;]","og_url":"https:\/\/kuali.com.mx\/web\/2022\/11\/17\/muere-secretario-de-seguridad-de-aguascalientes-al-caer-helicoptero\/","og_site_name":"Kuali","article_publisher":"https:\/\/kuali.com.mx\/web\/wp-content\/uploads\/2018\/04\/cropped-kuali_logo-1-1.png","article_published_time":"2022-11-17T17:11:30+00:00","article_modified_time":"2022-11-17T21:58:41+00:00","og_image":[{"width":665,"height":269,"url":"https:\/\/kuali.com.mx\/web\/wp-content\/uploads\/2022\/11\/accidente-1.jpg","type":"image\/jpeg"}],"author":"Kuali Staff","twitter_card":"summary_large_image","twitter_creator":"@kuali_noticias","twitter_site":"@kuali_noticias","twitter_misc":{"Escrito por":"Kuali Staff","Tiempo de lectura":"1 minuto"},"schema":{"@context":"https:\/\/schema.org","@graph":[{"@type":"Article","@id":"https:\/\/kuali.com.mx\/web\/2022\/11\/17\/muere-secretario-de-seguridad-de-aguascalientes-al-caer-helicoptero\/#article","isPartOf":{"@id":"https:\/\/kuali.com.mx\/web\/2022\/11\/17\/muere-secretario-de-seguridad-de-aguascalientes-al-caer-helicoptero\/"},"author":{"name":"Kuali Staff","@id":"https:\/\/kuali.com.mx\/web\/#\/schema\/person\/6f89ffa8ecba9dae50662357923c5289"},"headline":"MUERE SECRETARIO DE SEGURIDAD DE AGUASCALIENTES\u00a0AL\u00a0CAER HELIC\u00d3PTERO","datePublished":"2022-11-17T17:11:30+00:00","dateModified":"2022-11-17T21:58:41+00:00","mainEntityOfPage":{"@id":"https:\/\/kuali.com.mx\/web\/2022\/11\/17\/muere-secretario-de-seguridad-de-aguascalientes-al-caer-helicoptero\/"},"wordCount":272,"commentCount":0,"image":{"@id":"https:\/\/kuali.com.mx\/web\/2022\/11\/17\/muere-secretario-de-seguridad-de-aguascalientes-al-caer-helicoptero\/#primaryimage"},"thumbnailUrl":"https:\/\/kuali.com.mx\/web\/wp-content\/uploads\/2022\/11\/accidente-1.jpg","articleSection":["Pol\u00edtica"],"inLanguage":"es","potentialAction":[{"@type":"CommentAction","name":"Comment","target":["https:\/\/kuali.com.mx\/web\/2022\/11\/17\/muere-secretario-de-seguridad-de-aguascalientes-al-caer-helicoptero\/#respond"]}]},{"@type":"WebPage","@id":"https:\/\/kuali.com.mx\/web\/2022\/11\/17\/muere-secretario-de-seguridad-de-aguascalientes-al-caer-helicoptero\/","url":"https:\/\/kuali.com.mx\/web\/2022\/11\/17\/muere-secretario-de-seguridad-de-aguascalientes-al-caer-helicoptero\/","name":"MUERE SECRETARIO DE SEGURIDAD DE AGUASCALIENTES\u00a0AL\u00a0CAER HELIC\u00d3PTERO - Kuali","isPartOf":{"@id":"https:\/\/kuali.com.mx\/web\/#website"},"primaryImageOfPage":{"@id":"https:\/\/kuali.com.mx\/web\/2022\/11\/17\/muere-secretario-de-seguridad-de-aguascalientes-al-caer-helicoptero\/#primaryimage"},"image":{"@id":"https:\/\/kuali.com.mx\/web\/2022\/11\/17\/muere-secretario-de-seguridad-de-aguascalientes-al-caer-helicoptero\/#primaryimage"},"thumbnailUrl":"https:\/\/kuali.com.mx\/web\/wp-content\/uploads\/2022\/11\/accidente-1.jpg","datePublished":"2022-11-17T17:11:30+00:00","dateModified":"2022-11-17T21:58:41+00:00","author":{"@id":"https:\/\/kuali.com.mx\/web\/#\/schema\/person\/6f89ffa8ecba9dae50662357923c5289"},"breadcrumb":{"@id":"https:\/\/kuali.com.mx\/web\/2022\/11\/17\/muere-secretario-de-seguridad-de-aguascalientes-al-caer-helicoptero\/#breadcrumb"},"inLanguage":"es","potentialAction":[{"@type":"ReadAction","target":["https:\/\/kuali.com.mx\/web\/2022\/11\/17\/muere-secretario-de-seguridad-de-aguascalientes-al-caer-helicoptero\/"]}]},{"@type":"ImageObject","inLanguage":"es","@id":"https:\/\/kuali.com.mx\/web\/2022\/11\/17\/muere-secretario-de-seguridad-de-aguascalientes-al-caer-helicoptero\/#primaryimage","url":"https:\/\/kuali.com.mx\/web\/wp-content\/uploads\/2022\/11\/accidente-1.jpg","contentUrl":"https:\/\/kuali.com.mx\/web\/wp-content\/uploads\/2022\/11\/accidente-1.jpg","width":665,"height":269},{"@type":"BreadcrumbList","@id":"https:\/\/kuali.com.mx\/web\/2022\/11\/17\/muere-secretario-de-seguridad-de-aguascalientes-al-caer-helicoptero\/#breadcrumb","itemListElement":[{"@type":"ListItem","position":1,"name":"Inicio","item":"https:\/\/kuali.com.mx\/web\/"},{"@type":"ListItem","position":2,"name":"MUERE SECRETARIO DE SEGURIDAD DE AGUASCALIENTES\u00a0AL\u00a0CAER HELIC\u00d3PTERO"}]},{"@type":"WebSite","@id":"https:\/\/kuali.com.mx\/web\/#website","url":"https:\/\/kuali.com.mx\/web\/","name":"Kuali","description":"","potentialAction":[{"@type":"SearchAction","target":{"@type":"EntryPoint","urlTemplate":"https:\/\/kuali.com.mx\/web\/?s={search_term_string}"},"query-input":{"@type":"PropertyValueSpecification","valueRequired":true,"valueName":"search_term_string"}}],"inLanguage":"es"},{"@type":"Person","@id":"https:\/\/kuali.com.mx\/web\/#\/schema\/person\/6f89ffa8ecba9dae50662357923c5289","name":"Kuali Staff","image":{"@type":"ImageObject","inLanguage":"es","@id":"https:\/\/secure.gravatar.com\/avatar\/f917ad82e5ab71227a733c78b6e60715476f69ee6be59feee4eb5d9920c89e0f?s=96&d=mm&r=g","url":"https:\/\/secure.gravatar.com\/avatar\/f917ad82e5ab71227a733c78b6e60715476f69ee6be59feee4eb5d9920c89e0f?s=96&d=mm&r=g","contentUrl":"https:\/\/secure.gravatar.com\/avatar\/f917ad82e5ab71227a733c78b6e60715476f69ee6be59feee4eb5d9920c89e0f?s=96&d=mm&r=g","caption":"Kuali Staff"},"url":"https:\/\/kuali.com.mx\/web\/author\/lagarto\/"}]}},"_links":{"self":[{"href":"https:\/\/kuali.com.mx\/web\/wp-json\/wp\/v2\/posts\/107585","targetHints":{"allow":["GET"]}}],"collection":[{"href":"https:\/\/kuali.com.mx\/web\/wp-json\/wp\/v2\/posts"}],"about":[{"href":"https:\/\/kuali.com.mx\/web\/wp-json\/wp\/v2\/types\/post"}],"author":[{"embeddable":true,"href":"https:\/\/kuali.com.mx\/web\/wp-json\/wp\/v2\/users\/2"}],"replies":[{"embeddable":true,"href":"https:\/\/kuali.com.mx\/web\/wp-json\/wp\/v2\/comments?post=107585"}],"version-history":[{"count":2,"href":"https:\/\/kuali.com.mx\/web\/wp-json\/wp\/v2\/posts\/107585\/revisions"}],"predecessor-version":[{"id":107599,"href":"https:\/\/kuali.com.mx\/web\/wp-json\/wp\/v2\/posts\/107585\/revisions\/107599"}],"wp:featuredmedia":[{"embeddable":true,"href":"https:\/\/kuali.com.mx\/web\/wp-json\/wp\/v2\/media\/107587"}],"wp:attachment":[{"href":"https:\/\/kuali.com.mx\/web\/wp-json\/wp\/v2\/media?parent=107585"}],"wp:term":[{"taxonomy":"category","embeddable":true,"href":"https:\/\/kuali.com.mx\/web\/wp-json\/wp\/v2\/categories?post=107585"},{"taxonomy":"post_tag","embeddable":true,"href":"https:\/\/kuali.com.mx\/web\/wp-json\/wp\/v2\/tags?post=107585"}],"curies":[{"name":"wp","href":"https:\/\/api.w.org\/{rel}","templated":true}]}}