{"id":106937,"date":"2022-11-07T18:02:49","date_gmt":"2022-11-08T00:02:49","guid":{"rendered":"https:\/\/kuali.com.mx\/web\/?p=106937"},"modified":"2022-11-07T18:02:50","modified_gmt":"2022-11-08T00:02:50","slug":"aumentaran-casos-de-influenza-y-covid-19","status":"publish","type":"post","link":"https:\/\/kuali.com.mx\/web\/2022\/11\/07\/aumentaran-casos-de-influenza-y-covid-19\/","title":{"rendered":"AUMENTAR\u00c1N CASOS DE INFLUENZA Y COVID-19"},"content":{"rendered":"\n<p>\u00a0El la temporada invernal podr\u00eda generarse un aumento en los casos de influenza y de Covid-19, anunci\u00f3 el secretario de Salud de Guanajuato, Daniel D\u00edaz Mart\u00ednez.<\/p>\n\n\n\n<p>Daniel D\u00edaz dio a conocer que en el estado de Guanajuato se registran 25 casos confirmados de influenza y se contabilizan m\u00e1s de 40 como sospechosos en varias partes de Guanajuato, todos los casos confirmados son ambulatorios sin mayores complicaciones.<\/p>\n\n\n\n<p>El a\u00f1o anterior el estado de Guanajuato no registr\u00f3 ning\u00fan caso de influenza, sin embargo, ahora con la movilidad de las personas nuevamente ha resurgido la prevalencia de casos, dijo.<\/p>\n\n\n\n<p>Explic\u00f3 que debido a que la Covid - 19 es catalogada ya como enfermedad end\u00e9mica la poblaci\u00f3n comienza a tener una mayor circulaci\u00f3n y por lo tanto se presenta una mayor probabilidad de contagio para este a\u00f1o.<\/p>\n\n\n\n<p>Por lo tanto, se pronostica un aumento de casos para este a\u00f1o tanto de Influenza como de Covid-19, previ\u00f3.<\/p>\n\n\n\n<p>\u00a0Hasta el momento, detall\u00f3 que se han aplicado m\u00e1s de 700 mil vacunas contra la influenza estacional en grupos de riesgo como lo son personas con\u00a0VIH, diabetes mellitus, obesidad m\u00f3rbida, personas con cardiopat\u00edas agudas o cr\u00f3nicas, personas con enfermedad pulmonar cr\u00f3nica, con enfermedad obstructiva cr\u00f3nica y\u00a0asma, personas con c\u00e1ncer, insuficiencia renal, embarazadas, adultos mayores, entre otros.<\/p>\n\n\n\n<p>La meta explic\u00f3 el doctor Daniel D\u00edaz es aplicar un mill\u00f3n 700 mil vacunas entre los meses de octubre y noviembre para que en los meses m\u00e1s \u00e1lgidos que son diciembre, enero la poblaci\u00f3n ya cuente con la vacuna.<\/p>\n\n\n\n<p>Reiter\u00f3 que este a\u00f1o se espera la circulaci\u00f3n de ambos virus por lo que nuevamente exhort\u00f3 a la poblaci\u00f3n a continuar con las medidas de prevenci\u00f3n como lo son el lavado frecuente de manos, el estornudo de etiqueta, una alimentaci\u00f3n saludable.<\/p>\n\n\n\n<p>Para fortalecer las acciones de promoci\u00f3n y prevenci\u00f3n en las unidades m\u00e9dicas, el secretario de salud invita a la poblaci\u00f3n a que acuda a su unidad, ante la presencia de los siguientes signos de alarma:<\/p>\n\n\n\n<p>-&nbsp;&nbsp;&nbsp;&nbsp;&nbsp;&nbsp;&nbsp;&nbsp;&nbsp;&nbsp;&nbsp;Fiebre.<\/p>\n\n\n\n<p>-&nbsp;&nbsp;&nbsp;&nbsp;&nbsp;&nbsp;&nbsp;&nbsp;&nbsp;&nbsp;&nbsp;Se agita mucho al respirar.<\/p>\n\n\n\n<p>-&nbsp;&nbsp;&nbsp;&nbsp;&nbsp;&nbsp;&nbsp;&nbsp;&nbsp;&nbsp;&nbsp;Se le hunde la piel entre las costillas al meter el aire.<\/p>\n\n\n\n<p>-&nbsp;&nbsp;&nbsp;&nbsp;&nbsp;&nbsp;&nbsp;&nbsp;&nbsp;&nbsp;&nbsp;Respira m\u00e1s r\u00e1pido de lo normal.<\/p>\n\n\n\n<p>-&nbsp;&nbsp;&nbsp;&nbsp; El ni\u00f1o est\u00e1 deca\u00eddo o triste, presenta labios y u\u00f1as moradas.<\/p>\n\n\n\n<p>-&nbsp;&nbsp;&nbsp;&nbsp;&nbsp;&nbsp;&nbsp;&nbsp;&nbsp;&nbsp;&nbsp;No acepta alimentos ni l\u00edquidos.<\/p>\n\n\n\n<p>-&nbsp;&nbsp;&nbsp;&nbsp;&nbsp;&nbsp;&nbsp;&nbsp;&nbsp;&nbsp;A su vez, se recomienda a toda la poblaci\u00f3n las siguientes medidas generales:<\/p>\n\n\n\n<p>-&nbsp;&nbsp;&nbsp;&nbsp;&nbsp;&nbsp;&nbsp;&nbsp;&nbsp;&nbsp;&nbsp;Lavado frecuente de manos.<\/p>\n\n\n\n<p>-&nbsp;&nbsp;&nbsp;&nbsp;&nbsp;&nbsp;&nbsp;&nbsp;&nbsp;&nbsp;Etiqueta respiratoria al toser y estornudar.<\/p>\n\n\n\n<p>-&nbsp;&nbsp;&nbsp;&nbsp;&nbsp;&nbsp;&nbsp;&nbsp;&nbsp;&nbsp;Evitar el saludo de mano y\/o beso.<\/p>\n\n\n\n<p>-&nbsp;&nbsp;&nbsp;&nbsp;&nbsp;&nbsp;&nbsp;&nbsp;&nbsp;&nbsp;Permanecer en casa y no acudir a lugares concurridos si se tiene sintomatolog\u00eda respiratoria.<\/p>\n\n\n\n<p>-&nbsp;&nbsp;&nbsp;&nbsp;&nbsp;&nbsp;&nbsp;&nbsp;&nbsp;&nbsp;&nbsp;Mantener ventilados espacios comunes.<\/p>\n\n\n\n<p>-&nbsp;&nbsp;&nbsp;&nbsp;&nbsp;&nbsp;&nbsp;&nbsp;&nbsp;&nbsp;Evitar la automedicaci\u00f3n.<\/p>\n","protected":false},"excerpt":{"rendered":"\u00a0El la temporada invernal podr\u00eda generarse un aumento en los casos de influenza y de Covid-19, anunci\u00f3 el secretario de Salud de Guanajuato, Daniel D\u00edaz Mart\u00ednez. Daniel D\u00edaz dio a conocer que en el estado de Guanajuato se registran 25 casos confirmados de influenza y se contabilizan m\u00e1s de 40 como sospechosos en varias partes [&hellip;]","protected":false},"author":2,"featured_media":73293,"comment_status":"open","ping_status":"open","sticky":false,"template":"","format":"standard","meta":{"_seopress_robots_primary_cat":"none","_seopress_titles_title":"","_seopress_titles_desc":"","_seopress_robots_index":"","_monsterinsights_skip_tracking":false,"_monsterinsights_sitenote_active":false,"_monsterinsights_sitenote_note":"","_monsterinsights_sitenote_category":0,"footnotes":""},"categories":[7,69],"tags":[],"class_list":["post-106937","post","type-post","status-publish","format-standard","has-post-thumbnail","hentry","category-salud","category-slider"],"yoast_head":"<!-- This site is optimized with the Yoast SEO plugin v27.4 - https:\/\/yoast.com\/product\/yoast-seo-wordpress\/ -->\n<title>AUMENTAR\u00c1N CASOS DE INFLUENZA Y COVID-19 - Kuali<\/title>\n<meta name=\"robots\" content=\"index, follow, max-snippet:-1, max-image-preview:large, max-video-preview:-1\" \/>\n<link rel=\"canonical\" href=\"https:\/\/kuali.com.mx\/web\/2022\/11\/07\/aumentaran-casos-de-influenza-y-covid-19\/\" \/>\n<meta property=\"og:locale\" content=\"es_MX\" \/>\n<meta property=\"og:type\" content=\"article\" \/>\n<meta property=\"og:title\" content=\"AUMENTAR\u00c1N CASOS DE INFLUENZA Y COVID-19 - Kuali\" \/>\n<meta property=\"og:description\" content=\"\u00a0El la temporada invernal podr\u00eda generarse un aumento en los casos de influenza y de Covid-19, anunci\u00f3 el secretario de Salud de Guanajuato, Daniel D\u00edaz Mart\u00ednez. Daniel D\u00edaz dio a conocer que en el estado de Guanajuato se registran 25 casos confirmados de influenza y se contabilizan m\u00e1s de 40 como sospechosos en varias partes [&hellip;]\" \/>\n<meta property=\"og:url\" content=\"https:\/\/kuali.com.mx\/web\/2022\/11\/07\/aumentaran-casos-de-influenza-y-covid-19\/\" \/>\n<meta property=\"og:site_name\" content=\"Kuali\" \/>\n<meta property=\"article:publisher\" content=\"https:\/\/kuali.com.mx\/web\/wp-content\/uploads\/2018\/04\/cropped-kuali_logo-1-1.png\" \/>\n<meta property=\"article:published_time\" content=\"2022-11-08T00:02:49+00:00\" \/>\n<meta property=\"article:modified_time\" content=\"2022-11-08T00:02:50+00:00\" \/>\n<meta property=\"og:image\" content=\"https:\/\/kuali.com.mx\/web\/wp-content\/uploads\/2020\/08\/COVID-19-3.jpg\" \/>\n\t<meta property=\"og:image:width\" content=\"1768\" \/>\n\t<meta property=\"og:image:height\" content=\"750\" \/>\n\t<meta property=\"og:image:type\" content=\"image\/jpeg\" \/>\n<meta name=\"author\" content=\"Kuali Staff\" \/>\n<meta name=\"twitter:card\" content=\"summary_large_image\" \/>\n<meta name=\"twitter:creator\" content=\"@kuali_noticias\" \/>\n<meta name=\"twitter:site\" content=\"@kuali_noticias\" \/>\n<meta name=\"twitter:label1\" content=\"Escrito por\" \/>\n\t<meta name=\"twitter:data1\" content=\"Kuali Staff\" \/>\n\t<meta name=\"twitter:label2\" content=\"Tiempo de lectura\" \/>\n\t<meta name=\"twitter:data2\" content=\"3 minutos\" \/>\n<script type=\"application\/ld+json\" class=\"yoast-schema-graph\">{\"@context\":\"https:\\\/\\\/schema.org\",\"@graph\":[{\"@type\":\"Article\",\"@id\":\"https:\\\/\\\/kuali.com.mx\\\/web\\\/2022\\\/11\\\/07\\\/aumentaran-casos-de-influenza-y-covid-19\\\/#article\",\"isPartOf\":{\"@id\":\"https:\\\/\\\/kuali.com.mx\\\/web\\\/2022\\\/11\\\/07\\\/aumentaran-casos-de-influenza-y-covid-19\\\/\"},\"author\":{\"name\":\"Kuali Staff\",\"@id\":\"https:\\\/\\\/kuali.com.mx\\\/web\\\/#\\\/schema\\\/person\\\/6f89ffa8ecba9dae50662357923c5289\"},\"headline\":\"AUMENTAR\u00c1N CASOS DE INFLUENZA Y COVID-19\",\"datePublished\":\"2022-11-08T00:02:49+00:00\",\"dateModified\":\"2022-11-08T00:02:50+00:00\",\"mainEntityOfPage\":{\"@id\":\"https:\\\/\\\/kuali.com.mx\\\/web\\\/2022\\\/11\\\/07\\\/aumentaran-casos-de-influenza-y-covid-19\\\/\"},\"wordCount\":604,\"commentCount\":0,\"image\":{\"@id\":\"https:\\\/\\\/kuali.com.mx\\\/web\\\/2022\\\/11\\\/07\\\/aumentaran-casos-de-influenza-y-covid-19\\\/#primaryimage\"},\"thumbnailUrl\":\"https:\\\/\\\/kuali.com.mx\\\/web\\\/wp-content\\\/uploads\\\/2020\\\/08\\\/COVID-19-3.jpg\",\"articleSection\":[\"Salud\",\"slider\"],\"inLanguage\":\"es\",\"potentialAction\":[{\"@type\":\"CommentAction\",\"name\":\"Comment\",\"target\":[\"https:\\\/\\\/kuali.com.mx\\\/web\\\/2022\\\/11\\\/07\\\/aumentaran-casos-de-influenza-y-covid-19\\\/#respond\"]}]},{\"@type\":\"WebPage\",\"@id\":\"https:\\\/\\\/kuali.com.mx\\\/web\\\/2022\\\/11\\\/07\\\/aumentaran-casos-de-influenza-y-covid-19\\\/\",\"url\":\"https:\\\/\\\/kuali.com.mx\\\/web\\\/2022\\\/11\\\/07\\\/aumentaran-casos-de-influenza-y-covid-19\\\/\",\"name\":\"AUMENTAR\u00c1N CASOS DE INFLUENZA Y COVID-19 - Kuali\",\"isPartOf\":{\"@id\":\"https:\\\/\\\/kuali.com.mx\\\/web\\\/#website\"},\"primaryImageOfPage\":{\"@id\":\"https:\\\/\\\/kuali.com.mx\\\/web\\\/2022\\\/11\\\/07\\\/aumentaran-casos-de-influenza-y-covid-19\\\/#primaryimage\"},\"image\":{\"@id\":\"https:\\\/\\\/kuali.com.mx\\\/web\\\/2022\\\/11\\\/07\\\/aumentaran-casos-de-influenza-y-covid-19\\\/#primaryimage\"},\"thumbnailUrl\":\"https:\\\/\\\/kuali.com.mx\\\/web\\\/wp-content\\\/uploads\\\/2020\\\/08\\\/COVID-19-3.jpg\",\"datePublished\":\"2022-11-08T00:02:49+00:00\",\"dateModified\":\"2022-11-08T00:02:50+00:00\",\"author\":{\"@id\":\"https:\\\/\\\/kuali.com.mx\\\/web\\\/#\\\/schema\\\/person\\\/6f89ffa8ecba9dae50662357923c5289\"},\"breadcrumb\":{\"@id\":\"https:\\\/\\\/kuali.com.mx\\\/web\\\/2022\\\/11\\\/07\\\/aumentaran-casos-de-influenza-y-covid-19\\\/#breadcrumb\"},\"inLanguage\":\"es\",\"potentialAction\":[{\"@type\":\"ReadAction\",\"target\":[\"https:\\\/\\\/kuali.com.mx\\\/web\\\/2022\\\/11\\\/07\\\/aumentaran-casos-de-influenza-y-covid-19\\\/\"]}]},{\"@type\":\"ImageObject\",\"inLanguage\":\"es\",\"@id\":\"https:\\\/\\\/kuali.com.mx\\\/web\\\/2022\\\/11\\\/07\\\/aumentaran-casos-de-influenza-y-covid-19\\\/#primaryimage\",\"url\":\"https:\\\/\\\/kuali.com.mx\\\/web\\\/wp-content\\\/uploads\\\/2020\\\/08\\\/COVID-19-3.jpg\",\"contentUrl\":\"https:\\\/\\\/kuali.com.mx\\\/web\\\/wp-content\\\/uploads\\\/2020\\\/08\\\/COVID-19-3.jpg\",\"width\":1768,\"height\":750},{\"@type\":\"BreadcrumbList\",\"@id\":\"https:\\\/\\\/kuali.com.mx\\\/web\\\/2022\\\/11\\\/07\\\/aumentaran-casos-de-influenza-y-covid-19\\\/#breadcrumb\",\"itemListElement\":[{\"@type\":\"ListItem\",\"position\":1,\"name\":\"Inicio\",\"item\":\"https:\\\/\\\/kuali.com.mx\\\/web\\\/\"},{\"@type\":\"ListItem\",\"position\":2,\"name\":\"AUMENTAR\u00c1N CASOS DE INFLUENZA Y COVID-19\"}]},{\"@type\":\"WebSite\",\"@id\":\"https:\\\/\\\/kuali.com.mx\\\/web\\\/#website\",\"url\":\"https:\\\/\\\/kuali.com.mx\\\/web\\\/\",\"name\":\"Kuali\",\"description\":\"\",\"potentialAction\":[{\"@type\":\"SearchAction\",\"target\":{\"@type\":\"EntryPoint\",\"urlTemplate\":\"https:\\\/\\\/kuali.com.mx\\\/web\\\/?s={search_term_string}\"},\"query-input\":{\"@type\":\"PropertyValueSpecification\",\"valueRequired\":true,\"valueName\":\"search_term_string\"}}],\"inLanguage\":\"es\"},{\"@type\":\"Person\",\"@id\":\"https:\\\/\\\/kuali.com.mx\\\/web\\\/#\\\/schema\\\/person\\\/6f89ffa8ecba9dae50662357923c5289\",\"name\":\"Kuali Staff\",\"image\":{\"@type\":\"ImageObject\",\"inLanguage\":\"es\",\"@id\":\"https:\\\/\\\/secure.gravatar.com\\\/avatar\\\/f917ad82e5ab71227a733c78b6e60715476f69ee6be59feee4eb5d9920c89e0f?s=96&d=mm&r=g\",\"url\":\"https:\\\/\\\/secure.gravatar.com\\\/avatar\\\/f917ad82e5ab71227a733c78b6e60715476f69ee6be59feee4eb5d9920c89e0f?s=96&d=mm&r=g\",\"contentUrl\":\"https:\\\/\\\/secure.gravatar.com\\\/avatar\\\/f917ad82e5ab71227a733c78b6e60715476f69ee6be59feee4eb5d9920c89e0f?s=96&d=mm&r=g\",\"caption\":\"Kuali Staff\"},\"url\":\"https:\\\/\\\/kuali.com.mx\\\/web\\\/author\\\/lagarto\\\/\"}]}<\/script>\n<!-- \/ Yoast SEO plugin. -->","yoast_head_json":{"title":"AUMENTAR\u00c1N CASOS DE INFLUENZA Y COVID-19 - Kuali","robots":{"index":"index","follow":"follow","max-snippet":"max-snippet:-1","max-image-preview":"max-image-preview:large","max-video-preview":"max-video-preview:-1"},"canonical":"https:\/\/kuali.com.mx\/web\/2022\/11\/07\/aumentaran-casos-de-influenza-y-covid-19\/","og_locale":"es_MX","og_type":"article","og_title":"AUMENTAR\u00c1N CASOS DE INFLUENZA Y COVID-19 - Kuali","og_description":"\u00a0El la temporada invernal podr\u00eda generarse un aumento en los casos de influenza y de Covid-19, anunci\u00f3 el secretario de Salud de Guanajuato, Daniel D\u00edaz Mart\u00ednez. Daniel D\u00edaz dio a conocer que en el estado de Guanajuato se registran 25 casos confirmados de influenza y se contabilizan m\u00e1s de 40 como sospechosos en varias partes [&hellip;]","og_url":"https:\/\/kuali.com.mx\/web\/2022\/11\/07\/aumentaran-casos-de-influenza-y-covid-19\/","og_site_name":"Kuali","article_publisher":"https:\/\/kuali.com.mx\/web\/wp-content\/uploads\/2018\/04\/cropped-kuali_logo-1-1.png","article_published_time":"2022-11-08T00:02:49+00:00","article_modified_time":"2022-11-08T00:02:50+00:00","og_image":[{"width":1768,"height":750,"url":"https:\/\/kuali.com.mx\/web\/wp-content\/uploads\/2020\/08\/COVID-19-3.jpg","type":"image\/jpeg"}],"author":"Kuali Staff","twitter_card":"summary_large_image","twitter_creator":"@kuali_noticias","twitter_site":"@kuali_noticias","twitter_misc":{"Escrito por":"Kuali Staff","Tiempo de lectura":"3 minutos"},"schema":{"@context":"https:\/\/schema.org","@graph":[{"@type":"Article","@id":"https:\/\/kuali.com.mx\/web\/2022\/11\/07\/aumentaran-casos-de-influenza-y-covid-19\/#article","isPartOf":{"@id":"https:\/\/kuali.com.mx\/web\/2022\/11\/07\/aumentaran-casos-de-influenza-y-covid-19\/"},"author":{"name":"Kuali Staff","@id":"https:\/\/kuali.com.mx\/web\/#\/schema\/person\/6f89ffa8ecba9dae50662357923c5289"},"headline":"AUMENTAR\u00c1N CASOS DE INFLUENZA Y COVID-19","datePublished":"2022-11-08T00:02:49+00:00","dateModified":"2022-11-08T00:02:50+00:00","mainEntityOfPage":{"@id":"https:\/\/kuali.com.mx\/web\/2022\/11\/07\/aumentaran-casos-de-influenza-y-covid-19\/"},"wordCount":604,"commentCount":0,"image":{"@id":"https:\/\/kuali.com.mx\/web\/2022\/11\/07\/aumentaran-casos-de-influenza-y-covid-19\/#primaryimage"},"thumbnailUrl":"https:\/\/kuali.com.mx\/web\/wp-content\/uploads\/2020\/08\/COVID-19-3.jpg","articleSection":["Salud","slider"],"inLanguage":"es","potentialAction":[{"@type":"CommentAction","name":"Comment","target":["https:\/\/kuali.com.mx\/web\/2022\/11\/07\/aumentaran-casos-de-influenza-y-covid-19\/#respond"]}]},{"@type":"WebPage","@id":"https:\/\/kuali.com.mx\/web\/2022\/11\/07\/aumentaran-casos-de-influenza-y-covid-19\/","url":"https:\/\/kuali.com.mx\/web\/2022\/11\/07\/aumentaran-casos-de-influenza-y-covid-19\/","name":"AUMENTAR\u00c1N CASOS DE INFLUENZA Y COVID-19 - Kuali","isPartOf":{"@id":"https:\/\/kuali.com.mx\/web\/#website"},"primaryImageOfPage":{"@id":"https:\/\/kuali.com.mx\/web\/2022\/11\/07\/aumentaran-casos-de-influenza-y-covid-19\/#primaryimage"},"image":{"@id":"https:\/\/kuali.com.mx\/web\/2022\/11\/07\/aumentaran-casos-de-influenza-y-covid-19\/#primaryimage"},"thumbnailUrl":"https:\/\/kuali.com.mx\/web\/wp-content\/uploads\/2020\/08\/COVID-19-3.jpg","datePublished":"2022-11-08T00:02:49+00:00","dateModified":"2022-11-08T00:02:50+00:00","author":{"@id":"https:\/\/kuali.com.mx\/web\/#\/schema\/person\/6f89ffa8ecba9dae50662357923c5289"},"breadcrumb":{"@id":"https:\/\/kuali.com.mx\/web\/2022\/11\/07\/aumentaran-casos-de-influenza-y-covid-19\/#breadcrumb"},"inLanguage":"es","potentialAction":[{"@type":"ReadAction","target":["https:\/\/kuali.com.mx\/web\/2022\/11\/07\/aumentaran-casos-de-influenza-y-covid-19\/"]}]},{"@type":"ImageObject","inLanguage":"es","@id":"https:\/\/kuali.com.mx\/web\/2022\/11\/07\/aumentaran-casos-de-influenza-y-covid-19\/#primaryimage","url":"https:\/\/kuali.com.mx\/web\/wp-content\/uploads\/2020\/08\/COVID-19-3.jpg","contentUrl":"https:\/\/kuali.com.mx\/web\/wp-content\/uploads\/2020\/08\/COVID-19-3.jpg","width":1768,"height":750},{"@type":"BreadcrumbList","@id":"https:\/\/kuali.com.mx\/web\/2022\/11\/07\/aumentaran-casos-de-influenza-y-covid-19\/#breadcrumb","itemListElement":[{"@type":"ListItem","position":1,"name":"Inicio","item":"https:\/\/kuali.com.mx\/web\/"},{"@type":"ListItem","position":2,"name":"AUMENTAR\u00c1N CASOS DE INFLUENZA Y COVID-19"}]},{"@type":"WebSite","@id":"https:\/\/kuali.com.mx\/web\/#website","url":"https:\/\/kuali.com.mx\/web\/","name":"Kuali","description":"","potentialAction":[{"@type":"SearchAction","target":{"@type":"EntryPoint","urlTemplate":"https:\/\/kuali.com.mx\/web\/?s={search_term_string}"},"query-input":{"@type":"PropertyValueSpecification","valueRequired":true,"valueName":"search_term_string"}}],"inLanguage":"es"},{"@type":"Person","@id":"https:\/\/kuali.com.mx\/web\/#\/schema\/person\/6f89ffa8ecba9dae50662357923c5289","name":"Kuali Staff","image":{"@type":"ImageObject","inLanguage":"es","@id":"https:\/\/secure.gravatar.com\/avatar\/f917ad82e5ab71227a733c78b6e60715476f69ee6be59feee4eb5d9920c89e0f?s=96&d=mm&r=g","url":"https:\/\/secure.gravatar.com\/avatar\/f917ad82e5ab71227a733c78b6e60715476f69ee6be59feee4eb5d9920c89e0f?s=96&d=mm&r=g","contentUrl":"https:\/\/secure.gravatar.com\/avatar\/f917ad82e5ab71227a733c78b6e60715476f69ee6be59feee4eb5d9920c89e0f?s=96&d=mm&r=g","caption":"Kuali Staff"},"url":"https:\/\/kuali.com.mx\/web\/author\/lagarto\/"}]}},"_links":{"self":[{"href":"https:\/\/kuali.com.mx\/web\/wp-json\/wp\/v2\/posts\/106937","targetHints":{"allow":["GET"]}}],"collection":[{"href":"https:\/\/kuali.com.mx\/web\/wp-json\/wp\/v2\/posts"}],"about":[{"href":"https:\/\/kuali.com.mx\/web\/wp-json\/wp\/v2\/types\/post"}],"author":[{"embeddable":true,"href":"https:\/\/kuali.com.mx\/web\/wp-json\/wp\/v2\/users\/2"}],"replies":[{"embeddable":true,"href":"https:\/\/kuali.com.mx\/web\/wp-json\/wp\/v2\/comments?post=106937"}],"version-history":[{"count":1,"href":"https:\/\/kuali.com.mx\/web\/wp-json\/wp\/v2\/posts\/106937\/revisions"}],"predecessor-version":[{"id":106939,"href":"https:\/\/kuali.com.mx\/web\/wp-json\/wp\/v2\/posts\/106937\/revisions\/106939"}],"wp:featuredmedia":[{"embeddable":true,"href":"https:\/\/kuali.com.mx\/web\/wp-json\/wp\/v2\/media\/73293"}],"wp:attachment":[{"href":"https:\/\/kuali.com.mx\/web\/wp-json\/wp\/v2\/media?parent=106937"}],"wp:term":[{"taxonomy":"category","embeddable":true,"href":"https:\/\/kuali.com.mx\/web\/wp-json\/wp\/v2\/categories?post=106937"},{"taxonomy":"post_tag","embeddable":true,"href":"https:\/\/kuali.com.mx\/web\/wp-json\/wp\/v2\/tags?post=106937"}],"curies":[{"name":"wp","href":"https:\/\/api.w.org\/{rel}","templated":true}]}}