{"id":106679,"date":"2022-11-03T13:02:52","date_gmt":"2022-11-03T19:02:52","guid":{"rendered":"https:\/\/kuali.com.mx\/web\/?p=106679"},"modified":"2022-11-03T13:02:54","modified_gmt":"2022-11-03T19:02:54","slug":"suspenden-sesion-del-congreso-por-protesta-a-favor-del-ejercito","status":"publish","type":"post","link":"https:\/\/kuali.com.mx\/web\/2022\/11\/03\/suspenden-sesion-del-congreso-por-protesta-a-favor-del-ejercito\/","title":{"rendered":"SUSPENDEN SESI\u00d3N DEL CONGRESO POR PROTESTA A FAVOR DEL EJ\u00c9RCITO"},"content":{"rendered":"\n<p>Carlos Garc\u00eda\/Guanajuato, Gto.- La sesi\u00f3n del Congreso de Guanajuato, donde se analizar\u00eda la reforma constitucional para que el ej\u00e9rcito realice tareas de seguridad hasta el 2028, fue suspendida por una manifestaci\u00f3n de militantes y simpatizantes de morena.<\/p>\n\n\n\n<p>En la sesi\u00f3n se discutir\u00eda el dictamen de la Comisi\u00f3n de Gobernaci\u00f3n y Puntos Constitucionales que emiti\u00f3 un dictamen que no aprob\u00f3 la Minuta Proyecto de Decreto por el que se reforma el Art\u00edculo Quinto Transitorio del Decreto por el que se reforman, adicionan y derogan diversas disposiciones de la Constituci\u00f3n Pol\u00edtica de los Estados Unidos Mexicanos en materia de Guardia Nacional.&nbsp;<\/p>\n\n\n\n<p>La sesi\u00f3n se suspendi\u00f3 y la mayor\u00eda de los diputados abandonaron el recinto porque los manifestantes comenzaron a gritar \u201cPAN de muerto\u201d, \u201cEl PAN no nos representa\u201d, \u201cfuera Zamarripa\u201d, \u201cel pueblo unido, jam\u00e1s ser\u00e1 vencido\u201d, \u201cno m\u00e1s muertos, no m\u00e1s fosas\u201d \u201cdebate\u201d, \u201clibertad de expresi\u00f3n\u201d y \u201cEs un honor estar con Obrador\u201d.<\/p>\n\n\n\n<p>Los manifestantes exigieron a los diputados del PAN y a sus aliados a que reanudaran la sesi\u00f3n para que debatieran la reforma constitucional. \u201c\u00a1Cobardes!\u201d, \u201cSalgan, les tenemos un bono\u201d, gritaron.<\/p>\n\n\n\n<p>&nbsp;\u201cGracias por ese apoyo, para poder continuar la sesi\u00f3n nos piden que est\u00e9n calladitos\u201d, extern\u00f3 a los manifestantes el coordinador de los diputados de Morena, Ernesto Mill\u00e1n Soberanes.<\/p>\n\n\n\n<p>Los diputados de Morena acordaron que \u201cno nos vamos a mover de la tribuna, en un punto tan importante para Guanajuato y para el pa\u00eds\u201d, se\u00f1al\u00f3 el l\u00edder de la bancada y posteriormente cesaron las consignas.<\/p>\n\n\n\n<p>Informaci\u00f3n en proceso....<\/p>\n\n\n\n<iframe loading=\"lazy\" src=\"https:\/\/www.facebook.com\/plugins\/video.php?height=314&href=https%3A%2F%2Fweb.facebook.com%2FKualiNoticias%2Fvideos%2F1737819406617979%2F&show_text=false&width=560&t=0\" width=\"560\" height=\"314\" style=\"border:none;overflow:hidden\" scrolling=\"no\" frameborder=\"0\" allowfullscreen=\"true\" allow=\"autoplay; clipboard-write; encrypted-media; picture-in-picture; web-share\" allowFullScreen=\"true\"><\/iframe>\n","protected":false},"excerpt":{"rendered":"Carlos Garc\u00eda\/Guanajuato, Gto.- La sesi\u00f3n del Congreso de Guanajuato, donde se analizar\u00eda la reforma constitucional para que el ej\u00e9rcito realice tareas de seguridad hasta el 2028, fue suspendida por una manifestaci\u00f3n de militantes y simpatizantes de morena. En la sesi\u00f3n se discutir\u00eda el dictamen de la Comisi\u00f3n de Gobernaci\u00f3n y Puntos Constitucionales que emiti\u00f3 un [&hellip;]","protected":false},"author":2,"featured_media":106681,"comment_status":"open","ping_status":"open","sticky":false,"template":"","format":"standard","meta":{"_seopress_robots_primary_cat":"none","_seopress_titles_title":"","_seopress_titles_desc":"","_seopress_robots_index":"","_monsterinsights_skip_tracking":false,"_monsterinsights_sitenote_active":false,"_monsterinsights_sitenote_note":"","_monsterinsights_sitenote_category":0,"footnotes":""},"categories":[3,69],"tags":[],"class_list":["post-106679","post","type-post","status-publish","format-standard","has-post-thumbnail","hentry","category-politica","category-slider"],"yoast_head":"<!-- This site is optimized with the Yoast SEO plugin v27.4 - https:\/\/yoast.com\/product\/yoast-seo-wordpress\/ -->\n<title>SUSPENDEN SESI\u00d3N DEL CONGRESO POR PROTESTA A FAVOR DEL EJ\u00c9RCITO - Kuali<\/title>\n<meta name=\"robots\" content=\"index, follow, max-snippet:-1, max-image-preview:large, max-video-preview:-1\" \/>\n<link rel=\"canonical\" href=\"https:\/\/kuali.com.mx\/web\/2022\/11\/03\/suspenden-sesion-del-congreso-por-protesta-a-favor-del-ejercito\/\" \/>\n<meta property=\"og:locale\" content=\"es_MX\" \/>\n<meta property=\"og:type\" content=\"article\" \/>\n<meta property=\"og:title\" content=\"SUSPENDEN SESI\u00d3N DEL CONGRESO POR PROTESTA A FAVOR DEL EJ\u00c9RCITO - Kuali\" \/>\n<meta property=\"og:description\" content=\"Carlos Garc\u00eda\/Guanajuato, Gto.- La sesi\u00f3n del Congreso de Guanajuato, donde se analizar\u00eda la reforma constitucional para que el ej\u00e9rcito realice tareas de seguridad hasta el 2028, fue suspendida por una manifestaci\u00f3n de militantes y simpatizantes de morena. En la sesi\u00f3n se discutir\u00eda el dictamen de la Comisi\u00f3n de Gobernaci\u00f3n y Puntos Constitucionales que emiti\u00f3 un [&hellip;]\" \/>\n<meta property=\"og:url\" content=\"https:\/\/kuali.com.mx\/web\/2022\/11\/03\/suspenden-sesion-del-congreso-por-protesta-a-favor-del-ejercito\/\" \/>\n<meta property=\"og:site_name\" content=\"Kuali\" \/>\n<meta property=\"article:publisher\" content=\"https:\/\/kuali.com.mx\/web\/wp-content\/uploads\/2018\/04\/cropped-kuali_logo-1-1.png\" \/>\n<meta property=\"article:published_time\" content=\"2022-11-03T19:02:52+00:00\" \/>\n<meta property=\"article:modified_time\" content=\"2022-11-03T19:02:54+00:00\" \/>\n<meta property=\"og:image\" content=\"https:\/\/kuali.com.mx\/web\/wp-content\/uploads\/2022\/11\/Manifestacion-Congreso-slider.jpg\" \/>\n\t<meta property=\"og:image:width\" content=\"1710\" \/>\n\t<meta property=\"og:image:height\" content=\"750\" \/>\n\t<meta property=\"og:image:type\" content=\"image\/jpeg\" \/>\n<meta name=\"author\" content=\"Kuali Staff\" \/>\n<meta name=\"twitter:card\" content=\"summary_large_image\" \/>\n<meta name=\"twitter:creator\" content=\"@kuali_noticias\" \/>\n<meta name=\"twitter:site\" content=\"@kuali_noticias\" \/>\n<meta name=\"twitter:label1\" content=\"Escrito por\" \/>\n\t<meta name=\"twitter:data1\" content=\"Kuali Staff\" \/>\n\t<meta name=\"twitter:label2\" content=\"Tiempo de lectura\" \/>\n\t<meta name=\"twitter:data2\" content=\"1 minuto\" \/>\n<script type=\"application\/ld+json\" class=\"yoast-schema-graph\">{\"@context\":\"https:\\\/\\\/schema.org\",\"@graph\":[{\"@type\":\"Article\",\"@id\":\"https:\\\/\\\/kuali.com.mx\\\/web\\\/2022\\\/11\\\/03\\\/suspenden-sesion-del-congreso-por-protesta-a-favor-del-ejercito\\\/#article\",\"isPartOf\":{\"@id\":\"https:\\\/\\\/kuali.com.mx\\\/web\\\/2022\\\/11\\\/03\\\/suspenden-sesion-del-congreso-por-protesta-a-favor-del-ejercito\\\/\"},\"author\":{\"name\":\"Kuali Staff\",\"@id\":\"https:\\\/\\\/kuali.com.mx\\\/web\\\/#\\\/schema\\\/person\\\/6f89ffa8ecba9dae50662357923c5289\"},\"headline\":\"SUSPENDEN SESI\u00d3N DEL CONGRESO POR PROTESTA A FAVOR DEL EJ\u00c9RCITO\",\"datePublished\":\"2022-11-03T19:02:52+00:00\",\"dateModified\":\"2022-11-03T19:02:54+00:00\",\"mainEntityOfPage\":{\"@id\":\"https:\\\/\\\/kuali.com.mx\\\/web\\\/2022\\\/11\\\/03\\\/suspenden-sesion-del-congreso-por-protesta-a-favor-del-ejercito\\\/\"},\"wordCount\":289,\"commentCount\":0,\"image\":{\"@id\":\"https:\\\/\\\/kuali.com.mx\\\/web\\\/2022\\\/11\\\/03\\\/suspenden-sesion-del-congreso-por-protesta-a-favor-del-ejercito\\\/#primaryimage\"},\"thumbnailUrl\":\"https:\\\/\\\/kuali.com.mx\\\/web\\\/wp-content\\\/uploads\\\/2022\\\/11\\\/Manifestacion-Congreso-slider.jpg\",\"articleSection\":[\"Pol\u00edtica\",\"slider\"],\"inLanguage\":\"es\",\"potentialAction\":[{\"@type\":\"CommentAction\",\"name\":\"Comment\",\"target\":[\"https:\\\/\\\/kuali.com.mx\\\/web\\\/2022\\\/11\\\/03\\\/suspenden-sesion-del-congreso-por-protesta-a-favor-del-ejercito\\\/#respond\"]}]},{\"@type\":\"WebPage\",\"@id\":\"https:\\\/\\\/kuali.com.mx\\\/web\\\/2022\\\/11\\\/03\\\/suspenden-sesion-del-congreso-por-protesta-a-favor-del-ejercito\\\/\",\"url\":\"https:\\\/\\\/kuali.com.mx\\\/web\\\/2022\\\/11\\\/03\\\/suspenden-sesion-del-congreso-por-protesta-a-favor-del-ejercito\\\/\",\"name\":\"SUSPENDEN SESI\u00d3N DEL CONGRESO POR PROTESTA A FAVOR DEL EJ\u00c9RCITO - Kuali\",\"isPartOf\":{\"@id\":\"https:\\\/\\\/kuali.com.mx\\\/web\\\/#website\"},\"primaryImageOfPage\":{\"@id\":\"https:\\\/\\\/kuali.com.mx\\\/web\\\/2022\\\/11\\\/03\\\/suspenden-sesion-del-congreso-por-protesta-a-favor-del-ejercito\\\/#primaryimage\"},\"image\":{\"@id\":\"https:\\\/\\\/kuali.com.mx\\\/web\\\/2022\\\/11\\\/03\\\/suspenden-sesion-del-congreso-por-protesta-a-favor-del-ejercito\\\/#primaryimage\"},\"thumbnailUrl\":\"https:\\\/\\\/kuali.com.mx\\\/web\\\/wp-content\\\/uploads\\\/2022\\\/11\\\/Manifestacion-Congreso-slider.jpg\",\"datePublished\":\"2022-11-03T19:02:52+00:00\",\"dateModified\":\"2022-11-03T19:02:54+00:00\",\"author\":{\"@id\":\"https:\\\/\\\/kuali.com.mx\\\/web\\\/#\\\/schema\\\/person\\\/6f89ffa8ecba9dae50662357923c5289\"},\"breadcrumb\":{\"@id\":\"https:\\\/\\\/kuali.com.mx\\\/web\\\/2022\\\/11\\\/03\\\/suspenden-sesion-del-congreso-por-protesta-a-favor-del-ejercito\\\/#breadcrumb\"},\"inLanguage\":\"es\",\"potentialAction\":[{\"@type\":\"ReadAction\",\"target\":[\"https:\\\/\\\/kuali.com.mx\\\/web\\\/2022\\\/11\\\/03\\\/suspenden-sesion-del-congreso-por-protesta-a-favor-del-ejercito\\\/\"]}]},{\"@type\":\"ImageObject\",\"inLanguage\":\"es\",\"@id\":\"https:\\\/\\\/kuali.com.mx\\\/web\\\/2022\\\/11\\\/03\\\/suspenden-sesion-del-congreso-por-protesta-a-favor-del-ejercito\\\/#primaryimage\",\"url\":\"https:\\\/\\\/kuali.com.mx\\\/web\\\/wp-content\\\/uploads\\\/2022\\\/11\\\/Manifestacion-Congreso-slider.jpg\",\"contentUrl\":\"https:\\\/\\\/kuali.com.mx\\\/web\\\/wp-content\\\/uploads\\\/2022\\\/11\\\/Manifestacion-Congreso-slider.jpg\",\"width\":1710,\"height\":750},{\"@type\":\"BreadcrumbList\",\"@id\":\"https:\\\/\\\/kuali.com.mx\\\/web\\\/2022\\\/11\\\/03\\\/suspenden-sesion-del-congreso-por-protesta-a-favor-del-ejercito\\\/#breadcrumb\",\"itemListElement\":[{\"@type\":\"ListItem\",\"position\":1,\"name\":\"Inicio\",\"item\":\"https:\\\/\\\/kuali.com.mx\\\/web\\\/\"},{\"@type\":\"ListItem\",\"position\":2,\"name\":\"SUSPENDEN SESI\u00d3N DEL CONGRESO POR PROTESTA A FAVOR DEL EJ\u00c9RCITO\"}]},{\"@type\":\"WebSite\",\"@id\":\"https:\\\/\\\/kuali.com.mx\\\/web\\\/#website\",\"url\":\"https:\\\/\\\/kuali.com.mx\\\/web\\\/\",\"name\":\"Kuali\",\"description\":\"\",\"potentialAction\":[{\"@type\":\"SearchAction\",\"target\":{\"@type\":\"EntryPoint\",\"urlTemplate\":\"https:\\\/\\\/kuali.com.mx\\\/web\\\/?s={search_term_string}\"},\"query-input\":{\"@type\":\"PropertyValueSpecification\",\"valueRequired\":true,\"valueName\":\"search_term_string\"}}],\"inLanguage\":\"es\"},{\"@type\":\"Person\",\"@id\":\"https:\\\/\\\/kuali.com.mx\\\/web\\\/#\\\/schema\\\/person\\\/6f89ffa8ecba9dae50662357923c5289\",\"name\":\"Kuali Staff\",\"image\":{\"@type\":\"ImageObject\",\"inLanguage\":\"es\",\"@id\":\"https:\\\/\\\/secure.gravatar.com\\\/avatar\\\/f917ad82e5ab71227a733c78b6e60715476f69ee6be59feee4eb5d9920c89e0f?s=96&d=mm&r=g\",\"url\":\"https:\\\/\\\/secure.gravatar.com\\\/avatar\\\/f917ad82e5ab71227a733c78b6e60715476f69ee6be59feee4eb5d9920c89e0f?s=96&d=mm&r=g\",\"contentUrl\":\"https:\\\/\\\/secure.gravatar.com\\\/avatar\\\/f917ad82e5ab71227a733c78b6e60715476f69ee6be59feee4eb5d9920c89e0f?s=96&d=mm&r=g\",\"caption\":\"Kuali Staff\"},\"url\":\"https:\\\/\\\/kuali.com.mx\\\/web\\\/author\\\/lagarto\\\/\"}]}<\/script>\n<!-- \/ Yoast SEO plugin. -->","yoast_head_json":{"title":"SUSPENDEN SESI\u00d3N DEL CONGRESO POR PROTESTA A FAVOR DEL EJ\u00c9RCITO - Kuali","robots":{"index":"index","follow":"follow","max-snippet":"max-snippet:-1","max-image-preview":"max-image-preview:large","max-video-preview":"max-video-preview:-1"},"canonical":"https:\/\/kuali.com.mx\/web\/2022\/11\/03\/suspenden-sesion-del-congreso-por-protesta-a-favor-del-ejercito\/","og_locale":"es_MX","og_type":"article","og_title":"SUSPENDEN SESI\u00d3N DEL CONGRESO POR PROTESTA A FAVOR DEL EJ\u00c9RCITO - Kuali","og_description":"Carlos Garc\u00eda\/Guanajuato, Gto.- La sesi\u00f3n del Congreso de Guanajuato, donde se analizar\u00eda la reforma constitucional para que el ej\u00e9rcito realice tareas de seguridad hasta el 2028, fue suspendida por una manifestaci\u00f3n de militantes y simpatizantes de morena. En la sesi\u00f3n se discutir\u00eda el dictamen de la Comisi\u00f3n de Gobernaci\u00f3n y Puntos Constitucionales que emiti\u00f3 un [&hellip;]","og_url":"https:\/\/kuali.com.mx\/web\/2022\/11\/03\/suspenden-sesion-del-congreso-por-protesta-a-favor-del-ejercito\/","og_site_name":"Kuali","article_publisher":"https:\/\/kuali.com.mx\/web\/wp-content\/uploads\/2018\/04\/cropped-kuali_logo-1-1.png","article_published_time":"2022-11-03T19:02:52+00:00","article_modified_time":"2022-11-03T19:02:54+00:00","og_image":[{"width":1710,"height":750,"url":"https:\/\/kuali.com.mx\/web\/wp-content\/uploads\/2022\/11\/Manifestacion-Congreso-slider.jpg","type":"image\/jpeg"}],"author":"Kuali Staff","twitter_card":"summary_large_image","twitter_creator":"@kuali_noticias","twitter_site":"@kuali_noticias","twitter_misc":{"Escrito por":"Kuali Staff","Tiempo de lectura":"1 minuto"},"schema":{"@context":"https:\/\/schema.org","@graph":[{"@type":"Article","@id":"https:\/\/kuali.com.mx\/web\/2022\/11\/03\/suspenden-sesion-del-congreso-por-protesta-a-favor-del-ejercito\/#article","isPartOf":{"@id":"https:\/\/kuali.com.mx\/web\/2022\/11\/03\/suspenden-sesion-del-congreso-por-protesta-a-favor-del-ejercito\/"},"author":{"name":"Kuali Staff","@id":"https:\/\/kuali.com.mx\/web\/#\/schema\/person\/6f89ffa8ecba9dae50662357923c5289"},"headline":"SUSPENDEN SESI\u00d3N DEL CONGRESO POR PROTESTA A FAVOR DEL EJ\u00c9RCITO","datePublished":"2022-11-03T19:02:52+00:00","dateModified":"2022-11-03T19:02:54+00:00","mainEntityOfPage":{"@id":"https:\/\/kuali.com.mx\/web\/2022\/11\/03\/suspenden-sesion-del-congreso-por-protesta-a-favor-del-ejercito\/"},"wordCount":289,"commentCount":0,"image":{"@id":"https:\/\/kuali.com.mx\/web\/2022\/11\/03\/suspenden-sesion-del-congreso-por-protesta-a-favor-del-ejercito\/#primaryimage"},"thumbnailUrl":"https:\/\/kuali.com.mx\/web\/wp-content\/uploads\/2022\/11\/Manifestacion-Congreso-slider.jpg","articleSection":["Pol\u00edtica","slider"],"inLanguage":"es","potentialAction":[{"@type":"CommentAction","name":"Comment","target":["https:\/\/kuali.com.mx\/web\/2022\/11\/03\/suspenden-sesion-del-congreso-por-protesta-a-favor-del-ejercito\/#respond"]}]},{"@type":"WebPage","@id":"https:\/\/kuali.com.mx\/web\/2022\/11\/03\/suspenden-sesion-del-congreso-por-protesta-a-favor-del-ejercito\/","url":"https:\/\/kuali.com.mx\/web\/2022\/11\/03\/suspenden-sesion-del-congreso-por-protesta-a-favor-del-ejercito\/","name":"SUSPENDEN SESI\u00d3N DEL CONGRESO POR PROTESTA A FAVOR DEL EJ\u00c9RCITO - Kuali","isPartOf":{"@id":"https:\/\/kuali.com.mx\/web\/#website"},"primaryImageOfPage":{"@id":"https:\/\/kuali.com.mx\/web\/2022\/11\/03\/suspenden-sesion-del-congreso-por-protesta-a-favor-del-ejercito\/#primaryimage"},"image":{"@id":"https:\/\/kuali.com.mx\/web\/2022\/11\/03\/suspenden-sesion-del-congreso-por-protesta-a-favor-del-ejercito\/#primaryimage"},"thumbnailUrl":"https:\/\/kuali.com.mx\/web\/wp-content\/uploads\/2022\/11\/Manifestacion-Congreso-slider.jpg","datePublished":"2022-11-03T19:02:52+00:00","dateModified":"2022-11-03T19:02:54+00:00","author":{"@id":"https:\/\/kuali.com.mx\/web\/#\/schema\/person\/6f89ffa8ecba9dae50662357923c5289"},"breadcrumb":{"@id":"https:\/\/kuali.com.mx\/web\/2022\/11\/03\/suspenden-sesion-del-congreso-por-protesta-a-favor-del-ejercito\/#breadcrumb"},"inLanguage":"es","potentialAction":[{"@type":"ReadAction","target":["https:\/\/kuali.com.mx\/web\/2022\/11\/03\/suspenden-sesion-del-congreso-por-protesta-a-favor-del-ejercito\/"]}]},{"@type":"ImageObject","inLanguage":"es","@id":"https:\/\/kuali.com.mx\/web\/2022\/11\/03\/suspenden-sesion-del-congreso-por-protesta-a-favor-del-ejercito\/#primaryimage","url":"https:\/\/kuali.com.mx\/web\/wp-content\/uploads\/2022\/11\/Manifestacion-Congreso-slider.jpg","contentUrl":"https:\/\/kuali.com.mx\/web\/wp-content\/uploads\/2022\/11\/Manifestacion-Congreso-slider.jpg","width":1710,"height":750},{"@type":"BreadcrumbList","@id":"https:\/\/kuali.com.mx\/web\/2022\/11\/03\/suspenden-sesion-del-congreso-por-protesta-a-favor-del-ejercito\/#breadcrumb","itemListElement":[{"@type":"ListItem","position":1,"name":"Inicio","item":"https:\/\/kuali.com.mx\/web\/"},{"@type":"ListItem","position":2,"name":"SUSPENDEN SESI\u00d3N DEL CONGRESO POR PROTESTA A FAVOR DEL EJ\u00c9RCITO"}]},{"@type":"WebSite","@id":"https:\/\/kuali.com.mx\/web\/#website","url":"https:\/\/kuali.com.mx\/web\/","name":"Kuali","description":"","potentialAction":[{"@type":"SearchAction","target":{"@type":"EntryPoint","urlTemplate":"https:\/\/kuali.com.mx\/web\/?s={search_term_string}"},"query-input":{"@type":"PropertyValueSpecification","valueRequired":true,"valueName":"search_term_string"}}],"inLanguage":"es"},{"@type":"Person","@id":"https:\/\/kuali.com.mx\/web\/#\/schema\/person\/6f89ffa8ecba9dae50662357923c5289","name":"Kuali Staff","image":{"@type":"ImageObject","inLanguage":"es","@id":"https:\/\/secure.gravatar.com\/avatar\/f917ad82e5ab71227a733c78b6e60715476f69ee6be59feee4eb5d9920c89e0f?s=96&d=mm&r=g","url":"https:\/\/secure.gravatar.com\/avatar\/f917ad82e5ab71227a733c78b6e60715476f69ee6be59feee4eb5d9920c89e0f?s=96&d=mm&r=g","contentUrl":"https:\/\/secure.gravatar.com\/avatar\/f917ad82e5ab71227a733c78b6e60715476f69ee6be59feee4eb5d9920c89e0f?s=96&d=mm&r=g","caption":"Kuali Staff"},"url":"https:\/\/kuali.com.mx\/web\/author\/lagarto\/"}]}},"_links":{"self":[{"href":"https:\/\/kuali.com.mx\/web\/wp-json\/wp\/v2\/posts\/106679","targetHints":{"allow":["GET"]}}],"collection":[{"href":"https:\/\/kuali.com.mx\/web\/wp-json\/wp\/v2\/posts"}],"about":[{"href":"https:\/\/kuali.com.mx\/web\/wp-json\/wp\/v2\/types\/post"}],"author":[{"embeddable":true,"href":"https:\/\/kuali.com.mx\/web\/wp-json\/wp\/v2\/users\/2"}],"replies":[{"embeddable":true,"href":"https:\/\/kuali.com.mx\/web\/wp-json\/wp\/v2\/comments?post=106679"}],"version-history":[{"count":2,"href":"https:\/\/kuali.com.mx\/web\/wp-json\/wp\/v2\/posts\/106679\/revisions"}],"predecessor-version":[{"id":106683,"href":"https:\/\/kuali.com.mx\/web\/wp-json\/wp\/v2\/posts\/106679\/revisions\/106683"}],"wp:featuredmedia":[{"embeddable":true,"href":"https:\/\/kuali.com.mx\/web\/wp-json\/wp\/v2\/media\/106681"}],"wp:attachment":[{"href":"https:\/\/kuali.com.mx\/web\/wp-json\/wp\/v2\/media?parent=106679"}],"wp:term":[{"taxonomy":"category","embeddable":true,"href":"https:\/\/kuali.com.mx\/web\/wp-json\/wp\/v2\/categories?post=106679"},{"taxonomy":"post_tag","embeddable":true,"href":"https:\/\/kuali.com.mx\/web\/wp-json\/wp\/v2\/tags?post=106679"}],"curies":[{"name":"wp","href":"https:\/\/api.w.org\/{rel}","templated":true}]}}