{"id":106588,"date":"2022-11-01T14:46:53","date_gmt":"2022-11-01T20:46:53","guid":{"rendered":"https:\/\/kuali.com.mx\/web\/?p=106588"},"modified":"2022-11-01T14:46:54","modified_gmt":"2022-11-01T20:46:54","slug":"corrigen-deficiencias-del-reglamento-de-manifestaciones","status":"publish","type":"post","link":"https:\/\/kuali.com.mx\/web\/2022\/11\/01\/corrigen-deficiencias-del-reglamento-de-manifestaciones\/","title":{"rendered":"CORRIGEN DEFICIENCIAS DEL REGLAMENTO DE MANIFESTACIONES"},"content":{"rendered":"\n<p><strong><em>Carlos Garc\u00eda\/Le\u00f3n, Gto.-<\/em><\/strong> El Ayuntamiento de Le\u00f3n trabaja para corregir las deficiencias del reglamento de manifestaciones, aprobado en la administraci\u00f3n pasada, para cumplir con la propuesta realizada por Procuradur\u00eda de los Derechos Humanos del Estado de Guanajuato (Prodheg), anunci\u00f3 la alcaldesa, Alejandra Guti\u00e9rrez Campos.<\/p>\n\n\n\n<p>El titular de la Prodheg, Vicente Esqueda M\u00e9ndez, denunci\u00f3 que los 41 gobiernos municipales que aceptaron la propuesta PDHEG-01-2021 han aprobado un reglamento que garantice el derecho a manifestarse sin que los participantes sean reprimidos por la polic\u00eda.<\/p>\n\n\n\n<p>La propuesta fue aceptada en la administraci\u00f3n (2018-2021) del alcalde, H\u00e9ctor L\u00f3pez Santillana, donde se aprob\u00f3 un reglamento con deficiencias que no pudo ser publicado en el Peri\u00f3dico Oficial del Estado.<\/p>\n\n\n\n<p>En a propuesta, emitida el 20 de abril del 2021, la Prodheg solicit\u00f3 la elaboraci\u00f3n de planes estrat\u00e9gicos que prevengan violaciones a los derechos humanos, la aprobaci\u00f3n de un reglamento que garantice el derecho a manifestarse, la creaci\u00f3n de una Comisi\u00f3n de Derechos Humanos en el Ayuntamiento y una dependencia en la materia, capacitar a la polic\u00eda; as\u00ed como difundir el contenido de la propuesta entre los servidores p\u00fablicos y organizaciones de la sociedad civil.<\/p>\n\n\n\n<p>Alejandra Guti\u00e9rrez coment\u00f3 que el Ayuntamiento de Le\u00f3n tiene una Comisi\u00f3n de Derechos Humanos y que est\u00e1n apretando el paso en las capacitaciones para los polic\u00edas.<\/p>\n\n\n\n<p>\u201cEl reglamento se aprob\u00f3 a finales de la administraci\u00f3n anterior, se mand\u00f3 para su publicaci\u00f3n una vez aprobado y fue regresado por algunos detalles violatorios a los derechos humanos\u201d, record\u00f3 la presidenta municipal.<\/p>\n\n\n\n<p>La Comisi\u00f3n de Derechos Humanos del Ayuntamiento revisa el reglamento para hacer las reformas necesarias y pueda ser publicado a la brevedad, coment\u00f3.<\/p>\n\n\n\n<p>La actual administraci\u00f3n respeta el derecho a la manifestaci\u00f3n consagrado en la Constituci\u00f3n de los Estados Unidos Mexicanos y \u201clo hemos estado cumpliendo\u201d, resalt\u00f3.<\/p>\n\n\n\n<p>Al preguntarle su opini\u00f3n sobre la advertencia del ombudsman de citar a los alcaldes ante el Congreso por el incumplimiento de la propuesta, la presidenta de Le\u00f3n respondi\u00f3 que el objetivo es cuidar el respeto de los derechos humanos en las manifestaciones.<\/p>\n\n\n\n<p>El gobierno de Le\u00f3n respeta los derechos humanos en las manifestaciones con o sin reglamento, concluy\u00f3.<\/p>\n\n\n\n<p>El 22 de agosto del 2020, en una manifestaci\u00f3n contra el acoso sexual que sufri\u00f3 Evelyn, por parte de dos polic\u00edas del gobierno de Le\u00f3n, 19 mujeres -entre ellas cuatro reporteras- fueron arrestadas y reprimidas.<\/p>\n\n\n\n<p>A ra\u00edz de los abusos, la Prodheg emiti\u00f3 varias recomendaciones al entonces alcalde panista, H\u00e9ctor L\u00f3pez Santillana, y una propuesta general a los 46 gobiernos municipales del estado para que garantizaran el derecho humano a la manifestaci\u00f3n.<\/p>\n","protected":false},"excerpt":{"rendered":"Carlos Garc\u00eda\/Le\u00f3n, Gto.- El Ayuntamiento de Le\u00f3n trabaja para corregir las deficiencias del reglamento de manifestaciones, aprobado en la administraci\u00f3n pasada, para cumplir con la propuesta realizada por Procuradur\u00eda de los Derechos Humanos del Estado de Guanajuato (Prodheg), anunci\u00f3 la alcaldesa, Alejandra Guti\u00e9rrez Campos. El titular de la Prodheg, Vicente Esqueda M\u00e9ndez, denunci\u00f3 que los [&hellip;]","protected":false},"author":2,"featured_media":73610,"comment_status":"open","ping_status":"open","sticky":false,"template":"","format":"standard","meta":{"_seopress_robots_primary_cat":"none","_seopress_titles_title":"","_seopress_titles_desc":"","_seopress_robots_index":"","_monsterinsights_skip_tracking":false,"_monsterinsights_sitenote_active":false,"_monsterinsights_sitenote_note":"","_monsterinsights_sitenote_category":0,"footnotes":""},"categories":[14,69],"tags":[],"class_list":["post-106588","post","type-post","status-publish","format-standard","has-post-thumbnail","hentry","category-derechos","category-slider"],"yoast_head":"<!-- This site is optimized with the Yoast SEO plugin v27.4 - https:\/\/yoast.com\/product\/yoast-seo-wordpress\/ -->\n<title>CORRIGEN DEFICIENCIAS DEL REGLAMENTO DE MANIFESTACIONES - Kuali<\/title>\n<meta name=\"robots\" content=\"index, follow, max-snippet:-1, max-image-preview:large, max-video-preview:-1\" \/>\n<link rel=\"canonical\" href=\"https:\/\/kuali.com.mx\/web\/2022\/11\/01\/corrigen-deficiencias-del-reglamento-de-manifestaciones\/\" \/>\n<meta property=\"og:locale\" content=\"es_MX\" \/>\n<meta property=\"og:type\" content=\"article\" \/>\n<meta property=\"og:title\" content=\"CORRIGEN DEFICIENCIAS DEL REGLAMENTO DE MANIFESTACIONES - Kuali\" \/>\n<meta property=\"og:description\" content=\"Carlos Garc\u00eda\/Le\u00f3n, Gto.- El Ayuntamiento de Le\u00f3n trabaja para corregir las deficiencias del reglamento de manifestaciones, aprobado en la administraci\u00f3n pasada, para cumplir con la propuesta realizada por Procuradur\u00eda de los Derechos Humanos del Estado de Guanajuato (Prodheg), anunci\u00f3 la alcaldesa, Alejandra Guti\u00e9rrez Campos. El titular de la Prodheg, Vicente Esqueda M\u00e9ndez, denunci\u00f3 que los [&hellip;]\" \/>\n<meta property=\"og:url\" content=\"https:\/\/kuali.com.mx\/web\/2022\/11\/01\/corrigen-deficiencias-del-reglamento-de-manifestaciones\/\" \/>\n<meta property=\"og:site_name\" content=\"Kuali\" \/>\n<meta property=\"article:publisher\" content=\"https:\/\/kuali.com.mx\/web\/wp-content\/uploads\/2018\/04\/cropped-kuali_logo-1-1.png\" \/>\n<meta property=\"article:published_time\" content=\"2022-11-01T20:46:53+00:00\" \/>\n<meta property=\"article:modified_time\" content=\"2022-11-01T20:46:54+00:00\" \/>\n<meta property=\"og:image\" content=\"https:\/\/kuali.com.mx\/web\/wp-content\/uploads\/2020\/08\/Alfonsina-polic\u00edas-marcha.jpg\" \/>\n\t<meta property=\"og:image:width\" content=\"1847\" \/>\n\t<meta property=\"og:image:height\" content=\"750\" \/>\n\t<meta property=\"og:image:type\" content=\"image\/jpeg\" \/>\n<meta name=\"author\" content=\"Kuali Staff\" \/>\n<meta name=\"twitter:card\" content=\"summary_large_image\" \/>\n<meta name=\"twitter:creator\" content=\"@kuali_noticias\" \/>\n<meta name=\"twitter:site\" content=\"@kuali_noticias\" \/>\n<meta name=\"twitter:label1\" content=\"Escrito por\" \/>\n\t<meta name=\"twitter:data1\" content=\"Kuali Staff\" \/>\n\t<meta name=\"twitter:label2\" content=\"Tiempo de lectura\" \/>\n\t<meta name=\"twitter:data2\" content=\"2 minutos\" \/>\n<script type=\"application\/ld+json\" class=\"yoast-schema-graph\">{\"@context\":\"https:\\\/\\\/schema.org\",\"@graph\":[{\"@type\":\"Article\",\"@id\":\"https:\\\/\\\/kuali.com.mx\\\/web\\\/2022\\\/11\\\/01\\\/corrigen-deficiencias-del-reglamento-de-manifestaciones\\\/#article\",\"isPartOf\":{\"@id\":\"https:\\\/\\\/kuali.com.mx\\\/web\\\/2022\\\/11\\\/01\\\/corrigen-deficiencias-del-reglamento-de-manifestaciones\\\/\"},\"author\":{\"name\":\"Kuali Staff\",\"@id\":\"https:\\\/\\\/kuali.com.mx\\\/web\\\/#\\\/schema\\\/person\\\/6f89ffa8ecba9dae50662357923c5289\"},\"headline\":\"CORRIGEN DEFICIENCIAS DEL REGLAMENTO DE MANIFESTACIONES\",\"datePublished\":\"2022-11-01T20:46:53+00:00\",\"dateModified\":\"2022-11-01T20:46:54+00:00\",\"mainEntityOfPage\":{\"@id\":\"https:\\\/\\\/kuali.com.mx\\\/web\\\/2022\\\/11\\\/01\\\/corrigen-deficiencias-del-reglamento-de-manifestaciones\\\/\"},\"wordCount\":466,\"commentCount\":0,\"image\":{\"@id\":\"https:\\\/\\\/kuali.com.mx\\\/web\\\/2022\\\/11\\\/01\\\/corrigen-deficiencias-del-reglamento-de-manifestaciones\\\/#primaryimage\"},\"thumbnailUrl\":\"https:\\\/\\\/kuali.com.mx\\\/web\\\/wp-content\\\/uploads\\\/2020\\\/08\\\/Alfonsina-polic\u00edas-marcha.jpg\",\"articleSection\":[\"Derechos Humanos\",\"slider\"],\"inLanguage\":\"es\",\"potentialAction\":[{\"@type\":\"CommentAction\",\"name\":\"Comment\",\"target\":[\"https:\\\/\\\/kuali.com.mx\\\/web\\\/2022\\\/11\\\/01\\\/corrigen-deficiencias-del-reglamento-de-manifestaciones\\\/#respond\"]}]},{\"@type\":\"WebPage\",\"@id\":\"https:\\\/\\\/kuali.com.mx\\\/web\\\/2022\\\/11\\\/01\\\/corrigen-deficiencias-del-reglamento-de-manifestaciones\\\/\",\"url\":\"https:\\\/\\\/kuali.com.mx\\\/web\\\/2022\\\/11\\\/01\\\/corrigen-deficiencias-del-reglamento-de-manifestaciones\\\/\",\"name\":\"CORRIGEN DEFICIENCIAS DEL REGLAMENTO DE MANIFESTACIONES - Kuali\",\"isPartOf\":{\"@id\":\"https:\\\/\\\/kuali.com.mx\\\/web\\\/#website\"},\"primaryImageOfPage\":{\"@id\":\"https:\\\/\\\/kuali.com.mx\\\/web\\\/2022\\\/11\\\/01\\\/corrigen-deficiencias-del-reglamento-de-manifestaciones\\\/#primaryimage\"},\"image\":{\"@id\":\"https:\\\/\\\/kuali.com.mx\\\/web\\\/2022\\\/11\\\/01\\\/corrigen-deficiencias-del-reglamento-de-manifestaciones\\\/#primaryimage\"},\"thumbnailUrl\":\"https:\\\/\\\/kuali.com.mx\\\/web\\\/wp-content\\\/uploads\\\/2020\\\/08\\\/Alfonsina-polic\u00edas-marcha.jpg\",\"datePublished\":\"2022-11-01T20:46:53+00:00\",\"dateModified\":\"2022-11-01T20:46:54+00:00\",\"author\":{\"@id\":\"https:\\\/\\\/kuali.com.mx\\\/web\\\/#\\\/schema\\\/person\\\/6f89ffa8ecba9dae50662357923c5289\"},\"breadcrumb\":{\"@id\":\"https:\\\/\\\/kuali.com.mx\\\/web\\\/2022\\\/11\\\/01\\\/corrigen-deficiencias-del-reglamento-de-manifestaciones\\\/#breadcrumb\"},\"inLanguage\":\"es\",\"potentialAction\":[{\"@type\":\"ReadAction\",\"target\":[\"https:\\\/\\\/kuali.com.mx\\\/web\\\/2022\\\/11\\\/01\\\/corrigen-deficiencias-del-reglamento-de-manifestaciones\\\/\"]}]},{\"@type\":\"ImageObject\",\"inLanguage\":\"es\",\"@id\":\"https:\\\/\\\/kuali.com.mx\\\/web\\\/2022\\\/11\\\/01\\\/corrigen-deficiencias-del-reglamento-de-manifestaciones\\\/#primaryimage\",\"url\":\"https:\\\/\\\/kuali.com.mx\\\/web\\\/wp-content\\\/uploads\\\/2020\\\/08\\\/Alfonsina-polic\u00edas-marcha.jpg\",\"contentUrl\":\"https:\\\/\\\/kuali.com.mx\\\/web\\\/wp-content\\\/uploads\\\/2020\\\/08\\\/Alfonsina-polic\u00edas-marcha.jpg\",\"width\":1847,\"height\":750},{\"@type\":\"BreadcrumbList\",\"@id\":\"https:\\\/\\\/kuali.com.mx\\\/web\\\/2022\\\/11\\\/01\\\/corrigen-deficiencias-del-reglamento-de-manifestaciones\\\/#breadcrumb\",\"itemListElement\":[{\"@type\":\"ListItem\",\"position\":1,\"name\":\"Inicio\",\"item\":\"https:\\\/\\\/kuali.com.mx\\\/web\\\/\"},{\"@type\":\"ListItem\",\"position\":2,\"name\":\"CORRIGEN DEFICIENCIAS DEL REGLAMENTO DE MANIFESTACIONES\"}]},{\"@type\":\"WebSite\",\"@id\":\"https:\\\/\\\/kuali.com.mx\\\/web\\\/#website\",\"url\":\"https:\\\/\\\/kuali.com.mx\\\/web\\\/\",\"name\":\"Kuali\",\"description\":\"\",\"potentialAction\":[{\"@type\":\"SearchAction\",\"target\":{\"@type\":\"EntryPoint\",\"urlTemplate\":\"https:\\\/\\\/kuali.com.mx\\\/web\\\/?s={search_term_string}\"},\"query-input\":{\"@type\":\"PropertyValueSpecification\",\"valueRequired\":true,\"valueName\":\"search_term_string\"}}],\"inLanguage\":\"es\"},{\"@type\":\"Person\",\"@id\":\"https:\\\/\\\/kuali.com.mx\\\/web\\\/#\\\/schema\\\/person\\\/6f89ffa8ecba9dae50662357923c5289\",\"name\":\"Kuali Staff\",\"image\":{\"@type\":\"ImageObject\",\"inLanguage\":\"es\",\"@id\":\"https:\\\/\\\/secure.gravatar.com\\\/avatar\\\/f917ad82e5ab71227a733c78b6e60715476f69ee6be59feee4eb5d9920c89e0f?s=96&d=mm&r=g\",\"url\":\"https:\\\/\\\/secure.gravatar.com\\\/avatar\\\/f917ad82e5ab71227a733c78b6e60715476f69ee6be59feee4eb5d9920c89e0f?s=96&d=mm&r=g\",\"contentUrl\":\"https:\\\/\\\/secure.gravatar.com\\\/avatar\\\/f917ad82e5ab71227a733c78b6e60715476f69ee6be59feee4eb5d9920c89e0f?s=96&d=mm&r=g\",\"caption\":\"Kuali Staff\"},\"url\":\"https:\\\/\\\/kuali.com.mx\\\/web\\\/author\\\/lagarto\\\/\"}]}<\/script>\n<!-- \/ Yoast SEO plugin. -->","yoast_head_json":{"title":"CORRIGEN DEFICIENCIAS DEL REGLAMENTO DE MANIFESTACIONES - Kuali","robots":{"index":"index","follow":"follow","max-snippet":"max-snippet:-1","max-image-preview":"max-image-preview:large","max-video-preview":"max-video-preview:-1"},"canonical":"https:\/\/kuali.com.mx\/web\/2022\/11\/01\/corrigen-deficiencias-del-reglamento-de-manifestaciones\/","og_locale":"es_MX","og_type":"article","og_title":"CORRIGEN DEFICIENCIAS DEL REGLAMENTO DE MANIFESTACIONES - Kuali","og_description":"Carlos Garc\u00eda\/Le\u00f3n, Gto.- El Ayuntamiento de Le\u00f3n trabaja para corregir las deficiencias del reglamento de manifestaciones, aprobado en la administraci\u00f3n pasada, para cumplir con la propuesta realizada por Procuradur\u00eda de los Derechos Humanos del Estado de Guanajuato (Prodheg), anunci\u00f3 la alcaldesa, Alejandra Guti\u00e9rrez Campos. El titular de la Prodheg, Vicente Esqueda M\u00e9ndez, denunci\u00f3 que los [&hellip;]","og_url":"https:\/\/kuali.com.mx\/web\/2022\/11\/01\/corrigen-deficiencias-del-reglamento-de-manifestaciones\/","og_site_name":"Kuali","article_publisher":"https:\/\/kuali.com.mx\/web\/wp-content\/uploads\/2018\/04\/cropped-kuali_logo-1-1.png","article_published_time":"2022-11-01T20:46:53+00:00","article_modified_time":"2022-11-01T20:46:54+00:00","og_image":[{"width":1847,"height":750,"url":"https:\/\/kuali.com.mx\/web\/wp-content\/uploads\/2020\/08\/Alfonsina-polic\u00edas-marcha.jpg","type":"image\/jpeg"}],"author":"Kuali Staff","twitter_card":"summary_large_image","twitter_creator":"@kuali_noticias","twitter_site":"@kuali_noticias","twitter_misc":{"Escrito por":"Kuali Staff","Tiempo de lectura":"2 minutos"},"schema":{"@context":"https:\/\/schema.org","@graph":[{"@type":"Article","@id":"https:\/\/kuali.com.mx\/web\/2022\/11\/01\/corrigen-deficiencias-del-reglamento-de-manifestaciones\/#article","isPartOf":{"@id":"https:\/\/kuali.com.mx\/web\/2022\/11\/01\/corrigen-deficiencias-del-reglamento-de-manifestaciones\/"},"author":{"name":"Kuali Staff","@id":"https:\/\/kuali.com.mx\/web\/#\/schema\/person\/6f89ffa8ecba9dae50662357923c5289"},"headline":"CORRIGEN DEFICIENCIAS DEL REGLAMENTO DE MANIFESTACIONES","datePublished":"2022-11-01T20:46:53+00:00","dateModified":"2022-11-01T20:46:54+00:00","mainEntityOfPage":{"@id":"https:\/\/kuali.com.mx\/web\/2022\/11\/01\/corrigen-deficiencias-del-reglamento-de-manifestaciones\/"},"wordCount":466,"commentCount":0,"image":{"@id":"https:\/\/kuali.com.mx\/web\/2022\/11\/01\/corrigen-deficiencias-del-reglamento-de-manifestaciones\/#primaryimage"},"thumbnailUrl":"https:\/\/kuali.com.mx\/web\/wp-content\/uploads\/2020\/08\/Alfonsina-polic\u00edas-marcha.jpg","articleSection":["Derechos Humanos","slider"],"inLanguage":"es","potentialAction":[{"@type":"CommentAction","name":"Comment","target":["https:\/\/kuali.com.mx\/web\/2022\/11\/01\/corrigen-deficiencias-del-reglamento-de-manifestaciones\/#respond"]}]},{"@type":"WebPage","@id":"https:\/\/kuali.com.mx\/web\/2022\/11\/01\/corrigen-deficiencias-del-reglamento-de-manifestaciones\/","url":"https:\/\/kuali.com.mx\/web\/2022\/11\/01\/corrigen-deficiencias-del-reglamento-de-manifestaciones\/","name":"CORRIGEN DEFICIENCIAS DEL REGLAMENTO DE MANIFESTACIONES - Kuali","isPartOf":{"@id":"https:\/\/kuali.com.mx\/web\/#website"},"primaryImageOfPage":{"@id":"https:\/\/kuali.com.mx\/web\/2022\/11\/01\/corrigen-deficiencias-del-reglamento-de-manifestaciones\/#primaryimage"},"image":{"@id":"https:\/\/kuali.com.mx\/web\/2022\/11\/01\/corrigen-deficiencias-del-reglamento-de-manifestaciones\/#primaryimage"},"thumbnailUrl":"https:\/\/kuali.com.mx\/web\/wp-content\/uploads\/2020\/08\/Alfonsina-polic\u00edas-marcha.jpg","datePublished":"2022-11-01T20:46:53+00:00","dateModified":"2022-11-01T20:46:54+00:00","author":{"@id":"https:\/\/kuali.com.mx\/web\/#\/schema\/person\/6f89ffa8ecba9dae50662357923c5289"},"breadcrumb":{"@id":"https:\/\/kuali.com.mx\/web\/2022\/11\/01\/corrigen-deficiencias-del-reglamento-de-manifestaciones\/#breadcrumb"},"inLanguage":"es","potentialAction":[{"@type":"ReadAction","target":["https:\/\/kuali.com.mx\/web\/2022\/11\/01\/corrigen-deficiencias-del-reglamento-de-manifestaciones\/"]}]},{"@type":"ImageObject","inLanguage":"es","@id":"https:\/\/kuali.com.mx\/web\/2022\/11\/01\/corrigen-deficiencias-del-reglamento-de-manifestaciones\/#primaryimage","url":"https:\/\/kuali.com.mx\/web\/wp-content\/uploads\/2020\/08\/Alfonsina-polic\u00edas-marcha.jpg","contentUrl":"https:\/\/kuali.com.mx\/web\/wp-content\/uploads\/2020\/08\/Alfonsina-polic\u00edas-marcha.jpg","width":1847,"height":750},{"@type":"BreadcrumbList","@id":"https:\/\/kuali.com.mx\/web\/2022\/11\/01\/corrigen-deficiencias-del-reglamento-de-manifestaciones\/#breadcrumb","itemListElement":[{"@type":"ListItem","position":1,"name":"Inicio","item":"https:\/\/kuali.com.mx\/web\/"},{"@type":"ListItem","position":2,"name":"CORRIGEN DEFICIENCIAS DEL REGLAMENTO DE MANIFESTACIONES"}]},{"@type":"WebSite","@id":"https:\/\/kuali.com.mx\/web\/#website","url":"https:\/\/kuali.com.mx\/web\/","name":"Kuali","description":"","potentialAction":[{"@type":"SearchAction","target":{"@type":"EntryPoint","urlTemplate":"https:\/\/kuali.com.mx\/web\/?s={search_term_string}"},"query-input":{"@type":"PropertyValueSpecification","valueRequired":true,"valueName":"search_term_string"}}],"inLanguage":"es"},{"@type":"Person","@id":"https:\/\/kuali.com.mx\/web\/#\/schema\/person\/6f89ffa8ecba9dae50662357923c5289","name":"Kuali Staff","image":{"@type":"ImageObject","inLanguage":"es","@id":"https:\/\/secure.gravatar.com\/avatar\/f917ad82e5ab71227a733c78b6e60715476f69ee6be59feee4eb5d9920c89e0f?s=96&d=mm&r=g","url":"https:\/\/secure.gravatar.com\/avatar\/f917ad82e5ab71227a733c78b6e60715476f69ee6be59feee4eb5d9920c89e0f?s=96&d=mm&r=g","contentUrl":"https:\/\/secure.gravatar.com\/avatar\/f917ad82e5ab71227a733c78b6e60715476f69ee6be59feee4eb5d9920c89e0f?s=96&d=mm&r=g","caption":"Kuali Staff"},"url":"https:\/\/kuali.com.mx\/web\/author\/lagarto\/"}]}},"_links":{"self":[{"href":"https:\/\/kuali.com.mx\/web\/wp-json\/wp\/v2\/posts\/106588","targetHints":{"allow":["GET"]}}],"collection":[{"href":"https:\/\/kuali.com.mx\/web\/wp-json\/wp\/v2\/posts"}],"about":[{"href":"https:\/\/kuali.com.mx\/web\/wp-json\/wp\/v2\/types\/post"}],"author":[{"embeddable":true,"href":"https:\/\/kuali.com.mx\/web\/wp-json\/wp\/v2\/users\/2"}],"replies":[{"embeddable":true,"href":"https:\/\/kuali.com.mx\/web\/wp-json\/wp\/v2\/comments?post=106588"}],"version-history":[{"count":1,"href":"https:\/\/kuali.com.mx\/web\/wp-json\/wp\/v2\/posts\/106588\/revisions"}],"predecessor-version":[{"id":106590,"href":"https:\/\/kuali.com.mx\/web\/wp-json\/wp\/v2\/posts\/106588\/revisions\/106590"}],"wp:featuredmedia":[{"embeddable":true,"href":"https:\/\/kuali.com.mx\/web\/wp-json\/wp\/v2\/media\/73610"}],"wp:attachment":[{"href":"https:\/\/kuali.com.mx\/web\/wp-json\/wp\/v2\/media?parent=106588"}],"wp:term":[{"taxonomy":"category","embeddable":true,"href":"https:\/\/kuali.com.mx\/web\/wp-json\/wp\/v2\/categories?post=106588"},{"taxonomy":"post_tag","embeddable":true,"href":"https:\/\/kuali.com.mx\/web\/wp-json\/wp\/v2\/tags?post=106588"}],"curies":[{"name":"wp","href":"https:\/\/api.w.org\/{rel}","templated":true}]}}