{"id":106584,"date":"2022-11-01T14:14:01","date_gmt":"2022-11-01T20:14:01","guid":{"rendered":"https:\/\/kuali.com.mx\/web\/?p=106584"},"modified":"2022-11-01T14:14:02","modified_gmt":"2022-11-01T20:14:02","slug":"crearan-sistema-para-profesionalizar-a-policias","status":"publish","type":"post","link":"https:\/\/kuali.com.mx\/web\/2022\/11\/01\/crearan-sistema-para-profesionalizar-a-policias\/","title":{"rendered":"CREAR\u00c1N SISTEMA PARA PROFESIONALIZAR A POLIC\u00cdAS"},"content":{"rendered":"\n<p><strong><em>Carlos Garc\u00eda\/Celaya, Gto.-<\/em><\/strong> En el estado de Guanajuato ser\u00e1 creado el Sistema Integral de Profesionalizaci\u00f3n de los Elementos de las Instituciones de Seguridad P\u00fablica Municipal.<\/p>\n\n\n\n<p>&nbsp;La Convenci\u00f3n Legislativa de Seguridad P\u00fablica y Prevenci\u00f3n Social de la Violencia y la Delincuencia firm\u00f3 un acuerdo de colaboraci\u00f3n con la Comisi\u00f3n Intersecretarial para la Prevenci\u00f3n Social de la Violencia y la Delincuencia para compartir informaci\u00f3n del \u00e1mbito estatal y municipal en materia de prevenci\u00f3n social de la violencia y la delincuencia.<\/p>\n\n\n\n<p>La informaci\u00f3n ser\u00e1 usada para crear el Sistema de Profesionalizaci\u00f3n de las polic\u00edas municipales, con el respaldo de Universidad de Guanajuato (UG).<\/p>\n\n\n\n<p>La Convenci\u00f3n Legislativa fue instalada el 21 de enero y tiene como objetivo presentar propuestas legislativas a la Junta de Gobierno y Coordinaci\u00f3n Pol\u00edtica del Congreso de Guanajuato, intercambiar informaci\u00f3n, compilar y elaborar estudios e investigaciones sobre la seguridad.<\/p>\n\n\n\n<p>El organismo en un mecanismo de vinculaci\u00f3n entre el Poder Legislativo, el Poder Ejecutivo y los 46 ayuntamientos del estado.<\/p>\n\n\n\n<p>\u201cSea cual sea la trinchera desde donde nos toque participar, tenemos la responsabilidad de aportar nuestro esfuerzo para garantizar la paz y la tranquilidad en nuestro estado\u201d, coment\u00f3 el gobernador, Diego Sinhue Rodr\u00edguez Vallejo, despu\u00e9s de la firma de colaboraci\u00f3n entre la Convenci\u00f3n Legislativa y la Comisi\u00f3n para la Prevenci\u00f3n de la Violencia.<\/p>\n\n\n\n<p>La coordinaci\u00f3n de esfuerzos es un elemento indispensable para lograr la seguridad y la paz en Guanajuato, destac\u00f3.<\/p>\n\n\n\n<p>\u201cPor eso es tan importante la vinculaci\u00f3n que se propone en este mecanismo, con el fin de identificar la problem\u00e1tica, aportar propuestas con distintas visiones y que el resultado legislativo se vea enriquecido\u201d, sostuvo el mandatario.<\/p>\n\n\n\n<p>Diego Sinhue record\u00f3 que en la Convenci\u00f3n Legislativa se han realizado seis propuestas en materia de prevenci\u00f3n social, salud mental, polic\u00edas de g\u00e9nero, sobre el modelo de polic\u00edas de proximidad y de homologaci\u00f3n de informaci\u00f3n de las polic\u00edas municipales.<\/p>\n\n\n\n<p>Ante el gobernador fue presentada la Primera Encuesta de Autopercepci\u00f3n Policial Municipal realizada con informaci\u00f3n aportada por polic\u00edas en el \u00e1mbito de su interacci\u00f3n social, del desarrollo de sus funciones, laboral, econ\u00f3mico, de g\u00e9nero y sobre la autopercepci\u00f3n de sus actividades.<\/p>\n\n\n\n<p>En la reuni\u00f3n participaron el presidente del Congreso, Mart\u00edn L\u00f3pez Camacho; el presidente de la Junta de Gobierno y Coordinaci\u00f3n Pol\u00edtica del Congreso, Luis Ernesto Ayala Torres; el rector de la UG, Luis Felipe Guerrero Agripino; el procurador de los Derechos Humanos, Vicente Esqueda M\u00e9ndez; as\u00ed como diputados, autoridades estatales y municipales.<\/p>\n","protected":false},"excerpt":{"rendered":"Carlos Garc\u00eda\/Celaya, Gto.- En el estado de Guanajuato ser\u00e1 creado el Sistema Integral de Profesionalizaci\u00f3n de los Elementos de las Instituciones de Seguridad P\u00fablica Municipal. &nbsp;La Convenci\u00f3n Legislativa de Seguridad P\u00fablica y Prevenci\u00f3n Social de la Violencia y la Delincuencia firm\u00f3 un acuerdo de colaboraci\u00f3n con la Comisi\u00f3n Intersecretarial para la Prevenci\u00f3n Social de la [&hellip;]","protected":false},"author":2,"featured_media":106586,"comment_status":"open","ping_status":"open","sticky":false,"template":"","format":"standard","meta":{"_seopress_robots_primary_cat":"none","_seopress_titles_title":"","_seopress_titles_desc":"","_seopress_robots_index":"","_monsterinsights_skip_tracking":false,"_monsterinsights_sitenote_active":false,"_monsterinsights_sitenote_note":"","_monsterinsights_sitenote_category":0,"footnotes":""},"categories":[3,69],"tags":[],"class_list":["post-106584","post","type-post","status-publish","format-standard","has-post-thumbnail","hentry","category-politica","category-slider"],"yoast_head":"<!-- This site is optimized with the Yoast SEO plugin v27.4 - https:\/\/yoast.com\/product\/yoast-seo-wordpress\/ -->\n<title>CREAR\u00c1N SISTEMA PARA PROFESIONALIZAR A POLIC\u00cdAS - Kuali<\/title>\n<meta name=\"robots\" content=\"index, follow, max-snippet:-1, max-image-preview:large, max-video-preview:-1\" \/>\n<link rel=\"canonical\" href=\"https:\/\/kuali.com.mx\/web\/2022\/11\/01\/crearan-sistema-para-profesionalizar-a-policias\/\" \/>\n<meta property=\"og:locale\" content=\"es_MX\" \/>\n<meta property=\"og:type\" content=\"article\" \/>\n<meta property=\"og:title\" content=\"CREAR\u00c1N SISTEMA PARA PROFESIONALIZAR A POLIC\u00cdAS - Kuali\" \/>\n<meta property=\"og:description\" content=\"Carlos Garc\u00eda\/Celaya, Gto.- En el estado de Guanajuato ser\u00e1 creado el Sistema Integral de Profesionalizaci\u00f3n de los Elementos de las Instituciones de Seguridad P\u00fablica Municipal. &nbsp;La Convenci\u00f3n Legislativa de Seguridad P\u00fablica y Prevenci\u00f3n Social de la Violencia y la Delincuencia firm\u00f3 un acuerdo de colaboraci\u00f3n con la Comisi\u00f3n Intersecretarial para la Prevenci\u00f3n Social de la [&hellip;]\" \/>\n<meta property=\"og:url\" content=\"https:\/\/kuali.com.mx\/web\/2022\/11\/01\/crearan-sistema-para-profesionalizar-a-policias\/\" \/>\n<meta property=\"og:site_name\" content=\"Kuali\" \/>\n<meta property=\"article:publisher\" content=\"https:\/\/kuali.com.mx\/web\/wp-content\/uploads\/2018\/04\/cropped-kuali_logo-1-1.png\" \/>\n<meta property=\"article:published_time\" content=\"2022-11-01T20:14:01+00:00\" \/>\n<meta property=\"article:modified_time\" content=\"2022-11-01T20:14:02+00:00\" \/>\n<meta property=\"og:image\" content=\"https:\/\/kuali.com.mx\/web\/wp-content\/uploads\/2022\/11\/Convencion-Legislativa.jpg\" \/>\n\t<meta property=\"og:image:width\" content=\"1720\" \/>\n\t<meta property=\"og:image:height\" content=\"750\" \/>\n\t<meta property=\"og:image:type\" content=\"image\/jpeg\" \/>\n<meta name=\"author\" content=\"Kuali Staff\" \/>\n<meta name=\"twitter:card\" content=\"summary_large_image\" \/>\n<meta name=\"twitter:creator\" content=\"@kuali_noticias\" \/>\n<meta name=\"twitter:site\" content=\"@kuali_noticias\" \/>\n<meta name=\"twitter:label1\" content=\"Escrito por\" \/>\n\t<meta name=\"twitter:data1\" content=\"Kuali Staff\" \/>\n\t<meta name=\"twitter:label2\" content=\"Tiempo de lectura\" \/>\n\t<meta name=\"twitter:data2\" content=\"2 minutos\" \/>\n<script type=\"application\/ld+json\" class=\"yoast-schema-graph\">{\"@context\":\"https:\\\/\\\/schema.org\",\"@graph\":[{\"@type\":\"Article\",\"@id\":\"https:\\\/\\\/kuali.com.mx\\\/web\\\/2022\\\/11\\\/01\\\/crearan-sistema-para-profesionalizar-a-policias\\\/#article\",\"isPartOf\":{\"@id\":\"https:\\\/\\\/kuali.com.mx\\\/web\\\/2022\\\/11\\\/01\\\/crearan-sistema-para-profesionalizar-a-policias\\\/\"},\"author\":{\"name\":\"Kuali Staff\",\"@id\":\"https:\\\/\\\/kuali.com.mx\\\/web\\\/#\\\/schema\\\/person\\\/6f89ffa8ecba9dae50662357923c5289\"},\"headline\":\"CREAR\u00c1N SISTEMA PARA PROFESIONALIZAR A POLIC\u00cdAS\",\"datePublished\":\"2022-11-01T20:14:01+00:00\",\"dateModified\":\"2022-11-01T20:14:02+00:00\",\"mainEntityOfPage\":{\"@id\":\"https:\\\/\\\/kuali.com.mx\\\/web\\\/2022\\\/11\\\/01\\\/crearan-sistema-para-profesionalizar-a-policias\\\/\"},\"wordCount\":456,\"commentCount\":0,\"image\":{\"@id\":\"https:\\\/\\\/kuali.com.mx\\\/web\\\/2022\\\/11\\\/01\\\/crearan-sistema-para-profesionalizar-a-policias\\\/#primaryimage\"},\"thumbnailUrl\":\"https:\\\/\\\/kuali.com.mx\\\/web\\\/wp-content\\\/uploads\\\/2022\\\/11\\\/Convencion-Legislativa.jpg\",\"articleSection\":[\"Pol\u00edtica\",\"slider\"],\"inLanguage\":\"es\",\"potentialAction\":[{\"@type\":\"CommentAction\",\"name\":\"Comment\",\"target\":[\"https:\\\/\\\/kuali.com.mx\\\/web\\\/2022\\\/11\\\/01\\\/crearan-sistema-para-profesionalizar-a-policias\\\/#respond\"]}]},{\"@type\":\"WebPage\",\"@id\":\"https:\\\/\\\/kuali.com.mx\\\/web\\\/2022\\\/11\\\/01\\\/crearan-sistema-para-profesionalizar-a-policias\\\/\",\"url\":\"https:\\\/\\\/kuali.com.mx\\\/web\\\/2022\\\/11\\\/01\\\/crearan-sistema-para-profesionalizar-a-policias\\\/\",\"name\":\"CREAR\u00c1N SISTEMA PARA PROFESIONALIZAR A POLIC\u00cdAS - Kuali\",\"isPartOf\":{\"@id\":\"https:\\\/\\\/kuali.com.mx\\\/web\\\/#website\"},\"primaryImageOfPage\":{\"@id\":\"https:\\\/\\\/kuali.com.mx\\\/web\\\/2022\\\/11\\\/01\\\/crearan-sistema-para-profesionalizar-a-policias\\\/#primaryimage\"},\"image\":{\"@id\":\"https:\\\/\\\/kuali.com.mx\\\/web\\\/2022\\\/11\\\/01\\\/crearan-sistema-para-profesionalizar-a-policias\\\/#primaryimage\"},\"thumbnailUrl\":\"https:\\\/\\\/kuali.com.mx\\\/web\\\/wp-content\\\/uploads\\\/2022\\\/11\\\/Convencion-Legislativa.jpg\",\"datePublished\":\"2022-11-01T20:14:01+00:00\",\"dateModified\":\"2022-11-01T20:14:02+00:00\",\"author\":{\"@id\":\"https:\\\/\\\/kuali.com.mx\\\/web\\\/#\\\/schema\\\/person\\\/6f89ffa8ecba9dae50662357923c5289\"},\"breadcrumb\":{\"@id\":\"https:\\\/\\\/kuali.com.mx\\\/web\\\/2022\\\/11\\\/01\\\/crearan-sistema-para-profesionalizar-a-policias\\\/#breadcrumb\"},\"inLanguage\":\"es\",\"potentialAction\":[{\"@type\":\"ReadAction\",\"target\":[\"https:\\\/\\\/kuali.com.mx\\\/web\\\/2022\\\/11\\\/01\\\/crearan-sistema-para-profesionalizar-a-policias\\\/\"]}]},{\"@type\":\"ImageObject\",\"inLanguage\":\"es\",\"@id\":\"https:\\\/\\\/kuali.com.mx\\\/web\\\/2022\\\/11\\\/01\\\/crearan-sistema-para-profesionalizar-a-policias\\\/#primaryimage\",\"url\":\"https:\\\/\\\/kuali.com.mx\\\/web\\\/wp-content\\\/uploads\\\/2022\\\/11\\\/Convencion-Legislativa.jpg\",\"contentUrl\":\"https:\\\/\\\/kuali.com.mx\\\/web\\\/wp-content\\\/uploads\\\/2022\\\/11\\\/Convencion-Legislativa.jpg\",\"width\":1720,\"height\":750},{\"@type\":\"BreadcrumbList\",\"@id\":\"https:\\\/\\\/kuali.com.mx\\\/web\\\/2022\\\/11\\\/01\\\/crearan-sistema-para-profesionalizar-a-policias\\\/#breadcrumb\",\"itemListElement\":[{\"@type\":\"ListItem\",\"position\":1,\"name\":\"Inicio\",\"item\":\"https:\\\/\\\/kuali.com.mx\\\/web\\\/\"},{\"@type\":\"ListItem\",\"position\":2,\"name\":\"CREAR\u00c1N SISTEMA PARA PROFESIONALIZAR A POLIC\u00cdAS\"}]},{\"@type\":\"WebSite\",\"@id\":\"https:\\\/\\\/kuali.com.mx\\\/web\\\/#website\",\"url\":\"https:\\\/\\\/kuali.com.mx\\\/web\\\/\",\"name\":\"Kuali\",\"description\":\"\",\"potentialAction\":[{\"@type\":\"SearchAction\",\"target\":{\"@type\":\"EntryPoint\",\"urlTemplate\":\"https:\\\/\\\/kuali.com.mx\\\/web\\\/?s={search_term_string}\"},\"query-input\":{\"@type\":\"PropertyValueSpecification\",\"valueRequired\":true,\"valueName\":\"search_term_string\"}}],\"inLanguage\":\"es\"},{\"@type\":\"Person\",\"@id\":\"https:\\\/\\\/kuali.com.mx\\\/web\\\/#\\\/schema\\\/person\\\/6f89ffa8ecba9dae50662357923c5289\",\"name\":\"Kuali Staff\",\"image\":{\"@type\":\"ImageObject\",\"inLanguage\":\"es\",\"@id\":\"https:\\\/\\\/secure.gravatar.com\\\/avatar\\\/f917ad82e5ab71227a733c78b6e60715476f69ee6be59feee4eb5d9920c89e0f?s=96&d=mm&r=g\",\"url\":\"https:\\\/\\\/secure.gravatar.com\\\/avatar\\\/f917ad82e5ab71227a733c78b6e60715476f69ee6be59feee4eb5d9920c89e0f?s=96&d=mm&r=g\",\"contentUrl\":\"https:\\\/\\\/secure.gravatar.com\\\/avatar\\\/f917ad82e5ab71227a733c78b6e60715476f69ee6be59feee4eb5d9920c89e0f?s=96&d=mm&r=g\",\"caption\":\"Kuali Staff\"},\"url\":\"https:\\\/\\\/kuali.com.mx\\\/web\\\/author\\\/lagarto\\\/\"}]}<\/script>\n<!-- \/ Yoast SEO plugin. -->","yoast_head_json":{"title":"CREAR\u00c1N SISTEMA PARA PROFESIONALIZAR A POLIC\u00cdAS - Kuali","robots":{"index":"index","follow":"follow","max-snippet":"max-snippet:-1","max-image-preview":"max-image-preview:large","max-video-preview":"max-video-preview:-1"},"canonical":"https:\/\/kuali.com.mx\/web\/2022\/11\/01\/crearan-sistema-para-profesionalizar-a-policias\/","og_locale":"es_MX","og_type":"article","og_title":"CREAR\u00c1N SISTEMA PARA PROFESIONALIZAR A POLIC\u00cdAS - Kuali","og_description":"Carlos Garc\u00eda\/Celaya, Gto.- En el estado de Guanajuato ser\u00e1 creado el Sistema Integral de Profesionalizaci\u00f3n de los Elementos de las Instituciones de Seguridad P\u00fablica Municipal. &nbsp;La Convenci\u00f3n Legislativa de Seguridad P\u00fablica y Prevenci\u00f3n Social de la Violencia y la Delincuencia firm\u00f3 un acuerdo de colaboraci\u00f3n con la Comisi\u00f3n Intersecretarial para la Prevenci\u00f3n Social de la [&hellip;]","og_url":"https:\/\/kuali.com.mx\/web\/2022\/11\/01\/crearan-sistema-para-profesionalizar-a-policias\/","og_site_name":"Kuali","article_publisher":"https:\/\/kuali.com.mx\/web\/wp-content\/uploads\/2018\/04\/cropped-kuali_logo-1-1.png","article_published_time":"2022-11-01T20:14:01+00:00","article_modified_time":"2022-11-01T20:14:02+00:00","og_image":[{"width":1720,"height":750,"url":"https:\/\/kuali.com.mx\/web\/wp-content\/uploads\/2022\/11\/Convencion-Legislativa.jpg","type":"image\/jpeg"}],"author":"Kuali Staff","twitter_card":"summary_large_image","twitter_creator":"@kuali_noticias","twitter_site":"@kuali_noticias","twitter_misc":{"Escrito por":"Kuali Staff","Tiempo de lectura":"2 minutos"},"schema":{"@context":"https:\/\/schema.org","@graph":[{"@type":"Article","@id":"https:\/\/kuali.com.mx\/web\/2022\/11\/01\/crearan-sistema-para-profesionalizar-a-policias\/#article","isPartOf":{"@id":"https:\/\/kuali.com.mx\/web\/2022\/11\/01\/crearan-sistema-para-profesionalizar-a-policias\/"},"author":{"name":"Kuali Staff","@id":"https:\/\/kuali.com.mx\/web\/#\/schema\/person\/6f89ffa8ecba9dae50662357923c5289"},"headline":"CREAR\u00c1N SISTEMA PARA PROFESIONALIZAR A POLIC\u00cdAS","datePublished":"2022-11-01T20:14:01+00:00","dateModified":"2022-11-01T20:14:02+00:00","mainEntityOfPage":{"@id":"https:\/\/kuali.com.mx\/web\/2022\/11\/01\/crearan-sistema-para-profesionalizar-a-policias\/"},"wordCount":456,"commentCount":0,"image":{"@id":"https:\/\/kuali.com.mx\/web\/2022\/11\/01\/crearan-sistema-para-profesionalizar-a-policias\/#primaryimage"},"thumbnailUrl":"https:\/\/kuali.com.mx\/web\/wp-content\/uploads\/2022\/11\/Convencion-Legislativa.jpg","articleSection":["Pol\u00edtica","slider"],"inLanguage":"es","potentialAction":[{"@type":"CommentAction","name":"Comment","target":["https:\/\/kuali.com.mx\/web\/2022\/11\/01\/crearan-sistema-para-profesionalizar-a-policias\/#respond"]}]},{"@type":"WebPage","@id":"https:\/\/kuali.com.mx\/web\/2022\/11\/01\/crearan-sistema-para-profesionalizar-a-policias\/","url":"https:\/\/kuali.com.mx\/web\/2022\/11\/01\/crearan-sistema-para-profesionalizar-a-policias\/","name":"CREAR\u00c1N SISTEMA PARA PROFESIONALIZAR A POLIC\u00cdAS - Kuali","isPartOf":{"@id":"https:\/\/kuali.com.mx\/web\/#website"},"primaryImageOfPage":{"@id":"https:\/\/kuali.com.mx\/web\/2022\/11\/01\/crearan-sistema-para-profesionalizar-a-policias\/#primaryimage"},"image":{"@id":"https:\/\/kuali.com.mx\/web\/2022\/11\/01\/crearan-sistema-para-profesionalizar-a-policias\/#primaryimage"},"thumbnailUrl":"https:\/\/kuali.com.mx\/web\/wp-content\/uploads\/2022\/11\/Convencion-Legislativa.jpg","datePublished":"2022-11-01T20:14:01+00:00","dateModified":"2022-11-01T20:14:02+00:00","author":{"@id":"https:\/\/kuali.com.mx\/web\/#\/schema\/person\/6f89ffa8ecba9dae50662357923c5289"},"breadcrumb":{"@id":"https:\/\/kuali.com.mx\/web\/2022\/11\/01\/crearan-sistema-para-profesionalizar-a-policias\/#breadcrumb"},"inLanguage":"es","potentialAction":[{"@type":"ReadAction","target":["https:\/\/kuali.com.mx\/web\/2022\/11\/01\/crearan-sistema-para-profesionalizar-a-policias\/"]}]},{"@type":"ImageObject","inLanguage":"es","@id":"https:\/\/kuali.com.mx\/web\/2022\/11\/01\/crearan-sistema-para-profesionalizar-a-policias\/#primaryimage","url":"https:\/\/kuali.com.mx\/web\/wp-content\/uploads\/2022\/11\/Convencion-Legislativa.jpg","contentUrl":"https:\/\/kuali.com.mx\/web\/wp-content\/uploads\/2022\/11\/Convencion-Legislativa.jpg","width":1720,"height":750},{"@type":"BreadcrumbList","@id":"https:\/\/kuali.com.mx\/web\/2022\/11\/01\/crearan-sistema-para-profesionalizar-a-policias\/#breadcrumb","itemListElement":[{"@type":"ListItem","position":1,"name":"Inicio","item":"https:\/\/kuali.com.mx\/web\/"},{"@type":"ListItem","position":2,"name":"CREAR\u00c1N SISTEMA PARA PROFESIONALIZAR A POLIC\u00cdAS"}]},{"@type":"WebSite","@id":"https:\/\/kuali.com.mx\/web\/#website","url":"https:\/\/kuali.com.mx\/web\/","name":"Kuali","description":"","potentialAction":[{"@type":"SearchAction","target":{"@type":"EntryPoint","urlTemplate":"https:\/\/kuali.com.mx\/web\/?s={search_term_string}"},"query-input":{"@type":"PropertyValueSpecification","valueRequired":true,"valueName":"search_term_string"}}],"inLanguage":"es"},{"@type":"Person","@id":"https:\/\/kuali.com.mx\/web\/#\/schema\/person\/6f89ffa8ecba9dae50662357923c5289","name":"Kuali Staff","image":{"@type":"ImageObject","inLanguage":"es","@id":"https:\/\/secure.gravatar.com\/avatar\/f917ad82e5ab71227a733c78b6e60715476f69ee6be59feee4eb5d9920c89e0f?s=96&d=mm&r=g","url":"https:\/\/secure.gravatar.com\/avatar\/f917ad82e5ab71227a733c78b6e60715476f69ee6be59feee4eb5d9920c89e0f?s=96&d=mm&r=g","contentUrl":"https:\/\/secure.gravatar.com\/avatar\/f917ad82e5ab71227a733c78b6e60715476f69ee6be59feee4eb5d9920c89e0f?s=96&d=mm&r=g","caption":"Kuali Staff"},"url":"https:\/\/kuali.com.mx\/web\/author\/lagarto\/"}]}},"_links":{"self":[{"href":"https:\/\/kuali.com.mx\/web\/wp-json\/wp\/v2\/posts\/106584","targetHints":{"allow":["GET"]}}],"collection":[{"href":"https:\/\/kuali.com.mx\/web\/wp-json\/wp\/v2\/posts"}],"about":[{"href":"https:\/\/kuali.com.mx\/web\/wp-json\/wp\/v2\/types\/post"}],"author":[{"embeddable":true,"href":"https:\/\/kuali.com.mx\/web\/wp-json\/wp\/v2\/users\/2"}],"replies":[{"embeddable":true,"href":"https:\/\/kuali.com.mx\/web\/wp-json\/wp\/v2\/comments?post=106584"}],"version-history":[{"count":1,"href":"https:\/\/kuali.com.mx\/web\/wp-json\/wp\/v2\/posts\/106584\/revisions"}],"predecessor-version":[{"id":106587,"href":"https:\/\/kuali.com.mx\/web\/wp-json\/wp\/v2\/posts\/106584\/revisions\/106587"}],"wp:featuredmedia":[{"embeddable":true,"href":"https:\/\/kuali.com.mx\/web\/wp-json\/wp\/v2\/media\/106586"}],"wp:attachment":[{"href":"https:\/\/kuali.com.mx\/web\/wp-json\/wp\/v2\/media?parent=106584"}],"wp:term":[{"taxonomy":"category","embeddable":true,"href":"https:\/\/kuali.com.mx\/web\/wp-json\/wp\/v2\/categories?post=106584"},{"taxonomy":"post_tag","embeddable":true,"href":"https:\/\/kuali.com.mx\/web\/wp-json\/wp\/v2\/tags?post=106584"}],"curies":[{"name":"wp","href":"https:\/\/api.w.org\/{rel}","templated":true}]}}