{"id":106399,"date":"2022-10-28T12:10:37","date_gmt":"2022-10-28T18:10:37","guid":{"rendered":"https:\/\/kuali.com.mx\/web\/?p=106399"},"modified":"2022-10-28T17:43:02","modified_gmt":"2022-10-28T23:43:02","slug":"celebrara-jalpa-de-canovas-10-anos-de-pueblo-magico","status":"publish","type":"post","link":"https:\/\/kuali.com.mx\/web\/2022\/10\/28\/celebrara-jalpa-de-canovas-10-anos-de-pueblo-magico\/","title":{"rendered":"CELEBRAR\u00c1 JALPA DE C\u00c1NOVAS 10 A\u00d1OS DE PUEBLO M\u00c1GICO"},"content":{"rendered":"\n<p><strong>Kuali\/Pur\u00edsima del Rinc\u00f3n, Gto.- <\/strong>Con el evento el Festival de Noches M\u00e1gicas\u201d, la comunidad de Jalpa de C\u00e1novas celebrar\u00e1 10 a\u00f1os de su nombramiento como Pueblo M\u00e1gico<\/p>\n\n\n\n<p>Los festejos comenzar\u00e1n el &nbsp;s\u00e1bado 12 de noviembre con el Festival de Noches M\u00e1gicas, que este a\u00f1o llega a su novena edici\u00f3n. Habr\u00e1 cinco globos aerost\u00e1ticos, m\u00fasica en vivo y gastronom\u00eda en las instalaciones de la Unidad Deportiva de San Andr\u00e9s de Jalpa, la sede tradicional del evento.<\/p>\n\n\n\n<p>En conferencia de prensa celebrada este jueces, el presidente municipal de Pur\u00edsima del Rinc\u00f3n, Roberto Garc\u00eda Urbano, dijo que Jalpa goza de armon\u00eda y estabilidad, por lo que invit\u00f3 a festejar en un ambiente familiar el programa que han preparado en conjunto autoridades e integrantes del Comit\u00e9 Ciudadano de Jalpa de C\u00e1novas.<\/p>\n\n\n\n<p>El festival se realizar\u00e1 en horario de seis de la tarde a 11 de la noche y se proyecte que genere una derrama econ\u00f3mica de 2.5 millones de pesos y una asistencia de alrededor de 11 mil personas.<\/p>\n\n\n\n<p>En el a\u00f1o 2013 se llev\u00f3 a cabo la primera edici\u00f3n de este festival con la participaci\u00f3n de 5 mil visitantes y el a\u00f1o 2021 alcanz\u00f3 la cifra de las 10 mil personas.<\/p>\n\n\n\n<p>El alcalde Roberto Garc\u00eda recomend\u00f3 a la ciudadan\u00eda asistir abrigada y considerar el uso de cubrebocas, si es necesario, porque ya se empiezan a sentir las bajas temperaturas.<\/p>\n\n\n\n<p>Jalpa de C\u00e1novas cumplir\u00e1 10 a\u00f1os como Pueblo M\u00e1gico el pr\u00f3ximo 29 de noviembre. Es uno de los seis Pueblos M\u00e1gicos que hay en el estado de Guanajuato y uno de los 132 a nivel nacional, \u201cpero no es un pueblo m\u00e1s, es un Pueblo M\u00e1gico que destaca por el cambio en su infraestructura, servicios, generaci\u00f3n de hoteles, remodelaci\u00f3n del parque lineal en proceso de segunda etapa\u201d, asegura el Gobierno Municipal de Pur\u00edsima del Rinc\u00f3n.<\/p>\n\n\n\n<p>Jalpa de C\u00e1novas es buscado por los visitantes por ser espacio libre y abierto a la naturaleza, y es visitado anualmente por entre 17 a 34 mil personas.<\/p>\n\n\n\n<p><strong>PROGRAMA NOCHES M\u00c1GICAS<\/strong><\/p>\n\n\n\n<p>Fecha&nbsp;&nbsp;&nbsp;&nbsp;&nbsp;&nbsp;&nbsp;&nbsp;&nbsp;&nbsp;&nbsp;&nbsp;&nbsp;&nbsp;&nbsp;&nbsp;&nbsp;&nbsp;&nbsp;&nbsp;&nbsp;&nbsp;&nbsp;&nbsp;&nbsp;&nbsp;&nbsp;&nbsp;&nbsp;&nbsp;&nbsp;&nbsp;&nbsp;&nbsp;&nbsp;&nbsp;&nbsp;&nbsp;&nbsp;&nbsp;&nbsp;&nbsp;&nbsp;&nbsp;&nbsp;&nbsp;&nbsp;&nbsp;&nbsp;&nbsp;&nbsp;&nbsp;&nbsp;&nbsp;&nbsp;&nbsp;&nbsp;&nbsp;&nbsp;&nbsp;&nbsp;&nbsp; ACTIVIDAD<\/p>\n\n\n\n<p>12 noviembre &nbsp;&nbsp;&nbsp;&nbsp;&nbsp;&nbsp;&nbsp;&nbsp;&nbsp;&nbsp;&nbsp;&nbsp;&nbsp;&nbsp;&nbsp;&nbsp;&nbsp;&nbsp;&nbsp;&nbsp;&nbsp;&nbsp;&nbsp;&nbsp;&nbsp;&nbsp;&nbsp;&nbsp;&nbsp;&nbsp;&nbsp;&nbsp;&nbsp;&nbsp;&nbsp;&nbsp;&nbsp;&nbsp;&nbsp;&nbsp;&nbsp;&nbsp;&nbsp;&nbsp;&nbsp;&nbsp;&nbsp;&nbsp;&nbsp; 9na Edici\u00f3n de Noches M\u00e1gicas<\/p>\n\n\n\n<p>26 noviembre&nbsp;&nbsp;&nbsp;&nbsp;&nbsp;&nbsp;&nbsp;&nbsp;&nbsp;&nbsp;&nbsp;&nbsp;&nbsp;&nbsp;&nbsp;&nbsp;&nbsp;&nbsp;&nbsp;&nbsp;&nbsp;&nbsp;&nbsp;&nbsp;&nbsp;&nbsp;&nbsp;&nbsp;&nbsp;&nbsp;&nbsp;&nbsp;&nbsp;&nbsp;&nbsp;&nbsp;&nbsp;&nbsp;&nbsp;&nbsp;&nbsp;&nbsp;&nbsp;&nbsp;&nbsp;&nbsp;&nbsp;&nbsp;&nbsp;&nbsp; 6:00 pm Cine Picnic (cine mexicano)<\/p>\n\n\n\n<p>27 noviembre&nbsp;&nbsp;&nbsp;&nbsp;&nbsp;&nbsp;&nbsp;&nbsp;&nbsp;&nbsp;&nbsp;&nbsp;&nbsp;&nbsp;&nbsp;&nbsp;&nbsp;&nbsp;&nbsp;&nbsp;&nbsp;&nbsp;&nbsp;&nbsp;&nbsp;&nbsp;&nbsp;&nbsp;&nbsp;&nbsp;&nbsp;&nbsp;&nbsp;&nbsp;&nbsp;&nbsp;&nbsp;&nbsp;&nbsp;&nbsp;&nbsp;&nbsp;&nbsp;&nbsp;&nbsp;&nbsp;&nbsp;&nbsp;&nbsp;&nbsp; 1:00 pm Desfile 10mo Aniversario (carros aleg\u00f3ricos<\/p>\n\n\n\n<p>&nbsp;&nbsp;&nbsp;&nbsp;&nbsp;&nbsp;&nbsp;&nbsp;&nbsp;&nbsp;&nbsp;&nbsp;&nbsp;&nbsp;&nbsp;&nbsp;&nbsp;&nbsp;&nbsp;&nbsp;&nbsp;&nbsp;&nbsp;&nbsp;&nbsp;&nbsp;&nbsp;&nbsp;&nbsp;&nbsp;&nbsp;&nbsp;&nbsp;&nbsp;&nbsp;&nbsp;&nbsp;&nbsp;&nbsp;&nbsp;&nbsp;&nbsp;&nbsp;&nbsp;&nbsp;&nbsp;&nbsp;&nbsp;&nbsp;&nbsp;&nbsp;&nbsp;&nbsp;&nbsp;&nbsp;&nbsp;&nbsp;&nbsp;&nbsp;&nbsp;&nbsp;&nbsp;&nbsp;&nbsp;&nbsp;&nbsp;&nbsp;&nbsp;&nbsp;&nbsp;&nbsp;&nbsp; de prestadores de servicios con temas de museo,<\/p>\n\n\n\n<p>&nbsp;&nbsp;&nbsp;&nbsp;&nbsp;&nbsp;&nbsp;&nbsp;&nbsp;&nbsp;&nbsp;&nbsp;&nbsp;&nbsp;&nbsp;&nbsp;&nbsp;&nbsp;&nbsp;&nbsp;&nbsp;&nbsp;&nbsp;&nbsp;&nbsp;&nbsp;&nbsp;&nbsp;&nbsp;&nbsp;&nbsp;&nbsp;&nbsp;&nbsp;&nbsp;&nbsp;&nbsp;&nbsp;&nbsp;&nbsp;&nbsp;&nbsp;&nbsp;&nbsp;&nbsp;&nbsp;&nbsp;&nbsp;&nbsp;&nbsp;&nbsp;&nbsp;&nbsp;&nbsp;&nbsp;&nbsp;&nbsp;&nbsp;&nbsp;&nbsp;&nbsp;&nbsp;&nbsp;&nbsp;&nbsp;&nbsp;&nbsp;&nbsp;&nbsp;&nbsp;&nbsp;&nbsp; hacienda, Nogalera, etc.)<\/p>\n\n\n\n<p>29 noviembre&nbsp;&nbsp;&nbsp;&nbsp;&nbsp;&nbsp;&nbsp;&nbsp;&nbsp;&nbsp;&nbsp;&nbsp;&nbsp;&nbsp;&nbsp;&nbsp;&nbsp;&nbsp;&nbsp;&nbsp;&nbsp;&nbsp;&nbsp;&nbsp;&nbsp;&nbsp;&nbsp;&nbsp;&nbsp;&nbsp;&nbsp;&nbsp;&nbsp;&nbsp;&nbsp;&nbsp;&nbsp;&nbsp;&nbsp;&nbsp;&nbsp;&nbsp;&nbsp;&nbsp;&nbsp;&nbsp;&nbsp;&nbsp;&nbsp;&nbsp; 10:00 am Acto C\u00edvico por Nombramiento de Pueblo<\/p>\n\n\n\n<p>&nbsp;&nbsp;&nbsp;&nbsp;&nbsp;&nbsp;&nbsp;&nbsp;&nbsp;&nbsp;&nbsp;&nbsp;&nbsp;&nbsp;&nbsp;&nbsp;&nbsp;&nbsp;&nbsp;&nbsp;&nbsp;&nbsp;&nbsp;&nbsp;&nbsp;&nbsp;&nbsp;&nbsp;&nbsp;&nbsp;&nbsp;&nbsp;&nbsp;&nbsp;&nbsp;&nbsp;&nbsp;&nbsp;&nbsp;&nbsp;&nbsp;&nbsp;&nbsp;&nbsp;&nbsp;&nbsp;&nbsp;&nbsp;&nbsp;&nbsp;&nbsp;&nbsp;&nbsp;&nbsp;&nbsp;&nbsp;&nbsp;&nbsp;&nbsp;&nbsp;&nbsp;&nbsp;&nbsp;&nbsp;&nbsp;&nbsp;&nbsp;&nbsp;&nbsp;&nbsp;&nbsp;&nbsp; M\u00e1gico. Reconocimiento a ex presidentes del Comit\u00e9<\/p>\n\n\n\n<p>&nbsp;&nbsp;&nbsp;&nbsp;&nbsp;&nbsp;&nbsp;&nbsp;&nbsp;&nbsp;&nbsp;&nbsp;&nbsp;&nbsp;&nbsp;&nbsp;&nbsp;&nbsp;&nbsp;&nbsp;&nbsp;&nbsp;&nbsp;&nbsp;&nbsp;&nbsp;&nbsp;&nbsp;&nbsp;&nbsp;&nbsp;&nbsp;&nbsp;&nbsp;&nbsp;&nbsp;&nbsp;&nbsp;&nbsp;&nbsp;&nbsp;&nbsp;&nbsp;&nbsp;&nbsp;&nbsp;&nbsp;&nbsp;&nbsp;&nbsp;&nbsp;&nbsp;&nbsp;&nbsp;&nbsp;&nbsp;&nbsp;&nbsp;&nbsp;&nbsp;&nbsp;&nbsp;&nbsp;&nbsp;&nbsp;&nbsp;&nbsp;&nbsp;&nbsp;&nbsp;&nbsp;&nbsp; de Pueblo M\u00e1gico de Jalpa de C\u00e1novas<\/p>\n","protected":false},"excerpt":{"rendered":"Kuali\/Pur\u00edsima del Rinc\u00f3n, Gto.- Con el evento el Festival de Noches M\u00e1gicas\u201d, la comunidad de Jalpa de C\u00e1novas celebrar\u00e1 10 a\u00f1os de su nombramiento como Pueblo M\u00e1gico Los festejos comenzar\u00e1n el &nbsp;s\u00e1bado 12 de noviembre con el Festival de Noches M\u00e1gicas, que este a\u00f1o llega a su novena edici\u00f3n. Habr\u00e1 cinco globos aerost\u00e1ticos, m\u00fasica en [&hellip;]","protected":false},"author":2,"featured_media":106401,"comment_status":"open","ping_status":"open","sticky":false,"template":"","format":"standard","meta":{"_seopress_robots_primary_cat":"none","_seopress_titles_title":"","_seopress_titles_desc":"","_seopress_robots_index":"","_monsterinsights_skip_tracking":false,"_monsterinsights_sitenote_active":false,"_monsterinsights_sitenote_note":"","_monsterinsights_sitenote_category":0,"footnotes":""},"categories":[8],"tags":[201,459,1322,595],"class_list":["post-106399","post","type-post","status-publish","format-standard","has-post-thumbnail","hentry","category-espectaculos","tag-cultura","tag-festivales","tag-pueblo-magico","tag-tradiciones"],"yoast_head":"<!-- This site is optimized with the Yoast SEO plugin v27.4 - https:\/\/yoast.com\/product\/yoast-seo-wordpress\/ -->\n<title>CELEBRAR\u00c1 JALPA DE C\u00c1NOVAS 10 A\u00d1OS DE PUEBLO M\u00c1GICO - Kuali<\/title>\n<meta name=\"robots\" content=\"index, follow, max-snippet:-1, max-image-preview:large, max-video-preview:-1\" \/>\n<link rel=\"canonical\" href=\"https:\/\/kuali.com.mx\/web\/2022\/10\/28\/celebrara-jalpa-de-canovas-10-anos-de-pueblo-magico\/\" \/>\n<meta property=\"og:locale\" content=\"es_MX\" \/>\n<meta property=\"og:type\" content=\"article\" \/>\n<meta property=\"og:title\" content=\"CELEBRAR\u00c1 JALPA DE C\u00c1NOVAS 10 A\u00d1OS DE PUEBLO M\u00c1GICO - Kuali\" \/>\n<meta property=\"og:description\" content=\"Kuali\/Pur\u00edsima del Rinc\u00f3n, Gto.- Con el evento el Festival de Noches M\u00e1gicas\u201d, la comunidad de Jalpa de C\u00e1novas celebrar\u00e1 10 a\u00f1os de su nombramiento como Pueblo M\u00e1gico Los festejos comenzar\u00e1n el &nbsp;s\u00e1bado 12 de noviembre con el Festival de Noches M\u00e1gicas, que este a\u00f1o llega a su novena edici\u00f3n. Habr\u00e1 cinco globos aerost\u00e1ticos, m\u00fasica en [&hellip;]\" \/>\n<meta property=\"og:url\" content=\"https:\/\/kuali.com.mx\/web\/2022\/10\/28\/celebrara-jalpa-de-canovas-10-anos-de-pueblo-magico\/\" \/>\n<meta property=\"og:site_name\" content=\"Kuali\" \/>\n<meta property=\"article:publisher\" content=\"https:\/\/kuali.com.mx\/web\/wp-content\/uploads\/2018\/04\/cropped-kuali_logo-1-1.png\" \/>\n<meta property=\"article:published_time\" content=\"2022-10-28T18:10:37+00:00\" \/>\n<meta property=\"article:modified_time\" content=\"2022-10-28T23:43:02+00:00\" \/>\n<meta property=\"og:image\" content=\"https:\/\/kuali.com.mx\/web\/wp-content\/uploads\/2022\/10\/Noches-Magicas_Jalpa.gif\" \/>\n\t<meta property=\"og:image:width\" content=\"1700\" \/>\n\t<meta property=\"og:image:height\" content=\"750\" \/>\n\t<meta property=\"og:image:type\" content=\"image\/gif\" \/>\n<meta name=\"author\" content=\"Kuali Staff\" \/>\n<meta name=\"twitter:card\" content=\"summary_large_image\" \/>\n<meta name=\"twitter:creator\" content=\"@kuali_noticias\" \/>\n<meta name=\"twitter:site\" content=\"@kuali_noticias\" \/>\n<meta name=\"twitter:label1\" content=\"Escrito por\" \/>\n\t<meta name=\"twitter:data1\" content=\"Kuali Staff\" \/>\n\t<meta name=\"twitter:label2\" content=\"Tiempo de lectura\" \/>\n\t<meta name=\"twitter:data2\" content=\"5 minutos\" \/>\n<script type=\"application\/ld+json\" class=\"yoast-schema-graph\">{\"@context\":\"https:\\\/\\\/schema.org\",\"@graph\":[{\"@type\":\"Article\",\"@id\":\"https:\\\/\\\/kuali.com.mx\\\/web\\\/2022\\\/10\\\/28\\\/celebrara-jalpa-de-canovas-10-anos-de-pueblo-magico\\\/#article\",\"isPartOf\":{\"@id\":\"https:\\\/\\\/kuali.com.mx\\\/web\\\/2022\\\/10\\\/28\\\/celebrara-jalpa-de-canovas-10-anos-de-pueblo-magico\\\/\"},\"author\":{\"name\":\"Kuali Staff\",\"@id\":\"https:\\\/\\\/kuali.com.mx\\\/web\\\/#\\\/schema\\\/person\\\/6f89ffa8ecba9dae50662357923c5289\"},\"headline\":\"CELEBRAR\u00c1 JALPA DE C\u00c1NOVAS 10 A\u00d1OS DE PUEBLO M\u00c1GICO\",\"datePublished\":\"2022-10-28T18:10:37+00:00\",\"dateModified\":\"2022-10-28T23:43:02+00:00\",\"mainEntityOfPage\":{\"@id\":\"https:\\\/\\\/kuali.com.mx\\\/web\\\/2022\\\/10\\\/28\\\/celebrara-jalpa-de-canovas-10-anos-de-pueblo-magico\\\/\"},\"wordCount\":982,\"commentCount\":0,\"image\":{\"@id\":\"https:\\\/\\\/kuali.com.mx\\\/web\\\/2022\\\/10\\\/28\\\/celebrara-jalpa-de-canovas-10-anos-de-pueblo-magico\\\/#primaryimage\"},\"thumbnailUrl\":\"https:\\\/\\\/kuali.com.mx\\\/web\\\/wp-content\\\/uploads\\\/2022\\\/10\\\/Noches-Magicas_Jalpa.gif\",\"keywords\":[\"Cultura\",\"Festivales\",\"Pueblo M\u00e1gico\",\"Tradiciones\"],\"articleSection\":[\"Cultura\"],\"inLanguage\":\"es\",\"potentialAction\":[{\"@type\":\"CommentAction\",\"name\":\"Comment\",\"target\":[\"https:\\\/\\\/kuali.com.mx\\\/web\\\/2022\\\/10\\\/28\\\/celebrara-jalpa-de-canovas-10-anos-de-pueblo-magico\\\/#respond\"]}]},{\"@type\":\"WebPage\",\"@id\":\"https:\\\/\\\/kuali.com.mx\\\/web\\\/2022\\\/10\\\/28\\\/celebrara-jalpa-de-canovas-10-anos-de-pueblo-magico\\\/\",\"url\":\"https:\\\/\\\/kuali.com.mx\\\/web\\\/2022\\\/10\\\/28\\\/celebrara-jalpa-de-canovas-10-anos-de-pueblo-magico\\\/\",\"name\":\"CELEBRAR\u00c1 JALPA DE C\u00c1NOVAS 10 A\u00d1OS DE PUEBLO M\u00c1GICO - Kuali\",\"isPartOf\":{\"@id\":\"https:\\\/\\\/kuali.com.mx\\\/web\\\/#website\"},\"primaryImageOfPage\":{\"@id\":\"https:\\\/\\\/kuali.com.mx\\\/web\\\/2022\\\/10\\\/28\\\/celebrara-jalpa-de-canovas-10-anos-de-pueblo-magico\\\/#primaryimage\"},\"image\":{\"@id\":\"https:\\\/\\\/kuali.com.mx\\\/web\\\/2022\\\/10\\\/28\\\/celebrara-jalpa-de-canovas-10-anos-de-pueblo-magico\\\/#primaryimage\"},\"thumbnailUrl\":\"https:\\\/\\\/kuali.com.mx\\\/web\\\/wp-content\\\/uploads\\\/2022\\\/10\\\/Noches-Magicas_Jalpa.gif\",\"datePublished\":\"2022-10-28T18:10:37+00:00\",\"dateModified\":\"2022-10-28T23:43:02+00:00\",\"author\":{\"@id\":\"https:\\\/\\\/kuali.com.mx\\\/web\\\/#\\\/schema\\\/person\\\/6f89ffa8ecba9dae50662357923c5289\"},\"breadcrumb\":{\"@id\":\"https:\\\/\\\/kuali.com.mx\\\/web\\\/2022\\\/10\\\/28\\\/celebrara-jalpa-de-canovas-10-anos-de-pueblo-magico\\\/#breadcrumb\"},\"inLanguage\":\"es\",\"potentialAction\":[{\"@type\":\"ReadAction\",\"target\":[\"https:\\\/\\\/kuali.com.mx\\\/web\\\/2022\\\/10\\\/28\\\/celebrara-jalpa-de-canovas-10-anos-de-pueblo-magico\\\/\"]}]},{\"@type\":\"ImageObject\",\"inLanguage\":\"es\",\"@id\":\"https:\\\/\\\/kuali.com.mx\\\/web\\\/2022\\\/10\\\/28\\\/celebrara-jalpa-de-canovas-10-anos-de-pueblo-magico\\\/#primaryimage\",\"url\":\"https:\\\/\\\/kuali.com.mx\\\/web\\\/wp-content\\\/uploads\\\/2022\\\/10\\\/Noches-Magicas_Jalpa.gif\",\"contentUrl\":\"https:\\\/\\\/kuali.com.mx\\\/web\\\/wp-content\\\/uploads\\\/2022\\\/10\\\/Noches-Magicas_Jalpa.gif\",\"width\":1700,\"height\":750},{\"@type\":\"BreadcrumbList\",\"@id\":\"https:\\\/\\\/kuali.com.mx\\\/web\\\/2022\\\/10\\\/28\\\/celebrara-jalpa-de-canovas-10-anos-de-pueblo-magico\\\/#breadcrumb\",\"itemListElement\":[{\"@type\":\"ListItem\",\"position\":1,\"name\":\"Inicio\",\"item\":\"https:\\\/\\\/kuali.com.mx\\\/web\\\/\"},{\"@type\":\"ListItem\",\"position\":2,\"name\":\"CELEBRAR\u00c1 JALPA DE C\u00c1NOVAS 10 A\u00d1OS DE PUEBLO M\u00c1GICO\"}]},{\"@type\":\"WebSite\",\"@id\":\"https:\\\/\\\/kuali.com.mx\\\/web\\\/#website\",\"url\":\"https:\\\/\\\/kuali.com.mx\\\/web\\\/\",\"name\":\"Kuali\",\"description\":\"\",\"potentialAction\":[{\"@type\":\"SearchAction\",\"target\":{\"@type\":\"EntryPoint\",\"urlTemplate\":\"https:\\\/\\\/kuali.com.mx\\\/web\\\/?s={search_term_string}\"},\"query-input\":{\"@type\":\"PropertyValueSpecification\",\"valueRequired\":true,\"valueName\":\"search_term_string\"}}],\"inLanguage\":\"es\"},{\"@type\":\"Person\",\"@id\":\"https:\\\/\\\/kuali.com.mx\\\/web\\\/#\\\/schema\\\/person\\\/6f89ffa8ecba9dae50662357923c5289\",\"name\":\"Kuali Staff\",\"image\":{\"@type\":\"ImageObject\",\"inLanguage\":\"es\",\"@id\":\"https:\\\/\\\/secure.gravatar.com\\\/avatar\\\/f917ad82e5ab71227a733c78b6e60715476f69ee6be59feee4eb5d9920c89e0f?s=96&d=mm&r=g\",\"url\":\"https:\\\/\\\/secure.gravatar.com\\\/avatar\\\/f917ad82e5ab71227a733c78b6e60715476f69ee6be59feee4eb5d9920c89e0f?s=96&d=mm&r=g\",\"contentUrl\":\"https:\\\/\\\/secure.gravatar.com\\\/avatar\\\/f917ad82e5ab71227a733c78b6e60715476f69ee6be59feee4eb5d9920c89e0f?s=96&d=mm&r=g\",\"caption\":\"Kuali Staff\"},\"url\":\"https:\\\/\\\/kuali.com.mx\\\/web\\\/author\\\/lagarto\\\/\"}]}<\/script>\n<!-- \/ Yoast SEO plugin. -->","yoast_head_json":{"title":"CELEBRAR\u00c1 JALPA DE C\u00c1NOVAS 10 A\u00d1OS DE PUEBLO M\u00c1GICO - Kuali","robots":{"index":"index","follow":"follow","max-snippet":"max-snippet:-1","max-image-preview":"max-image-preview:large","max-video-preview":"max-video-preview:-1"},"canonical":"https:\/\/kuali.com.mx\/web\/2022\/10\/28\/celebrara-jalpa-de-canovas-10-anos-de-pueblo-magico\/","og_locale":"es_MX","og_type":"article","og_title":"CELEBRAR\u00c1 JALPA DE C\u00c1NOVAS 10 A\u00d1OS DE PUEBLO M\u00c1GICO - Kuali","og_description":"Kuali\/Pur\u00edsima del Rinc\u00f3n, Gto.- Con el evento el Festival de Noches M\u00e1gicas\u201d, la comunidad de Jalpa de C\u00e1novas celebrar\u00e1 10 a\u00f1os de su nombramiento como Pueblo M\u00e1gico Los festejos comenzar\u00e1n el &nbsp;s\u00e1bado 12 de noviembre con el Festival de Noches M\u00e1gicas, que este a\u00f1o llega a su novena edici\u00f3n. Habr\u00e1 cinco globos aerost\u00e1ticos, m\u00fasica en [&hellip;]","og_url":"https:\/\/kuali.com.mx\/web\/2022\/10\/28\/celebrara-jalpa-de-canovas-10-anos-de-pueblo-magico\/","og_site_name":"Kuali","article_publisher":"https:\/\/kuali.com.mx\/web\/wp-content\/uploads\/2018\/04\/cropped-kuali_logo-1-1.png","article_published_time":"2022-10-28T18:10:37+00:00","article_modified_time":"2022-10-28T23:43:02+00:00","og_image":[{"width":1700,"height":750,"url":"https:\/\/kuali.com.mx\/web\/wp-content\/uploads\/2022\/10\/Noches-Magicas_Jalpa.gif","type":"image\/gif"}],"author":"Kuali Staff","twitter_card":"summary_large_image","twitter_creator":"@kuali_noticias","twitter_site":"@kuali_noticias","twitter_misc":{"Escrito por":"Kuali Staff","Tiempo de lectura":"5 minutos"},"schema":{"@context":"https:\/\/schema.org","@graph":[{"@type":"Article","@id":"https:\/\/kuali.com.mx\/web\/2022\/10\/28\/celebrara-jalpa-de-canovas-10-anos-de-pueblo-magico\/#article","isPartOf":{"@id":"https:\/\/kuali.com.mx\/web\/2022\/10\/28\/celebrara-jalpa-de-canovas-10-anos-de-pueblo-magico\/"},"author":{"name":"Kuali Staff","@id":"https:\/\/kuali.com.mx\/web\/#\/schema\/person\/6f89ffa8ecba9dae50662357923c5289"},"headline":"CELEBRAR\u00c1 JALPA DE C\u00c1NOVAS 10 A\u00d1OS DE PUEBLO M\u00c1GICO","datePublished":"2022-10-28T18:10:37+00:00","dateModified":"2022-10-28T23:43:02+00:00","mainEntityOfPage":{"@id":"https:\/\/kuali.com.mx\/web\/2022\/10\/28\/celebrara-jalpa-de-canovas-10-anos-de-pueblo-magico\/"},"wordCount":982,"commentCount":0,"image":{"@id":"https:\/\/kuali.com.mx\/web\/2022\/10\/28\/celebrara-jalpa-de-canovas-10-anos-de-pueblo-magico\/#primaryimage"},"thumbnailUrl":"https:\/\/kuali.com.mx\/web\/wp-content\/uploads\/2022\/10\/Noches-Magicas_Jalpa.gif","keywords":["Cultura","Festivales","Pueblo M\u00e1gico","Tradiciones"],"articleSection":["Cultura"],"inLanguage":"es","potentialAction":[{"@type":"CommentAction","name":"Comment","target":["https:\/\/kuali.com.mx\/web\/2022\/10\/28\/celebrara-jalpa-de-canovas-10-anos-de-pueblo-magico\/#respond"]}]},{"@type":"WebPage","@id":"https:\/\/kuali.com.mx\/web\/2022\/10\/28\/celebrara-jalpa-de-canovas-10-anos-de-pueblo-magico\/","url":"https:\/\/kuali.com.mx\/web\/2022\/10\/28\/celebrara-jalpa-de-canovas-10-anos-de-pueblo-magico\/","name":"CELEBRAR\u00c1 JALPA DE C\u00c1NOVAS 10 A\u00d1OS DE PUEBLO M\u00c1GICO - Kuali","isPartOf":{"@id":"https:\/\/kuali.com.mx\/web\/#website"},"primaryImageOfPage":{"@id":"https:\/\/kuali.com.mx\/web\/2022\/10\/28\/celebrara-jalpa-de-canovas-10-anos-de-pueblo-magico\/#primaryimage"},"image":{"@id":"https:\/\/kuali.com.mx\/web\/2022\/10\/28\/celebrara-jalpa-de-canovas-10-anos-de-pueblo-magico\/#primaryimage"},"thumbnailUrl":"https:\/\/kuali.com.mx\/web\/wp-content\/uploads\/2022\/10\/Noches-Magicas_Jalpa.gif","datePublished":"2022-10-28T18:10:37+00:00","dateModified":"2022-10-28T23:43:02+00:00","author":{"@id":"https:\/\/kuali.com.mx\/web\/#\/schema\/person\/6f89ffa8ecba9dae50662357923c5289"},"breadcrumb":{"@id":"https:\/\/kuali.com.mx\/web\/2022\/10\/28\/celebrara-jalpa-de-canovas-10-anos-de-pueblo-magico\/#breadcrumb"},"inLanguage":"es","potentialAction":[{"@type":"ReadAction","target":["https:\/\/kuali.com.mx\/web\/2022\/10\/28\/celebrara-jalpa-de-canovas-10-anos-de-pueblo-magico\/"]}]},{"@type":"ImageObject","inLanguage":"es","@id":"https:\/\/kuali.com.mx\/web\/2022\/10\/28\/celebrara-jalpa-de-canovas-10-anos-de-pueblo-magico\/#primaryimage","url":"https:\/\/kuali.com.mx\/web\/wp-content\/uploads\/2022\/10\/Noches-Magicas_Jalpa.gif","contentUrl":"https:\/\/kuali.com.mx\/web\/wp-content\/uploads\/2022\/10\/Noches-Magicas_Jalpa.gif","width":1700,"height":750},{"@type":"BreadcrumbList","@id":"https:\/\/kuali.com.mx\/web\/2022\/10\/28\/celebrara-jalpa-de-canovas-10-anos-de-pueblo-magico\/#breadcrumb","itemListElement":[{"@type":"ListItem","position":1,"name":"Inicio","item":"https:\/\/kuali.com.mx\/web\/"},{"@type":"ListItem","position":2,"name":"CELEBRAR\u00c1 JALPA DE C\u00c1NOVAS 10 A\u00d1OS DE PUEBLO M\u00c1GICO"}]},{"@type":"WebSite","@id":"https:\/\/kuali.com.mx\/web\/#website","url":"https:\/\/kuali.com.mx\/web\/","name":"Kuali","description":"","potentialAction":[{"@type":"SearchAction","target":{"@type":"EntryPoint","urlTemplate":"https:\/\/kuali.com.mx\/web\/?s={search_term_string}"},"query-input":{"@type":"PropertyValueSpecification","valueRequired":true,"valueName":"search_term_string"}}],"inLanguage":"es"},{"@type":"Person","@id":"https:\/\/kuali.com.mx\/web\/#\/schema\/person\/6f89ffa8ecba9dae50662357923c5289","name":"Kuali Staff","image":{"@type":"ImageObject","inLanguage":"es","@id":"https:\/\/secure.gravatar.com\/avatar\/f917ad82e5ab71227a733c78b6e60715476f69ee6be59feee4eb5d9920c89e0f?s=96&d=mm&r=g","url":"https:\/\/secure.gravatar.com\/avatar\/f917ad82e5ab71227a733c78b6e60715476f69ee6be59feee4eb5d9920c89e0f?s=96&d=mm&r=g","contentUrl":"https:\/\/secure.gravatar.com\/avatar\/f917ad82e5ab71227a733c78b6e60715476f69ee6be59feee4eb5d9920c89e0f?s=96&d=mm&r=g","caption":"Kuali Staff"},"url":"https:\/\/kuali.com.mx\/web\/author\/lagarto\/"}]}},"_links":{"self":[{"href":"https:\/\/kuali.com.mx\/web\/wp-json\/wp\/v2\/posts\/106399","targetHints":{"allow":["GET"]}}],"collection":[{"href":"https:\/\/kuali.com.mx\/web\/wp-json\/wp\/v2\/posts"}],"about":[{"href":"https:\/\/kuali.com.mx\/web\/wp-json\/wp\/v2\/types\/post"}],"author":[{"embeddable":true,"href":"https:\/\/kuali.com.mx\/web\/wp-json\/wp\/v2\/users\/2"}],"replies":[{"embeddable":true,"href":"https:\/\/kuali.com.mx\/web\/wp-json\/wp\/v2\/comments?post=106399"}],"version-history":[{"count":2,"href":"https:\/\/kuali.com.mx\/web\/wp-json\/wp\/v2\/posts\/106399\/revisions"}],"predecessor-version":[{"id":106404,"href":"https:\/\/kuali.com.mx\/web\/wp-json\/wp\/v2\/posts\/106399\/revisions\/106404"}],"wp:featuredmedia":[{"embeddable":true,"href":"https:\/\/kuali.com.mx\/web\/wp-json\/wp\/v2\/media\/106401"}],"wp:attachment":[{"href":"https:\/\/kuali.com.mx\/web\/wp-json\/wp\/v2\/media?parent=106399"}],"wp:term":[{"taxonomy":"category","embeddable":true,"href":"https:\/\/kuali.com.mx\/web\/wp-json\/wp\/v2\/categories?post=106399"},{"taxonomy":"post_tag","embeddable":true,"href":"https:\/\/kuali.com.mx\/web\/wp-json\/wp\/v2\/tags?post=106399"}],"curies":[{"name":"wp","href":"https:\/\/api.w.org\/{rel}","templated":true}]}}