{"id":105769,"date":"2022-10-18T13:00:49","date_gmt":"2022-10-18T19:00:49","guid":{"rendered":"https:\/\/kuali.com.mx\/web\/?p=105769"},"modified":"2022-10-19T10:29:03","modified_gmt":"2022-10-19T16:29:03","slug":"inicia-electrificacion-de-la-comunidad-el-cerrito","status":"publish","type":"post","link":"https:\/\/kuali.com.mx\/web\/2022\/10\/18\/inicia-electrificacion-de-la-comunidad-el-cerrito\/","title":{"rendered":"INICIA ELECTRIFICACI\u00d3N DE LA COMUNIDAD EL CERRITO"},"content":{"rendered":"\n<p><strong><em>Kuali\/Silao, Gto.- <\/em><\/strong>Este martes arrancaron los trabajos de electrificaci\u00f3n de la comunidad El Cerrito con una inversi\u00f3n de m\u00e1s de un mill\u00f3n de pesos en beneficio de m\u00e1s de 150 personas.<\/p>\n\n\n\n<p>El presidente municipal, Carlos Garc\u00eda Villase\u00f1or, dio el banderazo de inicio de la electrificaci\u00f3n de las calles Las Flores y Esperanza, en las que se instalar\u00e1n 16 luminarias LED, 17 piezas de postes de concreto de 12 metros de altura, cuatro piezas de postes de concreto de siete metros de alto y tres transformadores y letreros informativos.<\/p>\n\n\n\n<p>La inversi\u00f3n total es de un mill\u00f3n 321 mil 773 pesos en beneficio de las m\u00e1s de 150 personas que viven en la zona.<\/p>\n\n\n\n<p>El alcalde dijo que su gobierno se caracteriza por atender las peticiones de la ciudadan\u00eda para que \u201ctengan la certeza de que lo que ustedes nos piden se har\u00e1, porque merecen obras de calidad\u201d, y asegur\u00f3 que trabaja en eliminar el retraso que dejaron gobiernos anteriores en las comunidades y la zona urbana.<\/p>\n\n\n\n<p>El delegado de la comunidad El Cerrito, Jos\u00e9 Tom\u00e1s Arriaga Garc\u00eda, agradeci\u00f3 por atender la solicitud y llevar el servicio de electrificaci\u00f3n que ten\u00edan solicitando hace m\u00e1s de tres a\u00f1os.<\/p>\n\n\n\n<p>\u201cHoy gracias a usted este proyecto fue posible, toda mi comunidad le reiteramos nuestro apoyo por trabajar de la mano y le agradecemos que haya tomado en cuenta nuestra petici\u00f3n\u201d, expres\u00f3 el delegado.<\/p>\n","protected":false},"excerpt":{"rendered":"Kuali\/Silao, Gto.- Este martes arrancaron los trabajos de electrificaci\u00f3n de la comunidad El Cerrito con una inversi\u00f3n de m\u00e1s de un mill\u00f3n de pesos en beneficio de m\u00e1s de 150 personas. El presidente municipal, Carlos Garc\u00eda Villase\u00f1or, dio el banderazo de inicio de la electrificaci\u00f3n de las calles Las Flores y Esperanza, en las que [&hellip;]","protected":false},"author":2,"featured_media":105771,"comment_status":"open","ping_status":"open","sticky":false,"template":"","format":"standard","meta":{"_seopress_robots_primary_cat":"none","_seopress_titles_title":"","_seopress_titles_desc":"","_seopress_robots_index":"","_monsterinsights_skip_tracking":false,"_monsterinsights_sitenote_active":false,"_monsterinsights_sitenote_note":"","_monsterinsights_sitenote_category":0,"footnotes":""},"categories":[3],"tags":[1256,392,12],"class_list":["post-105769","post","type-post","status-publish","format-standard","has-post-thumbnail","hentry","category-politica","tag-electrificacion","tag-obra-publica","tag-silao"],"yoast_head":"<!-- This site is optimized with the Yoast SEO plugin v27.4 - https:\/\/yoast.com\/product\/yoast-seo-wordpress\/ -->\n<title>INICIA ELECTRIFICACI\u00d3N DE LA COMUNIDAD EL CERRITO - Kuali<\/title>\n<meta name=\"robots\" content=\"index, follow, max-snippet:-1, max-image-preview:large, max-video-preview:-1\" \/>\n<link rel=\"canonical\" href=\"https:\/\/kuali.com.mx\/web\/2022\/10\/18\/inicia-electrificacion-de-la-comunidad-el-cerrito\/\" \/>\n<meta property=\"og:locale\" content=\"es_MX\" \/>\n<meta property=\"og:type\" content=\"article\" \/>\n<meta property=\"og:title\" content=\"INICIA ELECTRIFICACI\u00d3N DE LA COMUNIDAD EL CERRITO - Kuali\" \/>\n<meta property=\"og:description\" content=\"Kuali\/Silao, Gto.- Este martes arrancaron los trabajos de electrificaci\u00f3n de la comunidad El Cerrito con una inversi\u00f3n de m\u00e1s de un mill\u00f3n de pesos en beneficio de m\u00e1s de 150 personas. El presidente municipal, Carlos Garc\u00eda Villase\u00f1or, dio el banderazo de inicio de la electrificaci\u00f3n de las calles Las Flores y Esperanza, en las que [&hellip;]\" \/>\n<meta property=\"og:url\" content=\"https:\/\/kuali.com.mx\/web\/2022\/10\/18\/inicia-electrificacion-de-la-comunidad-el-cerrito\/\" \/>\n<meta property=\"og:site_name\" content=\"Kuali\" \/>\n<meta property=\"article:publisher\" content=\"https:\/\/kuali.com.mx\/web\/wp-content\/uploads\/2018\/04\/cropped-kuali_logo-1-1.png\" \/>\n<meta property=\"article:published_time\" content=\"2022-10-18T19:00:49+00:00\" \/>\n<meta property=\"article:modified_time\" content=\"2022-10-19T16:29:03+00:00\" \/>\n<meta property=\"og:image\" content=\"https:\/\/kuali.com.mx\/web\/wp-content\/uploads\/2022\/10\/Electrificacion-El-Cerrito.gif\" \/>\n\t<meta property=\"og:image:width\" content=\"1700\" \/>\n\t<meta property=\"og:image:height\" content=\"750\" \/>\n\t<meta property=\"og:image:type\" content=\"image\/gif\" \/>\n<meta name=\"author\" content=\"Kuali Staff\" \/>\n<meta name=\"twitter:card\" content=\"summary_large_image\" \/>\n<meta name=\"twitter:creator\" content=\"@kuali_noticias\" \/>\n<meta name=\"twitter:site\" content=\"@kuali_noticias\" \/>\n<meta name=\"twitter:label1\" content=\"Escrito por\" \/>\n\t<meta name=\"twitter:data1\" content=\"Kuali Staff\" \/>\n\t<meta name=\"twitter:label2\" content=\"Tiempo de lectura\" \/>\n\t<meta name=\"twitter:data2\" content=\"1 minuto\" \/>\n<script type=\"application\/ld+json\" class=\"yoast-schema-graph\">{\"@context\":\"https:\\\/\\\/schema.org\",\"@graph\":[{\"@type\":\"Article\",\"@id\":\"https:\\\/\\\/kuali.com.mx\\\/web\\\/2022\\\/10\\\/18\\\/inicia-electrificacion-de-la-comunidad-el-cerrito\\\/#article\",\"isPartOf\":{\"@id\":\"https:\\\/\\\/kuali.com.mx\\\/web\\\/2022\\\/10\\\/18\\\/inicia-electrificacion-de-la-comunidad-el-cerrito\\\/\"},\"author\":{\"name\":\"Kuali Staff\",\"@id\":\"https:\\\/\\\/kuali.com.mx\\\/web\\\/#\\\/schema\\\/person\\\/6f89ffa8ecba9dae50662357923c5289\"},\"headline\":\"INICIA ELECTRIFICACI\u00d3N DE LA COMUNIDAD EL CERRITO\",\"datePublished\":\"2022-10-18T19:00:49+00:00\",\"dateModified\":\"2022-10-19T16:29:03+00:00\",\"mainEntityOfPage\":{\"@id\":\"https:\\\/\\\/kuali.com.mx\\\/web\\\/2022\\\/10\\\/18\\\/inicia-electrificacion-de-la-comunidad-el-cerrito\\\/\"},\"wordCount\":251,\"commentCount\":0,\"image\":{\"@id\":\"https:\\\/\\\/kuali.com.mx\\\/web\\\/2022\\\/10\\\/18\\\/inicia-electrificacion-de-la-comunidad-el-cerrito\\\/#primaryimage\"},\"thumbnailUrl\":\"https:\\\/\\\/kuali.com.mx\\\/web\\\/wp-content\\\/uploads\\\/2022\\\/10\\\/Electrificacion-El-Cerrito.gif\",\"keywords\":[\"Electrificaci\u00f3n\",\"Obra p\u00fablica\",\"Silao\"],\"articleSection\":[\"Pol\u00edtica\"],\"inLanguage\":\"es\",\"potentialAction\":[{\"@type\":\"CommentAction\",\"name\":\"Comment\",\"target\":[\"https:\\\/\\\/kuali.com.mx\\\/web\\\/2022\\\/10\\\/18\\\/inicia-electrificacion-de-la-comunidad-el-cerrito\\\/#respond\"]}]},{\"@type\":\"WebPage\",\"@id\":\"https:\\\/\\\/kuali.com.mx\\\/web\\\/2022\\\/10\\\/18\\\/inicia-electrificacion-de-la-comunidad-el-cerrito\\\/\",\"url\":\"https:\\\/\\\/kuali.com.mx\\\/web\\\/2022\\\/10\\\/18\\\/inicia-electrificacion-de-la-comunidad-el-cerrito\\\/\",\"name\":\"INICIA ELECTRIFICACI\u00d3N DE LA COMUNIDAD EL CERRITO - Kuali\",\"isPartOf\":{\"@id\":\"https:\\\/\\\/kuali.com.mx\\\/web\\\/#website\"},\"primaryImageOfPage\":{\"@id\":\"https:\\\/\\\/kuali.com.mx\\\/web\\\/2022\\\/10\\\/18\\\/inicia-electrificacion-de-la-comunidad-el-cerrito\\\/#primaryimage\"},\"image\":{\"@id\":\"https:\\\/\\\/kuali.com.mx\\\/web\\\/2022\\\/10\\\/18\\\/inicia-electrificacion-de-la-comunidad-el-cerrito\\\/#primaryimage\"},\"thumbnailUrl\":\"https:\\\/\\\/kuali.com.mx\\\/web\\\/wp-content\\\/uploads\\\/2022\\\/10\\\/Electrificacion-El-Cerrito.gif\",\"datePublished\":\"2022-10-18T19:00:49+00:00\",\"dateModified\":\"2022-10-19T16:29:03+00:00\",\"author\":{\"@id\":\"https:\\\/\\\/kuali.com.mx\\\/web\\\/#\\\/schema\\\/person\\\/6f89ffa8ecba9dae50662357923c5289\"},\"breadcrumb\":{\"@id\":\"https:\\\/\\\/kuali.com.mx\\\/web\\\/2022\\\/10\\\/18\\\/inicia-electrificacion-de-la-comunidad-el-cerrito\\\/#breadcrumb\"},\"inLanguage\":\"es\",\"potentialAction\":[{\"@type\":\"ReadAction\",\"target\":[\"https:\\\/\\\/kuali.com.mx\\\/web\\\/2022\\\/10\\\/18\\\/inicia-electrificacion-de-la-comunidad-el-cerrito\\\/\"]}]},{\"@type\":\"ImageObject\",\"inLanguage\":\"es\",\"@id\":\"https:\\\/\\\/kuali.com.mx\\\/web\\\/2022\\\/10\\\/18\\\/inicia-electrificacion-de-la-comunidad-el-cerrito\\\/#primaryimage\",\"url\":\"https:\\\/\\\/kuali.com.mx\\\/web\\\/wp-content\\\/uploads\\\/2022\\\/10\\\/Electrificacion-El-Cerrito.gif\",\"contentUrl\":\"https:\\\/\\\/kuali.com.mx\\\/web\\\/wp-content\\\/uploads\\\/2022\\\/10\\\/Electrificacion-El-Cerrito.gif\",\"width\":1700,\"height\":750},{\"@type\":\"BreadcrumbList\",\"@id\":\"https:\\\/\\\/kuali.com.mx\\\/web\\\/2022\\\/10\\\/18\\\/inicia-electrificacion-de-la-comunidad-el-cerrito\\\/#breadcrumb\",\"itemListElement\":[{\"@type\":\"ListItem\",\"position\":1,\"name\":\"Inicio\",\"item\":\"https:\\\/\\\/kuali.com.mx\\\/web\\\/\"},{\"@type\":\"ListItem\",\"position\":2,\"name\":\"INICIA ELECTRIFICACI\u00d3N DE LA COMUNIDAD EL CERRITO\"}]},{\"@type\":\"WebSite\",\"@id\":\"https:\\\/\\\/kuali.com.mx\\\/web\\\/#website\",\"url\":\"https:\\\/\\\/kuali.com.mx\\\/web\\\/\",\"name\":\"Kuali\",\"description\":\"\",\"potentialAction\":[{\"@type\":\"SearchAction\",\"target\":{\"@type\":\"EntryPoint\",\"urlTemplate\":\"https:\\\/\\\/kuali.com.mx\\\/web\\\/?s={search_term_string}\"},\"query-input\":{\"@type\":\"PropertyValueSpecification\",\"valueRequired\":true,\"valueName\":\"search_term_string\"}}],\"inLanguage\":\"es\"},{\"@type\":\"Person\",\"@id\":\"https:\\\/\\\/kuali.com.mx\\\/web\\\/#\\\/schema\\\/person\\\/6f89ffa8ecba9dae50662357923c5289\",\"name\":\"Kuali Staff\",\"image\":{\"@type\":\"ImageObject\",\"inLanguage\":\"es\",\"@id\":\"https:\\\/\\\/secure.gravatar.com\\\/avatar\\\/f917ad82e5ab71227a733c78b6e60715476f69ee6be59feee4eb5d9920c89e0f?s=96&d=mm&r=g\",\"url\":\"https:\\\/\\\/secure.gravatar.com\\\/avatar\\\/f917ad82e5ab71227a733c78b6e60715476f69ee6be59feee4eb5d9920c89e0f?s=96&d=mm&r=g\",\"contentUrl\":\"https:\\\/\\\/secure.gravatar.com\\\/avatar\\\/f917ad82e5ab71227a733c78b6e60715476f69ee6be59feee4eb5d9920c89e0f?s=96&d=mm&r=g\",\"caption\":\"Kuali Staff\"},\"url\":\"https:\\\/\\\/kuali.com.mx\\\/web\\\/author\\\/lagarto\\\/\"}]}<\/script>\n<!-- \/ Yoast SEO plugin. -->","yoast_head_json":{"title":"INICIA ELECTRIFICACI\u00d3N DE LA COMUNIDAD EL CERRITO - Kuali","robots":{"index":"index","follow":"follow","max-snippet":"max-snippet:-1","max-image-preview":"max-image-preview:large","max-video-preview":"max-video-preview:-1"},"canonical":"https:\/\/kuali.com.mx\/web\/2022\/10\/18\/inicia-electrificacion-de-la-comunidad-el-cerrito\/","og_locale":"es_MX","og_type":"article","og_title":"INICIA ELECTRIFICACI\u00d3N DE LA COMUNIDAD EL CERRITO - Kuali","og_description":"Kuali\/Silao, Gto.- Este martes arrancaron los trabajos de electrificaci\u00f3n de la comunidad El Cerrito con una inversi\u00f3n de m\u00e1s de un mill\u00f3n de pesos en beneficio de m\u00e1s de 150 personas. El presidente municipal, Carlos Garc\u00eda Villase\u00f1or, dio el banderazo de inicio de la electrificaci\u00f3n de las calles Las Flores y Esperanza, en las que [&hellip;]","og_url":"https:\/\/kuali.com.mx\/web\/2022\/10\/18\/inicia-electrificacion-de-la-comunidad-el-cerrito\/","og_site_name":"Kuali","article_publisher":"https:\/\/kuali.com.mx\/web\/wp-content\/uploads\/2018\/04\/cropped-kuali_logo-1-1.png","article_published_time":"2022-10-18T19:00:49+00:00","article_modified_time":"2022-10-19T16:29:03+00:00","og_image":[{"width":1700,"height":750,"url":"https:\/\/kuali.com.mx\/web\/wp-content\/uploads\/2022\/10\/Electrificacion-El-Cerrito.gif","type":"image\/gif"}],"author":"Kuali Staff","twitter_card":"summary_large_image","twitter_creator":"@kuali_noticias","twitter_site":"@kuali_noticias","twitter_misc":{"Escrito por":"Kuali Staff","Tiempo de lectura":"1 minuto"},"schema":{"@context":"https:\/\/schema.org","@graph":[{"@type":"Article","@id":"https:\/\/kuali.com.mx\/web\/2022\/10\/18\/inicia-electrificacion-de-la-comunidad-el-cerrito\/#article","isPartOf":{"@id":"https:\/\/kuali.com.mx\/web\/2022\/10\/18\/inicia-electrificacion-de-la-comunidad-el-cerrito\/"},"author":{"name":"Kuali Staff","@id":"https:\/\/kuali.com.mx\/web\/#\/schema\/person\/6f89ffa8ecba9dae50662357923c5289"},"headline":"INICIA ELECTRIFICACI\u00d3N DE LA COMUNIDAD EL CERRITO","datePublished":"2022-10-18T19:00:49+00:00","dateModified":"2022-10-19T16:29:03+00:00","mainEntityOfPage":{"@id":"https:\/\/kuali.com.mx\/web\/2022\/10\/18\/inicia-electrificacion-de-la-comunidad-el-cerrito\/"},"wordCount":251,"commentCount":0,"image":{"@id":"https:\/\/kuali.com.mx\/web\/2022\/10\/18\/inicia-electrificacion-de-la-comunidad-el-cerrito\/#primaryimage"},"thumbnailUrl":"https:\/\/kuali.com.mx\/web\/wp-content\/uploads\/2022\/10\/Electrificacion-El-Cerrito.gif","keywords":["Electrificaci\u00f3n","Obra p\u00fablica","Silao"],"articleSection":["Pol\u00edtica"],"inLanguage":"es","potentialAction":[{"@type":"CommentAction","name":"Comment","target":["https:\/\/kuali.com.mx\/web\/2022\/10\/18\/inicia-electrificacion-de-la-comunidad-el-cerrito\/#respond"]}]},{"@type":"WebPage","@id":"https:\/\/kuali.com.mx\/web\/2022\/10\/18\/inicia-electrificacion-de-la-comunidad-el-cerrito\/","url":"https:\/\/kuali.com.mx\/web\/2022\/10\/18\/inicia-electrificacion-de-la-comunidad-el-cerrito\/","name":"INICIA ELECTRIFICACI\u00d3N DE LA COMUNIDAD EL CERRITO - Kuali","isPartOf":{"@id":"https:\/\/kuali.com.mx\/web\/#website"},"primaryImageOfPage":{"@id":"https:\/\/kuali.com.mx\/web\/2022\/10\/18\/inicia-electrificacion-de-la-comunidad-el-cerrito\/#primaryimage"},"image":{"@id":"https:\/\/kuali.com.mx\/web\/2022\/10\/18\/inicia-electrificacion-de-la-comunidad-el-cerrito\/#primaryimage"},"thumbnailUrl":"https:\/\/kuali.com.mx\/web\/wp-content\/uploads\/2022\/10\/Electrificacion-El-Cerrito.gif","datePublished":"2022-10-18T19:00:49+00:00","dateModified":"2022-10-19T16:29:03+00:00","author":{"@id":"https:\/\/kuali.com.mx\/web\/#\/schema\/person\/6f89ffa8ecba9dae50662357923c5289"},"breadcrumb":{"@id":"https:\/\/kuali.com.mx\/web\/2022\/10\/18\/inicia-electrificacion-de-la-comunidad-el-cerrito\/#breadcrumb"},"inLanguage":"es","potentialAction":[{"@type":"ReadAction","target":["https:\/\/kuali.com.mx\/web\/2022\/10\/18\/inicia-electrificacion-de-la-comunidad-el-cerrito\/"]}]},{"@type":"ImageObject","inLanguage":"es","@id":"https:\/\/kuali.com.mx\/web\/2022\/10\/18\/inicia-electrificacion-de-la-comunidad-el-cerrito\/#primaryimage","url":"https:\/\/kuali.com.mx\/web\/wp-content\/uploads\/2022\/10\/Electrificacion-El-Cerrito.gif","contentUrl":"https:\/\/kuali.com.mx\/web\/wp-content\/uploads\/2022\/10\/Electrificacion-El-Cerrito.gif","width":1700,"height":750},{"@type":"BreadcrumbList","@id":"https:\/\/kuali.com.mx\/web\/2022\/10\/18\/inicia-electrificacion-de-la-comunidad-el-cerrito\/#breadcrumb","itemListElement":[{"@type":"ListItem","position":1,"name":"Inicio","item":"https:\/\/kuali.com.mx\/web\/"},{"@type":"ListItem","position":2,"name":"INICIA ELECTRIFICACI\u00d3N DE LA COMUNIDAD EL CERRITO"}]},{"@type":"WebSite","@id":"https:\/\/kuali.com.mx\/web\/#website","url":"https:\/\/kuali.com.mx\/web\/","name":"Kuali","description":"","potentialAction":[{"@type":"SearchAction","target":{"@type":"EntryPoint","urlTemplate":"https:\/\/kuali.com.mx\/web\/?s={search_term_string}"},"query-input":{"@type":"PropertyValueSpecification","valueRequired":true,"valueName":"search_term_string"}}],"inLanguage":"es"},{"@type":"Person","@id":"https:\/\/kuali.com.mx\/web\/#\/schema\/person\/6f89ffa8ecba9dae50662357923c5289","name":"Kuali Staff","image":{"@type":"ImageObject","inLanguage":"es","@id":"https:\/\/secure.gravatar.com\/avatar\/f917ad82e5ab71227a733c78b6e60715476f69ee6be59feee4eb5d9920c89e0f?s=96&d=mm&r=g","url":"https:\/\/secure.gravatar.com\/avatar\/f917ad82e5ab71227a733c78b6e60715476f69ee6be59feee4eb5d9920c89e0f?s=96&d=mm&r=g","contentUrl":"https:\/\/secure.gravatar.com\/avatar\/f917ad82e5ab71227a733c78b6e60715476f69ee6be59feee4eb5d9920c89e0f?s=96&d=mm&r=g","caption":"Kuali Staff"},"url":"https:\/\/kuali.com.mx\/web\/author\/lagarto\/"}]}},"_links":{"self":[{"href":"https:\/\/kuali.com.mx\/web\/wp-json\/wp\/v2\/posts\/105769","targetHints":{"allow":["GET"]}}],"collection":[{"href":"https:\/\/kuali.com.mx\/web\/wp-json\/wp\/v2\/posts"}],"about":[{"href":"https:\/\/kuali.com.mx\/web\/wp-json\/wp\/v2\/types\/post"}],"author":[{"embeddable":true,"href":"https:\/\/kuali.com.mx\/web\/wp-json\/wp\/v2\/users\/2"}],"replies":[{"embeddable":true,"href":"https:\/\/kuali.com.mx\/web\/wp-json\/wp\/v2\/comments?post=105769"}],"version-history":[{"count":3,"href":"https:\/\/kuali.com.mx\/web\/wp-json\/wp\/v2\/posts\/105769\/revisions"}],"predecessor-version":[{"id":105781,"href":"https:\/\/kuali.com.mx\/web\/wp-json\/wp\/v2\/posts\/105769\/revisions\/105781"}],"wp:featuredmedia":[{"embeddable":true,"href":"https:\/\/kuali.com.mx\/web\/wp-json\/wp\/v2\/media\/105771"}],"wp:attachment":[{"href":"https:\/\/kuali.com.mx\/web\/wp-json\/wp\/v2\/media?parent=105769"}],"wp:term":[{"taxonomy":"category","embeddable":true,"href":"https:\/\/kuali.com.mx\/web\/wp-json\/wp\/v2\/categories?post=105769"},{"taxonomy":"post_tag","embeddable":true,"href":"https:\/\/kuali.com.mx\/web\/wp-json\/wp\/v2\/tags?post=105769"}],"curies":[{"name":"wp","href":"https:\/\/api.w.org\/{rel}","templated":true}]}}