{"id":105068,"date":"2022-10-06T13:58:32","date_gmt":"2022-10-06T19:58:32","guid":{"rendered":"https:\/\/kuali.com.mx\/web\/?p=105068"},"modified":"2022-10-06T17:46:16","modified_gmt":"2022-10-06T23:46:16","slug":"sin-pena-ni-gloria-la-gestion-de-tatiana-clouthier-cem","status":"publish","type":"post","link":"https:\/\/kuali.com.mx\/web\/2022\/10\/06\/sin-pena-ni-gloria-la-gestion-de-tatiana-clouthier-cem\/","title":{"rendered":"\u201cSIN PENA NI GLORIA\u201d LA GESTI\u00d3N DE TATIANA CLOUTHIER: CEM"},"content":{"rendered":"\n<p><strong><em>Alicia Arias\/Ciudad de M\u00e9xico.- <\/em><\/strong>En una fuerte cr\u00edtica a la hoy ex secretaria de Econom\u00eda del gobierno federal, Tatiana Clouthier Carrillo, el Consejo Empresarial Mexicano (CEM) dijo que es funcionaria paso \u201csin pena ni gloria\u201d.<\/p>\n\n\n\n<p>La hija del extinto l\u00edder panista Manuel J. Couthier no dur\u00f3 ni nueve meses al frente de la Secretar\u00eda de Econom\u00eda (SE), donde se dedic\u00f3 \u201ca actuar como florero, adem\u00e1s de influir indebidamente en los procesos electivos de las dos confederaciones empresariales del pa\u00eds, cancelando as\u00ed la necesidad de democracia y de transparencia ante las c\u00e1maras y los afiliados, imponiendo l\u00edderes afines para evitar as\u00ed posturas cr\u00edticas y rompiendo la unidad empresarial en estos sectores\u201d, acus\u00f3 en un comunicado de prensa el consejo empresarial.<\/p>\n\n\n\n<p>Al asegurar que su padre jam\u00e1s hubiera colaborado con el actual r\u00e9gimen de gobierno, la c\u00fapula empresarial se\u00f1ala que \u201calgo de dignidad muestra Tatiana, al menos al renunciar ahora, a un cargo para el que no estaba capacitada. Su tiempo en la SE pas\u00f3 sin pena ni gloria\u201d.<\/p>\n\n\n\n<p>En cuanto a las atribuciones org\u00e1nicas como titular de esta dependencia su desempe\u00f1o fue gris, como en el caso de la vigilancia del cumplimiento de las reglas del T-MEC, \u201csiendo arbitrariamente desplazada por la secretaria de Energ\u00eda, Roc\u00edo Nahle Garc\u00eda, quien opuestamente opera como multi-ministra de ramos econ\u00f3micos y de manera discrecional. En cuanto a la atenci\u00f3n al sector empresarial se neg\u00f3, en m\u00e1s de una vez a dialogar, y a escuchar&nbsp; los verdaderos empresarios que son fuente de la generaci\u00f3n de empleos del pa\u00eds\u201d, se se\u00f1ala en el comunicado del CEM, que agrupa c\u00e1maras de comercio, asociaciones de profesionistas y de empresarios.<\/p>\n\n\n\n<p>El organismo empresarial dijo que espera que el o la siguiente titular de esta relevante dependencia, comprenda a totalidad la necesidad de crear pol\u00edticas econ\u00f3micas eficaces para que nuestro pa\u00eds no siga perdiendo posici\u00f3n competitiva mundial, aceptando que es la iniciativa privada con sus millones de empresas y sus tecnolog\u00edas las que produzcan los bienes y servicios, los empleos y la riqueza econ\u00f3mica general que el pa\u00eds requiere con urgencia para el desarrollo de su poblaci\u00f3n.<\/p>\n\n\n\n<p>El pa\u00eds necesita funcionarios capaces, con trayectoria profesional y oficio pol\u00edtico comprobado para enfrentar los retos que la econom\u00eda internacional y local demandan de un funcionario de este nivel, pues no basta con que sean honestos y buenas personas, ya que deben ser eficaces en sus atribuciones y uso de sus facultades org\u00e1nicas.<\/p>\n\n\n\n<p>\"Esperamos que el pr\u00f3ximo Secretari@ de Econom\u00eda sea alguien que aporte a M\u00e9xico, la estrategia y capacidad para manejar el T- MEC y evitar confrontarse de manera innecesaria con nuestros socios comerciales, ya que esto podr\u00eda costarle caro a nuestro pa\u00eds\u201d, advierten los integrantes del CEM.<\/p>\n\n\n\n<p>\u201cSeguramente la ex funcionaria federal pasar\u00e1 a la historia como alguien que NO pudo, NO quiso o NO supo hacer las cosas que M\u00e9xico requer\u00eda en una posici\u00f3n de esa naturaleza, es decir, sin pena ni gloria\u201d; concluye el comunicado.<\/p>\n","protected":false},"excerpt":{"rendered":"Alicia Arias\/Ciudad de M\u00e9xico.- En una fuerte cr\u00edtica a la hoy ex secretaria de Econom\u00eda del gobierno federal, Tatiana Clouthier Carrillo, el Consejo Empresarial Mexicano (CEM) dijo que es funcionaria paso \u201csin pena ni gloria\u201d. La hija del extinto l\u00edder panista Manuel J. Couthier no dur\u00f3 ni nueve meses al frente de la Secretar\u00eda de [&hellip;]","protected":false},"author":2,"featured_media":105072,"comment_status":"open","ping_status":"open","sticky":false,"template":"","format":"standard","meta":{"_seopress_robots_primary_cat":"none","_seopress_titles_title":"","_seopress_titles_desc":"","_seopress_robots_index":"","_monsterinsights_skip_tracking":false,"_monsterinsights_sitenote_active":false,"_monsterinsights_sitenote_note":"","_monsterinsights_sitenote_category":0,"footnotes":""},"categories":[701,3],"tags":[207,1178,1180,1179],"class_list":["post-105068","post","type-post","status-publish","format-standard","has-post-thumbnail","hentry","category-economia","category-politica","tag-economia","tag-gobierno-federal","tag-renuncias","tag-tatiana-cloutier"],"yoast_head":"<!-- This site is optimized with the Yoast SEO plugin v27.4 - https:\/\/yoast.com\/product\/yoast-seo-wordpress\/ -->\n<title>\u201cSIN PENA NI GLORIA\u201d LA GESTI\u00d3N DE TATIANA CLOUTHIER: CEM - Kuali<\/title>\n<meta name=\"robots\" content=\"index, follow, max-snippet:-1, max-image-preview:large, max-video-preview:-1\" \/>\n<link rel=\"canonical\" href=\"https:\/\/kuali.com.mx\/web\/2022\/10\/06\/sin-pena-ni-gloria-la-gestion-de-tatiana-clouthier-cem\/\" \/>\n<meta property=\"og:locale\" content=\"es_MX\" \/>\n<meta property=\"og:type\" content=\"article\" \/>\n<meta property=\"og:title\" content=\"\u201cSIN PENA NI GLORIA\u201d LA GESTI\u00d3N DE TATIANA CLOUTHIER: CEM - Kuali\" \/>\n<meta property=\"og:description\" content=\"Alicia Arias\/Ciudad de M\u00e9xico.- En una fuerte cr\u00edtica a la hoy ex secretaria de Econom\u00eda del gobierno federal, Tatiana Clouthier Carrillo, el Consejo Empresarial Mexicano (CEM) dijo que es funcionaria paso \u201csin pena ni gloria\u201d. La hija del extinto l\u00edder panista Manuel J. Couthier no dur\u00f3 ni nueve meses al frente de la Secretar\u00eda de [&hellip;]\" \/>\n<meta property=\"og:url\" content=\"https:\/\/kuali.com.mx\/web\/2022\/10\/06\/sin-pena-ni-gloria-la-gestion-de-tatiana-clouthier-cem\/\" \/>\n<meta property=\"og:site_name\" content=\"Kuali\" \/>\n<meta property=\"article:publisher\" content=\"https:\/\/kuali.com.mx\/web\/wp-content\/uploads\/2018\/04\/cropped-kuali_logo-1-1.png\" \/>\n<meta property=\"article:published_time\" content=\"2022-10-06T19:58:32+00:00\" \/>\n<meta property=\"article:modified_time\" content=\"2022-10-06T23:46:16+00:00\" \/>\n<meta property=\"og:image\" content=\"https:\/\/kuali.com.mx\/web\/wp-content\/uploads\/2022\/10\/Tatiana-Clouthier-en-Leon.gif\" \/>\n\t<meta property=\"og:image:width\" content=\"1800\" \/>\n\t<meta property=\"og:image:height\" content=\"750\" \/>\n\t<meta property=\"og:image:type\" content=\"image\/gif\" \/>\n<meta name=\"author\" content=\"Kuali Staff\" \/>\n<meta name=\"twitter:card\" content=\"summary_large_image\" \/>\n<meta name=\"twitter:creator\" content=\"@kuali_noticias\" \/>\n<meta name=\"twitter:site\" content=\"@kuali_noticias\" \/>\n<meta name=\"twitter:label1\" content=\"Escrito por\" \/>\n\t<meta name=\"twitter:data1\" content=\"Kuali Staff\" \/>\n\t<meta name=\"twitter:label2\" content=\"Tiempo de lectura\" \/>\n\t<meta name=\"twitter:data2\" content=\"3 minutos\" \/>\n<script type=\"application\/ld+json\" class=\"yoast-schema-graph\">{\"@context\":\"https:\\\/\\\/schema.org\",\"@graph\":[{\"@type\":\"Article\",\"@id\":\"https:\\\/\\\/kuali.com.mx\\\/web\\\/2022\\\/10\\\/06\\\/sin-pena-ni-gloria-la-gestion-de-tatiana-clouthier-cem\\\/#article\",\"isPartOf\":{\"@id\":\"https:\\\/\\\/kuali.com.mx\\\/web\\\/2022\\\/10\\\/06\\\/sin-pena-ni-gloria-la-gestion-de-tatiana-clouthier-cem\\\/\"},\"author\":{\"name\":\"Kuali Staff\",\"@id\":\"https:\\\/\\\/kuali.com.mx\\\/web\\\/#\\\/schema\\\/person\\\/6f89ffa8ecba9dae50662357923c5289\"},\"headline\":\"\u201cSIN PENA NI GLORIA\u201d LA GESTI\u00d3N DE TATIANA CLOUTHIER: CEM\",\"datePublished\":\"2022-10-06T19:58:32+00:00\",\"dateModified\":\"2022-10-06T23:46:16+00:00\",\"mainEntityOfPage\":{\"@id\":\"https:\\\/\\\/kuali.com.mx\\\/web\\\/2022\\\/10\\\/06\\\/sin-pena-ni-gloria-la-gestion-de-tatiana-clouthier-cem\\\/\"},\"wordCount\":546,\"commentCount\":0,\"image\":{\"@id\":\"https:\\\/\\\/kuali.com.mx\\\/web\\\/2022\\\/10\\\/06\\\/sin-pena-ni-gloria-la-gestion-de-tatiana-clouthier-cem\\\/#primaryimage\"},\"thumbnailUrl\":\"https:\\\/\\\/kuali.com.mx\\\/web\\\/wp-content\\\/uploads\\\/2022\\\/10\\\/Tatiana-Clouthier-en-Leon.gif\",\"keywords\":[\"Econom\u00eda\",\"Gobierno federal\",\"Renuncias\",\"Tatiana Cloutier\"],\"articleSection\":[\"Econom\u00eda\",\"Pol\u00edtica\"],\"inLanguage\":\"es\",\"potentialAction\":[{\"@type\":\"CommentAction\",\"name\":\"Comment\",\"target\":[\"https:\\\/\\\/kuali.com.mx\\\/web\\\/2022\\\/10\\\/06\\\/sin-pena-ni-gloria-la-gestion-de-tatiana-clouthier-cem\\\/#respond\"]}]},{\"@type\":\"WebPage\",\"@id\":\"https:\\\/\\\/kuali.com.mx\\\/web\\\/2022\\\/10\\\/06\\\/sin-pena-ni-gloria-la-gestion-de-tatiana-clouthier-cem\\\/\",\"url\":\"https:\\\/\\\/kuali.com.mx\\\/web\\\/2022\\\/10\\\/06\\\/sin-pena-ni-gloria-la-gestion-de-tatiana-clouthier-cem\\\/\",\"name\":\"\u201cSIN PENA NI GLORIA\u201d LA GESTI\u00d3N DE TATIANA CLOUTHIER: CEM - Kuali\",\"isPartOf\":{\"@id\":\"https:\\\/\\\/kuali.com.mx\\\/web\\\/#website\"},\"primaryImageOfPage\":{\"@id\":\"https:\\\/\\\/kuali.com.mx\\\/web\\\/2022\\\/10\\\/06\\\/sin-pena-ni-gloria-la-gestion-de-tatiana-clouthier-cem\\\/#primaryimage\"},\"image\":{\"@id\":\"https:\\\/\\\/kuali.com.mx\\\/web\\\/2022\\\/10\\\/06\\\/sin-pena-ni-gloria-la-gestion-de-tatiana-clouthier-cem\\\/#primaryimage\"},\"thumbnailUrl\":\"https:\\\/\\\/kuali.com.mx\\\/web\\\/wp-content\\\/uploads\\\/2022\\\/10\\\/Tatiana-Clouthier-en-Leon.gif\",\"datePublished\":\"2022-10-06T19:58:32+00:00\",\"dateModified\":\"2022-10-06T23:46:16+00:00\",\"author\":{\"@id\":\"https:\\\/\\\/kuali.com.mx\\\/web\\\/#\\\/schema\\\/person\\\/6f89ffa8ecba9dae50662357923c5289\"},\"breadcrumb\":{\"@id\":\"https:\\\/\\\/kuali.com.mx\\\/web\\\/2022\\\/10\\\/06\\\/sin-pena-ni-gloria-la-gestion-de-tatiana-clouthier-cem\\\/#breadcrumb\"},\"inLanguage\":\"es\",\"potentialAction\":[{\"@type\":\"ReadAction\",\"target\":[\"https:\\\/\\\/kuali.com.mx\\\/web\\\/2022\\\/10\\\/06\\\/sin-pena-ni-gloria-la-gestion-de-tatiana-clouthier-cem\\\/\"]}]},{\"@type\":\"ImageObject\",\"inLanguage\":\"es\",\"@id\":\"https:\\\/\\\/kuali.com.mx\\\/web\\\/2022\\\/10\\\/06\\\/sin-pena-ni-gloria-la-gestion-de-tatiana-clouthier-cem\\\/#primaryimage\",\"url\":\"https:\\\/\\\/kuali.com.mx\\\/web\\\/wp-content\\\/uploads\\\/2022\\\/10\\\/Tatiana-Clouthier-en-Leon.gif\",\"contentUrl\":\"https:\\\/\\\/kuali.com.mx\\\/web\\\/wp-content\\\/uploads\\\/2022\\\/10\\\/Tatiana-Clouthier-en-Leon.gif\",\"width\":1800,\"height\":750},{\"@type\":\"BreadcrumbList\",\"@id\":\"https:\\\/\\\/kuali.com.mx\\\/web\\\/2022\\\/10\\\/06\\\/sin-pena-ni-gloria-la-gestion-de-tatiana-clouthier-cem\\\/#breadcrumb\",\"itemListElement\":[{\"@type\":\"ListItem\",\"position\":1,\"name\":\"Inicio\",\"item\":\"https:\\\/\\\/kuali.com.mx\\\/web\\\/\"},{\"@type\":\"ListItem\",\"position\":2,\"name\":\"\u201cSIN PENA NI GLORIA\u201d LA GESTI\u00d3N DE TATIANA CLOUTHIER: CEM\"}]},{\"@type\":\"WebSite\",\"@id\":\"https:\\\/\\\/kuali.com.mx\\\/web\\\/#website\",\"url\":\"https:\\\/\\\/kuali.com.mx\\\/web\\\/\",\"name\":\"Kuali\",\"description\":\"\",\"potentialAction\":[{\"@type\":\"SearchAction\",\"target\":{\"@type\":\"EntryPoint\",\"urlTemplate\":\"https:\\\/\\\/kuali.com.mx\\\/web\\\/?s={search_term_string}\"},\"query-input\":{\"@type\":\"PropertyValueSpecification\",\"valueRequired\":true,\"valueName\":\"search_term_string\"}}],\"inLanguage\":\"es\"},{\"@type\":\"Person\",\"@id\":\"https:\\\/\\\/kuali.com.mx\\\/web\\\/#\\\/schema\\\/person\\\/6f89ffa8ecba9dae50662357923c5289\",\"name\":\"Kuali Staff\",\"image\":{\"@type\":\"ImageObject\",\"inLanguage\":\"es\",\"@id\":\"https:\\\/\\\/secure.gravatar.com\\\/avatar\\\/f917ad82e5ab71227a733c78b6e60715476f69ee6be59feee4eb5d9920c89e0f?s=96&d=mm&r=g\",\"url\":\"https:\\\/\\\/secure.gravatar.com\\\/avatar\\\/f917ad82e5ab71227a733c78b6e60715476f69ee6be59feee4eb5d9920c89e0f?s=96&d=mm&r=g\",\"contentUrl\":\"https:\\\/\\\/secure.gravatar.com\\\/avatar\\\/f917ad82e5ab71227a733c78b6e60715476f69ee6be59feee4eb5d9920c89e0f?s=96&d=mm&r=g\",\"caption\":\"Kuali Staff\"},\"url\":\"https:\\\/\\\/kuali.com.mx\\\/web\\\/author\\\/lagarto\\\/\"}]}<\/script>\n<!-- \/ Yoast SEO plugin. -->","yoast_head_json":{"title":"\u201cSIN PENA NI GLORIA\u201d LA GESTI\u00d3N DE TATIANA CLOUTHIER: CEM - Kuali","robots":{"index":"index","follow":"follow","max-snippet":"max-snippet:-1","max-image-preview":"max-image-preview:large","max-video-preview":"max-video-preview:-1"},"canonical":"https:\/\/kuali.com.mx\/web\/2022\/10\/06\/sin-pena-ni-gloria-la-gestion-de-tatiana-clouthier-cem\/","og_locale":"es_MX","og_type":"article","og_title":"\u201cSIN PENA NI GLORIA\u201d LA GESTI\u00d3N DE TATIANA CLOUTHIER: CEM - Kuali","og_description":"Alicia Arias\/Ciudad de M\u00e9xico.- En una fuerte cr\u00edtica a la hoy ex secretaria de Econom\u00eda del gobierno federal, Tatiana Clouthier Carrillo, el Consejo Empresarial Mexicano (CEM) dijo que es funcionaria paso \u201csin pena ni gloria\u201d. La hija del extinto l\u00edder panista Manuel J. Couthier no dur\u00f3 ni nueve meses al frente de la Secretar\u00eda de [&hellip;]","og_url":"https:\/\/kuali.com.mx\/web\/2022\/10\/06\/sin-pena-ni-gloria-la-gestion-de-tatiana-clouthier-cem\/","og_site_name":"Kuali","article_publisher":"https:\/\/kuali.com.mx\/web\/wp-content\/uploads\/2018\/04\/cropped-kuali_logo-1-1.png","article_published_time":"2022-10-06T19:58:32+00:00","article_modified_time":"2022-10-06T23:46:16+00:00","og_image":[{"width":1800,"height":750,"url":"https:\/\/kuali.com.mx\/web\/wp-content\/uploads\/2022\/10\/Tatiana-Clouthier-en-Leon.gif","type":"image\/gif"}],"author":"Kuali Staff","twitter_card":"summary_large_image","twitter_creator":"@kuali_noticias","twitter_site":"@kuali_noticias","twitter_misc":{"Escrito por":"Kuali Staff","Tiempo de lectura":"3 minutos"},"schema":{"@context":"https:\/\/schema.org","@graph":[{"@type":"Article","@id":"https:\/\/kuali.com.mx\/web\/2022\/10\/06\/sin-pena-ni-gloria-la-gestion-de-tatiana-clouthier-cem\/#article","isPartOf":{"@id":"https:\/\/kuali.com.mx\/web\/2022\/10\/06\/sin-pena-ni-gloria-la-gestion-de-tatiana-clouthier-cem\/"},"author":{"name":"Kuali Staff","@id":"https:\/\/kuali.com.mx\/web\/#\/schema\/person\/6f89ffa8ecba9dae50662357923c5289"},"headline":"\u201cSIN PENA NI GLORIA\u201d LA GESTI\u00d3N DE TATIANA CLOUTHIER: CEM","datePublished":"2022-10-06T19:58:32+00:00","dateModified":"2022-10-06T23:46:16+00:00","mainEntityOfPage":{"@id":"https:\/\/kuali.com.mx\/web\/2022\/10\/06\/sin-pena-ni-gloria-la-gestion-de-tatiana-clouthier-cem\/"},"wordCount":546,"commentCount":0,"image":{"@id":"https:\/\/kuali.com.mx\/web\/2022\/10\/06\/sin-pena-ni-gloria-la-gestion-de-tatiana-clouthier-cem\/#primaryimage"},"thumbnailUrl":"https:\/\/kuali.com.mx\/web\/wp-content\/uploads\/2022\/10\/Tatiana-Clouthier-en-Leon.gif","keywords":["Econom\u00eda","Gobierno federal","Renuncias","Tatiana Cloutier"],"articleSection":["Econom\u00eda","Pol\u00edtica"],"inLanguage":"es","potentialAction":[{"@type":"CommentAction","name":"Comment","target":["https:\/\/kuali.com.mx\/web\/2022\/10\/06\/sin-pena-ni-gloria-la-gestion-de-tatiana-clouthier-cem\/#respond"]}]},{"@type":"WebPage","@id":"https:\/\/kuali.com.mx\/web\/2022\/10\/06\/sin-pena-ni-gloria-la-gestion-de-tatiana-clouthier-cem\/","url":"https:\/\/kuali.com.mx\/web\/2022\/10\/06\/sin-pena-ni-gloria-la-gestion-de-tatiana-clouthier-cem\/","name":"\u201cSIN PENA NI GLORIA\u201d LA GESTI\u00d3N DE TATIANA CLOUTHIER: CEM - Kuali","isPartOf":{"@id":"https:\/\/kuali.com.mx\/web\/#website"},"primaryImageOfPage":{"@id":"https:\/\/kuali.com.mx\/web\/2022\/10\/06\/sin-pena-ni-gloria-la-gestion-de-tatiana-clouthier-cem\/#primaryimage"},"image":{"@id":"https:\/\/kuali.com.mx\/web\/2022\/10\/06\/sin-pena-ni-gloria-la-gestion-de-tatiana-clouthier-cem\/#primaryimage"},"thumbnailUrl":"https:\/\/kuali.com.mx\/web\/wp-content\/uploads\/2022\/10\/Tatiana-Clouthier-en-Leon.gif","datePublished":"2022-10-06T19:58:32+00:00","dateModified":"2022-10-06T23:46:16+00:00","author":{"@id":"https:\/\/kuali.com.mx\/web\/#\/schema\/person\/6f89ffa8ecba9dae50662357923c5289"},"breadcrumb":{"@id":"https:\/\/kuali.com.mx\/web\/2022\/10\/06\/sin-pena-ni-gloria-la-gestion-de-tatiana-clouthier-cem\/#breadcrumb"},"inLanguage":"es","potentialAction":[{"@type":"ReadAction","target":["https:\/\/kuali.com.mx\/web\/2022\/10\/06\/sin-pena-ni-gloria-la-gestion-de-tatiana-clouthier-cem\/"]}]},{"@type":"ImageObject","inLanguage":"es","@id":"https:\/\/kuali.com.mx\/web\/2022\/10\/06\/sin-pena-ni-gloria-la-gestion-de-tatiana-clouthier-cem\/#primaryimage","url":"https:\/\/kuali.com.mx\/web\/wp-content\/uploads\/2022\/10\/Tatiana-Clouthier-en-Leon.gif","contentUrl":"https:\/\/kuali.com.mx\/web\/wp-content\/uploads\/2022\/10\/Tatiana-Clouthier-en-Leon.gif","width":1800,"height":750},{"@type":"BreadcrumbList","@id":"https:\/\/kuali.com.mx\/web\/2022\/10\/06\/sin-pena-ni-gloria-la-gestion-de-tatiana-clouthier-cem\/#breadcrumb","itemListElement":[{"@type":"ListItem","position":1,"name":"Inicio","item":"https:\/\/kuali.com.mx\/web\/"},{"@type":"ListItem","position":2,"name":"\u201cSIN PENA NI GLORIA\u201d LA GESTI\u00d3N DE TATIANA CLOUTHIER: CEM"}]},{"@type":"WebSite","@id":"https:\/\/kuali.com.mx\/web\/#website","url":"https:\/\/kuali.com.mx\/web\/","name":"Kuali","description":"","potentialAction":[{"@type":"SearchAction","target":{"@type":"EntryPoint","urlTemplate":"https:\/\/kuali.com.mx\/web\/?s={search_term_string}"},"query-input":{"@type":"PropertyValueSpecification","valueRequired":true,"valueName":"search_term_string"}}],"inLanguage":"es"},{"@type":"Person","@id":"https:\/\/kuali.com.mx\/web\/#\/schema\/person\/6f89ffa8ecba9dae50662357923c5289","name":"Kuali Staff","image":{"@type":"ImageObject","inLanguage":"es","@id":"https:\/\/secure.gravatar.com\/avatar\/f917ad82e5ab71227a733c78b6e60715476f69ee6be59feee4eb5d9920c89e0f?s=96&d=mm&r=g","url":"https:\/\/secure.gravatar.com\/avatar\/f917ad82e5ab71227a733c78b6e60715476f69ee6be59feee4eb5d9920c89e0f?s=96&d=mm&r=g","contentUrl":"https:\/\/secure.gravatar.com\/avatar\/f917ad82e5ab71227a733c78b6e60715476f69ee6be59feee4eb5d9920c89e0f?s=96&d=mm&r=g","caption":"Kuali Staff"},"url":"https:\/\/kuali.com.mx\/web\/author\/lagarto\/"}]}},"_links":{"self":[{"href":"https:\/\/kuali.com.mx\/web\/wp-json\/wp\/v2\/posts\/105068","targetHints":{"allow":["GET"]}}],"collection":[{"href":"https:\/\/kuali.com.mx\/web\/wp-json\/wp\/v2\/posts"}],"about":[{"href":"https:\/\/kuali.com.mx\/web\/wp-json\/wp\/v2\/types\/post"}],"author":[{"embeddable":true,"href":"https:\/\/kuali.com.mx\/web\/wp-json\/wp\/v2\/users\/2"}],"replies":[{"embeddable":true,"href":"https:\/\/kuali.com.mx\/web\/wp-json\/wp\/v2\/comments?post=105068"}],"version-history":[{"count":1,"href":"https:\/\/kuali.com.mx\/web\/wp-json\/wp\/v2\/posts\/105068\/revisions"}],"predecessor-version":[{"id":105073,"href":"https:\/\/kuali.com.mx\/web\/wp-json\/wp\/v2\/posts\/105068\/revisions\/105073"}],"wp:featuredmedia":[{"embeddable":true,"href":"https:\/\/kuali.com.mx\/web\/wp-json\/wp\/v2\/media\/105072"}],"wp:attachment":[{"href":"https:\/\/kuali.com.mx\/web\/wp-json\/wp\/v2\/media?parent=105068"}],"wp:term":[{"taxonomy":"category","embeddable":true,"href":"https:\/\/kuali.com.mx\/web\/wp-json\/wp\/v2\/categories?post=105068"},{"taxonomy":"post_tag","embeddable":true,"href":"https:\/\/kuali.com.mx\/web\/wp-json\/wp\/v2\/tags?post=105068"}],"curies":[{"name":"wp","href":"https:\/\/api.w.org\/{rel}","templated":true}]}}