{"id":105052,"date":"2022-10-06T14:00:04","date_gmt":"2022-10-06T20:00:04","guid":{"rendered":"https:\/\/kuali.com.mx\/web\/?p=105052"},"modified":"2022-10-06T15:44:31","modified_gmt":"2022-10-06T21:44:31","slug":"renuncia-clouthier-a-la-secretaria-de-economia","status":"publish","type":"post","link":"https:\/\/kuali.com.mx\/web\/2022\/10\/06\/renuncia-clouthier-a-la-secretaria-de-economia\/","title":{"rendered":"RENUNCIA CLOUTHIER A LA SECRETAR\u00cdA DE ECONOM\u00cdA"},"content":{"rendered":"\n<p><strong><em>La Jornada\/Ciudad de M\u00e9xico.-<\/em><\/strong> En la conferencia de prensa en Palacio Nacional, Tatiana Clouthier anunci\u00f3 su salida como Secretaria de Econom\u00eda. \u201cUno debe saber, como en el juego, cu\u00e1ndo retirarse\u201d, dijo la ahora ex funcionaria con voz entrecortada y casi en llanto, al detallar que \u201cse pasa a la porra\u201d para seguir apoyando la cuarta transformaci\u00f3n porque \u201cmi oportunidad de aportarle al equipo est\u00e1 agotada\u201d.<\/p>\n\n\n\n<p>Por su parte, el presidente Andr\u00e9s Manuel L\u00f3pez Obrador expuso que al recibir el escrito de Clouthier sobre su decisi\u00f3n, la respeta, e \u201cinsistimos para que se quedara pero es una mujer con convicciones, con criterio y ha tomado esta decisi\u00f3n de dejar la secretar\u00eda de Econom\u00eda\u201d.<\/p>\n\n\n\n<p>La salida de Clouthier se dio a conocer en la conferencia de prensa \u201cpara agradecerle mucho por su contribuci\u00f3n y apoyo, no puede ella salir por la puerta de atr\u00e1s. Nos ha apoyado\u201d, agreg\u00f3 el mandatario, quien afirm\u00f3 que ella \u201cseguir\u00e1 con sus convicciones defendiendo la justicia e impulsando el desarrollo democr\u00e1tico de nuestro pa\u00eds\u201d.<\/p>\n\n\n\n<p>Clouthier, tras agradecer al presidente \u201cla oportunidad de caminar\u201d a su lado en la cuarta transformaci\u00f3n, sostuvo que \u201cme toc\u00f3 ser invitada a jugar en las ligas mayores. Conocer el pa\u00eds, representarlo, jugar en distintas posiciones sudando la camiseta\u201d.<\/p>\n\n\n\n<p>\u201cNo obstante, uno debe saber, como en el juego, cuando retirarse. Estoy segura que no hay posici\u00f3n m\u00e1s importante que otra, pues hasta en el p\u00fablico y la porra uno tiene un papel fundamental para animar siempre a los jugadores. Como lo platicamos desde el 26 de julio y lo reiter\u00e9 el 9 de septiembre, mi oportunidad de aportarle al equipo est\u00e1 agotada; me paso a la porra, desde donde seguir\u00e1 con \u00e1nimo al equipo\u201d.<\/p>\n\n\n\n<p>Fue en ese momento cuando su voz se entrecort\u00f3, y apunt\u00f3 que \u201cla revoluci\u00f3n de las conciencias no permite dejar de involucrarnos en el quehacer del pa\u00eds.<\/p>\n\n\n\n<p>\u201cQuisiera decir mucho m\u00e1s, sin embargo, lo \u00fanico que sale de mi boca y coraz\u00f3n es gracias. Gracias una ocasi\u00f3n m\u00e1s por ense\u00f1arme a apreciar la diferencia como un espacio de respeto, de di\u00e1logo, de crecimiento, y por dejarme poner mis capacidades al servicio de la patria. Sobre todo por mostrarme que, cuando de servir se trata, no hay cansancio, enfermedad o barrera que no se pueda superar\u201d.<\/p>\n\n\n\n<p>Le expres\u00f3 que en esta semana acudi\u00f3 tres veces a la \u201cma\u00f1anera, y ya no pod\u00eda. T\u00fa llevas haciendo mucho tiempo\u201d.<\/p>\n\n\n\n<p>\u201cMe voy con la mano tendida, la puerta de mi casa siempre abierta y el coraz\u00f3n receptivo para ti y para Beatriz\u201d, concluy\u00f3.<\/p>\n\n\n\n<p>Mientras ella se acerc\u00f3 a abrazar al mandatario, el tabasque\u00f1o le respondi\u00f3 con aplausos.<\/p>\n\n\n\n<p>Salida por asunto personal<br>En la conferencia matutina, luego que se insisti\u00f3 al Presidente por los motivos de la salida de la ahora ex secretaria de Econom\u00eda, L\u00f3pez Obrador se\u00f1al\u00f3 que \u201ccomo ella misma lo explic\u00f3, es un asunto personal, y lo que vamos a hacer es difundir la carta, subirla. Tatiana, ya lo dije, es una mujer con principios y recta, y con criterios. Si fuesen otras razones lo hubiese manifestado\".<\/p>\n\n\n\n<p>Al Presidente se le expuso que a s\u00f3lo unos minutos del anuncio, en redes sociales se destacaba que no le correspondi\u00f3 el abrazo a Clouthier. Recalc\u00f3 que no se dio cuenta de ello, y advirti\u00f3 \u201cvan a inventar todo. Ya ella da a conocer los motivos, la queremos mucho, la respetamos mucho, lo que ya expres\u00e9, nuestros adversarios no van a estar conformes con nada. Si yo, no s\u00e9 por qu\u00e9 hacen tanto coraje viendo la ma\u00f1anera, es una especie de masoquismo. Si les molesta tanto, pues que no se vayan a enfermar, tienen ellos derecho a actuar con libertad\u201d.<\/p>\n\n\n\n<p>Tambi\u00e9n descart\u00f3 que fuera por su posici\u00f3n en la participaci\u00f3n de las fuerzas armadas en labores de seguridad, y dijo que han platicado de su salida desde julio. A la vez, rechaz\u00f3 que hubo alguna diferencia. \u201cElla dijo: hasta aqu\u00ed. Yo no me enojo\u201d.<\/p>\n\n\n\n<p>Por respeto a la ex integrante de su gabinete, adelant\u00f3 que esperar\u00e1n hasta el viernes para dar a conocer qui\u00e9n va a sustituirla. \u201cHoy no era conveniente, precisamente por respeto a ella. Hoy la idea era hacerle un homenaje pero ya lo tomaron de otro manera, seg\u00fan me est\u00e1n comentado, en las redes sociales, pero no todos\u201d.<\/p>\n\n\n\n<p>Adem\u00e1s, en el marco de las discusiones dentro del T-MEC sobre las diferencias con Estados Unidos sobre la pol\u00edtica en el sector el\u00e9ctrico en M\u00e9xico, el jefe del Ejecutivo federal se dijo abierto al di\u00e1logo, y adujo que no buscan de fondo que el pa\u00eds cambie dicha pol\u00edtica.<\/p>\n\n\n\n<p>Ponder\u00f3 que \u201cme han aclarado, el mismo secretario de Estado, que no tienen ellos intenciones de cambiar leyes porque no les corresponde, son leyes nuestras, y somos un pa\u00eds independiente, libre y soberano\u201d.<\/p>\n\n\n\n<p>Refrend\u00f3 que el presidente Joe Biden es respetuoso de la soberan\u00eda mexicana, y consider\u00f3 que \u00e9l \u201cno es hip\u00f3crita, no es un doble discurso que me ponga eso en una carta y est\u00e9 queriendo modificar la ley el\u00e9ctrica de M\u00e9xico. No, eso es un invento de nuestros adversarios conservadores, es incre\u00edble que sean m\u00e1s antimexicanos que los extranjeros\u201d.<\/p>\n\n\n\n<p>Consultado sobre los trascendidos que perfilan que en esta discusi\u00f3n hay quienes buscan que concluya su gobierno para dialogar con el equipo de quien ocupe la presidencia en el siguiente gobierno, neg\u00f3 que se trate de ello, ya que \u201cVa a ser muy probable que yo sea fresa en comparaci\u00f3n a los que puedan quedar, mujeres u hombres, porque yo estoy muy moderado\u201d.<\/p>\n\n\n\n<p>Tras anunciar su renuncia como Secretaria de Econom\u00eda, Clouthier dej\u00f3 Palacio Nacional mientras a\u00fan continuaba la conferencia de prensa en el Sal\u00f3n Tesorer\u00eda.<\/p>\n\n\n\n<p>Sin detenerse ante las preguntas de reporteras sobre sus motivos, dijo que \u201cno hay nada abrupto\u201d en su salida, y s\u00f3lo a\u00f1adi\u00f3 que \u201cya dije lo que ten\u00eda que decir\u201d.<\/p>\n\n\n\n<p>Un grupo de manifestantes se le acerc\u00f3 para pedirle su gesti\u00f3n antes sus demandas. \u201cSomos ex trabajadores del INEGI, tenemos problemas desde hace 24 a\u00f1os\u201d. Clouthier les respondi\u00f3: \u201cYa no trabajo en el gobierno\u201d, y se apresur\u00f3 a subir a un autom\u00f3vil.<\/p>\n\n\n\n<p><\/p>\n","protected":false},"excerpt":{"rendered":"La Jornada\/Ciudad de M\u00e9xico.- En la conferencia de prensa en Palacio Nacional, Tatiana Clouthier anunci\u00f3 su salida como Secretaria de Econom\u00eda. \u201cUno debe saber, como en el juego, cu\u00e1ndo retirarse\u201d, dijo la ahora ex funcionaria con voz entrecortada y casi en llanto, al detallar que \u201cse pasa a la porra\u201d para seguir apoyando la cuarta [&hellip;]","protected":false},"author":2,"featured_media":40301,"comment_status":"open","ping_status":"open","sticky":false,"template":"","format":"standard","meta":{"_seopress_robots_primary_cat":"none","_seopress_titles_title":"","_seopress_titles_desc":"","_seopress_robots_index":"","_monsterinsights_skip_tracking":false,"_monsterinsights_sitenote_active":false,"_monsterinsights_sitenote_note":"","_monsterinsights_sitenote_category":0,"footnotes":""},"categories":[3],"tags":[],"class_list":["post-105052","post","type-post","status-publish","format-standard","has-post-thumbnail","hentry","category-politica"],"yoast_head":"<!-- This site is optimized with the Yoast SEO plugin v27.4 - https:\/\/yoast.com\/product\/yoast-seo-wordpress\/ -->\n<title>RENUNCIA CLOUTHIER A LA SECRETAR\u00cdA DE ECONOM\u00cdA - Kuali<\/title>\n<meta name=\"robots\" content=\"index, follow, max-snippet:-1, max-image-preview:large, max-video-preview:-1\" \/>\n<link rel=\"canonical\" href=\"https:\/\/kuali.com.mx\/web\/2022\/10\/06\/renuncia-clouthier-a-la-secretaria-de-economia\/\" \/>\n<meta property=\"og:locale\" content=\"es_MX\" \/>\n<meta property=\"og:type\" content=\"article\" \/>\n<meta property=\"og:title\" content=\"RENUNCIA CLOUTHIER A LA SECRETAR\u00cdA DE ECONOM\u00cdA - Kuali\" \/>\n<meta property=\"og:description\" content=\"La Jornada\/Ciudad de M\u00e9xico.- En la conferencia de prensa en Palacio Nacional, Tatiana Clouthier anunci\u00f3 su salida como Secretaria de Econom\u00eda. \u201cUno debe saber, como en el juego, cu\u00e1ndo retirarse\u201d, dijo la ahora ex funcionaria con voz entrecortada y casi en llanto, al detallar que \u201cse pasa a la porra\u201d para seguir apoyando la cuarta [&hellip;]\" \/>\n<meta property=\"og:url\" content=\"https:\/\/kuali.com.mx\/web\/2022\/10\/06\/renuncia-clouthier-a-la-secretaria-de-economia\/\" \/>\n<meta property=\"og:site_name\" content=\"Kuali\" \/>\n<meta property=\"article:publisher\" content=\"https:\/\/kuali.com.mx\/web\/wp-content\/uploads\/2018\/04\/cropped-kuali_logo-1-1.png\" \/>\n<meta property=\"article:published_time\" content=\"2022-10-06T20:00:04+00:00\" \/>\n<meta property=\"article:modified_time\" content=\"2022-10-06T21:44:31+00:00\" \/>\n<meta property=\"og:image\" content=\"https:\/\/kuali.com.mx\/web\/wp-content\/uploads\/2018\/06\/Tatiana-Clouthier.jpg\" \/>\n\t<meta property=\"og:image:width\" content=\"1900\" \/>\n\t<meta property=\"og:image:height\" content=\"768\" \/>\n\t<meta property=\"og:image:type\" content=\"image\/jpeg\" \/>\n<meta name=\"author\" content=\"Kuali Staff\" \/>\n<meta name=\"twitter:card\" content=\"summary_large_image\" \/>\n<meta name=\"twitter:creator\" content=\"@kuali_noticias\" \/>\n<meta name=\"twitter:site\" content=\"@kuali_noticias\" \/>\n<meta name=\"twitter:label1\" content=\"Escrito por\" \/>\n\t<meta name=\"twitter:data1\" content=\"Kuali Staff\" \/>\n\t<meta name=\"twitter:label2\" content=\"Tiempo de lectura\" \/>\n\t<meta name=\"twitter:data2\" content=\"5 minutos\" \/>\n<script type=\"application\/ld+json\" class=\"yoast-schema-graph\">{\"@context\":\"https:\\\/\\\/schema.org\",\"@graph\":[{\"@type\":\"Article\",\"@id\":\"https:\\\/\\\/kuali.com.mx\\\/web\\\/2022\\\/10\\\/06\\\/renuncia-clouthier-a-la-secretaria-de-economia\\\/#article\",\"isPartOf\":{\"@id\":\"https:\\\/\\\/kuali.com.mx\\\/web\\\/2022\\\/10\\\/06\\\/renuncia-clouthier-a-la-secretaria-de-economia\\\/\"},\"author\":{\"name\":\"Kuali Staff\",\"@id\":\"https:\\\/\\\/kuali.com.mx\\\/web\\\/#\\\/schema\\\/person\\\/6f89ffa8ecba9dae50662357923c5289\"},\"headline\":\"RENUNCIA CLOUTHIER A LA SECRETAR\u00cdA DE ECONOM\u00cdA\",\"datePublished\":\"2022-10-06T20:00:04+00:00\",\"dateModified\":\"2022-10-06T21:44:31+00:00\",\"mainEntityOfPage\":{\"@id\":\"https:\\\/\\\/kuali.com.mx\\\/web\\\/2022\\\/10\\\/06\\\/renuncia-clouthier-a-la-secretaria-de-economia\\\/\"},\"wordCount\":1080,\"commentCount\":0,\"image\":{\"@id\":\"https:\\\/\\\/kuali.com.mx\\\/web\\\/2022\\\/10\\\/06\\\/renuncia-clouthier-a-la-secretaria-de-economia\\\/#primaryimage\"},\"thumbnailUrl\":\"https:\\\/\\\/kuali.com.mx\\\/web\\\/wp-content\\\/uploads\\\/2018\\\/06\\\/Tatiana-Clouthier.jpg\",\"articleSection\":[\"Pol\u00edtica\"],\"inLanguage\":\"es\",\"potentialAction\":[{\"@type\":\"CommentAction\",\"name\":\"Comment\",\"target\":[\"https:\\\/\\\/kuali.com.mx\\\/web\\\/2022\\\/10\\\/06\\\/renuncia-clouthier-a-la-secretaria-de-economia\\\/#respond\"]}]},{\"@type\":\"WebPage\",\"@id\":\"https:\\\/\\\/kuali.com.mx\\\/web\\\/2022\\\/10\\\/06\\\/renuncia-clouthier-a-la-secretaria-de-economia\\\/\",\"url\":\"https:\\\/\\\/kuali.com.mx\\\/web\\\/2022\\\/10\\\/06\\\/renuncia-clouthier-a-la-secretaria-de-economia\\\/\",\"name\":\"RENUNCIA CLOUTHIER A LA SECRETAR\u00cdA DE ECONOM\u00cdA - Kuali\",\"isPartOf\":{\"@id\":\"https:\\\/\\\/kuali.com.mx\\\/web\\\/#website\"},\"primaryImageOfPage\":{\"@id\":\"https:\\\/\\\/kuali.com.mx\\\/web\\\/2022\\\/10\\\/06\\\/renuncia-clouthier-a-la-secretaria-de-economia\\\/#primaryimage\"},\"image\":{\"@id\":\"https:\\\/\\\/kuali.com.mx\\\/web\\\/2022\\\/10\\\/06\\\/renuncia-clouthier-a-la-secretaria-de-economia\\\/#primaryimage\"},\"thumbnailUrl\":\"https:\\\/\\\/kuali.com.mx\\\/web\\\/wp-content\\\/uploads\\\/2018\\\/06\\\/Tatiana-Clouthier.jpg\",\"datePublished\":\"2022-10-06T20:00:04+00:00\",\"dateModified\":\"2022-10-06T21:44:31+00:00\",\"author\":{\"@id\":\"https:\\\/\\\/kuali.com.mx\\\/web\\\/#\\\/schema\\\/person\\\/6f89ffa8ecba9dae50662357923c5289\"},\"breadcrumb\":{\"@id\":\"https:\\\/\\\/kuali.com.mx\\\/web\\\/2022\\\/10\\\/06\\\/renuncia-clouthier-a-la-secretaria-de-economia\\\/#breadcrumb\"},\"inLanguage\":\"es\",\"potentialAction\":[{\"@type\":\"ReadAction\",\"target\":[\"https:\\\/\\\/kuali.com.mx\\\/web\\\/2022\\\/10\\\/06\\\/renuncia-clouthier-a-la-secretaria-de-economia\\\/\"]}]},{\"@type\":\"ImageObject\",\"inLanguage\":\"es\",\"@id\":\"https:\\\/\\\/kuali.com.mx\\\/web\\\/2022\\\/10\\\/06\\\/renuncia-clouthier-a-la-secretaria-de-economia\\\/#primaryimage\",\"url\":\"https:\\\/\\\/kuali.com.mx\\\/web\\\/wp-content\\\/uploads\\\/2018\\\/06\\\/Tatiana-Clouthier.jpg\",\"contentUrl\":\"https:\\\/\\\/kuali.com.mx\\\/web\\\/wp-content\\\/uploads\\\/2018\\\/06\\\/Tatiana-Clouthier.jpg\",\"width\":1900,\"height\":768},{\"@type\":\"BreadcrumbList\",\"@id\":\"https:\\\/\\\/kuali.com.mx\\\/web\\\/2022\\\/10\\\/06\\\/renuncia-clouthier-a-la-secretaria-de-economia\\\/#breadcrumb\",\"itemListElement\":[{\"@type\":\"ListItem\",\"position\":1,\"name\":\"Inicio\",\"item\":\"https:\\\/\\\/kuali.com.mx\\\/web\\\/\"},{\"@type\":\"ListItem\",\"position\":2,\"name\":\"RENUNCIA CLOUTHIER A LA SECRETAR\u00cdA DE ECONOM\u00cdA\"}]},{\"@type\":\"WebSite\",\"@id\":\"https:\\\/\\\/kuali.com.mx\\\/web\\\/#website\",\"url\":\"https:\\\/\\\/kuali.com.mx\\\/web\\\/\",\"name\":\"Kuali\",\"description\":\"\",\"potentialAction\":[{\"@type\":\"SearchAction\",\"target\":{\"@type\":\"EntryPoint\",\"urlTemplate\":\"https:\\\/\\\/kuali.com.mx\\\/web\\\/?s={search_term_string}\"},\"query-input\":{\"@type\":\"PropertyValueSpecification\",\"valueRequired\":true,\"valueName\":\"search_term_string\"}}],\"inLanguage\":\"es\"},{\"@type\":\"Person\",\"@id\":\"https:\\\/\\\/kuali.com.mx\\\/web\\\/#\\\/schema\\\/person\\\/6f89ffa8ecba9dae50662357923c5289\",\"name\":\"Kuali Staff\",\"image\":{\"@type\":\"ImageObject\",\"inLanguage\":\"es\",\"@id\":\"https:\\\/\\\/secure.gravatar.com\\\/avatar\\\/f917ad82e5ab71227a733c78b6e60715476f69ee6be59feee4eb5d9920c89e0f?s=96&d=mm&r=g\",\"url\":\"https:\\\/\\\/secure.gravatar.com\\\/avatar\\\/f917ad82e5ab71227a733c78b6e60715476f69ee6be59feee4eb5d9920c89e0f?s=96&d=mm&r=g\",\"contentUrl\":\"https:\\\/\\\/secure.gravatar.com\\\/avatar\\\/f917ad82e5ab71227a733c78b6e60715476f69ee6be59feee4eb5d9920c89e0f?s=96&d=mm&r=g\",\"caption\":\"Kuali Staff\"},\"url\":\"https:\\\/\\\/kuali.com.mx\\\/web\\\/author\\\/lagarto\\\/\"}]}<\/script>\n<!-- \/ Yoast SEO plugin. -->","yoast_head_json":{"title":"RENUNCIA CLOUTHIER A LA SECRETAR\u00cdA DE ECONOM\u00cdA - Kuali","robots":{"index":"index","follow":"follow","max-snippet":"max-snippet:-1","max-image-preview":"max-image-preview:large","max-video-preview":"max-video-preview:-1"},"canonical":"https:\/\/kuali.com.mx\/web\/2022\/10\/06\/renuncia-clouthier-a-la-secretaria-de-economia\/","og_locale":"es_MX","og_type":"article","og_title":"RENUNCIA CLOUTHIER A LA SECRETAR\u00cdA DE ECONOM\u00cdA - Kuali","og_description":"La Jornada\/Ciudad de M\u00e9xico.- En la conferencia de prensa en Palacio Nacional, Tatiana Clouthier anunci\u00f3 su salida como Secretaria de Econom\u00eda. \u201cUno debe saber, como en el juego, cu\u00e1ndo retirarse\u201d, dijo la ahora ex funcionaria con voz entrecortada y casi en llanto, al detallar que \u201cse pasa a la porra\u201d para seguir apoyando la cuarta [&hellip;]","og_url":"https:\/\/kuali.com.mx\/web\/2022\/10\/06\/renuncia-clouthier-a-la-secretaria-de-economia\/","og_site_name":"Kuali","article_publisher":"https:\/\/kuali.com.mx\/web\/wp-content\/uploads\/2018\/04\/cropped-kuali_logo-1-1.png","article_published_time":"2022-10-06T20:00:04+00:00","article_modified_time":"2022-10-06T21:44:31+00:00","og_image":[{"width":1900,"height":768,"url":"https:\/\/kuali.com.mx\/web\/wp-content\/uploads\/2018\/06\/Tatiana-Clouthier.jpg","type":"image\/jpeg"}],"author":"Kuali Staff","twitter_card":"summary_large_image","twitter_creator":"@kuali_noticias","twitter_site":"@kuali_noticias","twitter_misc":{"Escrito por":"Kuali Staff","Tiempo de lectura":"5 minutos"},"schema":{"@context":"https:\/\/schema.org","@graph":[{"@type":"Article","@id":"https:\/\/kuali.com.mx\/web\/2022\/10\/06\/renuncia-clouthier-a-la-secretaria-de-economia\/#article","isPartOf":{"@id":"https:\/\/kuali.com.mx\/web\/2022\/10\/06\/renuncia-clouthier-a-la-secretaria-de-economia\/"},"author":{"name":"Kuali Staff","@id":"https:\/\/kuali.com.mx\/web\/#\/schema\/person\/6f89ffa8ecba9dae50662357923c5289"},"headline":"RENUNCIA CLOUTHIER A LA SECRETAR\u00cdA DE ECONOM\u00cdA","datePublished":"2022-10-06T20:00:04+00:00","dateModified":"2022-10-06T21:44:31+00:00","mainEntityOfPage":{"@id":"https:\/\/kuali.com.mx\/web\/2022\/10\/06\/renuncia-clouthier-a-la-secretaria-de-economia\/"},"wordCount":1080,"commentCount":0,"image":{"@id":"https:\/\/kuali.com.mx\/web\/2022\/10\/06\/renuncia-clouthier-a-la-secretaria-de-economia\/#primaryimage"},"thumbnailUrl":"https:\/\/kuali.com.mx\/web\/wp-content\/uploads\/2018\/06\/Tatiana-Clouthier.jpg","articleSection":["Pol\u00edtica"],"inLanguage":"es","potentialAction":[{"@type":"CommentAction","name":"Comment","target":["https:\/\/kuali.com.mx\/web\/2022\/10\/06\/renuncia-clouthier-a-la-secretaria-de-economia\/#respond"]}]},{"@type":"WebPage","@id":"https:\/\/kuali.com.mx\/web\/2022\/10\/06\/renuncia-clouthier-a-la-secretaria-de-economia\/","url":"https:\/\/kuali.com.mx\/web\/2022\/10\/06\/renuncia-clouthier-a-la-secretaria-de-economia\/","name":"RENUNCIA CLOUTHIER A LA SECRETAR\u00cdA DE ECONOM\u00cdA - Kuali","isPartOf":{"@id":"https:\/\/kuali.com.mx\/web\/#website"},"primaryImageOfPage":{"@id":"https:\/\/kuali.com.mx\/web\/2022\/10\/06\/renuncia-clouthier-a-la-secretaria-de-economia\/#primaryimage"},"image":{"@id":"https:\/\/kuali.com.mx\/web\/2022\/10\/06\/renuncia-clouthier-a-la-secretaria-de-economia\/#primaryimage"},"thumbnailUrl":"https:\/\/kuali.com.mx\/web\/wp-content\/uploads\/2018\/06\/Tatiana-Clouthier.jpg","datePublished":"2022-10-06T20:00:04+00:00","dateModified":"2022-10-06T21:44:31+00:00","author":{"@id":"https:\/\/kuali.com.mx\/web\/#\/schema\/person\/6f89ffa8ecba9dae50662357923c5289"},"breadcrumb":{"@id":"https:\/\/kuali.com.mx\/web\/2022\/10\/06\/renuncia-clouthier-a-la-secretaria-de-economia\/#breadcrumb"},"inLanguage":"es","potentialAction":[{"@type":"ReadAction","target":["https:\/\/kuali.com.mx\/web\/2022\/10\/06\/renuncia-clouthier-a-la-secretaria-de-economia\/"]}]},{"@type":"ImageObject","inLanguage":"es","@id":"https:\/\/kuali.com.mx\/web\/2022\/10\/06\/renuncia-clouthier-a-la-secretaria-de-economia\/#primaryimage","url":"https:\/\/kuali.com.mx\/web\/wp-content\/uploads\/2018\/06\/Tatiana-Clouthier.jpg","contentUrl":"https:\/\/kuali.com.mx\/web\/wp-content\/uploads\/2018\/06\/Tatiana-Clouthier.jpg","width":1900,"height":768},{"@type":"BreadcrumbList","@id":"https:\/\/kuali.com.mx\/web\/2022\/10\/06\/renuncia-clouthier-a-la-secretaria-de-economia\/#breadcrumb","itemListElement":[{"@type":"ListItem","position":1,"name":"Inicio","item":"https:\/\/kuali.com.mx\/web\/"},{"@type":"ListItem","position":2,"name":"RENUNCIA CLOUTHIER A LA SECRETAR\u00cdA DE ECONOM\u00cdA"}]},{"@type":"WebSite","@id":"https:\/\/kuali.com.mx\/web\/#website","url":"https:\/\/kuali.com.mx\/web\/","name":"Kuali","description":"","potentialAction":[{"@type":"SearchAction","target":{"@type":"EntryPoint","urlTemplate":"https:\/\/kuali.com.mx\/web\/?s={search_term_string}"},"query-input":{"@type":"PropertyValueSpecification","valueRequired":true,"valueName":"search_term_string"}}],"inLanguage":"es"},{"@type":"Person","@id":"https:\/\/kuali.com.mx\/web\/#\/schema\/person\/6f89ffa8ecba9dae50662357923c5289","name":"Kuali Staff","image":{"@type":"ImageObject","inLanguage":"es","@id":"https:\/\/secure.gravatar.com\/avatar\/f917ad82e5ab71227a733c78b6e60715476f69ee6be59feee4eb5d9920c89e0f?s=96&d=mm&r=g","url":"https:\/\/secure.gravatar.com\/avatar\/f917ad82e5ab71227a733c78b6e60715476f69ee6be59feee4eb5d9920c89e0f?s=96&d=mm&r=g","contentUrl":"https:\/\/secure.gravatar.com\/avatar\/f917ad82e5ab71227a733c78b6e60715476f69ee6be59feee4eb5d9920c89e0f?s=96&d=mm&r=g","caption":"Kuali Staff"},"url":"https:\/\/kuali.com.mx\/web\/author\/lagarto\/"}]}},"_links":{"self":[{"href":"https:\/\/kuali.com.mx\/web\/wp-json\/wp\/v2\/posts\/105052","targetHints":{"allow":["GET"]}}],"collection":[{"href":"https:\/\/kuali.com.mx\/web\/wp-json\/wp\/v2\/posts"}],"about":[{"href":"https:\/\/kuali.com.mx\/web\/wp-json\/wp\/v2\/types\/post"}],"author":[{"embeddable":true,"href":"https:\/\/kuali.com.mx\/web\/wp-json\/wp\/v2\/users\/2"}],"replies":[{"embeddable":true,"href":"https:\/\/kuali.com.mx\/web\/wp-json\/wp\/v2\/comments?post=105052"}],"version-history":[{"count":1,"href":"https:\/\/kuali.com.mx\/web\/wp-json\/wp\/v2\/posts\/105052\/revisions"}],"predecessor-version":[{"id":105054,"href":"https:\/\/kuali.com.mx\/web\/wp-json\/wp\/v2\/posts\/105052\/revisions\/105054"}],"wp:featuredmedia":[{"embeddable":true,"href":"https:\/\/kuali.com.mx\/web\/wp-json\/wp\/v2\/media\/40301"}],"wp:attachment":[{"href":"https:\/\/kuali.com.mx\/web\/wp-json\/wp\/v2\/media?parent=105052"}],"wp:term":[{"taxonomy":"category","embeddable":true,"href":"https:\/\/kuali.com.mx\/web\/wp-json\/wp\/v2\/categories?post=105052"},{"taxonomy":"post_tag","embeddable":true,"href":"https:\/\/kuali.com.mx\/web\/wp-json\/wp\/v2\/tags?post=105052"}],"curies":[{"name":"wp","href":"https:\/\/api.w.org\/{rel}","templated":true}]}}