{"id":103802,"date":"2022-09-14T11:57:57","date_gmt":"2022-09-14T17:57:57","guid":{"rendered":"https:\/\/kuali.com.mx\/web\/?p=103802"},"modified":"2022-09-15T07:00:10","modified_gmt":"2022-09-15T13:00:10","slug":"festeja-la-ilo-dia-del-charro-y-adelita","status":"publish","type":"post","link":"https:\/\/kuali.com.mx\/web\/2022\/09\/14\/festeja-la-ilo-dia-del-charro-y-adelita\/","title":{"rendered":"FESTEJA LA ILO D\u00cdA DEL CHARRO Y LA ADELITA"},"content":{"rendered":"\n<p><em><strong>H\u00e9ctor Ar\u00e9valo\/Irapuato,Gto<\/strong><\/em>.-La familia charra irapuatense festeja con toda propiedad el 'D\u00eda del Charro y la Adelita', al igual que en todo el territorio nacional.<\/p>\n\n\n\n<p>El festejo se realiza, el 13 y 14 de septiembre, por quienes\u00a0 practican este mexican\u00edsimo deporte, que adquiere mayor relevancia durante el mes patrio, por ser estas figuras , los m\u00e1ximos exponentes de la mexicanidad a nivel mundial.<\/p>\n\n\n\n<p>Es as\u00ed que la Asociaci\u00f3n de Charros 'Ignacio Le\u00f3n Ornelas', considerada con justeza como la 'Alma Mater' de varias generaciones de charros que han dejado huella a su paso por esa organizaci\u00f3n, social, cultural y deportiva, participan&nbsp; de la 'Gran exposici\u00f3n del Charro Mexicano', que durante las fechas del 13 y 14 del presente, se celebra en el Museo de la Ciudad de Irapuato.<\/p>\n\n\n\n<figure class=\"wp-block-image size-large\"><img loading=\"lazy\" decoding=\"async\" width=\"1024\" height=\"524\" src=\"https:\/\/kuali.com.mx\/web\/wp-content\/uploads\/2022\/09\/charros-1-1-1024x524.jpg\" alt=\"\" class=\"wp-image-103806\" srcset=\"https:\/\/kuali.com.mx\/web\/wp-content\/uploads\/2022\/09\/charros-1-1-1024x524.jpg 1024w, https:\/\/kuali.com.mx\/web\/wp-content\/uploads\/2022\/09\/charros-1-1-300x154.jpg 300w, https:\/\/kuali.com.mx\/web\/wp-content\/uploads\/2022\/09\/charros-1-1-768x393.jpg 768w, https:\/\/kuali.com.mx\/web\/wp-content\/uploads\/2022\/09\/charros-1-1-228x116.jpg 228w, https:\/\/kuali.com.mx\/web\/wp-content\/uploads\/2022\/09\/charros-1-1.jpg 1465w\" sizes=\"auto, (max-width: 1024px) 100vw, 1024px\" \/><\/figure>\n\n\n\n<p>TODO LISTO PARA LA COPA MONUMENTAL<\/p>\n\n\n\n<p>En otro orden de ideas, cosignamos que la directiva que preside Ignacio Flores, viene dando los \u00faltimos toques a la organizaci\u00f3n de su 'Copa Monumental ILO 2022', a desarrollarse durante las fechas del 29 y 30 de septiembre y 1 y 2 de octubre del a\u00f1o en curso.<\/p>\n\n\n\n<p>Evento que tendr\u00e1 la participaci\u00f3n de 20 equipos 'AA' de toda la rep\u00fablica, que contender\u00e1n por los m+aximos honores, como pre\u00e1mbulo al 'Congreso y Campeonato Nacional Charro Aguascalietes 2022', llevando como escenario las instalaciones del Monumental Lienzo Charro 'Ignacio Le\u00f3n Ornelas' de irapuato, que se vestir\u00e1 de gala para recibir a las familias visitantes.&nbsp;<\/p>\n","protected":false},"excerpt":{"rendered":"H\u00e9ctor Ar\u00e9valo\/Irapuato,Gto.-La familia charra irapuatense festeja con toda propiedad el 'D\u00eda del Charro y la Adelita', al igual que en todo el territorio nacional. El festejo se realiza, el 13 y 14 de septiembre, por quienes\u00a0 practican este mexican\u00edsimo deporte, que adquiere mayor relevancia durante el mes patrio, por ser estas figuras , los m\u00e1ximos [&hellip;]","protected":false},"author":2,"featured_media":103805,"comment_status":"open","ping_status":"open","sticky":false,"template":"","format":"standard","meta":{"_seopress_robots_primary_cat":"none","_seopress_titles_title":"","_seopress_titles_desc":"","_seopress_robots_index":"","_monsterinsights_skip_tracking":false,"_monsterinsights_sitenote_active":false,"_monsterinsights_sitenote_note":"","_monsterinsights_sitenote_category":0,"footnotes":""},"categories":[16],"tags":[],"class_list":["post-103802","post","type-post","status-publish","format-standard","has-post-thumbnail","hentry","category-deportes"],"yoast_head":"<!-- This site is optimized with the Yoast SEO plugin v27.4 - https:\/\/yoast.com\/product\/yoast-seo-wordpress\/ -->\n<title>FESTEJA LA ILO D\u00cdA DEL CHARRO Y LA ADELITA - Kuali<\/title>\n<meta name=\"robots\" content=\"index, follow, max-snippet:-1, max-image-preview:large, max-video-preview:-1\" \/>\n<link rel=\"canonical\" href=\"https:\/\/kuali.com.mx\/web\/2022\/09\/14\/festeja-la-ilo-dia-del-charro-y-adelita\/\" \/>\n<meta property=\"og:locale\" content=\"es_MX\" \/>\n<meta property=\"og:type\" content=\"article\" \/>\n<meta property=\"og:title\" content=\"FESTEJA LA ILO D\u00cdA DEL CHARRO Y LA ADELITA - Kuali\" \/>\n<meta property=\"og:description\" content=\"H\u00e9ctor Ar\u00e9valo\/Irapuato,Gto.-La familia charra irapuatense festeja con toda propiedad el &#039;D\u00eda del Charro y la Adelita&#039;, al igual que en todo el territorio nacional. El festejo se realiza, el 13 y 14 de septiembre, por quienes\u00a0 practican este mexican\u00edsimo deporte, que adquiere mayor relevancia durante el mes patrio, por ser estas figuras , los m\u00e1ximos [&hellip;]\" \/>\n<meta property=\"og:url\" content=\"https:\/\/kuali.com.mx\/web\/2022\/09\/14\/festeja-la-ilo-dia-del-charro-y-adelita\/\" \/>\n<meta property=\"og:site_name\" content=\"Kuali\" \/>\n<meta property=\"article:publisher\" content=\"https:\/\/kuali.com.mx\/web\/wp-content\/uploads\/2018\/04\/cropped-kuali_logo-1-1.png\" \/>\n<meta property=\"article:published_time\" content=\"2022-09-14T17:57:57+00:00\" \/>\n<meta property=\"article:modified_time\" content=\"2022-09-15T13:00:10+00:00\" \/>\n<meta property=\"og:image\" content=\"https:\/\/kuali.com.mx\/web\/wp-content\/uploads\/2022\/09\/charros-b.jpg\" \/>\n\t<meta property=\"og:image:width\" content=\"2245\" \/>\n\t<meta property=\"og:image:height\" content=\"1226\" \/>\n\t<meta property=\"og:image:type\" content=\"image\/jpeg\" \/>\n<meta name=\"author\" content=\"Kuali Staff\" \/>\n<meta name=\"twitter:card\" content=\"summary_large_image\" \/>\n<meta name=\"twitter:creator\" content=\"@kuali_noticias\" \/>\n<meta name=\"twitter:site\" content=\"@kuali_noticias\" \/>\n<meta name=\"twitter:label1\" content=\"Escrito por\" \/>\n\t<meta name=\"twitter:data1\" content=\"Kuali Staff\" \/>\n\t<meta name=\"twitter:label2\" content=\"Tiempo de lectura\" \/>\n\t<meta name=\"twitter:data2\" content=\"1 minuto\" \/>\n<script type=\"application\/ld+json\" class=\"yoast-schema-graph\">{\"@context\":\"https:\\\/\\\/schema.org\",\"@graph\":[{\"@type\":\"Article\",\"@id\":\"https:\\\/\\\/kuali.com.mx\\\/web\\\/2022\\\/09\\\/14\\\/festeja-la-ilo-dia-del-charro-y-adelita\\\/#article\",\"isPartOf\":{\"@id\":\"https:\\\/\\\/kuali.com.mx\\\/web\\\/2022\\\/09\\\/14\\\/festeja-la-ilo-dia-del-charro-y-adelita\\\/\"},\"author\":{\"name\":\"Kuali Staff\",\"@id\":\"https:\\\/\\\/kuali.com.mx\\\/web\\\/#\\\/schema\\\/person\\\/6f89ffa8ecba9dae50662357923c5289\"},\"headline\":\"FESTEJA LA ILO D\u00cdA DEL CHARRO Y LA ADELITA\",\"datePublished\":\"2022-09-14T17:57:57+00:00\",\"dateModified\":\"2022-09-15T13:00:10+00:00\",\"mainEntityOfPage\":{\"@id\":\"https:\\\/\\\/kuali.com.mx\\\/web\\\/2022\\\/09\\\/14\\\/festeja-la-ilo-dia-del-charro-y-adelita\\\/\"},\"wordCount\":256,\"commentCount\":0,\"image\":{\"@id\":\"https:\\\/\\\/kuali.com.mx\\\/web\\\/2022\\\/09\\\/14\\\/festeja-la-ilo-dia-del-charro-y-adelita\\\/#primaryimage\"},\"thumbnailUrl\":\"https:\\\/\\\/kuali.com.mx\\\/web\\\/wp-content\\\/uploads\\\/2022\\\/09\\\/charros-b.jpg\",\"articleSection\":[\"Deportes\"],\"inLanguage\":\"es\",\"potentialAction\":[{\"@type\":\"CommentAction\",\"name\":\"Comment\",\"target\":[\"https:\\\/\\\/kuali.com.mx\\\/web\\\/2022\\\/09\\\/14\\\/festeja-la-ilo-dia-del-charro-y-adelita\\\/#respond\"]}]},{\"@type\":\"WebPage\",\"@id\":\"https:\\\/\\\/kuali.com.mx\\\/web\\\/2022\\\/09\\\/14\\\/festeja-la-ilo-dia-del-charro-y-adelita\\\/\",\"url\":\"https:\\\/\\\/kuali.com.mx\\\/web\\\/2022\\\/09\\\/14\\\/festeja-la-ilo-dia-del-charro-y-adelita\\\/\",\"name\":\"FESTEJA LA ILO D\u00cdA DEL CHARRO Y LA ADELITA - Kuali\",\"isPartOf\":{\"@id\":\"https:\\\/\\\/kuali.com.mx\\\/web\\\/#website\"},\"primaryImageOfPage\":{\"@id\":\"https:\\\/\\\/kuali.com.mx\\\/web\\\/2022\\\/09\\\/14\\\/festeja-la-ilo-dia-del-charro-y-adelita\\\/#primaryimage\"},\"image\":{\"@id\":\"https:\\\/\\\/kuali.com.mx\\\/web\\\/2022\\\/09\\\/14\\\/festeja-la-ilo-dia-del-charro-y-adelita\\\/#primaryimage\"},\"thumbnailUrl\":\"https:\\\/\\\/kuali.com.mx\\\/web\\\/wp-content\\\/uploads\\\/2022\\\/09\\\/charros-b.jpg\",\"datePublished\":\"2022-09-14T17:57:57+00:00\",\"dateModified\":\"2022-09-15T13:00:10+00:00\",\"author\":{\"@id\":\"https:\\\/\\\/kuali.com.mx\\\/web\\\/#\\\/schema\\\/person\\\/6f89ffa8ecba9dae50662357923c5289\"},\"breadcrumb\":{\"@id\":\"https:\\\/\\\/kuali.com.mx\\\/web\\\/2022\\\/09\\\/14\\\/festeja-la-ilo-dia-del-charro-y-adelita\\\/#breadcrumb\"},\"inLanguage\":\"es\",\"potentialAction\":[{\"@type\":\"ReadAction\",\"target\":[\"https:\\\/\\\/kuali.com.mx\\\/web\\\/2022\\\/09\\\/14\\\/festeja-la-ilo-dia-del-charro-y-adelita\\\/\"]}]},{\"@type\":\"ImageObject\",\"inLanguage\":\"es\",\"@id\":\"https:\\\/\\\/kuali.com.mx\\\/web\\\/2022\\\/09\\\/14\\\/festeja-la-ilo-dia-del-charro-y-adelita\\\/#primaryimage\",\"url\":\"https:\\\/\\\/kuali.com.mx\\\/web\\\/wp-content\\\/uploads\\\/2022\\\/09\\\/charros-b.jpg\",\"contentUrl\":\"https:\\\/\\\/kuali.com.mx\\\/web\\\/wp-content\\\/uploads\\\/2022\\\/09\\\/charros-b.jpg\",\"width\":2245,\"height\":1226},{\"@type\":\"BreadcrumbList\",\"@id\":\"https:\\\/\\\/kuali.com.mx\\\/web\\\/2022\\\/09\\\/14\\\/festeja-la-ilo-dia-del-charro-y-adelita\\\/#breadcrumb\",\"itemListElement\":[{\"@type\":\"ListItem\",\"position\":1,\"name\":\"Inicio\",\"item\":\"https:\\\/\\\/kuali.com.mx\\\/web\\\/\"},{\"@type\":\"ListItem\",\"position\":2,\"name\":\"FESTEJA LA ILO D\u00cdA DEL CHARRO Y LA ADELITA\"}]},{\"@type\":\"WebSite\",\"@id\":\"https:\\\/\\\/kuali.com.mx\\\/web\\\/#website\",\"url\":\"https:\\\/\\\/kuali.com.mx\\\/web\\\/\",\"name\":\"Kuali\",\"description\":\"\",\"potentialAction\":[{\"@type\":\"SearchAction\",\"target\":{\"@type\":\"EntryPoint\",\"urlTemplate\":\"https:\\\/\\\/kuali.com.mx\\\/web\\\/?s={search_term_string}\"},\"query-input\":{\"@type\":\"PropertyValueSpecification\",\"valueRequired\":true,\"valueName\":\"search_term_string\"}}],\"inLanguage\":\"es\"},{\"@type\":\"Person\",\"@id\":\"https:\\\/\\\/kuali.com.mx\\\/web\\\/#\\\/schema\\\/person\\\/6f89ffa8ecba9dae50662357923c5289\",\"name\":\"Kuali Staff\",\"image\":{\"@type\":\"ImageObject\",\"inLanguage\":\"es\",\"@id\":\"https:\\\/\\\/secure.gravatar.com\\\/avatar\\\/f917ad82e5ab71227a733c78b6e60715476f69ee6be59feee4eb5d9920c89e0f?s=96&d=mm&r=g\",\"url\":\"https:\\\/\\\/secure.gravatar.com\\\/avatar\\\/f917ad82e5ab71227a733c78b6e60715476f69ee6be59feee4eb5d9920c89e0f?s=96&d=mm&r=g\",\"contentUrl\":\"https:\\\/\\\/secure.gravatar.com\\\/avatar\\\/f917ad82e5ab71227a733c78b6e60715476f69ee6be59feee4eb5d9920c89e0f?s=96&d=mm&r=g\",\"caption\":\"Kuali Staff\"},\"url\":\"https:\\\/\\\/kuali.com.mx\\\/web\\\/author\\\/lagarto\\\/\"}]}<\/script>\n<!-- \/ Yoast SEO plugin. -->","yoast_head_json":{"title":"FESTEJA LA ILO D\u00cdA DEL CHARRO Y LA ADELITA - Kuali","robots":{"index":"index","follow":"follow","max-snippet":"max-snippet:-1","max-image-preview":"max-image-preview:large","max-video-preview":"max-video-preview:-1"},"canonical":"https:\/\/kuali.com.mx\/web\/2022\/09\/14\/festeja-la-ilo-dia-del-charro-y-adelita\/","og_locale":"es_MX","og_type":"article","og_title":"FESTEJA LA ILO D\u00cdA DEL CHARRO Y LA ADELITA - Kuali","og_description":"H\u00e9ctor Ar\u00e9valo\/Irapuato,Gto.-La familia charra irapuatense festeja con toda propiedad el 'D\u00eda del Charro y la Adelita', al igual que en todo el territorio nacional. El festejo se realiza, el 13 y 14 de septiembre, por quienes\u00a0 practican este mexican\u00edsimo deporte, que adquiere mayor relevancia durante el mes patrio, por ser estas figuras , los m\u00e1ximos [&hellip;]","og_url":"https:\/\/kuali.com.mx\/web\/2022\/09\/14\/festeja-la-ilo-dia-del-charro-y-adelita\/","og_site_name":"Kuali","article_publisher":"https:\/\/kuali.com.mx\/web\/wp-content\/uploads\/2018\/04\/cropped-kuali_logo-1-1.png","article_published_time":"2022-09-14T17:57:57+00:00","article_modified_time":"2022-09-15T13:00:10+00:00","og_image":[{"width":2245,"height":1226,"url":"https:\/\/kuali.com.mx\/web\/wp-content\/uploads\/2022\/09\/charros-b.jpg","type":"image\/jpeg"}],"author":"Kuali Staff","twitter_card":"summary_large_image","twitter_creator":"@kuali_noticias","twitter_site":"@kuali_noticias","twitter_misc":{"Escrito por":"Kuali Staff","Tiempo de lectura":"1 minuto"},"schema":{"@context":"https:\/\/schema.org","@graph":[{"@type":"Article","@id":"https:\/\/kuali.com.mx\/web\/2022\/09\/14\/festeja-la-ilo-dia-del-charro-y-adelita\/#article","isPartOf":{"@id":"https:\/\/kuali.com.mx\/web\/2022\/09\/14\/festeja-la-ilo-dia-del-charro-y-adelita\/"},"author":{"name":"Kuali Staff","@id":"https:\/\/kuali.com.mx\/web\/#\/schema\/person\/6f89ffa8ecba9dae50662357923c5289"},"headline":"FESTEJA LA ILO D\u00cdA DEL CHARRO Y LA ADELITA","datePublished":"2022-09-14T17:57:57+00:00","dateModified":"2022-09-15T13:00:10+00:00","mainEntityOfPage":{"@id":"https:\/\/kuali.com.mx\/web\/2022\/09\/14\/festeja-la-ilo-dia-del-charro-y-adelita\/"},"wordCount":256,"commentCount":0,"image":{"@id":"https:\/\/kuali.com.mx\/web\/2022\/09\/14\/festeja-la-ilo-dia-del-charro-y-adelita\/#primaryimage"},"thumbnailUrl":"https:\/\/kuali.com.mx\/web\/wp-content\/uploads\/2022\/09\/charros-b.jpg","articleSection":["Deportes"],"inLanguage":"es","potentialAction":[{"@type":"CommentAction","name":"Comment","target":["https:\/\/kuali.com.mx\/web\/2022\/09\/14\/festeja-la-ilo-dia-del-charro-y-adelita\/#respond"]}]},{"@type":"WebPage","@id":"https:\/\/kuali.com.mx\/web\/2022\/09\/14\/festeja-la-ilo-dia-del-charro-y-adelita\/","url":"https:\/\/kuali.com.mx\/web\/2022\/09\/14\/festeja-la-ilo-dia-del-charro-y-adelita\/","name":"FESTEJA LA ILO D\u00cdA DEL CHARRO Y LA ADELITA - Kuali","isPartOf":{"@id":"https:\/\/kuali.com.mx\/web\/#website"},"primaryImageOfPage":{"@id":"https:\/\/kuali.com.mx\/web\/2022\/09\/14\/festeja-la-ilo-dia-del-charro-y-adelita\/#primaryimage"},"image":{"@id":"https:\/\/kuali.com.mx\/web\/2022\/09\/14\/festeja-la-ilo-dia-del-charro-y-adelita\/#primaryimage"},"thumbnailUrl":"https:\/\/kuali.com.mx\/web\/wp-content\/uploads\/2022\/09\/charros-b.jpg","datePublished":"2022-09-14T17:57:57+00:00","dateModified":"2022-09-15T13:00:10+00:00","author":{"@id":"https:\/\/kuali.com.mx\/web\/#\/schema\/person\/6f89ffa8ecba9dae50662357923c5289"},"breadcrumb":{"@id":"https:\/\/kuali.com.mx\/web\/2022\/09\/14\/festeja-la-ilo-dia-del-charro-y-adelita\/#breadcrumb"},"inLanguage":"es","potentialAction":[{"@type":"ReadAction","target":["https:\/\/kuali.com.mx\/web\/2022\/09\/14\/festeja-la-ilo-dia-del-charro-y-adelita\/"]}]},{"@type":"ImageObject","inLanguage":"es","@id":"https:\/\/kuali.com.mx\/web\/2022\/09\/14\/festeja-la-ilo-dia-del-charro-y-adelita\/#primaryimage","url":"https:\/\/kuali.com.mx\/web\/wp-content\/uploads\/2022\/09\/charros-b.jpg","contentUrl":"https:\/\/kuali.com.mx\/web\/wp-content\/uploads\/2022\/09\/charros-b.jpg","width":2245,"height":1226},{"@type":"BreadcrumbList","@id":"https:\/\/kuali.com.mx\/web\/2022\/09\/14\/festeja-la-ilo-dia-del-charro-y-adelita\/#breadcrumb","itemListElement":[{"@type":"ListItem","position":1,"name":"Inicio","item":"https:\/\/kuali.com.mx\/web\/"},{"@type":"ListItem","position":2,"name":"FESTEJA LA ILO D\u00cdA DEL CHARRO Y LA ADELITA"}]},{"@type":"WebSite","@id":"https:\/\/kuali.com.mx\/web\/#website","url":"https:\/\/kuali.com.mx\/web\/","name":"Kuali","description":"","potentialAction":[{"@type":"SearchAction","target":{"@type":"EntryPoint","urlTemplate":"https:\/\/kuali.com.mx\/web\/?s={search_term_string}"},"query-input":{"@type":"PropertyValueSpecification","valueRequired":true,"valueName":"search_term_string"}}],"inLanguage":"es"},{"@type":"Person","@id":"https:\/\/kuali.com.mx\/web\/#\/schema\/person\/6f89ffa8ecba9dae50662357923c5289","name":"Kuali Staff","image":{"@type":"ImageObject","inLanguage":"es","@id":"https:\/\/secure.gravatar.com\/avatar\/f917ad82e5ab71227a733c78b6e60715476f69ee6be59feee4eb5d9920c89e0f?s=96&d=mm&r=g","url":"https:\/\/secure.gravatar.com\/avatar\/f917ad82e5ab71227a733c78b6e60715476f69ee6be59feee4eb5d9920c89e0f?s=96&d=mm&r=g","contentUrl":"https:\/\/secure.gravatar.com\/avatar\/f917ad82e5ab71227a733c78b6e60715476f69ee6be59feee4eb5d9920c89e0f?s=96&d=mm&r=g","caption":"Kuali Staff"},"url":"https:\/\/kuali.com.mx\/web\/author\/lagarto\/"}]}},"_links":{"self":[{"href":"https:\/\/kuali.com.mx\/web\/wp-json\/wp\/v2\/posts\/103802","targetHints":{"allow":["GET"]}}],"collection":[{"href":"https:\/\/kuali.com.mx\/web\/wp-json\/wp\/v2\/posts"}],"about":[{"href":"https:\/\/kuali.com.mx\/web\/wp-json\/wp\/v2\/types\/post"}],"author":[{"embeddable":true,"href":"https:\/\/kuali.com.mx\/web\/wp-json\/wp\/v2\/users\/2"}],"replies":[{"embeddable":true,"href":"https:\/\/kuali.com.mx\/web\/wp-json\/wp\/v2\/comments?post=103802"}],"version-history":[{"count":4,"href":"https:\/\/kuali.com.mx\/web\/wp-json\/wp\/v2\/posts\/103802\/revisions"}],"predecessor-version":[{"id":103820,"href":"https:\/\/kuali.com.mx\/web\/wp-json\/wp\/v2\/posts\/103802\/revisions\/103820"}],"wp:featuredmedia":[{"embeddable":true,"href":"https:\/\/kuali.com.mx\/web\/wp-json\/wp\/v2\/media\/103805"}],"wp:attachment":[{"href":"https:\/\/kuali.com.mx\/web\/wp-json\/wp\/v2\/media?parent=103802"}],"wp:term":[{"taxonomy":"category","embeddable":true,"href":"https:\/\/kuali.com.mx\/web\/wp-json\/wp\/v2\/categories?post=103802"},{"taxonomy":"post_tag","embeddable":true,"href":"https:\/\/kuali.com.mx\/web\/wp-json\/wp\/v2\/tags?post=103802"}],"curies":[{"name":"wp","href":"https:\/\/api.w.org\/{rel}","templated":true}]}}