{"id":103796,"date":"2022-09-14T11:59:00","date_gmt":"2022-09-14T17:59:00","guid":{"rendered":"https:\/\/kuali.com.mx\/web\/?p=103796"},"modified":"2022-09-15T17:40:41","modified_gmt":"2022-09-15T23:40:41","slug":"fiestas-patrias-sin-fuegos-artificales-y-con-la-santanera","status":"publish","type":"post","link":"https:\/\/kuali.com.mx\/web\/2022\/09\/14\/fiestas-patrias-sin-fuegos-artificales-y-con-la-santanera\/","title":{"rendered":"LE\u00d3N FESTEJAR\u00c1 SIN FUEGOS ARTIFICIALES Y CON LA SANTANERA"},"content":{"rendered":"\n<p><strong>Alicia Arias\/Le\u00f3n, Gto.- <\/strong>Por primera vez los festejos patrios realizados por un gobierno municipal no contemplar\u00e1n el uso de los tradicionales fuegos artificiales, inform\u00f3 la alcaldesa, Alejandra Guti\u00e9rrez Campos, al presentar el programa de actividades para los d\u00edas 15 y 16 de septiembre en este municipio.<\/p>\n\n\n\n<p>Las actividades para conmemorar la tradicional noche de El Grito de Independencia estar\u00e1n vigiladas por mil 200 elementos de la Secretar\u00eda de Seguridad, Prevenci\u00f3n y Protecci\u00f3n Ciudadana (SSPPC) desplegados en todo el municipio, mientras que el viernes 16, D\u00eda de la Independencia, &nbsp;se destinar\u00e1n 800 elementos municipales, m\u00e1s lo que aporte la Guardia Nacional (GN) y la Secretar\u00eda de la Defensa Nacional (Sedena).<\/p>\n\n\n\n<p>\u201cSe est\u00e1 alargando este fin de semana con eventos, porque lo que queremos es que la ciudad pase un fin de semana alegre, que lo disfrute, que deje derrama econ\u00f3mica a la ciudad, que los comerciantes puedan vender sus productos, los hoteles, restaurantes y cualquier comercio pueda tener m\u00e1s ingresos, que lo puedan hacer en paz\u201d, dijo Guti\u00e9rrez Campos.<\/p>\n\n\n\n<p>Una de las acciones en el rubro de la seguridad ser\u00e1 la instalaci\u00f3n del Centro de Mando M\u00f3vil en las instalaciones de la Presidencia Municipal, el cual estar\u00e1 enlazado al Centro de C\u00f3mputo, Comando, Comunicaciones y Control (C4), para el monitoreo de todo el evento.<\/p>\n\n\n\n<p>Adem\u00e1s, se implementar\u00e1n 11 filtros de acceso al primer cuadro de la ciudad que estar\u00e1n delimitados con vallas met\u00e1licas, arcos de metal, detectores y vigilancia a\u00e9rea durante el desarrollo de los eventos. No se permitir\u00e1 el ingreso de mochilas por motivos de seguridad.<\/p>\n\n\n\n<p>\u201cLos accesos van a estar con presencia de Polic\u00eda Municipal y Polic\u00eda Vial, habr\u00e1 acceso controlado, se le pide a la ciudadan\u00eda que evitemos traer mochilas pues se van a hacer revisiones aleatorias, el tema principal es que la gente que venga se sienta tranquila, segura y se respete en todo momento nuestro reglamento de polic\u00eda y vialidad\u201d, a\u00f1adi\u00f3 la alcaldesa.<\/p>\n\n\n\n<p><strong>GRITO, COMBATE, BAILE Y LIBRO<\/strong><\/p>\n\n\n\n<p>El programa de actividades comenzar\u00e1 a las 18:00 horas del d\u00eda 15 de septiembre con una verbena y m\u00fasica en vivo en la Plaza Principal. Actuar\u00e1n los grupos Norte\u00f1o Banda Clave Nueva, Banda la Tronadora, Banda \u201cJuvenil de Duarte\u201d, Banda \u201cLa Callejera de la Sand\u00eda\u201d, Edder Rend\u00f3n y Mariachi Juvenil Camperos.<\/p>\n\n\n\n<p>Al d\u00eda siguiente, el viernes 16, las actividades se inauguran con el Desfile C\u00edvico Militar, de 10:00 a &nbsp;14:00 horas. Recorrer\u00e1 el Bulevar Adolfo L\u00f3pez Mateos, comenzando en el Parque Hidalgo para terminar en el Distrito Le\u00f3n MX. Ser\u00e1n 4.5 kil\u00f3metros de desfile.<\/p>\n\n\n\n<p>Por la tarde, a las 16:00 horas, se llevar\u00e1 a cabo la presentaci\u00f3n del libro titulado \u201cLa pura besadera\u201d, el combate de flores\u2019 y el concierto a cargo del Dj &nbsp;\u2018El Rayo de Jalisco\u2019, todo ellos, en el Parque Hidalgo; mientras que en la Plaza Princial del centro de la ciudad el programa dar\u00e1 inicio a las 18:30 horas con la presentaci\u00f3n del Show de Mar\u00eda Fernanda y el Ballet de las Santaneritas; despu\u00e9s tendr\u00e1 lugar el concierto de la Sonora Santanera.<\/p>\n\n\n\n<p>Los festejos se extender\u00e1n hasta el s\u00e1bado y domingo en la Plaza Principal y se calcula que, del 15 al 18 de septiembre, le\u00f3n tenga una derrama econ\u00f3mica de 103 millones de pesos, una ocupaci\u00f3n hotelera del 40 por ciento y la visita de 48 mil personas.<\/p>\n","protected":false},"excerpt":{"rendered":"Alicia Arias\/Le\u00f3n, Gto.- Por primera vez los festejos patrios realizados por un gobierno municipal no contemplar\u00e1n el uso de los tradicionales fuegos artificiales, inform\u00f3 la alcaldesa, Alejandra Guti\u00e9rrez Campos, al presentar el programa de actividades para los d\u00edas 15 y 16 de septiembre en este municipio. Las actividades para conmemorar la tradicional noche de El [&hellip;]","protected":false},"author":2,"featured_media":103798,"comment_status":"open","ping_status":"open","sticky":false,"template":"","format":"standard","meta":{"_seopress_robots_primary_cat":"none","_seopress_titles_title":"","_seopress_titles_desc":"","_seopress_robots_index":"","_monsterinsights_skip_tracking":false,"_monsterinsights_sitenote_active":false,"_monsterinsights_sitenote_note":"","_monsterinsights_sitenote_category":0,"footnotes":""},"categories":[8,13],"tags":[581,1066,1065,1083,10],"class_list":["post-103796","post","type-post","status-publish","format-standard","has-post-thumbnail","hentry","category-espectaculos","category-turismo","tag-conciertos","tag-el-grito","tag-fiestas-patrias","tag-independecia-de-mexico","tag-leon"],"yoast_head":"<!-- This site is optimized with the Yoast SEO plugin v27.4 - https:\/\/yoast.com\/product\/yoast-seo-wordpress\/ -->\n<title>LE\u00d3N FESTEJAR\u00c1 SIN FUEGOS ARTIFICIALES Y CON LA SANTANERA - Kuali<\/title>\n<meta name=\"robots\" content=\"index, follow, max-snippet:-1, max-image-preview:large, max-video-preview:-1\" \/>\n<link rel=\"canonical\" href=\"https:\/\/kuali.com.mx\/web\/2022\/09\/14\/fiestas-patrias-sin-fuegos-artificales-y-con-la-santanera\/\" \/>\n<meta property=\"og:locale\" content=\"es_MX\" \/>\n<meta property=\"og:type\" content=\"article\" \/>\n<meta property=\"og:title\" content=\"LE\u00d3N FESTEJAR\u00c1 SIN FUEGOS ARTIFICIALES Y CON LA SANTANERA - Kuali\" \/>\n<meta property=\"og:description\" content=\"Alicia Arias\/Le\u00f3n, Gto.- Por primera vez los festejos patrios realizados por un gobierno municipal no contemplar\u00e1n el uso de los tradicionales fuegos artificiales, inform\u00f3 la alcaldesa, Alejandra Guti\u00e9rrez Campos, al presentar el programa de actividades para los d\u00edas 15 y 16 de septiembre en este municipio. Las actividades para conmemorar la tradicional noche de El [&hellip;]\" \/>\n<meta property=\"og:url\" content=\"https:\/\/kuali.com.mx\/web\/2022\/09\/14\/fiestas-patrias-sin-fuegos-artificales-y-con-la-santanera\/\" \/>\n<meta property=\"og:site_name\" content=\"Kuali\" \/>\n<meta property=\"article:publisher\" content=\"https:\/\/kuali.com.mx\/web\/wp-content\/uploads\/2018\/04\/cropped-kuali_logo-1-1.png\" \/>\n<meta property=\"article:published_time\" content=\"2022-09-14T17:59:00+00:00\" \/>\n<meta property=\"article:modified_time\" content=\"2022-09-15T23:40:41+00:00\" \/>\n<meta property=\"og:image\" content=\"https:\/\/kuali.com.mx\/web\/wp-content\/uploads\/2022\/09\/Fiestas-patrias.gif\" \/>\n\t<meta property=\"og:image:width\" content=\"1800\" \/>\n\t<meta property=\"og:image:height\" content=\"750\" \/>\n\t<meta property=\"og:image:type\" content=\"image\/gif\" \/>\n<meta name=\"author\" content=\"Kuali Staff\" \/>\n<meta name=\"twitter:card\" content=\"summary_large_image\" \/>\n<meta name=\"twitter:creator\" content=\"@kuali_noticias\" \/>\n<meta name=\"twitter:site\" content=\"@kuali_noticias\" \/>\n<meta name=\"twitter:label1\" content=\"Escrito por\" \/>\n\t<meta name=\"twitter:data1\" content=\"Kuali Staff\" \/>\n\t<meta name=\"twitter:label2\" content=\"Tiempo de lectura\" \/>\n\t<meta name=\"twitter:data2\" content=\"3 minutos\" \/>\n<script type=\"application\/ld+json\" class=\"yoast-schema-graph\">{\"@context\":\"https:\\\/\\\/schema.org\",\"@graph\":[{\"@type\":\"Article\",\"@id\":\"https:\\\/\\\/kuali.com.mx\\\/web\\\/2022\\\/09\\\/14\\\/fiestas-patrias-sin-fuegos-artificales-y-con-la-santanera\\\/#article\",\"isPartOf\":{\"@id\":\"https:\\\/\\\/kuali.com.mx\\\/web\\\/2022\\\/09\\\/14\\\/fiestas-patrias-sin-fuegos-artificales-y-con-la-santanera\\\/\"},\"author\":{\"name\":\"Kuali Staff\",\"@id\":\"https:\\\/\\\/kuali.com.mx\\\/web\\\/#\\\/schema\\\/person\\\/6f89ffa8ecba9dae50662357923c5289\"},\"headline\":\"LE\u00d3N FESTEJAR\u00c1 SIN FUEGOS ARTIFICIALES Y CON LA SANTANERA\",\"datePublished\":\"2022-09-14T17:59:00+00:00\",\"dateModified\":\"2022-09-15T23:40:41+00:00\",\"mainEntityOfPage\":{\"@id\":\"https:\\\/\\\/kuali.com.mx\\\/web\\\/2022\\\/09\\\/14\\\/fiestas-patrias-sin-fuegos-artificales-y-con-la-santanera\\\/\"},\"wordCount\":590,\"commentCount\":0,\"image\":{\"@id\":\"https:\\\/\\\/kuali.com.mx\\\/web\\\/2022\\\/09\\\/14\\\/fiestas-patrias-sin-fuegos-artificales-y-con-la-santanera\\\/#primaryimage\"},\"thumbnailUrl\":\"https:\\\/\\\/kuali.com.mx\\\/web\\\/wp-content\\\/uploads\\\/2022\\\/09\\\/Fiestas-patrias.gif\",\"keywords\":[\"Conciertos\",\"El Grito\",\"Fiestas patrias\",\"Independecia de M\u00e9xico\",\"Le\u00f3n\"],\"articleSection\":[\"Cultura\",\"Turismo\"],\"inLanguage\":\"es\",\"potentialAction\":[{\"@type\":\"CommentAction\",\"name\":\"Comment\",\"target\":[\"https:\\\/\\\/kuali.com.mx\\\/web\\\/2022\\\/09\\\/14\\\/fiestas-patrias-sin-fuegos-artificales-y-con-la-santanera\\\/#respond\"]}]},{\"@type\":\"WebPage\",\"@id\":\"https:\\\/\\\/kuali.com.mx\\\/web\\\/2022\\\/09\\\/14\\\/fiestas-patrias-sin-fuegos-artificales-y-con-la-santanera\\\/\",\"url\":\"https:\\\/\\\/kuali.com.mx\\\/web\\\/2022\\\/09\\\/14\\\/fiestas-patrias-sin-fuegos-artificales-y-con-la-santanera\\\/\",\"name\":\"LE\u00d3N FESTEJAR\u00c1 SIN FUEGOS ARTIFICIALES Y CON LA SANTANERA - Kuali\",\"isPartOf\":{\"@id\":\"https:\\\/\\\/kuali.com.mx\\\/web\\\/#website\"},\"primaryImageOfPage\":{\"@id\":\"https:\\\/\\\/kuali.com.mx\\\/web\\\/2022\\\/09\\\/14\\\/fiestas-patrias-sin-fuegos-artificales-y-con-la-santanera\\\/#primaryimage\"},\"image\":{\"@id\":\"https:\\\/\\\/kuali.com.mx\\\/web\\\/2022\\\/09\\\/14\\\/fiestas-patrias-sin-fuegos-artificales-y-con-la-santanera\\\/#primaryimage\"},\"thumbnailUrl\":\"https:\\\/\\\/kuali.com.mx\\\/web\\\/wp-content\\\/uploads\\\/2022\\\/09\\\/Fiestas-patrias.gif\",\"datePublished\":\"2022-09-14T17:59:00+00:00\",\"dateModified\":\"2022-09-15T23:40:41+00:00\",\"author\":{\"@id\":\"https:\\\/\\\/kuali.com.mx\\\/web\\\/#\\\/schema\\\/person\\\/6f89ffa8ecba9dae50662357923c5289\"},\"breadcrumb\":{\"@id\":\"https:\\\/\\\/kuali.com.mx\\\/web\\\/2022\\\/09\\\/14\\\/fiestas-patrias-sin-fuegos-artificales-y-con-la-santanera\\\/#breadcrumb\"},\"inLanguage\":\"es\",\"potentialAction\":[{\"@type\":\"ReadAction\",\"target\":[\"https:\\\/\\\/kuali.com.mx\\\/web\\\/2022\\\/09\\\/14\\\/fiestas-patrias-sin-fuegos-artificales-y-con-la-santanera\\\/\"]}]},{\"@type\":\"ImageObject\",\"inLanguage\":\"es\",\"@id\":\"https:\\\/\\\/kuali.com.mx\\\/web\\\/2022\\\/09\\\/14\\\/fiestas-patrias-sin-fuegos-artificales-y-con-la-santanera\\\/#primaryimage\",\"url\":\"https:\\\/\\\/kuali.com.mx\\\/web\\\/wp-content\\\/uploads\\\/2022\\\/09\\\/Fiestas-patrias.gif\",\"contentUrl\":\"https:\\\/\\\/kuali.com.mx\\\/web\\\/wp-content\\\/uploads\\\/2022\\\/09\\\/Fiestas-patrias.gif\",\"width\":1800,\"height\":750},{\"@type\":\"BreadcrumbList\",\"@id\":\"https:\\\/\\\/kuali.com.mx\\\/web\\\/2022\\\/09\\\/14\\\/fiestas-patrias-sin-fuegos-artificales-y-con-la-santanera\\\/#breadcrumb\",\"itemListElement\":[{\"@type\":\"ListItem\",\"position\":1,\"name\":\"Inicio\",\"item\":\"https:\\\/\\\/kuali.com.mx\\\/web\\\/\"},{\"@type\":\"ListItem\",\"position\":2,\"name\":\"LE\u00d3N FESTEJAR\u00c1 SIN FUEGOS ARTIFICIALES Y CON LA SANTANERA\"}]},{\"@type\":\"WebSite\",\"@id\":\"https:\\\/\\\/kuali.com.mx\\\/web\\\/#website\",\"url\":\"https:\\\/\\\/kuali.com.mx\\\/web\\\/\",\"name\":\"Kuali\",\"description\":\"\",\"potentialAction\":[{\"@type\":\"SearchAction\",\"target\":{\"@type\":\"EntryPoint\",\"urlTemplate\":\"https:\\\/\\\/kuali.com.mx\\\/web\\\/?s={search_term_string}\"},\"query-input\":{\"@type\":\"PropertyValueSpecification\",\"valueRequired\":true,\"valueName\":\"search_term_string\"}}],\"inLanguage\":\"es\"},{\"@type\":\"Person\",\"@id\":\"https:\\\/\\\/kuali.com.mx\\\/web\\\/#\\\/schema\\\/person\\\/6f89ffa8ecba9dae50662357923c5289\",\"name\":\"Kuali Staff\",\"image\":{\"@type\":\"ImageObject\",\"inLanguage\":\"es\",\"@id\":\"https:\\\/\\\/secure.gravatar.com\\\/avatar\\\/f917ad82e5ab71227a733c78b6e60715476f69ee6be59feee4eb5d9920c89e0f?s=96&d=mm&r=g\",\"url\":\"https:\\\/\\\/secure.gravatar.com\\\/avatar\\\/f917ad82e5ab71227a733c78b6e60715476f69ee6be59feee4eb5d9920c89e0f?s=96&d=mm&r=g\",\"contentUrl\":\"https:\\\/\\\/secure.gravatar.com\\\/avatar\\\/f917ad82e5ab71227a733c78b6e60715476f69ee6be59feee4eb5d9920c89e0f?s=96&d=mm&r=g\",\"caption\":\"Kuali Staff\"},\"url\":\"https:\\\/\\\/kuali.com.mx\\\/web\\\/author\\\/lagarto\\\/\"}]}<\/script>\n<!-- \/ Yoast SEO plugin. -->","yoast_head_json":{"title":"LE\u00d3N FESTEJAR\u00c1 SIN FUEGOS ARTIFICIALES Y CON LA SANTANERA - Kuali","robots":{"index":"index","follow":"follow","max-snippet":"max-snippet:-1","max-image-preview":"max-image-preview:large","max-video-preview":"max-video-preview:-1"},"canonical":"https:\/\/kuali.com.mx\/web\/2022\/09\/14\/fiestas-patrias-sin-fuegos-artificales-y-con-la-santanera\/","og_locale":"es_MX","og_type":"article","og_title":"LE\u00d3N FESTEJAR\u00c1 SIN FUEGOS ARTIFICIALES Y CON LA SANTANERA - Kuali","og_description":"Alicia Arias\/Le\u00f3n, Gto.- Por primera vez los festejos patrios realizados por un gobierno municipal no contemplar\u00e1n el uso de los tradicionales fuegos artificiales, inform\u00f3 la alcaldesa, Alejandra Guti\u00e9rrez Campos, al presentar el programa de actividades para los d\u00edas 15 y 16 de septiembre en este municipio. Las actividades para conmemorar la tradicional noche de El [&hellip;]","og_url":"https:\/\/kuali.com.mx\/web\/2022\/09\/14\/fiestas-patrias-sin-fuegos-artificales-y-con-la-santanera\/","og_site_name":"Kuali","article_publisher":"https:\/\/kuali.com.mx\/web\/wp-content\/uploads\/2018\/04\/cropped-kuali_logo-1-1.png","article_published_time":"2022-09-14T17:59:00+00:00","article_modified_time":"2022-09-15T23:40:41+00:00","og_image":[{"width":1800,"height":750,"url":"https:\/\/kuali.com.mx\/web\/wp-content\/uploads\/2022\/09\/Fiestas-patrias.gif","type":"image\/gif"}],"author":"Kuali Staff","twitter_card":"summary_large_image","twitter_creator":"@kuali_noticias","twitter_site":"@kuali_noticias","twitter_misc":{"Escrito por":"Kuali Staff","Tiempo de lectura":"3 minutos"},"schema":{"@context":"https:\/\/schema.org","@graph":[{"@type":"Article","@id":"https:\/\/kuali.com.mx\/web\/2022\/09\/14\/fiestas-patrias-sin-fuegos-artificales-y-con-la-santanera\/#article","isPartOf":{"@id":"https:\/\/kuali.com.mx\/web\/2022\/09\/14\/fiestas-patrias-sin-fuegos-artificales-y-con-la-santanera\/"},"author":{"name":"Kuali Staff","@id":"https:\/\/kuali.com.mx\/web\/#\/schema\/person\/6f89ffa8ecba9dae50662357923c5289"},"headline":"LE\u00d3N FESTEJAR\u00c1 SIN FUEGOS ARTIFICIALES Y CON LA SANTANERA","datePublished":"2022-09-14T17:59:00+00:00","dateModified":"2022-09-15T23:40:41+00:00","mainEntityOfPage":{"@id":"https:\/\/kuali.com.mx\/web\/2022\/09\/14\/fiestas-patrias-sin-fuegos-artificales-y-con-la-santanera\/"},"wordCount":590,"commentCount":0,"image":{"@id":"https:\/\/kuali.com.mx\/web\/2022\/09\/14\/fiestas-patrias-sin-fuegos-artificales-y-con-la-santanera\/#primaryimage"},"thumbnailUrl":"https:\/\/kuali.com.mx\/web\/wp-content\/uploads\/2022\/09\/Fiestas-patrias.gif","keywords":["Conciertos","El Grito","Fiestas patrias","Independecia de M\u00e9xico","Le\u00f3n"],"articleSection":["Cultura","Turismo"],"inLanguage":"es","potentialAction":[{"@type":"CommentAction","name":"Comment","target":["https:\/\/kuali.com.mx\/web\/2022\/09\/14\/fiestas-patrias-sin-fuegos-artificales-y-con-la-santanera\/#respond"]}]},{"@type":"WebPage","@id":"https:\/\/kuali.com.mx\/web\/2022\/09\/14\/fiestas-patrias-sin-fuegos-artificales-y-con-la-santanera\/","url":"https:\/\/kuali.com.mx\/web\/2022\/09\/14\/fiestas-patrias-sin-fuegos-artificales-y-con-la-santanera\/","name":"LE\u00d3N FESTEJAR\u00c1 SIN FUEGOS ARTIFICIALES Y CON LA SANTANERA - Kuali","isPartOf":{"@id":"https:\/\/kuali.com.mx\/web\/#website"},"primaryImageOfPage":{"@id":"https:\/\/kuali.com.mx\/web\/2022\/09\/14\/fiestas-patrias-sin-fuegos-artificales-y-con-la-santanera\/#primaryimage"},"image":{"@id":"https:\/\/kuali.com.mx\/web\/2022\/09\/14\/fiestas-patrias-sin-fuegos-artificales-y-con-la-santanera\/#primaryimage"},"thumbnailUrl":"https:\/\/kuali.com.mx\/web\/wp-content\/uploads\/2022\/09\/Fiestas-patrias.gif","datePublished":"2022-09-14T17:59:00+00:00","dateModified":"2022-09-15T23:40:41+00:00","author":{"@id":"https:\/\/kuali.com.mx\/web\/#\/schema\/person\/6f89ffa8ecba9dae50662357923c5289"},"breadcrumb":{"@id":"https:\/\/kuali.com.mx\/web\/2022\/09\/14\/fiestas-patrias-sin-fuegos-artificales-y-con-la-santanera\/#breadcrumb"},"inLanguage":"es","potentialAction":[{"@type":"ReadAction","target":["https:\/\/kuali.com.mx\/web\/2022\/09\/14\/fiestas-patrias-sin-fuegos-artificales-y-con-la-santanera\/"]}]},{"@type":"ImageObject","inLanguage":"es","@id":"https:\/\/kuali.com.mx\/web\/2022\/09\/14\/fiestas-patrias-sin-fuegos-artificales-y-con-la-santanera\/#primaryimage","url":"https:\/\/kuali.com.mx\/web\/wp-content\/uploads\/2022\/09\/Fiestas-patrias.gif","contentUrl":"https:\/\/kuali.com.mx\/web\/wp-content\/uploads\/2022\/09\/Fiestas-patrias.gif","width":1800,"height":750},{"@type":"BreadcrumbList","@id":"https:\/\/kuali.com.mx\/web\/2022\/09\/14\/fiestas-patrias-sin-fuegos-artificales-y-con-la-santanera\/#breadcrumb","itemListElement":[{"@type":"ListItem","position":1,"name":"Inicio","item":"https:\/\/kuali.com.mx\/web\/"},{"@type":"ListItem","position":2,"name":"LE\u00d3N FESTEJAR\u00c1 SIN FUEGOS ARTIFICIALES Y CON LA SANTANERA"}]},{"@type":"WebSite","@id":"https:\/\/kuali.com.mx\/web\/#website","url":"https:\/\/kuali.com.mx\/web\/","name":"Kuali","description":"","potentialAction":[{"@type":"SearchAction","target":{"@type":"EntryPoint","urlTemplate":"https:\/\/kuali.com.mx\/web\/?s={search_term_string}"},"query-input":{"@type":"PropertyValueSpecification","valueRequired":true,"valueName":"search_term_string"}}],"inLanguage":"es"},{"@type":"Person","@id":"https:\/\/kuali.com.mx\/web\/#\/schema\/person\/6f89ffa8ecba9dae50662357923c5289","name":"Kuali Staff","image":{"@type":"ImageObject","inLanguage":"es","@id":"https:\/\/secure.gravatar.com\/avatar\/f917ad82e5ab71227a733c78b6e60715476f69ee6be59feee4eb5d9920c89e0f?s=96&d=mm&r=g","url":"https:\/\/secure.gravatar.com\/avatar\/f917ad82e5ab71227a733c78b6e60715476f69ee6be59feee4eb5d9920c89e0f?s=96&d=mm&r=g","contentUrl":"https:\/\/secure.gravatar.com\/avatar\/f917ad82e5ab71227a733c78b6e60715476f69ee6be59feee4eb5d9920c89e0f?s=96&d=mm&r=g","caption":"Kuali Staff"},"url":"https:\/\/kuali.com.mx\/web\/author\/lagarto\/"}]}},"_links":{"self":[{"href":"https:\/\/kuali.com.mx\/web\/wp-json\/wp\/v2\/posts\/103796","targetHints":{"allow":["GET"]}}],"collection":[{"href":"https:\/\/kuali.com.mx\/web\/wp-json\/wp\/v2\/posts"}],"about":[{"href":"https:\/\/kuali.com.mx\/web\/wp-json\/wp\/v2\/types\/post"}],"author":[{"embeddable":true,"href":"https:\/\/kuali.com.mx\/web\/wp-json\/wp\/v2\/users\/2"}],"replies":[{"embeddable":true,"href":"https:\/\/kuali.com.mx\/web\/wp-json\/wp\/v2\/comments?post=103796"}],"version-history":[{"count":3,"href":"https:\/\/kuali.com.mx\/web\/wp-json\/wp\/v2\/posts\/103796\/revisions"}],"predecessor-version":[{"id":103850,"href":"https:\/\/kuali.com.mx\/web\/wp-json\/wp\/v2\/posts\/103796\/revisions\/103850"}],"wp:featuredmedia":[{"embeddable":true,"href":"https:\/\/kuali.com.mx\/web\/wp-json\/wp\/v2\/media\/103798"}],"wp:attachment":[{"href":"https:\/\/kuali.com.mx\/web\/wp-json\/wp\/v2\/media?parent=103796"}],"wp:term":[{"taxonomy":"category","embeddable":true,"href":"https:\/\/kuali.com.mx\/web\/wp-json\/wp\/v2\/categories?post=103796"},{"taxonomy":"post_tag","embeddable":true,"href":"https:\/\/kuali.com.mx\/web\/wp-json\/wp\/v2\/tags?post=103796"}],"curies":[{"name":"wp","href":"https:\/\/api.w.org\/{rel}","templated":true}]}}