{"id":103766,"date":"2022-09-14T12:00:00","date_gmt":"2022-09-14T18:00:00","guid":{"rendered":"https:\/\/kuali.com.mx\/web\/?p=103766"},"modified":"2022-09-14T19:55:01","modified_gmt":"2022-09-15T01:55:01","slug":"prepara-pan-agenda-legislativa","status":"publish","type":"post","link":"https:\/\/kuali.com.mx\/web\/2022\/09\/14\/prepara-pan-agenda-legislativa\/","title":{"rendered":"PREPARA PAN AGENDA LEGISLATIVA"},"content":{"rendered":"\n<p><strong><em>Kuali\/Guanajuato, Gto.-<\/em><\/strong>El Grupo Parlamentario de PAN en el Congreso de Guanajuato realiz\u00f3 una reuni\u00f3n plenaria para establecer la agenda legislativa para el Primer Periodo Ordinario de Sesiones del Segundo A\u00f1o de Ejercicio Constitucional, que dar\u00e1 inicio el 25 de septiembre.<\/p>\n\n\n\n<p>Durante los trabajos, el coordinador del Grupo Parlamentario del PAN, diputado Luis Ernesto Ayala Torres, pidi\u00f3 a las y los legisladores redoblar los esfuerzos y tener siempre presente las necesidades de la sociedad, porque son a quienes representan en el Congreso del Estado.<\/p>\n\n\n\n<p>\u201cDesde que inici\u00f3 la presente legislatura hemos escuchado la voz de la poblaci\u00f3n, prueba de ello es que sus peticiones son parte de nuestra agenda y forman parte de las propuestas que hemos presentado y ahora son una realidad\u201d, dijo.<\/p>\n\n\n\n<p>El legislador de Acci\u00f3n Nacional refiri\u00f3 que la agenda del GPPAN se nutre de las inquietudes ciudadanas, en temas como: seguridad p\u00fablica y justicia, desarrollo de las personas, reactivaci\u00f3n econ\u00f3mica y generaci\u00f3n de empleos, cuidado del medio ambiente, transparencia y buen gobierno, entre otros.<\/p>\n\n\n\n<p>\u201cNuestras propuestas buscan contribuir a los retos que enfrenta el Guanajuato de hoy, con leyes acordes a los nuevos tiempos y en los rubros en los que las personas nos han manifestado inciden verdaderamente en su vida diaria\u201d, indic\u00f3 Ayala Torres.<\/p>\n\n\n\n<p>Tambi\u00e9n manifest\u00f3 que, para este periodo de sesiones, el Grupo Parlamentario del PAN mantendr\u00e1, como hasta ahora, una agenda cercana a los 46 municipios para apoyarlos en la elaboraci\u00f3n de las leyes municipales de ingresos del 2023 y puedan atender las necesidades de las familias que m\u00e1s lo necesitan.<\/p>\n\n\n\n<p>El diputado Luis Ernesto Ayala afirm\u00f3 que \u201csin duda, una de nuestras fortalezas que nos distingue en el Congreso local es que somos un equipo unido, quiero agradecerles su empe\u00f1o, su pasi\u00f3n y su talento al servicio de todos los guanajuatenses\u201d, coment\u00f3.<\/p>\n\n\n\n<p>Cabe destacar, que en la reuni\u00f3n estuvieron en un momento presentes el Gobernador Diego Sinhue Rodr\u00edguez Vallejo; la secretaria general del CDE del PAN, Rosario Corona Amador y el presidente estatal del partido, Eduardo L\u00f3pez Mares; este \u00faltimo exhort\u00f3 a las legisladoras y legisladores a generar mayores resultados y a no perder el contacto con las y los ciudadanos, \u201cson ellas y ellos los que nos exigen los mejores resultados, y en ese sentido Acci\u00f3n Nacional sabe responder desde el Poder Legislativo del estado\u201d<\/p>\n","protected":false},"excerpt":{"rendered":"Kuali\/Guanajuato, Gto.-El Grupo Parlamentario de PAN en el Congreso de Guanajuato realiz\u00f3 una reuni\u00f3n plenaria para establecer la agenda legislativa para el Primer Periodo Ordinario de Sesiones del Segundo A\u00f1o de Ejercicio Constitucional, que dar\u00e1 inicio el 25 de septiembre. Durante los trabajos, el coordinador del Grupo Parlamentario del PAN, diputado Luis Ernesto Ayala Torres, [&hellip;]","protected":false},"author":2,"featured_media":103769,"comment_status":"open","ping_status":"open","sticky":false,"template":"","format":"standard","meta":{"_seopress_robots_primary_cat":"none","_seopress_titles_title":"","_seopress_titles_desc":"","_seopress_robots_index":"","_monsterinsights_skip_tracking":false,"_monsterinsights_sitenote_active":false,"_monsterinsights_sitenote_note":"","_monsterinsights_sitenote_category":0,"footnotes":""},"categories":[3],"tags":[],"class_list":["post-103766","post","type-post","status-publish","format-standard","has-post-thumbnail","hentry","category-politica"],"yoast_head":"<!-- This site is optimized with the Yoast SEO plugin v27.4 - https:\/\/yoast.com\/product\/yoast-seo-wordpress\/ -->\n<title>PREPARA PAN AGENDA LEGISLATIVA - Kuali<\/title>\n<meta name=\"robots\" content=\"index, follow, max-snippet:-1, max-image-preview:large, max-video-preview:-1\" \/>\n<link rel=\"canonical\" href=\"https:\/\/kuali.com.mx\/web\/2022\/09\/14\/prepara-pan-agenda-legislativa\/\" \/>\n<meta property=\"og:locale\" content=\"es_MX\" \/>\n<meta property=\"og:type\" content=\"article\" \/>\n<meta property=\"og:title\" content=\"PREPARA PAN AGENDA LEGISLATIVA - Kuali\" \/>\n<meta property=\"og:description\" content=\"Kuali\/Guanajuato, Gto.-El Grupo Parlamentario de PAN en el Congreso de Guanajuato realiz\u00f3 una reuni\u00f3n plenaria para establecer la agenda legislativa para el Primer Periodo Ordinario de Sesiones del Segundo A\u00f1o de Ejercicio Constitucional, que dar\u00e1 inicio el 25 de septiembre. Durante los trabajos, el coordinador del Grupo Parlamentario del PAN, diputado Luis Ernesto Ayala Torres, [&hellip;]\" \/>\n<meta property=\"og:url\" content=\"https:\/\/kuali.com.mx\/web\/2022\/09\/14\/prepara-pan-agenda-legislativa\/\" \/>\n<meta property=\"og:site_name\" content=\"Kuali\" \/>\n<meta property=\"article:publisher\" content=\"https:\/\/kuali.com.mx\/web\/wp-content\/uploads\/2018\/04\/cropped-kuali_logo-1-1.png\" \/>\n<meta property=\"article:published_time\" content=\"2022-09-14T18:00:00+00:00\" \/>\n<meta property=\"article:modified_time\" content=\"2022-09-15T01:55:01+00:00\" \/>\n<meta property=\"og:image\" content=\"https:\/\/kuali.com.mx\/web\/wp-content\/uploads\/2022\/09\/Reunion-diputados-PAN.jpeg\" \/>\n\t<meta property=\"og:image:width\" content=\"1280\" \/>\n\t<meta property=\"og:image:height\" content=\"853\" \/>\n\t<meta property=\"og:image:type\" content=\"image\/jpeg\" \/>\n<meta name=\"author\" content=\"Kuali Staff\" \/>\n<meta name=\"twitter:card\" content=\"summary_large_image\" \/>\n<meta name=\"twitter:creator\" content=\"@kuali_noticias\" \/>\n<meta name=\"twitter:site\" content=\"@kuali_noticias\" \/>\n<meta name=\"twitter:label1\" content=\"Escrito por\" \/>\n\t<meta name=\"twitter:data1\" content=\"Kuali Staff\" \/>\n\t<meta name=\"twitter:label2\" content=\"Tiempo de lectura\" \/>\n\t<meta name=\"twitter:data2\" content=\"2 minutos\" \/>\n<script type=\"application\/ld+json\" class=\"yoast-schema-graph\">{\"@context\":\"https:\\\/\\\/schema.org\",\"@graph\":[{\"@type\":\"Article\",\"@id\":\"https:\\\/\\\/kuali.com.mx\\\/web\\\/2022\\\/09\\\/14\\\/prepara-pan-agenda-legislativa\\\/#article\",\"isPartOf\":{\"@id\":\"https:\\\/\\\/kuali.com.mx\\\/web\\\/2022\\\/09\\\/14\\\/prepara-pan-agenda-legislativa\\\/\"},\"author\":{\"name\":\"Kuali Staff\",\"@id\":\"https:\\\/\\\/kuali.com.mx\\\/web\\\/#\\\/schema\\\/person\\\/6f89ffa8ecba9dae50662357923c5289\"},\"headline\":\"PREPARA PAN AGENDA LEGISLATIVA\",\"datePublished\":\"2022-09-14T18:00:00+00:00\",\"dateModified\":\"2022-09-15T01:55:01+00:00\",\"mainEntityOfPage\":{\"@id\":\"https:\\\/\\\/kuali.com.mx\\\/web\\\/2022\\\/09\\\/14\\\/prepara-pan-agenda-legislativa\\\/\"},\"wordCount\":404,\"commentCount\":0,\"image\":{\"@id\":\"https:\\\/\\\/kuali.com.mx\\\/web\\\/2022\\\/09\\\/14\\\/prepara-pan-agenda-legislativa\\\/#primaryimage\"},\"thumbnailUrl\":\"https:\\\/\\\/kuali.com.mx\\\/web\\\/wp-content\\\/uploads\\\/2022\\\/09\\\/Reunion-diputados-PAN.jpeg\",\"articleSection\":[\"Pol\u00edtica\"],\"inLanguage\":\"es\",\"potentialAction\":[{\"@type\":\"CommentAction\",\"name\":\"Comment\",\"target\":[\"https:\\\/\\\/kuali.com.mx\\\/web\\\/2022\\\/09\\\/14\\\/prepara-pan-agenda-legislativa\\\/#respond\"]}]},{\"@type\":\"WebPage\",\"@id\":\"https:\\\/\\\/kuali.com.mx\\\/web\\\/2022\\\/09\\\/14\\\/prepara-pan-agenda-legislativa\\\/\",\"url\":\"https:\\\/\\\/kuali.com.mx\\\/web\\\/2022\\\/09\\\/14\\\/prepara-pan-agenda-legislativa\\\/\",\"name\":\"PREPARA PAN AGENDA LEGISLATIVA - Kuali\",\"isPartOf\":{\"@id\":\"https:\\\/\\\/kuali.com.mx\\\/web\\\/#website\"},\"primaryImageOfPage\":{\"@id\":\"https:\\\/\\\/kuali.com.mx\\\/web\\\/2022\\\/09\\\/14\\\/prepara-pan-agenda-legislativa\\\/#primaryimage\"},\"image\":{\"@id\":\"https:\\\/\\\/kuali.com.mx\\\/web\\\/2022\\\/09\\\/14\\\/prepara-pan-agenda-legislativa\\\/#primaryimage\"},\"thumbnailUrl\":\"https:\\\/\\\/kuali.com.mx\\\/web\\\/wp-content\\\/uploads\\\/2022\\\/09\\\/Reunion-diputados-PAN.jpeg\",\"datePublished\":\"2022-09-14T18:00:00+00:00\",\"dateModified\":\"2022-09-15T01:55:01+00:00\",\"author\":{\"@id\":\"https:\\\/\\\/kuali.com.mx\\\/web\\\/#\\\/schema\\\/person\\\/6f89ffa8ecba9dae50662357923c5289\"},\"breadcrumb\":{\"@id\":\"https:\\\/\\\/kuali.com.mx\\\/web\\\/2022\\\/09\\\/14\\\/prepara-pan-agenda-legislativa\\\/#breadcrumb\"},\"inLanguage\":\"es\",\"potentialAction\":[{\"@type\":\"ReadAction\",\"target\":[\"https:\\\/\\\/kuali.com.mx\\\/web\\\/2022\\\/09\\\/14\\\/prepara-pan-agenda-legislativa\\\/\"]}]},{\"@type\":\"ImageObject\",\"inLanguage\":\"es\",\"@id\":\"https:\\\/\\\/kuali.com.mx\\\/web\\\/2022\\\/09\\\/14\\\/prepara-pan-agenda-legislativa\\\/#primaryimage\",\"url\":\"https:\\\/\\\/kuali.com.mx\\\/web\\\/wp-content\\\/uploads\\\/2022\\\/09\\\/Reunion-diputados-PAN.jpeg\",\"contentUrl\":\"https:\\\/\\\/kuali.com.mx\\\/web\\\/wp-content\\\/uploads\\\/2022\\\/09\\\/Reunion-diputados-PAN.jpeg\",\"width\":1280,\"height\":853},{\"@type\":\"BreadcrumbList\",\"@id\":\"https:\\\/\\\/kuali.com.mx\\\/web\\\/2022\\\/09\\\/14\\\/prepara-pan-agenda-legislativa\\\/#breadcrumb\",\"itemListElement\":[{\"@type\":\"ListItem\",\"position\":1,\"name\":\"Inicio\",\"item\":\"https:\\\/\\\/kuali.com.mx\\\/web\\\/\"},{\"@type\":\"ListItem\",\"position\":2,\"name\":\"PREPARA PAN AGENDA LEGISLATIVA\"}]},{\"@type\":\"WebSite\",\"@id\":\"https:\\\/\\\/kuali.com.mx\\\/web\\\/#website\",\"url\":\"https:\\\/\\\/kuali.com.mx\\\/web\\\/\",\"name\":\"Kuali\",\"description\":\"\",\"potentialAction\":[{\"@type\":\"SearchAction\",\"target\":{\"@type\":\"EntryPoint\",\"urlTemplate\":\"https:\\\/\\\/kuali.com.mx\\\/web\\\/?s={search_term_string}\"},\"query-input\":{\"@type\":\"PropertyValueSpecification\",\"valueRequired\":true,\"valueName\":\"search_term_string\"}}],\"inLanguage\":\"es\"},{\"@type\":\"Person\",\"@id\":\"https:\\\/\\\/kuali.com.mx\\\/web\\\/#\\\/schema\\\/person\\\/6f89ffa8ecba9dae50662357923c5289\",\"name\":\"Kuali Staff\",\"image\":{\"@type\":\"ImageObject\",\"inLanguage\":\"es\",\"@id\":\"https:\\\/\\\/secure.gravatar.com\\\/avatar\\\/f917ad82e5ab71227a733c78b6e60715476f69ee6be59feee4eb5d9920c89e0f?s=96&d=mm&r=g\",\"url\":\"https:\\\/\\\/secure.gravatar.com\\\/avatar\\\/f917ad82e5ab71227a733c78b6e60715476f69ee6be59feee4eb5d9920c89e0f?s=96&d=mm&r=g\",\"contentUrl\":\"https:\\\/\\\/secure.gravatar.com\\\/avatar\\\/f917ad82e5ab71227a733c78b6e60715476f69ee6be59feee4eb5d9920c89e0f?s=96&d=mm&r=g\",\"caption\":\"Kuali Staff\"},\"url\":\"https:\\\/\\\/kuali.com.mx\\\/web\\\/author\\\/lagarto\\\/\"}]}<\/script>\n<!-- \/ Yoast SEO plugin. -->","yoast_head_json":{"title":"PREPARA PAN AGENDA LEGISLATIVA - Kuali","robots":{"index":"index","follow":"follow","max-snippet":"max-snippet:-1","max-image-preview":"max-image-preview:large","max-video-preview":"max-video-preview:-1"},"canonical":"https:\/\/kuali.com.mx\/web\/2022\/09\/14\/prepara-pan-agenda-legislativa\/","og_locale":"es_MX","og_type":"article","og_title":"PREPARA PAN AGENDA LEGISLATIVA - Kuali","og_description":"Kuali\/Guanajuato, Gto.-El Grupo Parlamentario de PAN en el Congreso de Guanajuato realiz\u00f3 una reuni\u00f3n plenaria para establecer la agenda legislativa para el Primer Periodo Ordinario de Sesiones del Segundo A\u00f1o de Ejercicio Constitucional, que dar\u00e1 inicio el 25 de septiembre. Durante los trabajos, el coordinador del Grupo Parlamentario del PAN, diputado Luis Ernesto Ayala Torres, [&hellip;]","og_url":"https:\/\/kuali.com.mx\/web\/2022\/09\/14\/prepara-pan-agenda-legislativa\/","og_site_name":"Kuali","article_publisher":"https:\/\/kuali.com.mx\/web\/wp-content\/uploads\/2018\/04\/cropped-kuali_logo-1-1.png","article_published_time":"2022-09-14T18:00:00+00:00","article_modified_time":"2022-09-15T01:55:01+00:00","og_image":[{"width":1280,"height":853,"url":"https:\/\/kuali.com.mx\/web\/wp-content\/uploads\/2022\/09\/Reunion-diputados-PAN.jpeg","type":"image\/jpeg"}],"author":"Kuali Staff","twitter_card":"summary_large_image","twitter_creator":"@kuali_noticias","twitter_site":"@kuali_noticias","twitter_misc":{"Escrito por":"Kuali Staff","Tiempo de lectura":"2 minutos"},"schema":{"@context":"https:\/\/schema.org","@graph":[{"@type":"Article","@id":"https:\/\/kuali.com.mx\/web\/2022\/09\/14\/prepara-pan-agenda-legislativa\/#article","isPartOf":{"@id":"https:\/\/kuali.com.mx\/web\/2022\/09\/14\/prepara-pan-agenda-legislativa\/"},"author":{"name":"Kuali Staff","@id":"https:\/\/kuali.com.mx\/web\/#\/schema\/person\/6f89ffa8ecba9dae50662357923c5289"},"headline":"PREPARA PAN AGENDA LEGISLATIVA","datePublished":"2022-09-14T18:00:00+00:00","dateModified":"2022-09-15T01:55:01+00:00","mainEntityOfPage":{"@id":"https:\/\/kuali.com.mx\/web\/2022\/09\/14\/prepara-pan-agenda-legislativa\/"},"wordCount":404,"commentCount":0,"image":{"@id":"https:\/\/kuali.com.mx\/web\/2022\/09\/14\/prepara-pan-agenda-legislativa\/#primaryimage"},"thumbnailUrl":"https:\/\/kuali.com.mx\/web\/wp-content\/uploads\/2022\/09\/Reunion-diputados-PAN.jpeg","articleSection":["Pol\u00edtica"],"inLanguage":"es","potentialAction":[{"@type":"CommentAction","name":"Comment","target":["https:\/\/kuali.com.mx\/web\/2022\/09\/14\/prepara-pan-agenda-legislativa\/#respond"]}]},{"@type":"WebPage","@id":"https:\/\/kuali.com.mx\/web\/2022\/09\/14\/prepara-pan-agenda-legislativa\/","url":"https:\/\/kuali.com.mx\/web\/2022\/09\/14\/prepara-pan-agenda-legislativa\/","name":"PREPARA PAN AGENDA LEGISLATIVA - Kuali","isPartOf":{"@id":"https:\/\/kuali.com.mx\/web\/#website"},"primaryImageOfPage":{"@id":"https:\/\/kuali.com.mx\/web\/2022\/09\/14\/prepara-pan-agenda-legislativa\/#primaryimage"},"image":{"@id":"https:\/\/kuali.com.mx\/web\/2022\/09\/14\/prepara-pan-agenda-legislativa\/#primaryimage"},"thumbnailUrl":"https:\/\/kuali.com.mx\/web\/wp-content\/uploads\/2022\/09\/Reunion-diputados-PAN.jpeg","datePublished":"2022-09-14T18:00:00+00:00","dateModified":"2022-09-15T01:55:01+00:00","author":{"@id":"https:\/\/kuali.com.mx\/web\/#\/schema\/person\/6f89ffa8ecba9dae50662357923c5289"},"breadcrumb":{"@id":"https:\/\/kuali.com.mx\/web\/2022\/09\/14\/prepara-pan-agenda-legislativa\/#breadcrumb"},"inLanguage":"es","potentialAction":[{"@type":"ReadAction","target":["https:\/\/kuali.com.mx\/web\/2022\/09\/14\/prepara-pan-agenda-legislativa\/"]}]},{"@type":"ImageObject","inLanguage":"es","@id":"https:\/\/kuali.com.mx\/web\/2022\/09\/14\/prepara-pan-agenda-legislativa\/#primaryimage","url":"https:\/\/kuali.com.mx\/web\/wp-content\/uploads\/2022\/09\/Reunion-diputados-PAN.jpeg","contentUrl":"https:\/\/kuali.com.mx\/web\/wp-content\/uploads\/2022\/09\/Reunion-diputados-PAN.jpeg","width":1280,"height":853},{"@type":"BreadcrumbList","@id":"https:\/\/kuali.com.mx\/web\/2022\/09\/14\/prepara-pan-agenda-legislativa\/#breadcrumb","itemListElement":[{"@type":"ListItem","position":1,"name":"Inicio","item":"https:\/\/kuali.com.mx\/web\/"},{"@type":"ListItem","position":2,"name":"PREPARA PAN AGENDA LEGISLATIVA"}]},{"@type":"WebSite","@id":"https:\/\/kuali.com.mx\/web\/#website","url":"https:\/\/kuali.com.mx\/web\/","name":"Kuali","description":"","potentialAction":[{"@type":"SearchAction","target":{"@type":"EntryPoint","urlTemplate":"https:\/\/kuali.com.mx\/web\/?s={search_term_string}"},"query-input":{"@type":"PropertyValueSpecification","valueRequired":true,"valueName":"search_term_string"}}],"inLanguage":"es"},{"@type":"Person","@id":"https:\/\/kuali.com.mx\/web\/#\/schema\/person\/6f89ffa8ecba9dae50662357923c5289","name":"Kuali Staff","image":{"@type":"ImageObject","inLanguage":"es","@id":"https:\/\/secure.gravatar.com\/avatar\/f917ad82e5ab71227a733c78b6e60715476f69ee6be59feee4eb5d9920c89e0f?s=96&d=mm&r=g","url":"https:\/\/secure.gravatar.com\/avatar\/f917ad82e5ab71227a733c78b6e60715476f69ee6be59feee4eb5d9920c89e0f?s=96&d=mm&r=g","contentUrl":"https:\/\/secure.gravatar.com\/avatar\/f917ad82e5ab71227a733c78b6e60715476f69ee6be59feee4eb5d9920c89e0f?s=96&d=mm&r=g","caption":"Kuali Staff"},"url":"https:\/\/kuali.com.mx\/web\/author\/lagarto\/"}]}},"_links":{"self":[{"href":"https:\/\/kuali.com.mx\/web\/wp-json\/wp\/v2\/posts\/103766","targetHints":{"allow":["GET"]}}],"collection":[{"href":"https:\/\/kuali.com.mx\/web\/wp-json\/wp\/v2\/posts"}],"about":[{"href":"https:\/\/kuali.com.mx\/web\/wp-json\/wp\/v2\/types\/post"}],"author":[{"embeddable":true,"href":"https:\/\/kuali.com.mx\/web\/wp-json\/wp\/v2\/users\/2"}],"replies":[{"embeddable":true,"href":"https:\/\/kuali.com.mx\/web\/wp-json\/wp\/v2\/comments?post=103766"}],"version-history":[{"count":1,"href":"https:\/\/kuali.com.mx\/web\/wp-json\/wp\/v2\/posts\/103766\/revisions"}],"predecessor-version":[{"id":103770,"href":"https:\/\/kuali.com.mx\/web\/wp-json\/wp\/v2\/posts\/103766\/revisions\/103770"}],"wp:featuredmedia":[{"embeddable":true,"href":"https:\/\/kuali.com.mx\/web\/wp-json\/wp\/v2\/media\/103769"}],"wp:attachment":[{"href":"https:\/\/kuali.com.mx\/web\/wp-json\/wp\/v2\/media?parent=103766"}],"wp:term":[{"taxonomy":"category","embeddable":true,"href":"https:\/\/kuali.com.mx\/web\/wp-json\/wp\/v2\/categories?post=103766"},{"taxonomy":"post_tag","embeddable":true,"href":"https:\/\/kuali.com.mx\/web\/wp-json\/wp\/v2\/tags?post=103766"}],"curies":[{"name":"wp","href":"https:\/\/api.w.org\/{rel}","templated":true}]}}