{"id":103263,"date":"2022-09-05T13:26:21","date_gmt":"2022-09-05T19:26:21","guid":{"rendered":"https:\/\/kuali.com.mx\/web\/?p=103263"},"modified":"2022-09-05T20:24:31","modified_gmt":"2022-09-06T02:24:31","slug":"amplian-plazo-de-concurso-memorias-de-los-caminos-de-guanajuato","status":"publish","type":"post","link":"https:\/\/kuali.com.mx\/web\/2022\/09\/05\/amplian-plazo-de-concurso-memorias-de-los-caminos-de-guanajuato\/","title":{"rendered":"AMPL\u00cdAN PLAZO DE CONCURSO \u201cMEMORIAS DE LOS CAMINOS DE GUANAJUATO\u201d"},"content":{"rendered":"\n<p><strong>Kuali\/Salamanca, Gto.- <\/strong>Ampl\u00edan plazo para recibir propuestas del concurso \u201cMemorias de los Caminos de Guanajuato\u201d, que se pueden entregar en tres modalidades: f\u00edsicamente, por correo electr\u00f3nico y por correo postal<\/p>\n\n\n\n<p>La Secretar\u00eda de Cultura y el Instituto Estatal de la Cultura (IEC) ampliaron la fecha de cierre del certamen Memorias hasta el 19 de septiembre pr\u00f3ximo.<\/p>\n\n\n\n<p>La convocatoria est\u00e1 destinada al rescate de la tradici\u00f3n oral y la memoria colectiva y est\u00e1 dirigida a las y los habitantes del estado de Guanajuato para que compartan textos elaborados a partir testimonios orales sobre expresiones, tradiciones o memorias sobre acontecimientos relevantes.<\/p>\n\n\n\n<p>Las tem\u00e1ticas que pueden abarcar los trabajos son: Culturas ind\u00edgenas: lenguas, costumbres, celebraciones, mitos, leyendas, artesan\u00edas; Fiestas populares; de pueblos, villas, ciudades, barrios, rituales, bodas, defunciones; M\u00fasica: como danzas, teatro popular o ritual (pastorela, coloquio); Medicina y herbolaria tradicional, cocina tradicional (historia, recetas, procesos de elaboraci\u00f3n especiales, ingredientes y zonas donde se producen, cultivados o silvestres); y etapas hist\u00f3ricas de la sociedad: como la Revoluci\u00f3n, Agrarismo, Movimiento Obrero, Migraci\u00f3n, Guerra Cristera, Desastres, Inundaciones, Incendios, Pandemias, Viruela Negra, COVID-19.<\/p>\n\n\n\n<p>Las personas interesadas deber\u00e1n escribir sus memorias sobre los distintos temas en un m\u00ednimo de ocho cuartillas, y pueden relatar cualquier episodio de su vida o incluso historias que les hayan contado en su comunidad.<\/p>\n\n\n\n<p>Los trabajos podr\u00e1n ser entregados por correo electr\u00f3nico en memoriasdeguanajuato@gmail.com o f\u00edsicamente (presencial o v\u00eda postal) en las sedes del Centro de las Artes de Guanajuato, en Salamanca; la Biblioteca Central Estatal Wigberto Jim\u00e9nez Moreno, en Le\u00f3n o las oficinas centrales del Instituto Estatal de la Cultura, en Guanajuato.<\/p>\n\n\n\n<p>La convocatoria contempla la entrega de 112 mil pesos de est\u00edmulos en efectivo a repartir entre los 14 mejores trabajos (8 mil pesos para cada uno), adem\u00e1s de menciones honor\u00edficas.<\/p>\n\n\n\n<p>Los resultados se dar\u00e1n a conocer el 18 de noviembre, a trav\u00e9s de los distintos canales del Instituto Estatal de la Cultura. La ceremonia de premiaci\u00f3n est\u00e1 programada para el 25 de noviembre, en el Centro de las Artes de Guanajuato.<\/p>\n\n\n\n<p>Memorias de los Caminos de Guanajuato recibe apoyo federal por parte de la Secretar\u00eda de Cultura, a trav\u00e9s del Programa de Apoyos a la Cultura, en su vertiente Apoyo a Instituciones Estatales de Cultura (AIEC).<\/p>\n\n\n\n<p>La convocatoria completa est\u00e1 disponible en el sitio web del IEC y para mayor informaci\u00f3n, se puede acudir a la Coordinaci\u00f3n de Culturas Populares del IEC, con Rub\u00e9n V\u00e1zquez Camacho, al tel\u00e9fono 464 641 6612 ext. 105 y en el correo electr\u00f3nico memoriasdeguanajuato@gmail.com<\/p>\n","protected":false},"excerpt":{"rendered":"Kuali\/Salamanca, Gto.- Ampl\u00edan plazo para recibir propuestas del concurso \u201cMemorias de los Caminos de Guanajuato\u201d, que se pueden entregar en tres modalidades: f\u00edsicamente, por correo electr\u00f3nico y por correo postal La Secretar\u00eda de Cultura y el Instituto Estatal de la Cultura (IEC) ampliaron la fecha de cierre del certamen Memorias hasta el 19 de septiembre [&hellip;]","protected":false},"author":2,"featured_media":103271,"comment_status":"open","ping_status":"open","sticky":false,"template":"","format":"standard","meta":{"_seopress_robots_primary_cat":"none","_seopress_titles_title":"","_seopress_titles_desc":"","_seopress_robots_index":"","_monsterinsights_skip_tracking":false,"_monsterinsights_sitenote_active":false,"_monsterinsights_sitenote_note":"","_monsterinsights_sitenote_category":0,"footnotes":""},"categories":[8],"tags":[127,468,9,1043],"class_list":["post-103263","post","type-post","status-publish","format-standard","has-post-thumbnail","hentry","category-espectaculos","tag-arte-y-cultura","tag-concurso","tag-guanajuato","tag-identidad"],"yoast_head":"<!-- This site is optimized with the Yoast SEO plugin v27.4 - https:\/\/yoast.com\/product\/yoast-seo-wordpress\/ -->\n<title>AMPL\u00cdAN PLAZO DE CONCURSO \u201cMEMORIAS DE LOS CAMINOS DE GUANAJUATO\u201d - Kuali<\/title>\n<meta name=\"robots\" content=\"index, follow, max-snippet:-1, max-image-preview:large, max-video-preview:-1\" \/>\n<link rel=\"canonical\" href=\"https:\/\/kuali.com.mx\/web\/2022\/09\/05\/amplian-plazo-de-concurso-memorias-de-los-caminos-de-guanajuato\/\" \/>\n<meta property=\"og:locale\" content=\"es_MX\" \/>\n<meta property=\"og:type\" content=\"article\" \/>\n<meta property=\"og:title\" content=\"AMPL\u00cdAN PLAZO DE CONCURSO \u201cMEMORIAS DE LOS CAMINOS DE GUANAJUATO\u201d - Kuali\" \/>\n<meta property=\"og:description\" content=\"Kuali\/Salamanca, Gto.- Ampl\u00edan plazo para recibir propuestas del concurso \u201cMemorias de los Caminos de Guanajuato\u201d, que se pueden entregar en tres modalidades: f\u00edsicamente, por correo electr\u00f3nico y por correo postal La Secretar\u00eda de Cultura y el Instituto Estatal de la Cultura (IEC) ampliaron la fecha de cierre del certamen Memorias hasta el 19 de septiembre [&hellip;]\" \/>\n<meta property=\"og:url\" content=\"https:\/\/kuali.com.mx\/web\/2022\/09\/05\/amplian-plazo-de-concurso-memorias-de-los-caminos-de-guanajuato\/\" \/>\n<meta property=\"og:site_name\" content=\"Kuali\" \/>\n<meta property=\"article:publisher\" content=\"https:\/\/kuali.com.mx\/web\/wp-content\/uploads\/2018\/04\/cropped-kuali_logo-1-1.png\" \/>\n<meta property=\"article:published_time\" content=\"2022-09-05T19:26:21+00:00\" \/>\n<meta property=\"article:modified_time\" content=\"2022-09-06T02:24:31+00:00\" \/>\n<meta property=\"og:image\" content=\"https:\/\/kuali.com.mx\/web\/wp-content\/uploads\/2022\/09\/Danzantes.gif\" \/>\n\t<meta property=\"og:image:width\" content=\"1800\" \/>\n\t<meta property=\"og:image:height\" content=\"750\" \/>\n\t<meta property=\"og:image:type\" content=\"image\/gif\" \/>\n<meta name=\"author\" content=\"Kuali Staff\" \/>\n<meta name=\"twitter:card\" content=\"summary_large_image\" \/>\n<meta name=\"twitter:creator\" content=\"@kuali_noticias\" \/>\n<meta name=\"twitter:site\" content=\"@kuali_noticias\" \/>\n<meta name=\"twitter:label1\" content=\"Escrito por\" \/>\n\t<meta name=\"twitter:data1\" content=\"Kuali Staff\" \/>\n\t<meta name=\"twitter:label2\" content=\"Tiempo de lectura\" \/>\n\t<meta name=\"twitter:data2\" content=\"2 minutos\" \/>\n<script type=\"application\/ld+json\" class=\"yoast-schema-graph\">{\"@context\":\"https:\\\/\\\/schema.org\",\"@graph\":[{\"@type\":\"Article\",\"@id\":\"https:\\\/\\\/kuali.com.mx\\\/web\\\/2022\\\/09\\\/05\\\/amplian-plazo-de-concurso-memorias-de-los-caminos-de-guanajuato\\\/#article\",\"isPartOf\":{\"@id\":\"https:\\\/\\\/kuali.com.mx\\\/web\\\/2022\\\/09\\\/05\\\/amplian-plazo-de-concurso-memorias-de-los-caminos-de-guanajuato\\\/\"},\"author\":{\"name\":\"Kuali Staff\",\"@id\":\"https:\\\/\\\/kuali.com.mx\\\/web\\\/#\\\/schema\\\/person\\\/6f89ffa8ecba9dae50662357923c5289\"},\"headline\":\"AMPL\u00cdAN PLAZO DE CONCURSO \u201cMEMORIAS DE LOS CAMINOS DE GUANAJUATO\u201d\",\"datePublished\":\"2022-09-05T19:26:21+00:00\",\"dateModified\":\"2022-09-06T02:24:31+00:00\",\"mainEntityOfPage\":{\"@id\":\"https:\\\/\\\/kuali.com.mx\\\/web\\\/2022\\\/09\\\/05\\\/amplian-plazo-de-concurso-memorias-de-los-caminos-de-guanajuato\\\/\"},\"wordCount\":453,\"commentCount\":0,\"image\":{\"@id\":\"https:\\\/\\\/kuali.com.mx\\\/web\\\/2022\\\/09\\\/05\\\/amplian-plazo-de-concurso-memorias-de-los-caminos-de-guanajuato\\\/#primaryimage\"},\"thumbnailUrl\":\"https:\\\/\\\/kuali.com.mx\\\/web\\\/wp-content\\\/uploads\\\/2022\\\/09\\\/Danzantes.gif\",\"keywords\":[\"Arte y cultura\",\"Concurso\",\"Guanajuato\",\"Identidad\"],\"articleSection\":[\"Cultura\"],\"inLanguage\":\"es\",\"potentialAction\":[{\"@type\":\"CommentAction\",\"name\":\"Comment\",\"target\":[\"https:\\\/\\\/kuali.com.mx\\\/web\\\/2022\\\/09\\\/05\\\/amplian-plazo-de-concurso-memorias-de-los-caminos-de-guanajuato\\\/#respond\"]}]},{\"@type\":\"WebPage\",\"@id\":\"https:\\\/\\\/kuali.com.mx\\\/web\\\/2022\\\/09\\\/05\\\/amplian-plazo-de-concurso-memorias-de-los-caminos-de-guanajuato\\\/\",\"url\":\"https:\\\/\\\/kuali.com.mx\\\/web\\\/2022\\\/09\\\/05\\\/amplian-plazo-de-concurso-memorias-de-los-caminos-de-guanajuato\\\/\",\"name\":\"AMPL\u00cdAN PLAZO DE CONCURSO \u201cMEMORIAS DE LOS CAMINOS DE GUANAJUATO\u201d - Kuali\",\"isPartOf\":{\"@id\":\"https:\\\/\\\/kuali.com.mx\\\/web\\\/#website\"},\"primaryImageOfPage\":{\"@id\":\"https:\\\/\\\/kuali.com.mx\\\/web\\\/2022\\\/09\\\/05\\\/amplian-plazo-de-concurso-memorias-de-los-caminos-de-guanajuato\\\/#primaryimage\"},\"image\":{\"@id\":\"https:\\\/\\\/kuali.com.mx\\\/web\\\/2022\\\/09\\\/05\\\/amplian-plazo-de-concurso-memorias-de-los-caminos-de-guanajuato\\\/#primaryimage\"},\"thumbnailUrl\":\"https:\\\/\\\/kuali.com.mx\\\/web\\\/wp-content\\\/uploads\\\/2022\\\/09\\\/Danzantes.gif\",\"datePublished\":\"2022-09-05T19:26:21+00:00\",\"dateModified\":\"2022-09-06T02:24:31+00:00\",\"author\":{\"@id\":\"https:\\\/\\\/kuali.com.mx\\\/web\\\/#\\\/schema\\\/person\\\/6f89ffa8ecba9dae50662357923c5289\"},\"breadcrumb\":{\"@id\":\"https:\\\/\\\/kuali.com.mx\\\/web\\\/2022\\\/09\\\/05\\\/amplian-plazo-de-concurso-memorias-de-los-caminos-de-guanajuato\\\/#breadcrumb\"},\"inLanguage\":\"es\",\"potentialAction\":[{\"@type\":\"ReadAction\",\"target\":[\"https:\\\/\\\/kuali.com.mx\\\/web\\\/2022\\\/09\\\/05\\\/amplian-plazo-de-concurso-memorias-de-los-caminos-de-guanajuato\\\/\"]}]},{\"@type\":\"ImageObject\",\"inLanguage\":\"es\",\"@id\":\"https:\\\/\\\/kuali.com.mx\\\/web\\\/2022\\\/09\\\/05\\\/amplian-plazo-de-concurso-memorias-de-los-caminos-de-guanajuato\\\/#primaryimage\",\"url\":\"https:\\\/\\\/kuali.com.mx\\\/web\\\/wp-content\\\/uploads\\\/2022\\\/09\\\/Danzantes.gif\",\"contentUrl\":\"https:\\\/\\\/kuali.com.mx\\\/web\\\/wp-content\\\/uploads\\\/2022\\\/09\\\/Danzantes.gif\",\"width\":1800,\"height\":750},{\"@type\":\"BreadcrumbList\",\"@id\":\"https:\\\/\\\/kuali.com.mx\\\/web\\\/2022\\\/09\\\/05\\\/amplian-plazo-de-concurso-memorias-de-los-caminos-de-guanajuato\\\/#breadcrumb\",\"itemListElement\":[{\"@type\":\"ListItem\",\"position\":1,\"name\":\"Inicio\",\"item\":\"https:\\\/\\\/kuali.com.mx\\\/web\\\/\"},{\"@type\":\"ListItem\",\"position\":2,\"name\":\"AMPL\u00cdAN PLAZO DE CONCURSO \u201cMEMORIAS DE LOS CAMINOS DE GUANAJUATO\u201d\"}]},{\"@type\":\"WebSite\",\"@id\":\"https:\\\/\\\/kuali.com.mx\\\/web\\\/#website\",\"url\":\"https:\\\/\\\/kuali.com.mx\\\/web\\\/\",\"name\":\"Kuali\",\"description\":\"\",\"potentialAction\":[{\"@type\":\"SearchAction\",\"target\":{\"@type\":\"EntryPoint\",\"urlTemplate\":\"https:\\\/\\\/kuali.com.mx\\\/web\\\/?s={search_term_string}\"},\"query-input\":{\"@type\":\"PropertyValueSpecification\",\"valueRequired\":true,\"valueName\":\"search_term_string\"}}],\"inLanguage\":\"es\"},{\"@type\":\"Person\",\"@id\":\"https:\\\/\\\/kuali.com.mx\\\/web\\\/#\\\/schema\\\/person\\\/6f89ffa8ecba9dae50662357923c5289\",\"name\":\"Kuali Staff\",\"image\":{\"@type\":\"ImageObject\",\"inLanguage\":\"es\",\"@id\":\"https:\\\/\\\/secure.gravatar.com\\\/avatar\\\/f917ad82e5ab71227a733c78b6e60715476f69ee6be59feee4eb5d9920c89e0f?s=96&d=mm&r=g\",\"url\":\"https:\\\/\\\/secure.gravatar.com\\\/avatar\\\/f917ad82e5ab71227a733c78b6e60715476f69ee6be59feee4eb5d9920c89e0f?s=96&d=mm&r=g\",\"contentUrl\":\"https:\\\/\\\/secure.gravatar.com\\\/avatar\\\/f917ad82e5ab71227a733c78b6e60715476f69ee6be59feee4eb5d9920c89e0f?s=96&d=mm&r=g\",\"caption\":\"Kuali Staff\"},\"url\":\"https:\\\/\\\/kuali.com.mx\\\/web\\\/author\\\/lagarto\\\/\"}]}<\/script>\n<!-- \/ Yoast SEO plugin. -->","yoast_head_json":{"title":"AMPL\u00cdAN PLAZO DE CONCURSO \u201cMEMORIAS DE LOS CAMINOS DE GUANAJUATO\u201d - Kuali","robots":{"index":"index","follow":"follow","max-snippet":"max-snippet:-1","max-image-preview":"max-image-preview:large","max-video-preview":"max-video-preview:-1"},"canonical":"https:\/\/kuali.com.mx\/web\/2022\/09\/05\/amplian-plazo-de-concurso-memorias-de-los-caminos-de-guanajuato\/","og_locale":"es_MX","og_type":"article","og_title":"AMPL\u00cdAN PLAZO DE CONCURSO \u201cMEMORIAS DE LOS CAMINOS DE GUANAJUATO\u201d - Kuali","og_description":"Kuali\/Salamanca, Gto.- Ampl\u00edan plazo para recibir propuestas del concurso \u201cMemorias de los Caminos de Guanajuato\u201d, que se pueden entregar en tres modalidades: f\u00edsicamente, por correo electr\u00f3nico y por correo postal La Secretar\u00eda de Cultura y el Instituto Estatal de la Cultura (IEC) ampliaron la fecha de cierre del certamen Memorias hasta el 19 de septiembre [&hellip;]","og_url":"https:\/\/kuali.com.mx\/web\/2022\/09\/05\/amplian-plazo-de-concurso-memorias-de-los-caminos-de-guanajuato\/","og_site_name":"Kuali","article_publisher":"https:\/\/kuali.com.mx\/web\/wp-content\/uploads\/2018\/04\/cropped-kuali_logo-1-1.png","article_published_time":"2022-09-05T19:26:21+00:00","article_modified_time":"2022-09-06T02:24:31+00:00","og_image":[{"width":1800,"height":750,"url":"https:\/\/kuali.com.mx\/web\/wp-content\/uploads\/2022\/09\/Danzantes.gif","type":"image\/gif"}],"author":"Kuali Staff","twitter_card":"summary_large_image","twitter_creator":"@kuali_noticias","twitter_site":"@kuali_noticias","twitter_misc":{"Escrito por":"Kuali Staff","Tiempo de lectura":"2 minutos"},"schema":{"@context":"https:\/\/schema.org","@graph":[{"@type":"Article","@id":"https:\/\/kuali.com.mx\/web\/2022\/09\/05\/amplian-plazo-de-concurso-memorias-de-los-caminos-de-guanajuato\/#article","isPartOf":{"@id":"https:\/\/kuali.com.mx\/web\/2022\/09\/05\/amplian-plazo-de-concurso-memorias-de-los-caminos-de-guanajuato\/"},"author":{"name":"Kuali Staff","@id":"https:\/\/kuali.com.mx\/web\/#\/schema\/person\/6f89ffa8ecba9dae50662357923c5289"},"headline":"AMPL\u00cdAN PLAZO DE CONCURSO \u201cMEMORIAS DE LOS CAMINOS DE GUANAJUATO\u201d","datePublished":"2022-09-05T19:26:21+00:00","dateModified":"2022-09-06T02:24:31+00:00","mainEntityOfPage":{"@id":"https:\/\/kuali.com.mx\/web\/2022\/09\/05\/amplian-plazo-de-concurso-memorias-de-los-caminos-de-guanajuato\/"},"wordCount":453,"commentCount":0,"image":{"@id":"https:\/\/kuali.com.mx\/web\/2022\/09\/05\/amplian-plazo-de-concurso-memorias-de-los-caminos-de-guanajuato\/#primaryimage"},"thumbnailUrl":"https:\/\/kuali.com.mx\/web\/wp-content\/uploads\/2022\/09\/Danzantes.gif","keywords":["Arte y cultura","Concurso","Guanajuato","Identidad"],"articleSection":["Cultura"],"inLanguage":"es","potentialAction":[{"@type":"CommentAction","name":"Comment","target":["https:\/\/kuali.com.mx\/web\/2022\/09\/05\/amplian-plazo-de-concurso-memorias-de-los-caminos-de-guanajuato\/#respond"]}]},{"@type":"WebPage","@id":"https:\/\/kuali.com.mx\/web\/2022\/09\/05\/amplian-plazo-de-concurso-memorias-de-los-caminos-de-guanajuato\/","url":"https:\/\/kuali.com.mx\/web\/2022\/09\/05\/amplian-plazo-de-concurso-memorias-de-los-caminos-de-guanajuato\/","name":"AMPL\u00cdAN PLAZO DE CONCURSO \u201cMEMORIAS DE LOS CAMINOS DE GUANAJUATO\u201d - Kuali","isPartOf":{"@id":"https:\/\/kuali.com.mx\/web\/#website"},"primaryImageOfPage":{"@id":"https:\/\/kuali.com.mx\/web\/2022\/09\/05\/amplian-plazo-de-concurso-memorias-de-los-caminos-de-guanajuato\/#primaryimage"},"image":{"@id":"https:\/\/kuali.com.mx\/web\/2022\/09\/05\/amplian-plazo-de-concurso-memorias-de-los-caminos-de-guanajuato\/#primaryimage"},"thumbnailUrl":"https:\/\/kuali.com.mx\/web\/wp-content\/uploads\/2022\/09\/Danzantes.gif","datePublished":"2022-09-05T19:26:21+00:00","dateModified":"2022-09-06T02:24:31+00:00","author":{"@id":"https:\/\/kuali.com.mx\/web\/#\/schema\/person\/6f89ffa8ecba9dae50662357923c5289"},"breadcrumb":{"@id":"https:\/\/kuali.com.mx\/web\/2022\/09\/05\/amplian-plazo-de-concurso-memorias-de-los-caminos-de-guanajuato\/#breadcrumb"},"inLanguage":"es","potentialAction":[{"@type":"ReadAction","target":["https:\/\/kuali.com.mx\/web\/2022\/09\/05\/amplian-plazo-de-concurso-memorias-de-los-caminos-de-guanajuato\/"]}]},{"@type":"ImageObject","inLanguage":"es","@id":"https:\/\/kuali.com.mx\/web\/2022\/09\/05\/amplian-plazo-de-concurso-memorias-de-los-caminos-de-guanajuato\/#primaryimage","url":"https:\/\/kuali.com.mx\/web\/wp-content\/uploads\/2022\/09\/Danzantes.gif","contentUrl":"https:\/\/kuali.com.mx\/web\/wp-content\/uploads\/2022\/09\/Danzantes.gif","width":1800,"height":750},{"@type":"BreadcrumbList","@id":"https:\/\/kuali.com.mx\/web\/2022\/09\/05\/amplian-plazo-de-concurso-memorias-de-los-caminos-de-guanajuato\/#breadcrumb","itemListElement":[{"@type":"ListItem","position":1,"name":"Inicio","item":"https:\/\/kuali.com.mx\/web\/"},{"@type":"ListItem","position":2,"name":"AMPL\u00cdAN PLAZO DE CONCURSO \u201cMEMORIAS DE LOS CAMINOS DE GUANAJUATO\u201d"}]},{"@type":"WebSite","@id":"https:\/\/kuali.com.mx\/web\/#website","url":"https:\/\/kuali.com.mx\/web\/","name":"Kuali","description":"","potentialAction":[{"@type":"SearchAction","target":{"@type":"EntryPoint","urlTemplate":"https:\/\/kuali.com.mx\/web\/?s={search_term_string}"},"query-input":{"@type":"PropertyValueSpecification","valueRequired":true,"valueName":"search_term_string"}}],"inLanguage":"es"},{"@type":"Person","@id":"https:\/\/kuali.com.mx\/web\/#\/schema\/person\/6f89ffa8ecba9dae50662357923c5289","name":"Kuali Staff","image":{"@type":"ImageObject","inLanguage":"es","@id":"https:\/\/secure.gravatar.com\/avatar\/f917ad82e5ab71227a733c78b6e60715476f69ee6be59feee4eb5d9920c89e0f?s=96&d=mm&r=g","url":"https:\/\/secure.gravatar.com\/avatar\/f917ad82e5ab71227a733c78b6e60715476f69ee6be59feee4eb5d9920c89e0f?s=96&d=mm&r=g","contentUrl":"https:\/\/secure.gravatar.com\/avatar\/f917ad82e5ab71227a733c78b6e60715476f69ee6be59feee4eb5d9920c89e0f?s=96&d=mm&r=g","caption":"Kuali Staff"},"url":"https:\/\/kuali.com.mx\/web\/author\/lagarto\/"}]}},"_links":{"self":[{"href":"https:\/\/kuali.com.mx\/web\/wp-json\/wp\/v2\/posts\/103263","targetHints":{"allow":["GET"]}}],"collection":[{"href":"https:\/\/kuali.com.mx\/web\/wp-json\/wp\/v2\/posts"}],"about":[{"href":"https:\/\/kuali.com.mx\/web\/wp-json\/wp\/v2\/types\/post"}],"author":[{"embeddable":true,"href":"https:\/\/kuali.com.mx\/web\/wp-json\/wp\/v2\/users\/2"}],"replies":[{"embeddable":true,"href":"https:\/\/kuali.com.mx\/web\/wp-json\/wp\/v2\/comments?post=103263"}],"version-history":[{"count":1,"href":"https:\/\/kuali.com.mx\/web\/wp-json\/wp\/v2\/posts\/103263\/revisions"}],"predecessor-version":[{"id":103265,"href":"https:\/\/kuali.com.mx\/web\/wp-json\/wp\/v2\/posts\/103263\/revisions\/103265"}],"wp:featuredmedia":[{"embeddable":true,"href":"https:\/\/kuali.com.mx\/web\/wp-json\/wp\/v2\/media\/103271"}],"wp:attachment":[{"href":"https:\/\/kuali.com.mx\/web\/wp-json\/wp\/v2\/media?parent=103263"}],"wp:term":[{"taxonomy":"category","embeddable":true,"href":"https:\/\/kuali.com.mx\/web\/wp-json\/wp\/v2\/categories?post=103263"},{"taxonomy":"post_tag","embeddable":true,"href":"https:\/\/kuali.com.mx\/web\/wp-json\/wp\/v2\/tags?post=103263"}],"curies":[{"name":"wp","href":"https:\/\/api.w.org\/{rel}","templated":true}]}}