{"id":103250,"date":"2022-09-05T08:28:28","date_gmt":"2022-09-05T14:28:28","guid":{"rendered":"https:\/\/kuali.com.mx\/web\/?p=103250"},"modified":"2022-09-05T11:12:09","modified_gmt":"2022-09-05T17:12:09","slug":"mexico-debe-anular-prision-preventiva-oficiosa-onu","status":"publish","type":"post","link":"https:\/\/kuali.com.mx\/web\/2022\/09\/05\/mexico-debe-anular-prision-preventiva-oficiosa-onu\/","title":{"rendered":"M\u00c9XICO DEBE ANULAR PRISI\u00d3N PREVENTIVA OFICIOSA: ONU"},"content":{"rendered":"\n<p><strong>Kuali\/Ginebra,Suiza.- <\/strong>El Grupo de Trabajo sobre la Detenci\u00f3n Arbitraria de la Organizaci\u00f3n de Naciones Unidas (ONU) exhort\u00f3 urgentemente a M\u00e9xico a anular la prisi\u00f3n preventiva obligatoria, llamada tambi\u00e9n \u201cprisi\u00f3n preventiva oficiosa\u201d o \u201cautom\u00e1tica\u201d, contemplada en la Constituci\u00f3n Pol\u00edtica de los Estados Unidos Mexicanos.<\/p>\n\n\n\n<p>\u201cLa prisi\u00f3n preventiva oficiosa es contraria las garant\u00edas internacionales de protecci\u00f3n de derechos humanos, como lo ha indicado la jurisprudencia del Grupo de Trabajo en m\u00faltiples ocasiones\u201d, indic\u00f3 Miriam Estrada-Castillo, presidenta-relatora del Grupo de Trabajo. La Corte y la Comisi\u00f3n Interamericana de Derechos Humanos, as\u00ed como el Comit\u00e9 de Derechos Humanos y el Comit\u00e9 contra la Tortura, han adoptado conclusiones similares, dijo la experta.<\/p>\n\n\n\n<p>&nbsp;Bajo el art\u00edculo 19 de la constituci\u00f3n, el ordenamiento jur\u00eddico mexicano obliga a las y los jueces a imponer prisi\u00f3n preventiva oficiosa a todas las personas que sean acusadas de determinados delitos, lo que ha llevado a m\u00faltiples violaciones de sus derechos humanos, como la presunci\u00f3n de inocencia, el debido proceso y la igualdad ante la ley.<\/p>\n\n\n\n<p>La prisi\u00f3n preventiva oficiosa es, igualmente, contraria a la independencia judicial y al deber de fundamentar jur\u00eddicamente los motivos de la detenci\u00f3n, dijo la Dra. Estrada-Castillo. Adem\u00e1s, pone en grave riesgo el derecho a la integridad personal y la garant\u00eda de no ser v\u00edctima de tortura o tratos crueles, inhumanos o degradantes. A pesar de que la prisi\u00f3n preventiva oficiosa sea establecida en la ley, ello no garantiza que no sea arbitraria.<\/p>\n\n\n\n<p>\u201cUna de las m\u00e1s serias consecuencias de la prisi\u00f3n preventiva obligatoria ha sido el que muchos mexicanos pasen m\u00e1s de una d\u00e9cada privados de su libertad a la espera de un juicio, sin sentencia y en condiciones de grave riesgo a sus vidas e integridad personal. Esto adem\u00e1s contribuye al hacinamiento carcelario,\u201d expres\u00f3 Estrada-Castillo.<\/p>\n\n\n\n<p><strong>MEXICO VIOLA OBLIGACIONES INTERNACIONALES<\/strong><\/p>\n\n\n\n<p>Consciente de los desaf\u00edos que enfrenta el gobierno en materia de seguridad p\u00fablica, el Grupo de Trabajo reiter\u00f3 que la prisi\u00f3n preventiva oficiosa pone a M\u00e9xico en franca violaci\u00f3n de sus obligaciones internacionales de derechos humanos, asumidas con el Pacto Internacional de Derechos Civiles y Pol\u00edticos.<\/p>\n\n\n\n<p>&nbsp;Anular la prisi\u00f3n preventiva oficiosa no solo es un paso esencial para aliviar el problema de las detenciones arbitrarias en M\u00e9xico, sino que tambi\u00e9n permitir\u00eda apaciguar la sobrepoblaci\u00f3n del sistema penitenciario.<\/p>\n\n\n\n<p>Desde el 2018, a trav\u00e9s de opiniones y comunicaciones, el Grupo de Trabajo ha insistido a M\u00e9xico sobre la necesidad urgente de solucionar este problema estructural, ofreci\u00e9ndole la asistencia t\u00e9cnica necesaria.<\/p>\n\n\n\n<p>Actualmente, M\u00e9xico tiene una oportunidad hist\u00f3rica para anular una medida perjudicial que ha afectado gravemente los derechos fundamentales de los mexicanos por a\u00f1os, se\u00f1ala la ONU.<\/p>\n","protected":false},"excerpt":{"rendered":"Kuali\/Ginebra,Suiza.- El Grupo de Trabajo sobre la Detenci\u00f3n Arbitraria de la Organizaci\u00f3n de Naciones Unidas (ONU) exhort\u00f3 urgentemente a M\u00e9xico a anular la prisi\u00f3n preventiva obligatoria, llamada tambi\u00e9n \u201cprisi\u00f3n preventiva oficiosa\u201d o \u201cautom\u00e1tica\u201d, contemplada en la Constituci\u00f3n Pol\u00edtica de los Estados Unidos Mexicanos. \u201cLa prisi\u00f3n preventiva oficiosa es contraria las garant\u00edas internacionales de protecci\u00f3n de [&hellip;]","protected":false},"author":2,"featured_media":69370,"comment_status":"open","ping_status":"open","sticky":false,"template":"","format":"standard","meta":{"_seopress_robots_primary_cat":"none","_seopress_titles_title":"","_seopress_titles_desc":"","_seopress_robots_index":"","_monsterinsights_skip_tracking":false,"_monsterinsights_sitenote_active":false,"_monsterinsights_sitenote_note":"","_monsterinsights_sitenote_category":0,"footnotes":""},"categories":[14],"tags":[100,1040,386,1041],"class_list":["post-103250","post","type-post","status-publish","format-standard","has-post-thumbnail","hentry","category-derechos","tag-derechos-humanos","tag-jusicia","tag-onu","tag-prision-preventiva"],"yoast_head":"<!-- This site is optimized with the Yoast SEO plugin v27.4 - https:\/\/yoast.com\/product\/yoast-seo-wordpress\/ -->\n<title>M\u00c9XICO DEBE ANULAR PRISI\u00d3N PREVENTIVA OFICIOSA: ONU - Kuali<\/title>\n<meta name=\"robots\" content=\"index, follow, max-snippet:-1, max-image-preview:large, max-video-preview:-1\" \/>\n<link rel=\"canonical\" href=\"https:\/\/kuali.com.mx\/web\/2022\/09\/05\/mexico-debe-anular-prision-preventiva-oficiosa-onu\/\" \/>\n<meta property=\"og:locale\" content=\"es_MX\" \/>\n<meta property=\"og:type\" content=\"article\" \/>\n<meta property=\"og:title\" content=\"M\u00c9XICO DEBE ANULAR PRISI\u00d3N PREVENTIVA OFICIOSA: ONU - Kuali\" \/>\n<meta property=\"og:description\" content=\"Kuali\/Ginebra,Suiza.- El Grupo de Trabajo sobre la Detenci\u00f3n Arbitraria de la Organizaci\u00f3n de Naciones Unidas (ONU) exhort\u00f3 urgentemente a M\u00e9xico a anular la prisi\u00f3n preventiva obligatoria, llamada tambi\u00e9n \u201cprisi\u00f3n preventiva oficiosa\u201d o \u201cautom\u00e1tica\u201d, contemplada en la Constituci\u00f3n Pol\u00edtica de los Estados Unidos Mexicanos. \u201cLa prisi\u00f3n preventiva oficiosa es contraria las garant\u00edas internacionales de protecci\u00f3n de [&hellip;]\" \/>\n<meta property=\"og:url\" content=\"https:\/\/kuali.com.mx\/web\/2022\/09\/05\/mexico-debe-anular-prision-preventiva-oficiosa-onu\/\" \/>\n<meta property=\"og:site_name\" content=\"Kuali\" \/>\n<meta property=\"article:publisher\" content=\"https:\/\/kuali.com.mx\/web\/wp-content\/uploads\/2018\/04\/cropped-kuali_logo-1-1.png\" \/>\n<meta property=\"article:published_time\" content=\"2022-09-05T14:28:28+00:00\" \/>\n<meta property=\"article:modified_time\" content=\"2022-09-05T17:12:09+00:00\" \/>\n<meta property=\"og:image\" content=\"https:\/\/kuali.com.mx\/web\/wp-content\/uploads\/2020\/04\/C\u00c1RCEL-PRISI\u00d3N.jpg\" \/>\n\t<meta property=\"og:image:width\" content=\"1753\" \/>\n\t<meta property=\"og:image:height\" content=\"750\" \/>\n\t<meta property=\"og:image:type\" content=\"image\/jpeg\" \/>\n<meta name=\"author\" content=\"Kuali Staff\" \/>\n<meta name=\"twitter:card\" content=\"summary_large_image\" \/>\n<meta name=\"twitter:creator\" content=\"@kuali_noticias\" \/>\n<meta name=\"twitter:site\" content=\"@kuali_noticias\" \/>\n<meta name=\"twitter:label1\" content=\"Escrito por\" \/>\n\t<meta name=\"twitter:data1\" content=\"Kuali Staff\" \/>\n\t<meta name=\"twitter:label2\" content=\"Tiempo de lectura\" \/>\n\t<meta name=\"twitter:data2\" content=\"2 minutos\" \/>\n<script type=\"application\/ld+json\" class=\"yoast-schema-graph\">{\"@context\":\"https:\\\/\\\/schema.org\",\"@graph\":[{\"@type\":\"Article\",\"@id\":\"https:\\\/\\\/kuali.com.mx\\\/web\\\/2022\\\/09\\\/05\\\/mexico-debe-anular-prision-preventiva-oficiosa-onu\\\/#article\",\"isPartOf\":{\"@id\":\"https:\\\/\\\/kuali.com.mx\\\/web\\\/2022\\\/09\\\/05\\\/mexico-debe-anular-prision-preventiva-oficiosa-onu\\\/\"},\"author\":{\"name\":\"Kuali Staff\",\"@id\":\"https:\\\/\\\/kuali.com.mx\\\/web\\\/#\\\/schema\\\/person\\\/6f89ffa8ecba9dae50662357923c5289\"},\"headline\":\"M\u00c9XICO DEBE ANULAR PRISI\u00d3N PREVENTIVA OFICIOSA: ONU\",\"datePublished\":\"2022-09-05T14:28:28+00:00\",\"dateModified\":\"2022-09-05T17:12:09+00:00\",\"mainEntityOfPage\":{\"@id\":\"https:\\\/\\\/kuali.com.mx\\\/web\\\/2022\\\/09\\\/05\\\/mexico-debe-anular-prision-preventiva-oficiosa-onu\\\/\"},\"wordCount\":491,\"commentCount\":0,\"image\":{\"@id\":\"https:\\\/\\\/kuali.com.mx\\\/web\\\/2022\\\/09\\\/05\\\/mexico-debe-anular-prision-preventiva-oficiosa-onu\\\/#primaryimage\"},\"thumbnailUrl\":\"https:\\\/\\\/kuali.com.mx\\\/web\\\/wp-content\\\/uploads\\\/2020\\\/04\\\/C\u00c1RCEL-PRISI\u00d3N.jpg\",\"keywords\":[\"Derechos Humanos\",\"Jusicia\",\"ONU\",\"Prisi\u00f3n preventiva\"],\"articleSection\":[\"Derechos Humanos\"],\"inLanguage\":\"es\",\"potentialAction\":[{\"@type\":\"CommentAction\",\"name\":\"Comment\",\"target\":[\"https:\\\/\\\/kuali.com.mx\\\/web\\\/2022\\\/09\\\/05\\\/mexico-debe-anular-prision-preventiva-oficiosa-onu\\\/#respond\"]}]},{\"@type\":\"WebPage\",\"@id\":\"https:\\\/\\\/kuali.com.mx\\\/web\\\/2022\\\/09\\\/05\\\/mexico-debe-anular-prision-preventiva-oficiosa-onu\\\/\",\"url\":\"https:\\\/\\\/kuali.com.mx\\\/web\\\/2022\\\/09\\\/05\\\/mexico-debe-anular-prision-preventiva-oficiosa-onu\\\/\",\"name\":\"M\u00c9XICO DEBE ANULAR PRISI\u00d3N PREVENTIVA OFICIOSA: ONU - Kuali\",\"isPartOf\":{\"@id\":\"https:\\\/\\\/kuali.com.mx\\\/web\\\/#website\"},\"primaryImageOfPage\":{\"@id\":\"https:\\\/\\\/kuali.com.mx\\\/web\\\/2022\\\/09\\\/05\\\/mexico-debe-anular-prision-preventiva-oficiosa-onu\\\/#primaryimage\"},\"image\":{\"@id\":\"https:\\\/\\\/kuali.com.mx\\\/web\\\/2022\\\/09\\\/05\\\/mexico-debe-anular-prision-preventiva-oficiosa-onu\\\/#primaryimage\"},\"thumbnailUrl\":\"https:\\\/\\\/kuali.com.mx\\\/web\\\/wp-content\\\/uploads\\\/2020\\\/04\\\/C\u00c1RCEL-PRISI\u00d3N.jpg\",\"datePublished\":\"2022-09-05T14:28:28+00:00\",\"dateModified\":\"2022-09-05T17:12:09+00:00\",\"author\":{\"@id\":\"https:\\\/\\\/kuali.com.mx\\\/web\\\/#\\\/schema\\\/person\\\/6f89ffa8ecba9dae50662357923c5289\"},\"breadcrumb\":{\"@id\":\"https:\\\/\\\/kuali.com.mx\\\/web\\\/2022\\\/09\\\/05\\\/mexico-debe-anular-prision-preventiva-oficiosa-onu\\\/#breadcrumb\"},\"inLanguage\":\"es\",\"potentialAction\":[{\"@type\":\"ReadAction\",\"target\":[\"https:\\\/\\\/kuali.com.mx\\\/web\\\/2022\\\/09\\\/05\\\/mexico-debe-anular-prision-preventiva-oficiosa-onu\\\/\"]}]},{\"@type\":\"ImageObject\",\"inLanguage\":\"es\",\"@id\":\"https:\\\/\\\/kuali.com.mx\\\/web\\\/2022\\\/09\\\/05\\\/mexico-debe-anular-prision-preventiva-oficiosa-onu\\\/#primaryimage\",\"url\":\"https:\\\/\\\/kuali.com.mx\\\/web\\\/wp-content\\\/uploads\\\/2020\\\/04\\\/C\u00c1RCEL-PRISI\u00d3N.jpg\",\"contentUrl\":\"https:\\\/\\\/kuali.com.mx\\\/web\\\/wp-content\\\/uploads\\\/2020\\\/04\\\/C\u00c1RCEL-PRISI\u00d3N.jpg\",\"width\":1753,\"height\":750},{\"@type\":\"BreadcrumbList\",\"@id\":\"https:\\\/\\\/kuali.com.mx\\\/web\\\/2022\\\/09\\\/05\\\/mexico-debe-anular-prision-preventiva-oficiosa-onu\\\/#breadcrumb\",\"itemListElement\":[{\"@type\":\"ListItem\",\"position\":1,\"name\":\"Inicio\",\"item\":\"https:\\\/\\\/kuali.com.mx\\\/web\\\/\"},{\"@type\":\"ListItem\",\"position\":2,\"name\":\"M\u00c9XICO DEBE ANULAR PRISI\u00d3N PREVENTIVA OFICIOSA: ONU\"}]},{\"@type\":\"WebSite\",\"@id\":\"https:\\\/\\\/kuali.com.mx\\\/web\\\/#website\",\"url\":\"https:\\\/\\\/kuali.com.mx\\\/web\\\/\",\"name\":\"Kuali\",\"description\":\"\",\"potentialAction\":[{\"@type\":\"SearchAction\",\"target\":{\"@type\":\"EntryPoint\",\"urlTemplate\":\"https:\\\/\\\/kuali.com.mx\\\/web\\\/?s={search_term_string}\"},\"query-input\":{\"@type\":\"PropertyValueSpecification\",\"valueRequired\":true,\"valueName\":\"search_term_string\"}}],\"inLanguage\":\"es\"},{\"@type\":\"Person\",\"@id\":\"https:\\\/\\\/kuali.com.mx\\\/web\\\/#\\\/schema\\\/person\\\/6f89ffa8ecba9dae50662357923c5289\",\"name\":\"Kuali Staff\",\"image\":{\"@type\":\"ImageObject\",\"inLanguage\":\"es\",\"@id\":\"https:\\\/\\\/secure.gravatar.com\\\/avatar\\\/f917ad82e5ab71227a733c78b6e60715476f69ee6be59feee4eb5d9920c89e0f?s=96&d=mm&r=g\",\"url\":\"https:\\\/\\\/secure.gravatar.com\\\/avatar\\\/f917ad82e5ab71227a733c78b6e60715476f69ee6be59feee4eb5d9920c89e0f?s=96&d=mm&r=g\",\"contentUrl\":\"https:\\\/\\\/secure.gravatar.com\\\/avatar\\\/f917ad82e5ab71227a733c78b6e60715476f69ee6be59feee4eb5d9920c89e0f?s=96&d=mm&r=g\",\"caption\":\"Kuali Staff\"},\"url\":\"https:\\\/\\\/kuali.com.mx\\\/web\\\/author\\\/lagarto\\\/\"}]}<\/script>\n<!-- \/ Yoast SEO plugin. -->","yoast_head_json":{"title":"M\u00c9XICO DEBE ANULAR PRISI\u00d3N PREVENTIVA OFICIOSA: ONU - Kuali","robots":{"index":"index","follow":"follow","max-snippet":"max-snippet:-1","max-image-preview":"max-image-preview:large","max-video-preview":"max-video-preview:-1"},"canonical":"https:\/\/kuali.com.mx\/web\/2022\/09\/05\/mexico-debe-anular-prision-preventiva-oficiosa-onu\/","og_locale":"es_MX","og_type":"article","og_title":"M\u00c9XICO DEBE ANULAR PRISI\u00d3N PREVENTIVA OFICIOSA: ONU - Kuali","og_description":"Kuali\/Ginebra,Suiza.- El Grupo de Trabajo sobre la Detenci\u00f3n Arbitraria de la Organizaci\u00f3n de Naciones Unidas (ONU) exhort\u00f3 urgentemente a M\u00e9xico a anular la prisi\u00f3n preventiva obligatoria, llamada tambi\u00e9n \u201cprisi\u00f3n preventiva oficiosa\u201d o \u201cautom\u00e1tica\u201d, contemplada en la Constituci\u00f3n Pol\u00edtica de los Estados Unidos Mexicanos. \u201cLa prisi\u00f3n preventiva oficiosa es contraria las garant\u00edas internacionales de protecci\u00f3n de [&hellip;]","og_url":"https:\/\/kuali.com.mx\/web\/2022\/09\/05\/mexico-debe-anular-prision-preventiva-oficiosa-onu\/","og_site_name":"Kuali","article_publisher":"https:\/\/kuali.com.mx\/web\/wp-content\/uploads\/2018\/04\/cropped-kuali_logo-1-1.png","article_published_time":"2022-09-05T14:28:28+00:00","article_modified_time":"2022-09-05T17:12:09+00:00","og_image":[{"width":1753,"height":750,"url":"https:\/\/kuali.com.mx\/web\/wp-content\/uploads\/2020\/04\/C\u00c1RCEL-PRISI\u00d3N.jpg","type":"image\/jpeg"}],"author":"Kuali Staff","twitter_card":"summary_large_image","twitter_creator":"@kuali_noticias","twitter_site":"@kuali_noticias","twitter_misc":{"Escrito por":"Kuali Staff","Tiempo de lectura":"2 minutos"},"schema":{"@context":"https:\/\/schema.org","@graph":[{"@type":"Article","@id":"https:\/\/kuali.com.mx\/web\/2022\/09\/05\/mexico-debe-anular-prision-preventiva-oficiosa-onu\/#article","isPartOf":{"@id":"https:\/\/kuali.com.mx\/web\/2022\/09\/05\/mexico-debe-anular-prision-preventiva-oficiosa-onu\/"},"author":{"name":"Kuali Staff","@id":"https:\/\/kuali.com.mx\/web\/#\/schema\/person\/6f89ffa8ecba9dae50662357923c5289"},"headline":"M\u00c9XICO DEBE ANULAR PRISI\u00d3N PREVENTIVA OFICIOSA: ONU","datePublished":"2022-09-05T14:28:28+00:00","dateModified":"2022-09-05T17:12:09+00:00","mainEntityOfPage":{"@id":"https:\/\/kuali.com.mx\/web\/2022\/09\/05\/mexico-debe-anular-prision-preventiva-oficiosa-onu\/"},"wordCount":491,"commentCount":0,"image":{"@id":"https:\/\/kuali.com.mx\/web\/2022\/09\/05\/mexico-debe-anular-prision-preventiva-oficiosa-onu\/#primaryimage"},"thumbnailUrl":"https:\/\/kuali.com.mx\/web\/wp-content\/uploads\/2020\/04\/C\u00c1RCEL-PRISI\u00d3N.jpg","keywords":["Derechos Humanos","Jusicia","ONU","Prisi\u00f3n preventiva"],"articleSection":["Derechos Humanos"],"inLanguage":"es","potentialAction":[{"@type":"CommentAction","name":"Comment","target":["https:\/\/kuali.com.mx\/web\/2022\/09\/05\/mexico-debe-anular-prision-preventiva-oficiosa-onu\/#respond"]}]},{"@type":"WebPage","@id":"https:\/\/kuali.com.mx\/web\/2022\/09\/05\/mexico-debe-anular-prision-preventiva-oficiosa-onu\/","url":"https:\/\/kuali.com.mx\/web\/2022\/09\/05\/mexico-debe-anular-prision-preventiva-oficiosa-onu\/","name":"M\u00c9XICO DEBE ANULAR PRISI\u00d3N PREVENTIVA OFICIOSA: ONU - Kuali","isPartOf":{"@id":"https:\/\/kuali.com.mx\/web\/#website"},"primaryImageOfPage":{"@id":"https:\/\/kuali.com.mx\/web\/2022\/09\/05\/mexico-debe-anular-prision-preventiva-oficiosa-onu\/#primaryimage"},"image":{"@id":"https:\/\/kuali.com.mx\/web\/2022\/09\/05\/mexico-debe-anular-prision-preventiva-oficiosa-onu\/#primaryimage"},"thumbnailUrl":"https:\/\/kuali.com.mx\/web\/wp-content\/uploads\/2020\/04\/C\u00c1RCEL-PRISI\u00d3N.jpg","datePublished":"2022-09-05T14:28:28+00:00","dateModified":"2022-09-05T17:12:09+00:00","author":{"@id":"https:\/\/kuali.com.mx\/web\/#\/schema\/person\/6f89ffa8ecba9dae50662357923c5289"},"breadcrumb":{"@id":"https:\/\/kuali.com.mx\/web\/2022\/09\/05\/mexico-debe-anular-prision-preventiva-oficiosa-onu\/#breadcrumb"},"inLanguage":"es","potentialAction":[{"@type":"ReadAction","target":["https:\/\/kuali.com.mx\/web\/2022\/09\/05\/mexico-debe-anular-prision-preventiva-oficiosa-onu\/"]}]},{"@type":"ImageObject","inLanguage":"es","@id":"https:\/\/kuali.com.mx\/web\/2022\/09\/05\/mexico-debe-anular-prision-preventiva-oficiosa-onu\/#primaryimage","url":"https:\/\/kuali.com.mx\/web\/wp-content\/uploads\/2020\/04\/C\u00c1RCEL-PRISI\u00d3N.jpg","contentUrl":"https:\/\/kuali.com.mx\/web\/wp-content\/uploads\/2020\/04\/C\u00c1RCEL-PRISI\u00d3N.jpg","width":1753,"height":750},{"@type":"BreadcrumbList","@id":"https:\/\/kuali.com.mx\/web\/2022\/09\/05\/mexico-debe-anular-prision-preventiva-oficiosa-onu\/#breadcrumb","itemListElement":[{"@type":"ListItem","position":1,"name":"Inicio","item":"https:\/\/kuali.com.mx\/web\/"},{"@type":"ListItem","position":2,"name":"M\u00c9XICO DEBE ANULAR PRISI\u00d3N PREVENTIVA OFICIOSA: ONU"}]},{"@type":"WebSite","@id":"https:\/\/kuali.com.mx\/web\/#website","url":"https:\/\/kuali.com.mx\/web\/","name":"Kuali","description":"","potentialAction":[{"@type":"SearchAction","target":{"@type":"EntryPoint","urlTemplate":"https:\/\/kuali.com.mx\/web\/?s={search_term_string}"},"query-input":{"@type":"PropertyValueSpecification","valueRequired":true,"valueName":"search_term_string"}}],"inLanguage":"es"},{"@type":"Person","@id":"https:\/\/kuali.com.mx\/web\/#\/schema\/person\/6f89ffa8ecba9dae50662357923c5289","name":"Kuali Staff","image":{"@type":"ImageObject","inLanguage":"es","@id":"https:\/\/secure.gravatar.com\/avatar\/f917ad82e5ab71227a733c78b6e60715476f69ee6be59feee4eb5d9920c89e0f?s=96&d=mm&r=g","url":"https:\/\/secure.gravatar.com\/avatar\/f917ad82e5ab71227a733c78b6e60715476f69ee6be59feee4eb5d9920c89e0f?s=96&d=mm&r=g","contentUrl":"https:\/\/secure.gravatar.com\/avatar\/f917ad82e5ab71227a733c78b6e60715476f69ee6be59feee4eb5d9920c89e0f?s=96&d=mm&r=g","caption":"Kuali Staff"},"url":"https:\/\/kuali.com.mx\/web\/author\/lagarto\/"}]}},"_links":{"self":[{"href":"https:\/\/kuali.com.mx\/web\/wp-json\/wp\/v2\/posts\/103250","targetHints":{"allow":["GET"]}}],"collection":[{"href":"https:\/\/kuali.com.mx\/web\/wp-json\/wp\/v2\/posts"}],"about":[{"href":"https:\/\/kuali.com.mx\/web\/wp-json\/wp\/v2\/types\/post"}],"author":[{"embeddable":true,"href":"https:\/\/kuali.com.mx\/web\/wp-json\/wp\/v2\/users\/2"}],"replies":[{"embeddable":true,"href":"https:\/\/kuali.com.mx\/web\/wp-json\/wp\/v2\/comments?post=103250"}],"version-history":[{"count":1,"href":"https:\/\/kuali.com.mx\/web\/wp-json\/wp\/v2\/posts\/103250\/revisions"}],"predecessor-version":[{"id":103252,"href":"https:\/\/kuali.com.mx\/web\/wp-json\/wp\/v2\/posts\/103250\/revisions\/103252"}],"wp:featuredmedia":[{"embeddable":true,"href":"https:\/\/kuali.com.mx\/web\/wp-json\/wp\/v2\/media\/69370"}],"wp:attachment":[{"href":"https:\/\/kuali.com.mx\/web\/wp-json\/wp\/v2\/media?parent=103250"}],"wp:term":[{"taxonomy":"category","embeddable":true,"href":"https:\/\/kuali.com.mx\/web\/wp-json\/wp\/v2\/categories?post=103250"},{"taxonomy":"post_tag","embeddable":true,"href":"https:\/\/kuali.com.mx\/web\/wp-json\/wp\/v2\/tags?post=103250"}],"curies":[{"name":"wp","href":"https:\/\/api.w.org\/{rel}","templated":true}]}}