{"id":102922,"date":"2022-08-29T13:40:00","date_gmt":"2022-08-29T19:40:00","guid":{"rendered":"https:\/\/kuali.com.mx\/web\/?p=102922"},"modified":"2022-08-29T21:39:59","modified_gmt":"2022-08-30T03:39:59","slug":"realizaran-feria-gratuita-de-salud","status":"publish","type":"post","link":"https:\/\/kuali.com.mx\/web\/2022\/08\/29\/realizaran-feria-gratuita-de-salud\/","title":{"rendered":"REALIZAR\u00c1N FERIA GRATUITA DE SALUD"},"content":{"rendered":"\n<p><strong><em>Kuali\/Le\u00f3n, Gto.-<\/em><\/strong>El 9 de septiembre en el Distrito Le\u00f3n MX se realizar\u00e1 una feria gratuita de la salud, para detectar de manera oportuna enfermedades cr\u00f3nicas no transmisibles, inform\u00f3 el director de Salud municipal de Le\u00f3n Ernesto Garc\u00eda Caratachea.<\/p>\n\n\n\n<p>El evento tendr\u00e1 un horario de 9:00 a 15:00 horas, indic\u00f3 el Titular.<\/p>\n\n\n\n<p>Los servicios de salud que se brindar\u00e1n de manera gratuita ser\u00e1n: Detecci\u00f3n de c\u00e1ncer cervicouterino, detecci\u00f3n de c\u00e1ncer de mama, atenciones dentales, tamizajes para enfermedades cr\u00f3nicas no transmisibles.<\/p>\n\n\n\n<p>Adem\u00e1s, un taller de nutrici\u00f3n sobre h\u00e1bitos saludables, taller de psicolog\u00eda \u201cPLANET YOUTH\u201d y el taller de salud bucal \u201cAcciones Preventivas\u201d, precis\u00f3, durante la sesi\u00f3n extraordinaria de la comisi\u00f3n de Salud, Deporte y recreaci\u00f3n.<\/p>\n\n\n\n<p>El Director de Salud dijo que esta feria obedece a las acciones que han se\u00f1alado los integrantes del Ayuntamiento, para prevenir o detectar entre la poblaci\u00f3n enfermedades cr\u00f3nico-degenerativas, con una identificaci\u00f3n temprana de padecimientos.<\/p>\n\n\n\n<p>Dijo que el programa de \u201cM\u00e9dico en tu casa\u201d tendr\u00e1 prioridad para el presupuesto del a\u00f1o entrante, porque se pretende la ampliaci\u00f3n de la plantilla del personal, veh\u00edculos m\u00f3viles y que cada unidad est\u00e9 debidamente equipada para las pruebas de sangre, orina, etc.<\/p>\n\n\n\n<p>Dentro de la sesi\u00f3n, se tocaron tambi\u00e9n temas de la Comisi\u00f3n Municipal de Cultura F\u00edsica y Deporte de Le\u00f3n, Guanajuato, donde el titular de COMUDE Isaac Pi\u00f1a, llev\u00f3 a cabo la presentaci\u00f3n del informe de actividades trimestrales correspondiente al periodo abril-junio de 2022.<\/p>\n\n\n\n<p>Destac\u00f3 que en Le\u00f3n se cuenta con 25 deportistas de alto rendimiento, es decir que son seleccionados a nivel nacional. Agreg\u00f3 que se contin\u00faa con la detecci\u00f3n de talentos a trav\u00e9s de un programa con el cual los entrenadores van hacia el lugar de desarrollo, y despu\u00e9s se busca la manera de apoyarlos para un mejor entrenamiento.<\/p>\n\n\n\n<p>En la reuni\u00f3n de Comisi\u00f3n participaron sus integrantes: Blanca Araceli Escobar Ch\u00e1vez, Carlos Ram\u00f3n Romo Ramsden, J. Ram\u00f3n Hern\u00e1ndez Hern\u00e1ndez y J. Guadalupe Vera Hern\u00e1ndez.<\/p>\n","protected":false},"excerpt":{"rendered":"Kuali\/Le\u00f3n, Gto.-El 9 de septiembre en el Distrito Le\u00f3n MX se realizar\u00e1 una feria gratuita de la salud, para detectar de manera oportuna enfermedades cr\u00f3nicas no transmisibles, inform\u00f3 el director de Salud municipal de Le\u00f3n Ernesto Garc\u00eda Caratachea. El evento tendr\u00e1 un horario de 9:00 a 15:00 horas, indic\u00f3 el Titular. Los servicios de salud [&hellip;]","protected":false},"author":2,"featured_media":79798,"comment_status":"open","ping_status":"open","sticky":false,"template":"","format":"standard","meta":{"_seopress_robots_primary_cat":"none","_seopress_titles_title":"","_seopress_titles_desc":"","_seopress_robots_index":"","_monsterinsights_skip_tracking":false,"_monsterinsights_sitenote_active":false,"_monsterinsights_sitenote_note":"","_monsterinsights_sitenote_category":0,"footnotes":""},"categories":[7],"tags":[],"class_list":["post-102922","post","type-post","status-publish","format-standard","has-post-thumbnail","hentry","category-salud"],"yoast_head":"<!-- This site is optimized with the Yoast SEO plugin v27.4 - https:\/\/yoast.com\/product\/yoast-seo-wordpress\/ -->\n<title>REALIZAR\u00c1N FERIA GRATUITA DE SALUD - Kuali<\/title>\n<meta name=\"robots\" content=\"index, follow, max-snippet:-1, max-image-preview:large, max-video-preview:-1\" \/>\n<link rel=\"canonical\" href=\"https:\/\/kuali.com.mx\/web\/2022\/08\/29\/realizaran-feria-gratuita-de-salud\/\" \/>\n<meta property=\"og:locale\" content=\"es_MX\" \/>\n<meta property=\"og:type\" content=\"article\" \/>\n<meta property=\"og:title\" content=\"REALIZAR\u00c1N FERIA GRATUITA DE SALUD - Kuali\" \/>\n<meta property=\"og:description\" content=\"Kuali\/Le\u00f3n, Gto.-El 9 de septiembre en el Distrito Le\u00f3n MX se realizar\u00e1 una feria gratuita de la salud, para detectar de manera oportuna enfermedades cr\u00f3nicas no transmisibles, inform\u00f3 el director de Salud municipal de Le\u00f3n Ernesto Garc\u00eda Caratachea. El evento tendr\u00e1 un horario de 9:00 a 15:00 horas, indic\u00f3 el Titular. Los servicios de salud [&hellip;]\" \/>\n<meta property=\"og:url\" content=\"https:\/\/kuali.com.mx\/web\/2022\/08\/29\/realizaran-feria-gratuita-de-salud\/\" \/>\n<meta property=\"og:site_name\" content=\"Kuali\" \/>\n<meta property=\"article:publisher\" content=\"https:\/\/kuali.com.mx\/web\/wp-content\/uploads\/2018\/04\/cropped-kuali_logo-1-1.png\" \/>\n<meta property=\"article:published_time\" content=\"2022-08-29T19:40:00+00:00\" \/>\n<meta property=\"article:modified_time\" content=\"2022-08-30T03:39:59+00:00\" \/>\n<meta property=\"og:image\" content=\"https:\/\/kuali.com.mx\/web\/wp-content\/uploads\/2021\/02\/Doctora-consulta-pedi\u00e1tra-e1617139695400.jpg\" \/>\n\t<meta property=\"og:image:width\" content=\"1755\" \/>\n\t<meta property=\"og:image:height\" content=\"750\" \/>\n\t<meta property=\"og:image:type\" content=\"image\/jpeg\" \/>\n<meta name=\"author\" content=\"Kuali Staff\" \/>\n<meta name=\"twitter:card\" content=\"summary_large_image\" \/>\n<meta name=\"twitter:creator\" content=\"@kuali_noticias\" \/>\n<meta name=\"twitter:site\" content=\"@kuali_noticias\" \/>\n<meta name=\"twitter:label1\" content=\"Escrito por\" \/>\n\t<meta name=\"twitter:data1\" content=\"Kuali Staff\" \/>\n\t<meta name=\"twitter:label2\" content=\"Tiempo de lectura\" \/>\n\t<meta name=\"twitter:data2\" content=\"2 minutos\" \/>\n<script type=\"application\/ld+json\" class=\"yoast-schema-graph\">{\"@context\":\"https:\\\/\\\/schema.org\",\"@graph\":[{\"@type\":\"Article\",\"@id\":\"https:\\\/\\\/kuali.com.mx\\\/web\\\/2022\\\/08\\\/29\\\/realizaran-feria-gratuita-de-salud\\\/#article\",\"isPartOf\":{\"@id\":\"https:\\\/\\\/kuali.com.mx\\\/web\\\/2022\\\/08\\\/29\\\/realizaran-feria-gratuita-de-salud\\\/\"},\"author\":{\"name\":\"Kuali Staff\",\"@id\":\"https:\\\/\\\/kuali.com.mx\\\/web\\\/#\\\/schema\\\/person\\\/6f89ffa8ecba9dae50662357923c5289\"},\"headline\":\"REALIZAR\u00c1N FERIA GRATUITA DE SALUD\",\"datePublished\":\"2022-08-29T19:40:00+00:00\",\"dateModified\":\"2022-08-30T03:39:59+00:00\",\"mainEntityOfPage\":{\"@id\":\"https:\\\/\\\/kuali.com.mx\\\/web\\\/2022\\\/08\\\/29\\\/realizaran-feria-gratuita-de-salud\\\/\"},\"wordCount\":367,\"commentCount\":0,\"image\":{\"@id\":\"https:\\\/\\\/kuali.com.mx\\\/web\\\/2022\\\/08\\\/29\\\/realizaran-feria-gratuita-de-salud\\\/#primaryimage\"},\"thumbnailUrl\":\"https:\\\/\\\/kuali.com.mx\\\/web\\\/wp-content\\\/uploads\\\/2021\\\/02\\\/Doctora-consulta-pedi\u00e1tra-e1617139695400.jpg\",\"articleSection\":[\"Salud\"],\"inLanguage\":\"es\",\"potentialAction\":[{\"@type\":\"CommentAction\",\"name\":\"Comment\",\"target\":[\"https:\\\/\\\/kuali.com.mx\\\/web\\\/2022\\\/08\\\/29\\\/realizaran-feria-gratuita-de-salud\\\/#respond\"]}]},{\"@type\":\"WebPage\",\"@id\":\"https:\\\/\\\/kuali.com.mx\\\/web\\\/2022\\\/08\\\/29\\\/realizaran-feria-gratuita-de-salud\\\/\",\"url\":\"https:\\\/\\\/kuali.com.mx\\\/web\\\/2022\\\/08\\\/29\\\/realizaran-feria-gratuita-de-salud\\\/\",\"name\":\"REALIZAR\u00c1N FERIA GRATUITA DE SALUD - Kuali\",\"isPartOf\":{\"@id\":\"https:\\\/\\\/kuali.com.mx\\\/web\\\/#website\"},\"primaryImageOfPage\":{\"@id\":\"https:\\\/\\\/kuali.com.mx\\\/web\\\/2022\\\/08\\\/29\\\/realizaran-feria-gratuita-de-salud\\\/#primaryimage\"},\"image\":{\"@id\":\"https:\\\/\\\/kuali.com.mx\\\/web\\\/2022\\\/08\\\/29\\\/realizaran-feria-gratuita-de-salud\\\/#primaryimage\"},\"thumbnailUrl\":\"https:\\\/\\\/kuali.com.mx\\\/web\\\/wp-content\\\/uploads\\\/2021\\\/02\\\/Doctora-consulta-pedi\u00e1tra-e1617139695400.jpg\",\"datePublished\":\"2022-08-29T19:40:00+00:00\",\"dateModified\":\"2022-08-30T03:39:59+00:00\",\"author\":{\"@id\":\"https:\\\/\\\/kuali.com.mx\\\/web\\\/#\\\/schema\\\/person\\\/6f89ffa8ecba9dae50662357923c5289\"},\"breadcrumb\":{\"@id\":\"https:\\\/\\\/kuali.com.mx\\\/web\\\/2022\\\/08\\\/29\\\/realizaran-feria-gratuita-de-salud\\\/#breadcrumb\"},\"inLanguage\":\"es\",\"potentialAction\":[{\"@type\":\"ReadAction\",\"target\":[\"https:\\\/\\\/kuali.com.mx\\\/web\\\/2022\\\/08\\\/29\\\/realizaran-feria-gratuita-de-salud\\\/\"]}]},{\"@type\":\"ImageObject\",\"inLanguage\":\"es\",\"@id\":\"https:\\\/\\\/kuali.com.mx\\\/web\\\/2022\\\/08\\\/29\\\/realizaran-feria-gratuita-de-salud\\\/#primaryimage\",\"url\":\"https:\\\/\\\/kuali.com.mx\\\/web\\\/wp-content\\\/uploads\\\/2021\\\/02\\\/Doctora-consulta-pedi\u00e1tra-e1617139695400.jpg\",\"contentUrl\":\"https:\\\/\\\/kuali.com.mx\\\/web\\\/wp-content\\\/uploads\\\/2021\\\/02\\\/Doctora-consulta-pedi\u00e1tra-e1617139695400.jpg\",\"width\":1755,\"height\":750},{\"@type\":\"BreadcrumbList\",\"@id\":\"https:\\\/\\\/kuali.com.mx\\\/web\\\/2022\\\/08\\\/29\\\/realizaran-feria-gratuita-de-salud\\\/#breadcrumb\",\"itemListElement\":[{\"@type\":\"ListItem\",\"position\":1,\"name\":\"Inicio\",\"item\":\"https:\\\/\\\/kuali.com.mx\\\/web\\\/\"},{\"@type\":\"ListItem\",\"position\":2,\"name\":\"REALIZAR\u00c1N FERIA GRATUITA DE SALUD\"}]},{\"@type\":\"WebSite\",\"@id\":\"https:\\\/\\\/kuali.com.mx\\\/web\\\/#website\",\"url\":\"https:\\\/\\\/kuali.com.mx\\\/web\\\/\",\"name\":\"Kuali\",\"description\":\"\",\"potentialAction\":[{\"@type\":\"SearchAction\",\"target\":{\"@type\":\"EntryPoint\",\"urlTemplate\":\"https:\\\/\\\/kuali.com.mx\\\/web\\\/?s={search_term_string}\"},\"query-input\":{\"@type\":\"PropertyValueSpecification\",\"valueRequired\":true,\"valueName\":\"search_term_string\"}}],\"inLanguage\":\"es\"},{\"@type\":\"Person\",\"@id\":\"https:\\\/\\\/kuali.com.mx\\\/web\\\/#\\\/schema\\\/person\\\/6f89ffa8ecba9dae50662357923c5289\",\"name\":\"Kuali Staff\",\"image\":{\"@type\":\"ImageObject\",\"inLanguage\":\"es\",\"@id\":\"https:\\\/\\\/secure.gravatar.com\\\/avatar\\\/f917ad82e5ab71227a733c78b6e60715476f69ee6be59feee4eb5d9920c89e0f?s=96&d=mm&r=g\",\"url\":\"https:\\\/\\\/secure.gravatar.com\\\/avatar\\\/f917ad82e5ab71227a733c78b6e60715476f69ee6be59feee4eb5d9920c89e0f?s=96&d=mm&r=g\",\"contentUrl\":\"https:\\\/\\\/secure.gravatar.com\\\/avatar\\\/f917ad82e5ab71227a733c78b6e60715476f69ee6be59feee4eb5d9920c89e0f?s=96&d=mm&r=g\",\"caption\":\"Kuali Staff\"},\"url\":\"https:\\\/\\\/kuali.com.mx\\\/web\\\/author\\\/lagarto\\\/\"}]}<\/script>\n<!-- \/ Yoast SEO plugin. -->","yoast_head_json":{"title":"REALIZAR\u00c1N FERIA GRATUITA DE SALUD - Kuali","robots":{"index":"index","follow":"follow","max-snippet":"max-snippet:-1","max-image-preview":"max-image-preview:large","max-video-preview":"max-video-preview:-1"},"canonical":"https:\/\/kuali.com.mx\/web\/2022\/08\/29\/realizaran-feria-gratuita-de-salud\/","og_locale":"es_MX","og_type":"article","og_title":"REALIZAR\u00c1N FERIA GRATUITA DE SALUD - Kuali","og_description":"Kuali\/Le\u00f3n, Gto.-El 9 de septiembre en el Distrito Le\u00f3n MX se realizar\u00e1 una feria gratuita de la salud, para detectar de manera oportuna enfermedades cr\u00f3nicas no transmisibles, inform\u00f3 el director de Salud municipal de Le\u00f3n Ernesto Garc\u00eda Caratachea. El evento tendr\u00e1 un horario de 9:00 a 15:00 horas, indic\u00f3 el Titular. Los servicios de salud [&hellip;]","og_url":"https:\/\/kuali.com.mx\/web\/2022\/08\/29\/realizaran-feria-gratuita-de-salud\/","og_site_name":"Kuali","article_publisher":"https:\/\/kuali.com.mx\/web\/wp-content\/uploads\/2018\/04\/cropped-kuali_logo-1-1.png","article_published_time":"2022-08-29T19:40:00+00:00","article_modified_time":"2022-08-30T03:39:59+00:00","og_image":[{"width":1755,"height":750,"url":"https:\/\/kuali.com.mx\/web\/wp-content\/uploads\/2021\/02\/Doctora-consulta-pedi\u00e1tra-e1617139695400.jpg","type":"image\/jpeg"}],"author":"Kuali Staff","twitter_card":"summary_large_image","twitter_creator":"@kuali_noticias","twitter_site":"@kuali_noticias","twitter_misc":{"Escrito por":"Kuali Staff","Tiempo de lectura":"2 minutos"},"schema":{"@context":"https:\/\/schema.org","@graph":[{"@type":"Article","@id":"https:\/\/kuali.com.mx\/web\/2022\/08\/29\/realizaran-feria-gratuita-de-salud\/#article","isPartOf":{"@id":"https:\/\/kuali.com.mx\/web\/2022\/08\/29\/realizaran-feria-gratuita-de-salud\/"},"author":{"name":"Kuali Staff","@id":"https:\/\/kuali.com.mx\/web\/#\/schema\/person\/6f89ffa8ecba9dae50662357923c5289"},"headline":"REALIZAR\u00c1N FERIA GRATUITA DE SALUD","datePublished":"2022-08-29T19:40:00+00:00","dateModified":"2022-08-30T03:39:59+00:00","mainEntityOfPage":{"@id":"https:\/\/kuali.com.mx\/web\/2022\/08\/29\/realizaran-feria-gratuita-de-salud\/"},"wordCount":367,"commentCount":0,"image":{"@id":"https:\/\/kuali.com.mx\/web\/2022\/08\/29\/realizaran-feria-gratuita-de-salud\/#primaryimage"},"thumbnailUrl":"https:\/\/kuali.com.mx\/web\/wp-content\/uploads\/2021\/02\/Doctora-consulta-pedi\u00e1tra-e1617139695400.jpg","articleSection":["Salud"],"inLanguage":"es","potentialAction":[{"@type":"CommentAction","name":"Comment","target":["https:\/\/kuali.com.mx\/web\/2022\/08\/29\/realizaran-feria-gratuita-de-salud\/#respond"]}]},{"@type":"WebPage","@id":"https:\/\/kuali.com.mx\/web\/2022\/08\/29\/realizaran-feria-gratuita-de-salud\/","url":"https:\/\/kuali.com.mx\/web\/2022\/08\/29\/realizaran-feria-gratuita-de-salud\/","name":"REALIZAR\u00c1N FERIA GRATUITA DE SALUD - Kuali","isPartOf":{"@id":"https:\/\/kuali.com.mx\/web\/#website"},"primaryImageOfPage":{"@id":"https:\/\/kuali.com.mx\/web\/2022\/08\/29\/realizaran-feria-gratuita-de-salud\/#primaryimage"},"image":{"@id":"https:\/\/kuali.com.mx\/web\/2022\/08\/29\/realizaran-feria-gratuita-de-salud\/#primaryimage"},"thumbnailUrl":"https:\/\/kuali.com.mx\/web\/wp-content\/uploads\/2021\/02\/Doctora-consulta-pedi\u00e1tra-e1617139695400.jpg","datePublished":"2022-08-29T19:40:00+00:00","dateModified":"2022-08-30T03:39:59+00:00","author":{"@id":"https:\/\/kuali.com.mx\/web\/#\/schema\/person\/6f89ffa8ecba9dae50662357923c5289"},"breadcrumb":{"@id":"https:\/\/kuali.com.mx\/web\/2022\/08\/29\/realizaran-feria-gratuita-de-salud\/#breadcrumb"},"inLanguage":"es","potentialAction":[{"@type":"ReadAction","target":["https:\/\/kuali.com.mx\/web\/2022\/08\/29\/realizaran-feria-gratuita-de-salud\/"]}]},{"@type":"ImageObject","inLanguage":"es","@id":"https:\/\/kuali.com.mx\/web\/2022\/08\/29\/realizaran-feria-gratuita-de-salud\/#primaryimage","url":"https:\/\/kuali.com.mx\/web\/wp-content\/uploads\/2021\/02\/Doctora-consulta-pedi\u00e1tra-e1617139695400.jpg","contentUrl":"https:\/\/kuali.com.mx\/web\/wp-content\/uploads\/2021\/02\/Doctora-consulta-pedi\u00e1tra-e1617139695400.jpg","width":1755,"height":750},{"@type":"BreadcrumbList","@id":"https:\/\/kuali.com.mx\/web\/2022\/08\/29\/realizaran-feria-gratuita-de-salud\/#breadcrumb","itemListElement":[{"@type":"ListItem","position":1,"name":"Inicio","item":"https:\/\/kuali.com.mx\/web\/"},{"@type":"ListItem","position":2,"name":"REALIZAR\u00c1N FERIA GRATUITA DE SALUD"}]},{"@type":"WebSite","@id":"https:\/\/kuali.com.mx\/web\/#website","url":"https:\/\/kuali.com.mx\/web\/","name":"Kuali","description":"","potentialAction":[{"@type":"SearchAction","target":{"@type":"EntryPoint","urlTemplate":"https:\/\/kuali.com.mx\/web\/?s={search_term_string}"},"query-input":{"@type":"PropertyValueSpecification","valueRequired":true,"valueName":"search_term_string"}}],"inLanguage":"es"},{"@type":"Person","@id":"https:\/\/kuali.com.mx\/web\/#\/schema\/person\/6f89ffa8ecba9dae50662357923c5289","name":"Kuali Staff","image":{"@type":"ImageObject","inLanguage":"es","@id":"https:\/\/secure.gravatar.com\/avatar\/f917ad82e5ab71227a733c78b6e60715476f69ee6be59feee4eb5d9920c89e0f?s=96&d=mm&r=g","url":"https:\/\/secure.gravatar.com\/avatar\/f917ad82e5ab71227a733c78b6e60715476f69ee6be59feee4eb5d9920c89e0f?s=96&d=mm&r=g","contentUrl":"https:\/\/secure.gravatar.com\/avatar\/f917ad82e5ab71227a733c78b6e60715476f69ee6be59feee4eb5d9920c89e0f?s=96&d=mm&r=g","caption":"Kuali Staff"},"url":"https:\/\/kuali.com.mx\/web\/author\/lagarto\/"}]}},"_links":{"self":[{"href":"https:\/\/kuali.com.mx\/web\/wp-json\/wp\/v2\/posts\/102922","targetHints":{"allow":["GET"]}}],"collection":[{"href":"https:\/\/kuali.com.mx\/web\/wp-json\/wp\/v2\/posts"}],"about":[{"href":"https:\/\/kuali.com.mx\/web\/wp-json\/wp\/v2\/types\/post"}],"author":[{"embeddable":true,"href":"https:\/\/kuali.com.mx\/web\/wp-json\/wp\/v2\/users\/2"}],"replies":[{"embeddable":true,"href":"https:\/\/kuali.com.mx\/web\/wp-json\/wp\/v2\/comments?post=102922"}],"version-history":[{"count":1,"href":"https:\/\/kuali.com.mx\/web\/wp-json\/wp\/v2\/posts\/102922\/revisions"}],"predecessor-version":[{"id":102924,"href":"https:\/\/kuali.com.mx\/web\/wp-json\/wp\/v2\/posts\/102922\/revisions\/102924"}],"wp:featuredmedia":[{"embeddable":true,"href":"https:\/\/kuali.com.mx\/web\/wp-json\/wp\/v2\/media\/79798"}],"wp:attachment":[{"href":"https:\/\/kuali.com.mx\/web\/wp-json\/wp\/v2\/media?parent=102922"}],"wp:term":[{"taxonomy":"category","embeddable":true,"href":"https:\/\/kuali.com.mx\/web\/wp-json\/wp\/v2\/categories?post=102922"},{"taxonomy":"post_tag","embeddable":true,"href":"https:\/\/kuali.com.mx\/web\/wp-json\/wp\/v2\/tags?post=102922"}],"curies":[{"name":"wp","href":"https:\/\/api.w.org\/{rel}","templated":true}]}}