{"id":102359,"date":"2022-08-18T10:08:00","date_gmt":"2022-08-18T16:08:00","guid":{"rendered":"https:\/\/kuali.com.mx\/web\/?p=102359"},"modified":"2022-08-19T07:01:17","modified_gmt":"2022-08-19T13:01:17","slug":"crimen-de-estado-desaparicion-de-43-estudiantes","status":"publish","type":"post","link":"https:\/\/kuali.com.mx\/web\/2022\/08\/18\/crimen-de-estado-desaparicion-de-43-estudiantes\/","title":{"rendered":"CRIMEN DE ESTADO, DESAPARICI\u00d3N DE 43 ESTUDIANTES"},"content":{"rendered":"\n<p><em><strong>Kuali\/Ciudad de M\u00e9xico<\/strong><\/em>.-El subsecretario de Derechos Humanos, Poblaci\u00f3n y Migraci\u00f3n de la Secretar\u00eda de Gobernaci\u00f3n (Segob), y titular de la Comisi\u00f3n Presidencial para la Verdad y Acceso a la Justicia en el caso Ayotzinapa, Alejandro Encinas Rodr\u00edguez, subray\u00f3 que contin\u00faa la investigaci\u00f3n y la b\u00fasqueda de los 43 estudiantes desaparecidos de Ayotzinapa porque se trat\u00f3 de un crimen de Estado.<\/p>\n\n\n\n<p>Por ello, afirm\u00f3 que todav\u00eda existe una tarea larga en este caso:<\/p>\n\n\n\n<p>\u201cNo estamos cerrando \u2014como alguien lo ha se\u00f1alado\u2014 la investigaci\u00f3n, sino que, con toda esa investigaci\u00f3n, contin\u00faa, continuar\u00e1, hasta que encontremos toda la verdad, encontremos a los muchachos y se castigue a los responsables.\u201d<\/p>\n\n\n\n<p>Al rendir este d\u00eda el Informe de la Presidencia de la Comisi\u00f3n para la Verdad y Acceso a la Justicia en el caso Ayotzinapa en Palacio Nacional, Encinas Rodr\u00edguez dijo que, como instruy\u00f3 el presidente Andr\u00e9s Manuel L\u00f3pez Obrador, no se solapar\u00e1 ning\u00fan abuso o violaci\u00f3n a los derechos humanos ni tampoco injusticia alguna y todos los responsables deber\u00e1n ser castigados.<\/p>\n\n\n\n<p>Subray\u00f3 que el compromiso \u00e9tico y moral del primer mandatario es conocer la verdad de lo sucedido, el paradero de los estudiantes, y encontrar y procesar a los responsables, \u201cpartiendo de una premisa que se\u00f1alamos desde el primer d\u00eda, en el sentido de que la \u00fanica verdad sobre la desaparici\u00f3n de los 43 estudiantes de la Normal de Ayotzinapa es que no hab\u00eda verdad alguna. Y un compromiso con los padres y madres de familia, en el sentido de que siempre, siempre les vamos a decir la verdad, por dolorosa que \u00e9sta sea\u201d.<\/p>\n\n\n\n<p>Recalc\u00f3 que la creaci\u00f3n de esa verdad hist\u00f3rica fue una acci\u00f3n que ocult\u00f3 la verdad de los hechos, alter\u00f3 las escenas del crimen, los v\u00ednculos de autoridades con el grupo delictivo y la participaci\u00f3n de agentes del Estado, fuerzas de seguridad y autoridades responsables de la procuraci\u00f3n de justicia en la desaparici\u00f3n de los estudiantes.<\/p>\n\n\n\n<p>Contrario a ello, el informe y los anexos presentados hoy son de car\u00e1cter p\u00fablico, lo que garantiza el derecho y acceso a la informaci\u00f3n con transparencia, tanto para las madres y los padres de los j\u00f3venes, como para las y los mexicanos.<\/p>\n\n\n\n<p>Durante el informe, se\u00f1al\u00f3 que, con reserva de la ley, la informaci\u00f3n presentada hoy se puede consultar en&nbsp;<a href=\"https:\/\/bit.ly\/3Qy2jZ3\">https:\/\/bit.ly\/3Qy2jZ3<\/a><\/p>\n\n\n\n<p>Detall\u00f3 que a la fecha se ha podido contar con 41 mil 168 documentos, la mayor\u00eda ya han sido analizados y sistematizados dentro de la investigaci\u00f3n, y que la mayor parte de ellos los ha proporcionado la Secretar\u00eda de la Defensa Nacional (Sedena).<\/p>\n\n\n\n<p>Indic\u00f3 que se confirma la identificaci\u00f3n de tres de los 43 estudiantes desaparecidos y no hay indicio de que los j\u00f3venes se encuentren con vida, ya que todos los testimonios acreditan que fueron ultimados y desaparecidos.<\/p>\n\n\n\n<p>Adem\u00e1s \u2013precis\u00f3\u2013 existen elementos suficientes para que la Fiscal\u00eda General de la Rep\u00fablica (FGR) contin\u00fae las indagatorias para el deslinde de responsabilidades en contra de 33 personas, a quienes se les llevan a cabo las diligencias judiciales correspondientes.<\/p>\n\n\n\n<p>El informe que se rindi\u00f3 desde el Sal\u00f3n de la Tesorer\u00eda estuvo precedido por una reuni\u00f3n encabezada por el presidente L\u00f3pez Obrador con madres y padres de los j\u00f3venes.<\/p>\n\n\n\n<p>\u201cFue una reuni\u00f3n dif\u00edcil, dolorosa, porque, como lo hemos se\u00f1alado desde un principio, fue el compromiso que asegur\u00f3 el presidente de la Rep\u00fablica desde antes de la llegada del gobierno.\u201d<\/p>\n\n\n\n<p>En el encuentro estuvieron presentes los secretarios de Gobernaci\u00f3n, Ad\u00e1n Augusto L\u00f3pez Hern\u00e1ndez; de Seguridad y Protecci\u00f3n Ciudadana, Rosa Icela Rodr\u00edguez Vel\u00e1zquez; de Relaciones Exteriores, Marcelo Ebrard Casaubon; de la Defensa Nacional, Luis Cresencio Sandoval Gonz\u00e1lez; y de Marina, Jos\u00e9 Rafael Ojeda Dur\u00e1n, as\u00ed como el fiscal general de la Rep\u00fablica, Alejandro Gertz Manero.<\/p>\n\n\n\n<p>Igualmente, el titular de la Unidad Especial de Investigaci\u00f3n y Litigaci\u00f3n para el caso Ayotzinapa de la FGR, Omar G\u00f3mez Trejo, una representaci\u00f3n de la Organizaci\u00f3n de las Naciones Unidas (ONU) e integrantes del Centro Prodh.<\/p>\n\n\n\n<p><strong>Principales conclusiones del informe<\/strong><\/p>\n\n\n\n<ul class=\"wp-block-list\"><li>El an\u00e1lisis de los hechos permite confirmar:<\/li><li>Que la desaparici\u00f3n de los 43 estudiantes de la Normal Rural \u201cIsidro Burgos\u201d de Ayotzinapa la noche del 26 al 27 de septiembre de 2014 constituy\u00f3 un crimen de Estado en el que concurrieron integrantes del grupo delictivo Guerreros Unidos y agentes de diversas instituciones del Estado mexicano.<\/li><li>Que autoridades federales y estatales del m\u00e1s alto nivel fueron omisas y negligentes, existiendo elementos de presunci\u00f3n respecto de alterar hechos y circunstancias para establecer una conclusi\u00f3n ajena a la verdad de los hechos.<\/li><li>Que en todo momento las autoridades federales, estatales y municipales tuvieron conocimiento de la movilizaci\u00f3n de los estudiantes desde su salida de la Escuela Normal Rural \u201cIsidro Burgos\u201d hasta su desaparici\u00f3n, y sus acciones, omisiones y participaci\u00f3n permitieron la desaparici\u00f3n y ejecuci\u00f3n de los estudiantes, as\u00ed como del homicidio de otras seis personas.<\/li><li>Que en ning\u00fan momento la presencia de los estudiantes en Iguala obedeci\u00f3 a la intenci\u00f3n de boicotear el acto de la presidenta municipal del DIF.<\/li><li>Que el grupo delictivo actu\u00f3 con amplio n\u00famero de sicarios y&nbsp;<em>halcones<\/em>, a partir de un mando central y al menos tres c\u00e9lulas de&nbsp;<em>halcones<\/em>&nbsp;y sicarios, con el apoyo de distintas polic\u00edas municipales y agentes del Estado.<\/li><li>Que en ning\u00fan momento existi\u00f3 comunicaci\u00f3n alguna entre los estudiantes y el grupo delictivo durante los hechos.<\/li><li>Que, tras la salida de la terminal de autobuses de Iguala, en ning\u00fan momento los estudiantes estuvieron juntos durante su desaparici\u00f3n.<\/li><li>Se confirma la intervenci\u00f3n de la polic\u00eda de Iguala en el aseguramiento de los estudiantes en el autob\u00fas 1531.<\/li><li>Se confirma la presencia de polic\u00edas de Huitzuco en el Palacio de Justicia de Iguala y en Santa Teresa.<\/li><li>Se confirma el traslado del autob\u00fas Ecoter, sin pasaje, hacie el estado de Morelos, librando los retenes establecidos.<\/li><li>Se confirma que los mandos militares de la regi\u00f3n no realizaron acciones para la protecci\u00f3n y b\u00fasqueda del soldado Julio C\u00e9sar L\u00f3pez Patolzin.<\/li><li>Que, al filo de las 22:45h del 26 de septiembre de 2014, tras los hechos de violencia y persecuci\u00f3n, se dio la orden de desaparecer a los estudiantes.<\/li><li>Se confirma la identificaci\u00f3n de tres de los 43 estudiantes desaparecidos.<\/li><li>Que no hay indicio alguno de que los estudiantes se encuentren con vida. Por el contrario, todos los testimonios y evidencias acreditan que fueron arteramente ultimados y desaparecidos.<\/li><li>Que es necesario continuar la b\u00fasqueda en: la ribera del r\u00edo Balsas y en la laguna del nuevo r\u00edo Balsas; en Atzcala, municipio de Eduardo Neri; en la Barranca de Tonalapa, municipio de Tepecoacuilco; en Brecha de Lobos y en el paraje Suriana, en Iguala, as\u00ed como en las inmediaciones de Tepeguaje.<\/li><li>Que existen indicios para que la FGR inicie o contin\u00fae las indagatorias para el deslinde de responsabilidades en contra de integrantes de Guerreros Unidos, autoridades federales y municipales y contra quien resulte responsable por acci\u00f3n u omisi\u00f3n en estos delitos.<\/li><\/ul>\n","protected":false},"excerpt":{"rendered":"Kuali\/Ciudad de M\u00e9xico.-El subsecretario de Derechos Humanos, Poblaci\u00f3n y Migraci\u00f3n de la Secretar\u00eda de Gobernaci\u00f3n (Segob), y titular de la Comisi\u00f3n Presidencial para la Verdad y Acceso a la Justicia en el caso Ayotzinapa, Alejandro Encinas Rodr\u00edguez, subray\u00f3 que contin\u00faa la investigaci\u00f3n y la b\u00fasqueda de los 43 estudiantes desaparecidos de Ayotzinapa porque se trat\u00f3 [&hellip;]","protected":false},"author":2,"featured_media":102363,"comment_status":"open","ping_status":"open","sticky":false,"template":"","format":"standard","meta":{"_seopress_robots_primary_cat":"none","_seopress_titles_title":"","_seopress_titles_desc":"","_seopress_robots_index":"","_monsterinsights_skip_tracking":false,"_monsterinsights_sitenote_active":false,"_monsterinsights_sitenote_note":"","_monsterinsights_sitenote_category":0,"footnotes":""},"categories":[3],"tags":[],"class_list":["post-102359","post","type-post","status-publish","format-standard","has-post-thumbnail","hentry","category-politica"],"yoast_head":"<!-- This site is optimized with the Yoast SEO plugin v27.4 - https:\/\/yoast.com\/product\/yoast-seo-wordpress\/ -->\n<title>CRIMEN DE ESTADO, DESAPARICI\u00d3N DE 43 ESTUDIANTES - Kuali<\/title>\n<meta name=\"robots\" content=\"index, follow, max-snippet:-1, max-image-preview:large, max-video-preview:-1\" \/>\n<link rel=\"canonical\" href=\"https:\/\/kuali.com.mx\/web\/2022\/08\/18\/crimen-de-estado-desaparicion-de-43-estudiantes\/\" \/>\n<meta property=\"og:locale\" content=\"es_MX\" \/>\n<meta property=\"og:type\" content=\"article\" \/>\n<meta property=\"og:title\" content=\"CRIMEN DE ESTADO, DESAPARICI\u00d3N DE 43 ESTUDIANTES - Kuali\" \/>\n<meta property=\"og:description\" content=\"Kuali\/Ciudad de M\u00e9xico.-El subsecretario de Derechos Humanos, Poblaci\u00f3n y Migraci\u00f3n de la Secretar\u00eda de Gobernaci\u00f3n (Segob), y titular de la Comisi\u00f3n Presidencial para la Verdad y Acceso a la Justicia en el caso Ayotzinapa, Alejandro Encinas Rodr\u00edguez, subray\u00f3 que contin\u00faa la investigaci\u00f3n y la b\u00fasqueda de los 43 estudiantes desaparecidos de Ayotzinapa porque se trat\u00f3 [&hellip;]\" \/>\n<meta property=\"og:url\" content=\"https:\/\/kuali.com.mx\/web\/2022\/08\/18\/crimen-de-estado-desaparicion-de-43-estudiantes\/\" \/>\n<meta property=\"og:site_name\" content=\"Kuali\" \/>\n<meta property=\"article:publisher\" content=\"https:\/\/kuali.com.mx\/web\/wp-content\/uploads\/2018\/04\/cropped-kuali_logo-1-1.png\" \/>\n<meta property=\"article:published_time\" content=\"2022-08-18T16:08:00+00:00\" \/>\n<meta property=\"article:modified_time\" content=\"2022-08-19T13:01:17+00:00\" \/>\n<meta property=\"og:image\" content=\"https:\/\/kuali.com.mx\/web\/wp-content\/uploads\/2022\/08\/ENCINAS.jpg\" \/>\n\t<meta property=\"og:image:width\" content=\"1629\" \/>\n\t<meta property=\"og:image:height\" content=\"750\" \/>\n\t<meta property=\"og:image:type\" content=\"image\/jpeg\" \/>\n<meta name=\"author\" content=\"Kuali Staff\" \/>\n<meta name=\"twitter:card\" content=\"summary_large_image\" \/>\n<meta name=\"twitter:creator\" content=\"@kuali_noticias\" \/>\n<meta name=\"twitter:site\" content=\"@kuali_noticias\" \/>\n<meta name=\"twitter:label1\" content=\"Escrito por\" \/>\n\t<meta name=\"twitter:data1\" content=\"Kuali Staff\" \/>\n\t<meta name=\"twitter:label2\" content=\"Tiempo de lectura\" \/>\n\t<meta name=\"twitter:data2\" content=\"6 minutos\" \/>\n<script type=\"application\/ld+json\" class=\"yoast-schema-graph\">{\"@context\":\"https:\\\/\\\/schema.org\",\"@graph\":[{\"@type\":\"Article\",\"@id\":\"https:\\\/\\\/kuali.com.mx\\\/web\\\/2022\\\/08\\\/18\\\/crimen-de-estado-desaparicion-de-43-estudiantes\\\/#article\",\"isPartOf\":{\"@id\":\"https:\\\/\\\/kuali.com.mx\\\/web\\\/2022\\\/08\\\/18\\\/crimen-de-estado-desaparicion-de-43-estudiantes\\\/\"},\"author\":{\"name\":\"Kuali Staff\",\"@id\":\"https:\\\/\\\/kuali.com.mx\\\/web\\\/#\\\/schema\\\/person\\\/6f89ffa8ecba9dae50662357923c5289\"},\"headline\":\"CRIMEN DE ESTADO, DESAPARICI\u00d3N DE 43 ESTUDIANTES\",\"datePublished\":\"2022-08-18T16:08:00+00:00\",\"dateModified\":\"2022-08-19T13:01:17+00:00\",\"mainEntityOfPage\":{\"@id\":\"https:\\\/\\\/kuali.com.mx\\\/web\\\/2022\\\/08\\\/18\\\/crimen-de-estado-desaparicion-de-43-estudiantes\\\/\"},\"wordCount\":1240,\"commentCount\":0,\"image\":{\"@id\":\"https:\\\/\\\/kuali.com.mx\\\/web\\\/2022\\\/08\\\/18\\\/crimen-de-estado-desaparicion-de-43-estudiantes\\\/#primaryimage\"},\"thumbnailUrl\":\"https:\\\/\\\/kuali.com.mx\\\/web\\\/wp-content\\\/uploads\\\/2022\\\/08\\\/ENCINAS.jpg\",\"articleSection\":[\"Pol\u00edtica\"],\"inLanguage\":\"es\",\"potentialAction\":[{\"@type\":\"CommentAction\",\"name\":\"Comment\",\"target\":[\"https:\\\/\\\/kuali.com.mx\\\/web\\\/2022\\\/08\\\/18\\\/crimen-de-estado-desaparicion-de-43-estudiantes\\\/#respond\"]}]},{\"@type\":\"WebPage\",\"@id\":\"https:\\\/\\\/kuali.com.mx\\\/web\\\/2022\\\/08\\\/18\\\/crimen-de-estado-desaparicion-de-43-estudiantes\\\/\",\"url\":\"https:\\\/\\\/kuali.com.mx\\\/web\\\/2022\\\/08\\\/18\\\/crimen-de-estado-desaparicion-de-43-estudiantes\\\/\",\"name\":\"CRIMEN DE ESTADO, DESAPARICI\u00d3N DE 43 ESTUDIANTES - Kuali\",\"isPartOf\":{\"@id\":\"https:\\\/\\\/kuali.com.mx\\\/web\\\/#website\"},\"primaryImageOfPage\":{\"@id\":\"https:\\\/\\\/kuali.com.mx\\\/web\\\/2022\\\/08\\\/18\\\/crimen-de-estado-desaparicion-de-43-estudiantes\\\/#primaryimage\"},\"image\":{\"@id\":\"https:\\\/\\\/kuali.com.mx\\\/web\\\/2022\\\/08\\\/18\\\/crimen-de-estado-desaparicion-de-43-estudiantes\\\/#primaryimage\"},\"thumbnailUrl\":\"https:\\\/\\\/kuali.com.mx\\\/web\\\/wp-content\\\/uploads\\\/2022\\\/08\\\/ENCINAS.jpg\",\"datePublished\":\"2022-08-18T16:08:00+00:00\",\"dateModified\":\"2022-08-19T13:01:17+00:00\",\"author\":{\"@id\":\"https:\\\/\\\/kuali.com.mx\\\/web\\\/#\\\/schema\\\/person\\\/6f89ffa8ecba9dae50662357923c5289\"},\"breadcrumb\":{\"@id\":\"https:\\\/\\\/kuali.com.mx\\\/web\\\/2022\\\/08\\\/18\\\/crimen-de-estado-desaparicion-de-43-estudiantes\\\/#breadcrumb\"},\"inLanguage\":\"es\",\"potentialAction\":[{\"@type\":\"ReadAction\",\"target\":[\"https:\\\/\\\/kuali.com.mx\\\/web\\\/2022\\\/08\\\/18\\\/crimen-de-estado-desaparicion-de-43-estudiantes\\\/\"]}]},{\"@type\":\"ImageObject\",\"inLanguage\":\"es\",\"@id\":\"https:\\\/\\\/kuali.com.mx\\\/web\\\/2022\\\/08\\\/18\\\/crimen-de-estado-desaparicion-de-43-estudiantes\\\/#primaryimage\",\"url\":\"https:\\\/\\\/kuali.com.mx\\\/web\\\/wp-content\\\/uploads\\\/2022\\\/08\\\/ENCINAS.jpg\",\"contentUrl\":\"https:\\\/\\\/kuali.com.mx\\\/web\\\/wp-content\\\/uploads\\\/2022\\\/08\\\/ENCINAS.jpg\",\"width\":1629,\"height\":750},{\"@type\":\"BreadcrumbList\",\"@id\":\"https:\\\/\\\/kuali.com.mx\\\/web\\\/2022\\\/08\\\/18\\\/crimen-de-estado-desaparicion-de-43-estudiantes\\\/#breadcrumb\",\"itemListElement\":[{\"@type\":\"ListItem\",\"position\":1,\"name\":\"Inicio\",\"item\":\"https:\\\/\\\/kuali.com.mx\\\/web\\\/\"},{\"@type\":\"ListItem\",\"position\":2,\"name\":\"CRIMEN DE ESTADO, DESAPARICI\u00d3N DE 43 ESTUDIANTES\"}]},{\"@type\":\"WebSite\",\"@id\":\"https:\\\/\\\/kuali.com.mx\\\/web\\\/#website\",\"url\":\"https:\\\/\\\/kuali.com.mx\\\/web\\\/\",\"name\":\"Kuali\",\"description\":\"\",\"potentialAction\":[{\"@type\":\"SearchAction\",\"target\":{\"@type\":\"EntryPoint\",\"urlTemplate\":\"https:\\\/\\\/kuali.com.mx\\\/web\\\/?s={search_term_string}\"},\"query-input\":{\"@type\":\"PropertyValueSpecification\",\"valueRequired\":true,\"valueName\":\"search_term_string\"}}],\"inLanguage\":\"es\"},{\"@type\":\"Person\",\"@id\":\"https:\\\/\\\/kuali.com.mx\\\/web\\\/#\\\/schema\\\/person\\\/6f89ffa8ecba9dae50662357923c5289\",\"name\":\"Kuali Staff\",\"image\":{\"@type\":\"ImageObject\",\"inLanguage\":\"es\",\"@id\":\"https:\\\/\\\/secure.gravatar.com\\\/avatar\\\/f917ad82e5ab71227a733c78b6e60715476f69ee6be59feee4eb5d9920c89e0f?s=96&d=mm&r=g\",\"url\":\"https:\\\/\\\/secure.gravatar.com\\\/avatar\\\/f917ad82e5ab71227a733c78b6e60715476f69ee6be59feee4eb5d9920c89e0f?s=96&d=mm&r=g\",\"contentUrl\":\"https:\\\/\\\/secure.gravatar.com\\\/avatar\\\/f917ad82e5ab71227a733c78b6e60715476f69ee6be59feee4eb5d9920c89e0f?s=96&d=mm&r=g\",\"caption\":\"Kuali Staff\"},\"url\":\"https:\\\/\\\/kuali.com.mx\\\/web\\\/author\\\/lagarto\\\/\"}]}<\/script>\n<!-- \/ Yoast SEO plugin. -->","yoast_head_json":{"title":"CRIMEN DE ESTADO, DESAPARICI\u00d3N DE 43 ESTUDIANTES - Kuali","robots":{"index":"index","follow":"follow","max-snippet":"max-snippet:-1","max-image-preview":"max-image-preview:large","max-video-preview":"max-video-preview:-1"},"canonical":"https:\/\/kuali.com.mx\/web\/2022\/08\/18\/crimen-de-estado-desaparicion-de-43-estudiantes\/","og_locale":"es_MX","og_type":"article","og_title":"CRIMEN DE ESTADO, DESAPARICI\u00d3N DE 43 ESTUDIANTES - Kuali","og_description":"Kuali\/Ciudad de M\u00e9xico.-El subsecretario de Derechos Humanos, Poblaci\u00f3n y Migraci\u00f3n de la Secretar\u00eda de Gobernaci\u00f3n (Segob), y titular de la Comisi\u00f3n Presidencial para la Verdad y Acceso a la Justicia en el caso Ayotzinapa, Alejandro Encinas Rodr\u00edguez, subray\u00f3 que contin\u00faa la investigaci\u00f3n y la b\u00fasqueda de los 43 estudiantes desaparecidos de Ayotzinapa porque se trat\u00f3 [&hellip;]","og_url":"https:\/\/kuali.com.mx\/web\/2022\/08\/18\/crimen-de-estado-desaparicion-de-43-estudiantes\/","og_site_name":"Kuali","article_publisher":"https:\/\/kuali.com.mx\/web\/wp-content\/uploads\/2018\/04\/cropped-kuali_logo-1-1.png","article_published_time":"2022-08-18T16:08:00+00:00","article_modified_time":"2022-08-19T13:01:17+00:00","og_image":[{"width":1629,"height":750,"url":"https:\/\/kuali.com.mx\/web\/wp-content\/uploads\/2022\/08\/ENCINAS.jpg","type":"image\/jpeg"}],"author":"Kuali Staff","twitter_card":"summary_large_image","twitter_creator":"@kuali_noticias","twitter_site":"@kuali_noticias","twitter_misc":{"Escrito por":"Kuali Staff","Tiempo de lectura":"6 minutos"},"schema":{"@context":"https:\/\/schema.org","@graph":[{"@type":"Article","@id":"https:\/\/kuali.com.mx\/web\/2022\/08\/18\/crimen-de-estado-desaparicion-de-43-estudiantes\/#article","isPartOf":{"@id":"https:\/\/kuali.com.mx\/web\/2022\/08\/18\/crimen-de-estado-desaparicion-de-43-estudiantes\/"},"author":{"name":"Kuali Staff","@id":"https:\/\/kuali.com.mx\/web\/#\/schema\/person\/6f89ffa8ecba9dae50662357923c5289"},"headline":"CRIMEN DE ESTADO, DESAPARICI\u00d3N DE 43 ESTUDIANTES","datePublished":"2022-08-18T16:08:00+00:00","dateModified":"2022-08-19T13:01:17+00:00","mainEntityOfPage":{"@id":"https:\/\/kuali.com.mx\/web\/2022\/08\/18\/crimen-de-estado-desaparicion-de-43-estudiantes\/"},"wordCount":1240,"commentCount":0,"image":{"@id":"https:\/\/kuali.com.mx\/web\/2022\/08\/18\/crimen-de-estado-desaparicion-de-43-estudiantes\/#primaryimage"},"thumbnailUrl":"https:\/\/kuali.com.mx\/web\/wp-content\/uploads\/2022\/08\/ENCINAS.jpg","articleSection":["Pol\u00edtica"],"inLanguage":"es","potentialAction":[{"@type":"CommentAction","name":"Comment","target":["https:\/\/kuali.com.mx\/web\/2022\/08\/18\/crimen-de-estado-desaparicion-de-43-estudiantes\/#respond"]}]},{"@type":"WebPage","@id":"https:\/\/kuali.com.mx\/web\/2022\/08\/18\/crimen-de-estado-desaparicion-de-43-estudiantes\/","url":"https:\/\/kuali.com.mx\/web\/2022\/08\/18\/crimen-de-estado-desaparicion-de-43-estudiantes\/","name":"CRIMEN DE ESTADO, DESAPARICI\u00d3N DE 43 ESTUDIANTES - Kuali","isPartOf":{"@id":"https:\/\/kuali.com.mx\/web\/#website"},"primaryImageOfPage":{"@id":"https:\/\/kuali.com.mx\/web\/2022\/08\/18\/crimen-de-estado-desaparicion-de-43-estudiantes\/#primaryimage"},"image":{"@id":"https:\/\/kuali.com.mx\/web\/2022\/08\/18\/crimen-de-estado-desaparicion-de-43-estudiantes\/#primaryimage"},"thumbnailUrl":"https:\/\/kuali.com.mx\/web\/wp-content\/uploads\/2022\/08\/ENCINAS.jpg","datePublished":"2022-08-18T16:08:00+00:00","dateModified":"2022-08-19T13:01:17+00:00","author":{"@id":"https:\/\/kuali.com.mx\/web\/#\/schema\/person\/6f89ffa8ecba9dae50662357923c5289"},"breadcrumb":{"@id":"https:\/\/kuali.com.mx\/web\/2022\/08\/18\/crimen-de-estado-desaparicion-de-43-estudiantes\/#breadcrumb"},"inLanguage":"es","potentialAction":[{"@type":"ReadAction","target":["https:\/\/kuali.com.mx\/web\/2022\/08\/18\/crimen-de-estado-desaparicion-de-43-estudiantes\/"]}]},{"@type":"ImageObject","inLanguage":"es","@id":"https:\/\/kuali.com.mx\/web\/2022\/08\/18\/crimen-de-estado-desaparicion-de-43-estudiantes\/#primaryimage","url":"https:\/\/kuali.com.mx\/web\/wp-content\/uploads\/2022\/08\/ENCINAS.jpg","contentUrl":"https:\/\/kuali.com.mx\/web\/wp-content\/uploads\/2022\/08\/ENCINAS.jpg","width":1629,"height":750},{"@type":"BreadcrumbList","@id":"https:\/\/kuali.com.mx\/web\/2022\/08\/18\/crimen-de-estado-desaparicion-de-43-estudiantes\/#breadcrumb","itemListElement":[{"@type":"ListItem","position":1,"name":"Inicio","item":"https:\/\/kuali.com.mx\/web\/"},{"@type":"ListItem","position":2,"name":"CRIMEN DE ESTADO, DESAPARICI\u00d3N DE 43 ESTUDIANTES"}]},{"@type":"WebSite","@id":"https:\/\/kuali.com.mx\/web\/#website","url":"https:\/\/kuali.com.mx\/web\/","name":"Kuali","description":"","potentialAction":[{"@type":"SearchAction","target":{"@type":"EntryPoint","urlTemplate":"https:\/\/kuali.com.mx\/web\/?s={search_term_string}"},"query-input":{"@type":"PropertyValueSpecification","valueRequired":true,"valueName":"search_term_string"}}],"inLanguage":"es"},{"@type":"Person","@id":"https:\/\/kuali.com.mx\/web\/#\/schema\/person\/6f89ffa8ecba9dae50662357923c5289","name":"Kuali Staff","image":{"@type":"ImageObject","inLanguage":"es","@id":"https:\/\/secure.gravatar.com\/avatar\/f917ad82e5ab71227a733c78b6e60715476f69ee6be59feee4eb5d9920c89e0f?s=96&d=mm&r=g","url":"https:\/\/secure.gravatar.com\/avatar\/f917ad82e5ab71227a733c78b6e60715476f69ee6be59feee4eb5d9920c89e0f?s=96&d=mm&r=g","contentUrl":"https:\/\/secure.gravatar.com\/avatar\/f917ad82e5ab71227a733c78b6e60715476f69ee6be59feee4eb5d9920c89e0f?s=96&d=mm&r=g","caption":"Kuali Staff"},"url":"https:\/\/kuali.com.mx\/web\/author\/lagarto\/"}]}},"_links":{"self":[{"href":"https:\/\/kuali.com.mx\/web\/wp-json\/wp\/v2\/posts\/102359","targetHints":{"allow":["GET"]}}],"collection":[{"href":"https:\/\/kuali.com.mx\/web\/wp-json\/wp\/v2\/posts"}],"about":[{"href":"https:\/\/kuali.com.mx\/web\/wp-json\/wp\/v2\/types\/post"}],"author":[{"embeddable":true,"href":"https:\/\/kuali.com.mx\/web\/wp-json\/wp\/v2\/users\/2"}],"replies":[{"embeddable":true,"href":"https:\/\/kuali.com.mx\/web\/wp-json\/wp\/v2\/comments?post=102359"}],"version-history":[{"count":2,"href":"https:\/\/kuali.com.mx\/web\/wp-json\/wp\/v2\/posts\/102359\/revisions"}],"predecessor-version":[{"id":102376,"href":"https:\/\/kuali.com.mx\/web\/wp-json\/wp\/v2\/posts\/102359\/revisions\/102376"}],"wp:featuredmedia":[{"embeddable":true,"href":"https:\/\/kuali.com.mx\/web\/wp-json\/wp\/v2\/media\/102363"}],"wp:attachment":[{"href":"https:\/\/kuali.com.mx\/web\/wp-json\/wp\/v2\/media?parent=102359"}],"wp:term":[{"taxonomy":"category","embeddable":true,"href":"https:\/\/kuali.com.mx\/web\/wp-json\/wp\/v2\/categories?post=102359"},{"taxonomy":"post_tag","embeddable":true,"href":"https:\/\/kuali.com.mx\/web\/wp-json\/wp\/v2\/tags?post=102359"}],"curies":[{"name":"wp","href":"https:\/\/api.w.org\/{rel}","templated":true}]}}