{"id":102319,"date":"2022-08-17T14:17:00","date_gmt":"2022-08-17T20:17:00","guid":{"rendered":"https:\/\/kuali.com.mx\/web\/?p=102319"},"modified":"2022-08-17T21:19:14","modified_gmt":"2022-08-18T03:19:14","slug":"recupera-leon-empleos-perdidos-por-la-pandemia","status":"publish","type":"post","link":"https:\/\/kuali.com.mx\/web\/2022\/08\/17\/recupera-leon-empleos-perdidos-por-la-pandemia\/","title":{"rendered":"RECUPERA LE\u00d3N EMPLEOS PERDIDOS POR LA PANDEMIA"},"content":{"rendered":"\n<p><strong><em>Kuali\/Le\u00f3n, Gto.-<\/em><\/strong>El municipio de Le\u00f3n registra  400 mil 271 empleos formales, es decir que ya fueron recuperados todos los empleos que se perdieron durante la pandemia de COVID.<\/p>\n\n\n\n<p>Estos datos fueron reportados por el Instituto Mexicano del Seguro Social (IMSS); en Le\u00f3n se tienen 400 mil 271 empleos formales, lo que se traduce en 326 empleos m\u00e1s que los que se ten\u00edan en febrero de 2020, cuando hab\u00eda 399 mil 945.<\/p>\n\n\n\n<p>Los datos indican que el municipio de Le\u00f3n va en crecimiento en cuanto a la recuperaci\u00f3n de empleos y esta ha sido una de las prioridades de la Administraci\u00f3n Municipal encabezada por Ale Guti\u00e9rrez Campos.<\/p>\n\n\n\n<p>Las estad\u00edsticas del IMSS reflejan la recuperaci\u00f3n alentadora de la econom\u00eda leonesa, despu\u00e9s de 2 a\u00f1os 5 meses de luchar contra los efectos colaterales del Covid-19, as\u00ed lo indic\u00f3 el titular de la Secretar\u00eda para la Reactivaci\u00f3n Econ\u00f3mica, Guillermo Romero Pacheco.<\/p>\n\n\n\n<p>\u201cTenemos una recuperaci\u00f3n de 19 mil 67 empleos, es decir un crecimiento del 5%. Ya est\u00e1 en 326 empleos arriba del momento m\u00e1s cr\u00edtico de la pandemia en febrero de 2020, es decir ya est\u00e1n recuperados los empleos\u201d, refiri\u00f3.<\/p>\n\n\n\n<p>Lo anterior representa un aumento de 19 mil 067 empleos formales, es decir, un incremento del 5%, en los \u00faltimos 12 meses, asimismo en comparaci\u00f3n con febrero del 2020 se registr\u00f3 un incremento de 326 empleos formales.<\/p>\n\n\n\n<p>\u201cLa lectura que podemos dar, sin lugar a dudas, es que estamos en marcha de una recuperaci\u00f3n mucho m\u00e1s fuerte, mucho m\u00e1s consolidada, con bases y esperemos que para fin de a\u00f1o termine de consolidarse\u201d, puntualiz\u00f3.<\/p>\n\n\n\n<p>Los sectores que m\u00e1s fuentes laborales registraron son cuero-calzado con el 13.3%, automotriz y autopartes 3.5%, hule y pl\u00e1stico 11.1%, industria de la transformaci\u00f3n 9.2%, comercio 6.0%, servicios para empresas, personas y el hogar 3.8%.<\/p>\n\n\n\n<p>Para abonar a la recuperaci\u00f3n econ\u00f3mica la Administraci\u00f3n Municipal de Le\u00f3n recientemente anunci\u00f3 el Programa de Reactivaci\u00f3n Econ\u00f3mica con una inversi\u00f3n de $3 mil 690 millones de pesos en obras y acciones con sentido social.<\/p>\n\n\n\n<p><\/p>\n","protected":false},"excerpt":{"rendered":"Kuali\/Le\u00f3n, Gto.-El municipio de Le\u00f3n registra 400 mil 271 empleos formales, es decir que ya fueron recuperados todos los empleos que se perdieron durante la pandemia de COVID. Estos datos fueron reportados por el Instituto Mexicano del Seguro Social (IMSS); en Le\u00f3n se tienen 400 mil 271 empleos formales, lo que se traduce en 326 [&hellip;]","protected":false},"author":2,"featured_media":62765,"comment_status":"open","ping_status":"open","sticky":false,"template":"","format":"standard","meta":{"_seopress_robots_primary_cat":"none","_seopress_titles_title":"","_seopress_titles_desc":"","_seopress_robots_index":"","_monsterinsights_skip_tracking":false,"_monsterinsights_sitenote_active":false,"_monsterinsights_sitenote_note":"","_monsterinsights_sitenote_category":0,"footnotes":""},"categories":[701,3],"tags":[],"class_list":["post-102319","post","type-post","status-publish","format-standard","has-post-thumbnail","hentry","category-economia","category-politica"],"yoast_head":"<!-- This site is optimized with the Yoast SEO plugin v27.4 - https:\/\/yoast.com\/product\/yoast-seo-wordpress\/ -->\n<title>RECUPERA LE\u00d3N EMPLEOS PERDIDOS POR LA PANDEMIA - Kuali<\/title>\n<meta name=\"robots\" content=\"index, follow, max-snippet:-1, max-image-preview:large, max-video-preview:-1\" \/>\n<link rel=\"canonical\" href=\"https:\/\/kuali.com.mx\/web\/2022\/08\/17\/recupera-leon-empleos-perdidos-por-la-pandemia\/\" \/>\n<meta property=\"og:locale\" content=\"es_MX\" \/>\n<meta property=\"og:type\" content=\"article\" \/>\n<meta property=\"og:title\" content=\"RECUPERA LE\u00d3N EMPLEOS PERDIDOS POR LA PANDEMIA - Kuali\" \/>\n<meta property=\"og:description\" content=\"Kuali\/Le\u00f3n, Gto.-El municipio de Le\u00f3n registra 400 mil 271 empleos formales, es decir que ya fueron recuperados todos los empleos que se perdieron durante la pandemia de COVID. Estos datos fueron reportados por el Instituto Mexicano del Seguro Social (IMSS); en Le\u00f3n se tienen 400 mil 271 empleos formales, lo que se traduce en 326 [&hellip;]\" \/>\n<meta property=\"og:url\" content=\"https:\/\/kuali.com.mx\/web\/2022\/08\/17\/recupera-leon-empleos-perdidos-por-la-pandemia\/\" \/>\n<meta property=\"og:site_name\" content=\"Kuali\" \/>\n<meta property=\"article:publisher\" content=\"https:\/\/kuali.com.mx\/web\/wp-content\/uploads\/2018\/04\/cropped-kuali_logo-1-1.png\" \/>\n<meta property=\"article:published_time\" content=\"2022-08-17T20:17:00+00:00\" \/>\n<meta property=\"article:modified_time\" content=\"2022-08-18T03:19:14+00:00\" \/>\n<meta property=\"og:image\" content=\"https:\/\/kuali.com.mx\/web\/wp-content\/uploads\/2019\/11\/arco-calzada.jpg\" \/>\n\t<meta property=\"og:image:width\" content=\"1942\" \/>\n\t<meta property=\"og:image:height\" content=\"750\" \/>\n\t<meta property=\"og:image:type\" content=\"image\/jpeg\" \/>\n<meta name=\"author\" content=\"Kuali Staff\" \/>\n<meta name=\"twitter:card\" content=\"summary_large_image\" \/>\n<meta name=\"twitter:creator\" content=\"@kuali_noticias\" \/>\n<meta name=\"twitter:site\" content=\"@kuali_noticias\" \/>\n<meta name=\"twitter:label1\" content=\"Escrito por\" \/>\n\t<meta name=\"twitter:data1\" content=\"Kuali Staff\" \/>\n\t<meta name=\"twitter:label2\" content=\"Tiempo de lectura\" \/>\n\t<meta name=\"twitter:data2\" content=\"2 minutos\" \/>\n<script type=\"application\/ld+json\" class=\"yoast-schema-graph\">{\"@context\":\"https:\\\/\\\/schema.org\",\"@graph\":[{\"@type\":\"Article\",\"@id\":\"https:\\\/\\\/kuali.com.mx\\\/web\\\/2022\\\/08\\\/17\\\/recupera-leon-empleos-perdidos-por-la-pandemia\\\/#article\",\"isPartOf\":{\"@id\":\"https:\\\/\\\/kuali.com.mx\\\/web\\\/2022\\\/08\\\/17\\\/recupera-leon-empleos-perdidos-por-la-pandemia\\\/\"},\"author\":{\"name\":\"Kuali Staff\",\"@id\":\"https:\\\/\\\/kuali.com.mx\\\/web\\\/#\\\/schema\\\/person\\\/6f89ffa8ecba9dae50662357923c5289\"},\"headline\":\"RECUPERA LE\u00d3N EMPLEOS PERDIDOS POR LA PANDEMIA\",\"datePublished\":\"2022-08-17T20:17:00+00:00\",\"dateModified\":\"2022-08-18T03:19:14+00:00\",\"mainEntityOfPage\":{\"@id\":\"https:\\\/\\\/kuali.com.mx\\\/web\\\/2022\\\/08\\\/17\\\/recupera-leon-empleos-perdidos-por-la-pandemia\\\/\"},\"wordCount\":348,\"commentCount\":0,\"image\":{\"@id\":\"https:\\\/\\\/kuali.com.mx\\\/web\\\/2022\\\/08\\\/17\\\/recupera-leon-empleos-perdidos-por-la-pandemia\\\/#primaryimage\"},\"thumbnailUrl\":\"https:\\\/\\\/kuali.com.mx\\\/web\\\/wp-content\\\/uploads\\\/2019\\\/11\\\/arco-calzada.jpg\",\"articleSection\":[\"Econom\u00eda\",\"Pol\u00edtica\"],\"inLanguage\":\"es\",\"potentialAction\":[{\"@type\":\"CommentAction\",\"name\":\"Comment\",\"target\":[\"https:\\\/\\\/kuali.com.mx\\\/web\\\/2022\\\/08\\\/17\\\/recupera-leon-empleos-perdidos-por-la-pandemia\\\/#respond\"]}]},{\"@type\":\"WebPage\",\"@id\":\"https:\\\/\\\/kuali.com.mx\\\/web\\\/2022\\\/08\\\/17\\\/recupera-leon-empleos-perdidos-por-la-pandemia\\\/\",\"url\":\"https:\\\/\\\/kuali.com.mx\\\/web\\\/2022\\\/08\\\/17\\\/recupera-leon-empleos-perdidos-por-la-pandemia\\\/\",\"name\":\"RECUPERA LE\u00d3N EMPLEOS PERDIDOS POR LA PANDEMIA - Kuali\",\"isPartOf\":{\"@id\":\"https:\\\/\\\/kuali.com.mx\\\/web\\\/#website\"},\"primaryImageOfPage\":{\"@id\":\"https:\\\/\\\/kuali.com.mx\\\/web\\\/2022\\\/08\\\/17\\\/recupera-leon-empleos-perdidos-por-la-pandemia\\\/#primaryimage\"},\"image\":{\"@id\":\"https:\\\/\\\/kuali.com.mx\\\/web\\\/2022\\\/08\\\/17\\\/recupera-leon-empleos-perdidos-por-la-pandemia\\\/#primaryimage\"},\"thumbnailUrl\":\"https:\\\/\\\/kuali.com.mx\\\/web\\\/wp-content\\\/uploads\\\/2019\\\/11\\\/arco-calzada.jpg\",\"datePublished\":\"2022-08-17T20:17:00+00:00\",\"dateModified\":\"2022-08-18T03:19:14+00:00\",\"author\":{\"@id\":\"https:\\\/\\\/kuali.com.mx\\\/web\\\/#\\\/schema\\\/person\\\/6f89ffa8ecba9dae50662357923c5289\"},\"breadcrumb\":{\"@id\":\"https:\\\/\\\/kuali.com.mx\\\/web\\\/2022\\\/08\\\/17\\\/recupera-leon-empleos-perdidos-por-la-pandemia\\\/#breadcrumb\"},\"inLanguage\":\"es\",\"potentialAction\":[{\"@type\":\"ReadAction\",\"target\":[\"https:\\\/\\\/kuali.com.mx\\\/web\\\/2022\\\/08\\\/17\\\/recupera-leon-empleos-perdidos-por-la-pandemia\\\/\"]}]},{\"@type\":\"ImageObject\",\"inLanguage\":\"es\",\"@id\":\"https:\\\/\\\/kuali.com.mx\\\/web\\\/2022\\\/08\\\/17\\\/recupera-leon-empleos-perdidos-por-la-pandemia\\\/#primaryimage\",\"url\":\"https:\\\/\\\/kuali.com.mx\\\/web\\\/wp-content\\\/uploads\\\/2019\\\/11\\\/arco-calzada.jpg\",\"contentUrl\":\"https:\\\/\\\/kuali.com.mx\\\/web\\\/wp-content\\\/uploads\\\/2019\\\/11\\\/arco-calzada.jpg\",\"width\":1942,\"height\":750},{\"@type\":\"BreadcrumbList\",\"@id\":\"https:\\\/\\\/kuali.com.mx\\\/web\\\/2022\\\/08\\\/17\\\/recupera-leon-empleos-perdidos-por-la-pandemia\\\/#breadcrumb\",\"itemListElement\":[{\"@type\":\"ListItem\",\"position\":1,\"name\":\"Inicio\",\"item\":\"https:\\\/\\\/kuali.com.mx\\\/web\\\/\"},{\"@type\":\"ListItem\",\"position\":2,\"name\":\"RECUPERA LE\u00d3N EMPLEOS PERDIDOS POR LA PANDEMIA\"}]},{\"@type\":\"WebSite\",\"@id\":\"https:\\\/\\\/kuali.com.mx\\\/web\\\/#website\",\"url\":\"https:\\\/\\\/kuali.com.mx\\\/web\\\/\",\"name\":\"Kuali\",\"description\":\"\",\"potentialAction\":[{\"@type\":\"SearchAction\",\"target\":{\"@type\":\"EntryPoint\",\"urlTemplate\":\"https:\\\/\\\/kuali.com.mx\\\/web\\\/?s={search_term_string}\"},\"query-input\":{\"@type\":\"PropertyValueSpecification\",\"valueRequired\":true,\"valueName\":\"search_term_string\"}}],\"inLanguage\":\"es\"},{\"@type\":\"Person\",\"@id\":\"https:\\\/\\\/kuali.com.mx\\\/web\\\/#\\\/schema\\\/person\\\/6f89ffa8ecba9dae50662357923c5289\",\"name\":\"Kuali Staff\",\"image\":{\"@type\":\"ImageObject\",\"inLanguage\":\"es\",\"@id\":\"https:\\\/\\\/secure.gravatar.com\\\/avatar\\\/f917ad82e5ab71227a733c78b6e60715476f69ee6be59feee4eb5d9920c89e0f?s=96&d=mm&r=g\",\"url\":\"https:\\\/\\\/secure.gravatar.com\\\/avatar\\\/f917ad82e5ab71227a733c78b6e60715476f69ee6be59feee4eb5d9920c89e0f?s=96&d=mm&r=g\",\"contentUrl\":\"https:\\\/\\\/secure.gravatar.com\\\/avatar\\\/f917ad82e5ab71227a733c78b6e60715476f69ee6be59feee4eb5d9920c89e0f?s=96&d=mm&r=g\",\"caption\":\"Kuali Staff\"},\"url\":\"https:\\\/\\\/kuali.com.mx\\\/web\\\/author\\\/lagarto\\\/\"}]}<\/script>\n<!-- \/ Yoast SEO plugin. -->","yoast_head_json":{"title":"RECUPERA LE\u00d3N EMPLEOS PERDIDOS POR LA PANDEMIA - Kuali","robots":{"index":"index","follow":"follow","max-snippet":"max-snippet:-1","max-image-preview":"max-image-preview:large","max-video-preview":"max-video-preview:-1"},"canonical":"https:\/\/kuali.com.mx\/web\/2022\/08\/17\/recupera-leon-empleos-perdidos-por-la-pandemia\/","og_locale":"es_MX","og_type":"article","og_title":"RECUPERA LE\u00d3N EMPLEOS PERDIDOS POR LA PANDEMIA - Kuali","og_description":"Kuali\/Le\u00f3n, Gto.-El municipio de Le\u00f3n registra 400 mil 271 empleos formales, es decir que ya fueron recuperados todos los empleos que se perdieron durante la pandemia de COVID. Estos datos fueron reportados por el Instituto Mexicano del Seguro Social (IMSS); en Le\u00f3n se tienen 400 mil 271 empleos formales, lo que se traduce en 326 [&hellip;]","og_url":"https:\/\/kuali.com.mx\/web\/2022\/08\/17\/recupera-leon-empleos-perdidos-por-la-pandemia\/","og_site_name":"Kuali","article_publisher":"https:\/\/kuali.com.mx\/web\/wp-content\/uploads\/2018\/04\/cropped-kuali_logo-1-1.png","article_published_time":"2022-08-17T20:17:00+00:00","article_modified_time":"2022-08-18T03:19:14+00:00","og_image":[{"width":1942,"height":750,"url":"https:\/\/kuali.com.mx\/web\/wp-content\/uploads\/2019\/11\/arco-calzada.jpg","type":"image\/jpeg"}],"author":"Kuali Staff","twitter_card":"summary_large_image","twitter_creator":"@kuali_noticias","twitter_site":"@kuali_noticias","twitter_misc":{"Escrito por":"Kuali Staff","Tiempo de lectura":"2 minutos"},"schema":{"@context":"https:\/\/schema.org","@graph":[{"@type":"Article","@id":"https:\/\/kuali.com.mx\/web\/2022\/08\/17\/recupera-leon-empleos-perdidos-por-la-pandemia\/#article","isPartOf":{"@id":"https:\/\/kuali.com.mx\/web\/2022\/08\/17\/recupera-leon-empleos-perdidos-por-la-pandemia\/"},"author":{"name":"Kuali Staff","@id":"https:\/\/kuali.com.mx\/web\/#\/schema\/person\/6f89ffa8ecba9dae50662357923c5289"},"headline":"RECUPERA LE\u00d3N EMPLEOS PERDIDOS POR LA PANDEMIA","datePublished":"2022-08-17T20:17:00+00:00","dateModified":"2022-08-18T03:19:14+00:00","mainEntityOfPage":{"@id":"https:\/\/kuali.com.mx\/web\/2022\/08\/17\/recupera-leon-empleos-perdidos-por-la-pandemia\/"},"wordCount":348,"commentCount":0,"image":{"@id":"https:\/\/kuali.com.mx\/web\/2022\/08\/17\/recupera-leon-empleos-perdidos-por-la-pandemia\/#primaryimage"},"thumbnailUrl":"https:\/\/kuali.com.mx\/web\/wp-content\/uploads\/2019\/11\/arco-calzada.jpg","articleSection":["Econom\u00eda","Pol\u00edtica"],"inLanguage":"es","potentialAction":[{"@type":"CommentAction","name":"Comment","target":["https:\/\/kuali.com.mx\/web\/2022\/08\/17\/recupera-leon-empleos-perdidos-por-la-pandemia\/#respond"]}]},{"@type":"WebPage","@id":"https:\/\/kuali.com.mx\/web\/2022\/08\/17\/recupera-leon-empleos-perdidos-por-la-pandemia\/","url":"https:\/\/kuali.com.mx\/web\/2022\/08\/17\/recupera-leon-empleos-perdidos-por-la-pandemia\/","name":"RECUPERA LE\u00d3N EMPLEOS PERDIDOS POR LA PANDEMIA - Kuali","isPartOf":{"@id":"https:\/\/kuali.com.mx\/web\/#website"},"primaryImageOfPage":{"@id":"https:\/\/kuali.com.mx\/web\/2022\/08\/17\/recupera-leon-empleos-perdidos-por-la-pandemia\/#primaryimage"},"image":{"@id":"https:\/\/kuali.com.mx\/web\/2022\/08\/17\/recupera-leon-empleos-perdidos-por-la-pandemia\/#primaryimage"},"thumbnailUrl":"https:\/\/kuali.com.mx\/web\/wp-content\/uploads\/2019\/11\/arco-calzada.jpg","datePublished":"2022-08-17T20:17:00+00:00","dateModified":"2022-08-18T03:19:14+00:00","author":{"@id":"https:\/\/kuali.com.mx\/web\/#\/schema\/person\/6f89ffa8ecba9dae50662357923c5289"},"breadcrumb":{"@id":"https:\/\/kuali.com.mx\/web\/2022\/08\/17\/recupera-leon-empleos-perdidos-por-la-pandemia\/#breadcrumb"},"inLanguage":"es","potentialAction":[{"@type":"ReadAction","target":["https:\/\/kuali.com.mx\/web\/2022\/08\/17\/recupera-leon-empleos-perdidos-por-la-pandemia\/"]}]},{"@type":"ImageObject","inLanguage":"es","@id":"https:\/\/kuali.com.mx\/web\/2022\/08\/17\/recupera-leon-empleos-perdidos-por-la-pandemia\/#primaryimage","url":"https:\/\/kuali.com.mx\/web\/wp-content\/uploads\/2019\/11\/arco-calzada.jpg","contentUrl":"https:\/\/kuali.com.mx\/web\/wp-content\/uploads\/2019\/11\/arco-calzada.jpg","width":1942,"height":750},{"@type":"BreadcrumbList","@id":"https:\/\/kuali.com.mx\/web\/2022\/08\/17\/recupera-leon-empleos-perdidos-por-la-pandemia\/#breadcrumb","itemListElement":[{"@type":"ListItem","position":1,"name":"Inicio","item":"https:\/\/kuali.com.mx\/web\/"},{"@type":"ListItem","position":2,"name":"RECUPERA LE\u00d3N EMPLEOS PERDIDOS POR LA PANDEMIA"}]},{"@type":"WebSite","@id":"https:\/\/kuali.com.mx\/web\/#website","url":"https:\/\/kuali.com.mx\/web\/","name":"Kuali","description":"","potentialAction":[{"@type":"SearchAction","target":{"@type":"EntryPoint","urlTemplate":"https:\/\/kuali.com.mx\/web\/?s={search_term_string}"},"query-input":{"@type":"PropertyValueSpecification","valueRequired":true,"valueName":"search_term_string"}}],"inLanguage":"es"},{"@type":"Person","@id":"https:\/\/kuali.com.mx\/web\/#\/schema\/person\/6f89ffa8ecba9dae50662357923c5289","name":"Kuali Staff","image":{"@type":"ImageObject","inLanguage":"es","@id":"https:\/\/secure.gravatar.com\/avatar\/f917ad82e5ab71227a733c78b6e60715476f69ee6be59feee4eb5d9920c89e0f?s=96&d=mm&r=g","url":"https:\/\/secure.gravatar.com\/avatar\/f917ad82e5ab71227a733c78b6e60715476f69ee6be59feee4eb5d9920c89e0f?s=96&d=mm&r=g","contentUrl":"https:\/\/secure.gravatar.com\/avatar\/f917ad82e5ab71227a733c78b6e60715476f69ee6be59feee4eb5d9920c89e0f?s=96&d=mm&r=g","caption":"Kuali Staff"},"url":"https:\/\/kuali.com.mx\/web\/author\/lagarto\/"}]}},"_links":{"self":[{"href":"https:\/\/kuali.com.mx\/web\/wp-json\/wp\/v2\/posts\/102319","targetHints":{"allow":["GET"]}}],"collection":[{"href":"https:\/\/kuali.com.mx\/web\/wp-json\/wp\/v2\/posts"}],"about":[{"href":"https:\/\/kuali.com.mx\/web\/wp-json\/wp\/v2\/types\/post"}],"author":[{"embeddable":true,"href":"https:\/\/kuali.com.mx\/web\/wp-json\/wp\/v2\/users\/2"}],"replies":[{"embeddable":true,"href":"https:\/\/kuali.com.mx\/web\/wp-json\/wp\/v2\/comments?post=102319"}],"version-history":[{"count":1,"href":"https:\/\/kuali.com.mx\/web\/wp-json\/wp\/v2\/posts\/102319\/revisions"}],"predecessor-version":[{"id":102321,"href":"https:\/\/kuali.com.mx\/web\/wp-json\/wp\/v2\/posts\/102319\/revisions\/102321"}],"wp:featuredmedia":[{"embeddable":true,"href":"https:\/\/kuali.com.mx\/web\/wp-json\/wp\/v2\/media\/62765"}],"wp:attachment":[{"href":"https:\/\/kuali.com.mx\/web\/wp-json\/wp\/v2\/media?parent=102319"}],"wp:term":[{"taxonomy":"category","embeddable":true,"href":"https:\/\/kuali.com.mx\/web\/wp-json\/wp\/v2\/categories?post=102319"},{"taxonomy":"post_tag","embeddable":true,"href":"https:\/\/kuali.com.mx\/web\/wp-json\/wp\/v2\/tags?post=102319"}],"curies":[{"name":"wp","href":"https:\/\/api.w.org\/{rel}","templated":true}]}}