{"id":102299,"date":"2022-08-17T18:00:00","date_gmt":"2022-08-18T00:00:00","guid":{"rendered":"https:\/\/kuali.com.mx\/web\/?p=102299"},"modified":"2022-08-17T18:24:44","modified_gmt":"2022-08-18T00:24:44","slug":"inseguridad-debe-ser-una-prioridad-de-estado-agripino","status":"publish","type":"post","link":"https:\/\/kuali.com.mx\/web\/2022\/08\/17\/inseguridad-debe-ser-una-prioridad-de-estado-agripino\/","title":{"rendered":"INSEGURIDAD DEBE SER UNA PRIORIDAD DE ESTADO: AGRIPINO"},"content":{"rendered":"\n<p><strong><em>Sandra Flores\/Kuali\/Guanajuato, Gto.-<\/em><\/strong> Los graves problemas de inseguridad deben ser una prioridad del estado, no solo del gobierno, se\u00f1al\u00f3 el rector de la Universidad de Guanajuato (UG), Luis Felipe Guerrero Agripino, durante el informe anual y la bienvenida de cursos.<\/p>\n\n\n\n<p>\u201cEn el \u00e1mbito de esas prioridades, las instituciones educativas, la Universidad de Guanajuato tenemos un enorme compromiso y una gran responsabilidad\u201d, consider\u00f3.<\/p>\n\n\n\n<p>Si se quiere reconstruir el tejido social, se tiene que trabajar m\u00e1s para propiciar que Guanajuato y M\u00e9xico sean m\u00e1s inclusivos y justos, enfatiz\u00f3.<\/p>\n\n\n\n<p>\u201cHay que cortar las brechas de desigualdad e inequidad, que tanto nos duelen\u201d, remarc\u00f3.<\/p>\n\n\n\n<p>En este sentido, la m\u00e1xima casa de estudios ha implementado los programas de Equidad Regional y de Equidad Urbana donde se otorgan apoyos especiales a estudiantes de zonas vulnerables.<\/p>\n\n\n\n<p>\u201cEn el proyecto UG Ciudad, insistimos en el poder transformador del arte y la cultura, abrimos nuestros espacios a la sociedad\u201d, se\u00f1al\u00f3 al referirse a la responsabilidad de la UG en reconstruir el tejido social para mejorar la seguridad.<\/p>\n\n\n\n<p>Luis Felipe Guerrero Agripino, expuso tres prioridades institucionales: el fortalecimiento del desarrollo cient\u00edfico, tecnol\u00f3gico y de innovaci\u00f3n; la diversificaci\u00f3n del aprendizaje y el no perder de vista que los esfuerzos universitarios tienen como centro la formaci\u00f3n integral de estudiantes.&nbsp;&nbsp;<\/p>\n\n\n\n<p>Al hablar de los logros de la comunidad en el periodo 2021-2022 destac\u00f3 que estos resultados son producto del trabajo de una comunidad altamente comprometida.&nbsp;<\/p>\n\n\n\n<p>Asimismo, agradeci\u00f3 el respaldo gubernamental que permite el desarrollo de las funciones universitarias, pues, enfatiz\u00f3: \u201cSin recursos, las aspiraciones universitarias pueden ser solo una quimera\u201d.&nbsp;&nbsp;<\/p>\n\n\n\n<p>Destac\u00f3 especialmente el compromiso de la instituci\u00f3n para crecer la matr\u00edcula de la UG con calidad e inclusi\u00f3n, as\u00ed como de abrir m\u00e1s espacios de vinculaci\u00f3n con la sociedad, con proyectos como UG Silao Unidad Universitaria.<\/p>\n\n\n\n<p>&nbsp;En este punto, se refiri\u00f3 tambi\u00e9n al convenio con el Congreso del Estado de Guanajuato para desarrollar un taller con los municipios para apoyarlos en el dise\u00f1o de sus programas de prevenci\u00f3n y un diplomado en gerencia de la administraci\u00f3n p\u00fablica municipal.&nbsp;&nbsp;<\/p>\n\n\n\n<p>\u201cEsta es una gran universidad, y la construimos cada persona, generaci\u00f3n tras generaci\u00f3n. Y se va renovando porque esa es su naturaleza, y desde cada trinchera nos corresponde entregarnos a ese gran proyecto\u201d, sostuvo.&nbsp;&nbsp;<\/p>\n\n\n\n<p>Carmen Enedina Rodr\u00edguez Armenta, Directora General de Educaci\u00f3n Superior Universitaria e Intercultural, de la Secretar\u00eda de Educaci\u00f3n P\u00fablica (SEP), refrend\u00f3 su respeto por la autonom\u00eda universitaria y el respaldo de la instituci\u00f3n federal.&nbsp;<\/p>\n\n\n\n<p>\u201cDesde la Secretar\u00eda de Educaci\u00f3n P\u00fablica reconocemos este impulso de las acciones y estrategias pertinentes en beneficio de la educaci\u00f3n superior de Guanajuato, que realiza esta maravillosa Universidad (...) sabemos que ustedes de manera democr\u00e1tica, sensible y de manera responsable, hacen acciones en beneficio de sus estudiantes y de toda la comunidad del estado en general\u201d, dijo.&nbsp;&nbsp;<\/p>\n\n\n\n<p>El Gobernador, Diego Sinhue Rodr\u00edguez Vallejo, expres\u00f3 que la Benem\u00e9rita Universidad de Guanajuato es un orgullo, que se respeta y reconoce por su calidad educativa. Esta Instituci\u00f3n, \u201cSe proyecta al futuro con una fortaleza basada en la calidad de sus servicios y una oferta educativa que atiende las necesidades del desarrollo econ\u00f3mico y social de Guanajuato y del pa\u00eds\u201d.&nbsp;&nbsp;<\/p>\n\n\n\n<p><br>Durante el periodo 2021-2022, la Universidad de Guanajuato ha contribuido en la formaci\u00f3n de 46 mil 417 estudiantes, de los cuales 16 mil 117 corresponden al nivel medio superior y 30 mil 300 al nivel superior. Parte de esta matr\u00edcula pertenece al 96.6% de los programas de licenciatura reconocidos por su calidad a trav\u00e9s de organismos acreditadores y evaluadores.&nbsp;&nbsp;<\/p>\n\n\n\n<p>En el evento celebrado en el Auditorio del Estado destac\u00f3 el talento universitario, el cual estuvo dirigido por las y los estudiantes: Mar\u00eda Guadalupe Belman Belmonte, Ana Karen Gonz\u00e1lez Negrete, Gerardo Mederos Guti\u00e9rrez y Nahum Eli\u00fa Reyes.&nbsp;&nbsp;<\/p>\n\n\n\n<p>Adem\u00e1s, se cont\u00f3 con las intervenciones musicales&nbsp;a cargo de Gabriel Hern\u00e1ndez, acompa\u00f1ado de la Big Band, dirigida por el Dr. Luis Flores Villag\u00f3mez, al igual que de la Orquesta Sinf\u00f3nica de la Colmena Universitaria (OSCU), dirigida por la maestra Arantza Carr\u00e9 Medina Regalado, Profesora de Flauta Traversa del Nivel Medio y Licenciatura de M\u00fasica, quienes adem\u00e1s interpretaron el himno universitario en conjunto con la soprano Clara V\u00e1zquez y el bar\u00edtono, David Rizo, estudiantes de M\u00fasica de la Divisi\u00f3n de Arquitectura, Arte y Dise\u00f1o.&nbsp;&nbsp;<\/p>\n","protected":false},"excerpt":{"rendered":"Sandra Flores\/Kuali\/Guanajuato, Gto.- Los graves problemas de inseguridad deben ser una prioridad del estado, no solo del gobierno, se\u00f1al\u00f3 el rector de la Universidad de Guanajuato (UG), Luis Felipe Guerrero Agripino, durante el informe anual y la bienvenida de cursos. \u201cEn el \u00e1mbito de esas prioridades, las instituciones educativas, la Universidad de Guanajuato tenemos un [&hellip;]","protected":false},"author":2,"featured_media":102301,"comment_status":"open","ping_status":"open","sticky":false,"template":"","format":"standard","meta":{"_seopress_robots_primary_cat":"none","_seopress_titles_title":"","_seopress_titles_desc":"","_seopress_robots_index":"","_monsterinsights_skip_tracking":false,"_monsterinsights_sitenote_active":false,"_monsterinsights_sitenote_note":"","_monsterinsights_sitenote_category":0,"footnotes":""},"categories":[4,3,69],"tags":[],"class_list":["post-102299","post","type-post","status-publish","format-standard","has-post-thumbnail","hentry","category-educacion","category-politica","category-slider"],"yoast_head":"<!-- This site is optimized with the Yoast SEO plugin v27.4 - https:\/\/yoast.com\/product\/yoast-seo-wordpress\/ -->\n<title>INSEGURIDAD DEBE SER UNA PRIORIDAD DE ESTADO: AGRIPINO - Kuali<\/title>\n<meta name=\"robots\" content=\"index, follow, max-snippet:-1, max-image-preview:large, max-video-preview:-1\" \/>\n<link rel=\"canonical\" href=\"https:\/\/kuali.com.mx\/web\/2022\/08\/17\/inseguridad-debe-ser-una-prioridad-de-estado-agripino\/\" \/>\n<meta property=\"og:locale\" content=\"es_MX\" \/>\n<meta property=\"og:type\" content=\"article\" \/>\n<meta property=\"og:title\" content=\"INSEGURIDAD DEBE SER UNA PRIORIDAD DE ESTADO: AGRIPINO - Kuali\" \/>\n<meta property=\"og:description\" content=\"Sandra Flores\/Kuali\/Guanajuato, Gto.- Los graves problemas de inseguridad deben ser una prioridad del estado, no solo del gobierno, se\u00f1al\u00f3 el rector de la Universidad de Guanajuato (UG), Luis Felipe Guerrero Agripino, durante el informe anual y la bienvenida de cursos. \u201cEn el \u00e1mbito de esas prioridades, las instituciones educativas, la Universidad de Guanajuato tenemos un [&hellip;]\" \/>\n<meta property=\"og:url\" content=\"https:\/\/kuali.com.mx\/web\/2022\/08\/17\/inseguridad-debe-ser-una-prioridad-de-estado-agripino\/\" \/>\n<meta property=\"og:site_name\" content=\"Kuali\" \/>\n<meta property=\"article:publisher\" content=\"https:\/\/kuali.com.mx\/web\/wp-content\/uploads\/2018\/04\/cropped-kuali_logo-1-1.png\" \/>\n<meta property=\"article:published_time\" content=\"2022-08-18T00:00:00+00:00\" \/>\n<meta property=\"article:modified_time\" content=\"2022-08-18T00:24:44+00:00\" \/>\n<meta property=\"og:image\" content=\"https:\/\/kuali.com.mx\/web\/wp-content\/uploads\/2022\/08\/Dr.-Luis-Felipe-Guerrero-Agripino-Rector-General-UG.jpeg\" \/>\n\t<meta property=\"og:image:width\" content=\"1911\" \/>\n\t<meta property=\"og:image:height\" content=\"750\" \/>\n\t<meta property=\"og:image:type\" content=\"image\/jpeg\" \/>\n<meta name=\"author\" content=\"Kuali Staff\" \/>\n<meta name=\"twitter:card\" content=\"summary_large_image\" \/>\n<meta name=\"twitter:creator\" content=\"@kuali_noticias\" \/>\n<meta name=\"twitter:site\" content=\"@kuali_noticias\" \/>\n<meta name=\"twitter:label1\" content=\"Escrito por\" \/>\n\t<meta name=\"twitter:data1\" content=\"Kuali Staff\" \/>\n\t<meta name=\"twitter:label2\" content=\"Tiempo de lectura\" \/>\n\t<meta name=\"twitter:data2\" content=\"4 minutos\" \/>\n<script type=\"application\/ld+json\" class=\"yoast-schema-graph\">{\"@context\":\"https:\\\/\\\/schema.org\",\"@graph\":[{\"@type\":\"Article\",\"@id\":\"https:\\\/\\\/kuali.com.mx\\\/web\\\/2022\\\/08\\\/17\\\/inseguridad-debe-ser-una-prioridad-de-estado-agripino\\\/#article\",\"isPartOf\":{\"@id\":\"https:\\\/\\\/kuali.com.mx\\\/web\\\/2022\\\/08\\\/17\\\/inseguridad-debe-ser-una-prioridad-de-estado-agripino\\\/\"},\"author\":{\"name\":\"Kuali Staff\",\"@id\":\"https:\\\/\\\/kuali.com.mx\\\/web\\\/#\\\/schema\\\/person\\\/6f89ffa8ecba9dae50662357923c5289\"},\"headline\":\"INSEGURIDAD DEBE SER UNA PRIORIDAD DE ESTADO: AGRIPINO\",\"datePublished\":\"2022-08-18T00:00:00+00:00\",\"dateModified\":\"2022-08-18T00:24:44+00:00\",\"mainEntityOfPage\":{\"@id\":\"https:\\\/\\\/kuali.com.mx\\\/web\\\/2022\\\/08\\\/17\\\/inseguridad-debe-ser-una-prioridad-de-estado-agripino\\\/\"},\"wordCount\":781,\"commentCount\":0,\"image\":{\"@id\":\"https:\\\/\\\/kuali.com.mx\\\/web\\\/2022\\\/08\\\/17\\\/inseguridad-debe-ser-una-prioridad-de-estado-agripino\\\/#primaryimage\"},\"thumbnailUrl\":\"https:\\\/\\\/kuali.com.mx\\\/web\\\/wp-content\\\/uploads\\\/2022\\\/08\\\/Dr.-Luis-Felipe-Guerrero-Agripino-Rector-General-UG.jpeg\",\"articleSection\":[\"Educaci\u00f3n\",\"Pol\u00edtica\",\"slider\"],\"inLanguage\":\"es\",\"potentialAction\":[{\"@type\":\"CommentAction\",\"name\":\"Comment\",\"target\":[\"https:\\\/\\\/kuali.com.mx\\\/web\\\/2022\\\/08\\\/17\\\/inseguridad-debe-ser-una-prioridad-de-estado-agripino\\\/#respond\"]}]},{\"@type\":\"WebPage\",\"@id\":\"https:\\\/\\\/kuali.com.mx\\\/web\\\/2022\\\/08\\\/17\\\/inseguridad-debe-ser-una-prioridad-de-estado-agripino\\\/\",\"url\":\"https:\\\/\\\/kuali.com.mx\\\/web\\\/2022\\\/08\\\/17\\\/inseguridad-debe-ser-una-prioridad-de-estado-agripino\\\/\",\"name\":\"INSEGURIDAD DEBE SER UNA PRIORIDAD DE ESTADO: AGRIPINO - Kuali\",\"isPartOf\":{\"@id\":\"https:\\\/\\\/kuali.com.mx\\\/web\\\/#website\"},\"primaryImageOfPage\":{\"@id\":\"https:\\\/\\\/kuali.com.mx\\\/web\\\/2022\\\/08\\\/17\\\/inseguridad-debe-ser-una-prioridad-de-estado-agripino\\\/#primaryimage\"},\"image\":{\"@id\":\"https:\\\/\\\/kuali.com.mx\\\/web\\\/2022\\\/08\\\/17\\\/inseguridad-debe-ser-una-prioridad-de-estado-agripino\\\/#primaryimage\"},\"thumbnailUrl\":\"https:\\\/\\\/kuali.com.mx\\\/web\\\/wp-content\\\/uploads\\\/2022\\\/08\\\/Dr.-Luis-Felipe-Guerrero-Agripino-Rector-General-UG.jpeg\",\"datePublished\":\"2022-08-18T00:00:00+00:00\",\"dateModified\":\"2022-08-18T00:24:44+00:00\",\"author\":{\"@id\":\"https:\\\/\\\/kuali.com.mx\\\/web\\\/#\\\/schema\\\/person\\\/6f89ffa8ecba9dae50662357923c5289\"},\"breadcrumb\":{\"@id\":\"https:\\\/\\\/kuali.com.mx\\\/web\\\/2022\\\/08\\\/17\\\/inseguridad-debe-ser-una-prioridad-de-estado-agripino\\\/#breadcrumb\"},\"inLanguage\":\"es\",\"potentialAction\":[{\"@type\":\"ReadAction\",\"target\":[\"https:\\\/\\\/kuali.com.mx\\\/web\\\/2022\\\/08\\\/17\\\/inseguridad-debe-ser-una-prioridad-de-estado-agripino\\\/\"]}]},{\"@type\":\"ImageObject\",\"inLanguage\":\"es\",\"@id\":\"https:\\\/\\\/kuali.com.mx\\\/web\\\/2022\\\/08\\\/17\\\/inseguridad-debe-ser-una-prioridad-de-estado-agripino\\\/#primaryimage\",\"url\":\"https:\\\/\\\/kuali.com.mx\\\/web\\\/wp-content\\\/uploads\\\/2022\\\/08\\\/Dr.-Luis-Felipe-Guerrero-Agripino-Rector-General-UG.jpeg\",\"contentUrl\":\"https:\\\/\\\/kuali.com.mx\\\/web\\\/wp-content\\\/uploads\\\/2022\\\/08\\\/Dr.-Luis-Felipe-Guerrero-Agripino-Rector-General-UG.jpeg\",\"width\":1911,\"height\":750},{\"@type\":\"BreadcrumbList\",\"@id\":\"https:\\\/\\\/kuali.com.mx\\\/web\\\/2022\\\/08\\\/17\\\/inseguridad-debe-ser-una-prioridad-de-estado-agripino\\\/#breadcrumb\",\"itemListElement\":[{\"@type\":\"ListItem\",\"position\":1,\"name\":\"Inicio\",\"item\":\"https:\\\/\\\/kuali.com.mx\\\/web\\\/\"},{\"@type\":\"ListItem\",\"position\":2,\"name\":\"INSEGURIDAD DEBE SER UNA PRIORIDAD DE ESTADO: AGRIPINO\"}]},{\"@type\":\"WebSite\",\"@id\":\"https:\\\/\\\/kuali.com.mx\\\/web\\\/#website\",\"url\":\"https:\\\/\\\/kuali.com.mx\\\/web\\\/\",\"name\":\"Kuali\",\"description\":\"\",\"potentialAction\":[{\"@type\":\"SearchAction\",\"target\":{\"@type\":\"EntryPoint\",\"urlTemplate\":\"https:\\\/\\\/kuali.com.mx\\\/web\\\/?s={search_term_string}\"},\"query-input\":{\"@type\":\"PropertyValueSpecification\",\"valueRequired\":true,\"valueName\":\"search_term_string\"}}],\"inLanguage\":\"es\"},{\"@type\":\"Person\",\"@id\":\"https:\\\/\\\/kuali.com.mx\\\/web\\\/#\\\/schema\\\/person\\\/6f89ffa8ecba9dae50662357923c5289\",\"name\":\"Kuali Staff\",\"image\":{\"@type\":\"ImageObject\",\"inLanguage\":\"es\",\"@id\":\"https:\\\/\\\/secure.gravatar.com\\\/avatar\\\/f917ad82e5ab71227a733c78b6e60715476f69ee6be59feee4eb5d9920c89e0f?s=96&d=mm&r=g\",\"url\":\"https:\\\/\\\/secure.gravatar.com\\\/avatar\\\/f917ad82e5ab71227a733c78b6e60715476f69ee6be59feee4eb5d9920c89e0f?s=96&d=mm&r=g\",\"contentUrl\":\"https:\\\/\\\/secure.gravatar.com\\\/avatar\\\/f917ad82e5ab71227a733c78b6e60715476f69ee6be59feee4eb5d9920c89e0f?s=96&d=mm&r=g\",\"caption\":\"Kuali Staff\"},\"url\":\"https:\\\/\\\/kuali.com.mx\\\/web\\\/author\\\/lagarto\\\/\"}]}<\/script>\n<!-- \/ Yoast SEO plugin. -->","yoast_head_json":{"title":"INSEGURIDAD DEBE SER UNA PRIORIDAD DE ESTADO: AGRIPINO - Kuali","robots":{"index":"index","follow":"follow","max-snippet":"max-snippet:-1","max-image-preview":"max-image-preview:large","max-video-preview":"max-video-preview:-1"},"canonical":"https:\/\/kuali.com.mx\/web\/2022\/08\/17\/inseguridad-debe-ser-una-prioridad-de-estado-agripino\/","og_locale":"es_MX","og_type":"article","og_title":"INSEGURIDAD DEBE SER UNA PRIORIDAD DE ESTADO: AGRIPINO - Kuali","og_description":"Sandra Flores\/Kuali\/Guanajuato, Gto.- Los graves problemas de inseguridad deben ser una prioridad del estado, no solo del gobierno, se\u00f1al\u00f3 el rector de la Universidad de Guanajuato (UG), Luis Felipe Guerrero Agripino, durante el informe anual y la bienvenida de cursos. \u201cEn el \u00e1mbito de esas prioridades, las instituciones educativas, la Universidad de Guanajuato tenemos un [&hellip;]","og_url":"https:\/\/kuali.com.mx\/web\/2022\/08\/17\/inseguridad-debe-ser-una-prioridad-de-estado-agripino\/","og_site_name":"Kuali","article_publisher":"https:\/\/kuali.com.mx\/web\/wp-content\/uploads\/2018\/04\/cropped-kuali_logo-1-1.png","article_published_time":"2022-08-18T00:00:00+00:00","article_modified_time":"2022-08-18T00:24:44+00:00","og_image":[{"width":1911,"height":750,"url":"https:\/\/kuali.com.mx\/web\/wp-content\/uploads\/2022\/08\/Dr.-Luis-Felipe-Guerrero-Agripino-Rector-General-UG.jpeg","type":"image\/jpeg"}],"author":"Kuali Staff","twitter_card":"summary_large_image","twitter_creator":"@kuali_noticias","twitter_site":"@kuali_noticias","twitter_misc":{"Escrito por":"Kuali Staff","Tiempo de lectura":"4 minutos"},"schema":{"@context":"https:\/\/schema.org","@graph":[{"@type":"Article","@id":"https:\/\/kuali.com.mx\/web\/2022\/08\/17\/inseguridad-debe-ser-una-prioridad-de-estado-agripino\/#article","isPartOf":{"@id":"https:\/\/kuali.com.mx\/web\/2022\/08\/17\/inseguridad-debe-ser-una-prioridad-de-estado-agripino\/"},"author":{"name":"Kuali Staff","@id":"https:\/\/kuali.com.mx\/web\/#\/schema\/person\/6f89ffa8ecba9dae50662357923c5289"},"headline":"INSEGURIDAD DEBE SER UNA PRIORIDAD DE ESTADO: AGRIPINO","datePublished":"2022-08-18T00:00:00+00:00","dateModified":"2022-08-18T00:24:44+00:00","mainEntityOfPage":{"@id":"https:\/\/kuali.com.mx\/web\/2022\/08\/17\/inseguridad-debe-ser-una-prioridad-de-estado-agripino\/"},"wordCount":781,"commentCount":0,"image":{"@id":"https:\/\/kuali.com.mx\/web\/2022\/08\/17\/inseguridad-debe-ser-una-prioridad-de-estado-agripino\/#primaryimage"},"thumbnailUrl":"https:\/\/kuali.com.mx\/web\/wp-content\/uploads\/2022\/08\/Dr.-Luis-Felipe-Guerrero-Agripino-Rector-General-UG.jpeg","articleSection":["Educaci\u00f3n","Pol\u00edtica","slider"],"inLanguage":"es","potentialAction":[{"@type":"CommentAction","name":"Comment","target":["https:\/\/kuali.com.mx\/web\/2022\/08\/17\/inseguridad-debe-ser-una-prioridad-de-estado-agripino\/#respond"]}]},{"@type":"WebPage","@id":"https:\/\/kuali.com.mx\/web\/2022\/08\/17\/inseguridad-debe-ser-una-prioridad-de-estado-agripino\/","url":"https:\/\/kuali.com.mx\/web\/2022\/08\/17\/inseguridad-debe-ser-una-prioridad-de-estado-agripino\/","name":"INSEGURIDAD DEBE SER UNA PRIORIDAD DE ESTADO: AGRIPINO - Kuali","isPartOf":{"@id":"https:\/\/kuali.com.mx\/web\/#website"},"primaryImageOfPage":{"@id":"https:\/\/kuali.com.mx\/web\/2022\/08\/17\/inseguridad-debe-ser-una-prioridad-de-estado-agripino\/#primaryimage"},"image":{"@id":"https:\/\/kuali.com.mx\/web\/2022\/08\/17\/inseguridad-debe-ser-una-prioridad-de-estado-agripino\/#primaryimage"},"thumbnailUrl":"https:\/\/kuali.com.mx\/web\/wp-content\/uploads\/2022\/08\/Dr.-Luis-Felipe-Guerrero-Agripino-Rector-General-UG.jpeg","datePublished":"2022-08-18T00:00:00+00:00","dateModified":"2022-08-18T00:24:44+00:00","author":{"@id":"https:\/\/kuali.com.mx\/web\/#\/schema\/person\/6f89ffa8ecba9dae50662357923c5289"},"breadcrumb":{"@id":"https:\/\/kuali.com.mx\/web\/2022\/08\/17\/inseguridad-debe-ser-una-prioridad-de-estado-agripino\/#breadcrumb"},"inLanguage":"es","potentialAction":[{"@type":"ReadAction","target":["https:\/\/kuali.com.mx\/web\/2022\/08\/17\/inseguridad-debe-ser-una-prioridad-de-estado-agripino\/"]}]},{"@type":"ImageObject","inLanguage":"es","@id":"https:\/\/kuali.com.mx\/web\/2022\/08\/17\/inseguridad-debe-ser-una-prioridad-de-estado-agripino\/#primaryimage","url":"https:\/\/kuali.com.mx\/web\/wp-content\/uploads\/2022\/08\/Dr.-Luis-Felipe-Guerrero-Agripino-Rector-General-UG.jpeg","contentUrl":"https:\/\/kuali.com.mx\/web\/wp-content\/uploads\/2022\/08\/Dr.-Luis-Felipe-Guerrero-Agripino-Rector-General-UG.jpeg","width":1911,"height":750},{"@type":"BreadcrumbList","@id":"https:\/\/kuali.com.mx\/web\/2022\/08\/17\/inseguridad-debe-ser-una-prioridad-de-estado-agripino\/#breadcrumb","itemListElement":[{"@type":"ListItem","position":1,"name":"Inicio","item":"https:\/\/kuali.com.mx\/web\/"},{"@type":"ListItem","position":2,"name":"INSEGURIDAD DEBE SER UNA PRIORIDAD DE ESTADO: AGRIPINO"}]},{"@type":"WebSite","@id":"https:\/\/kuali.com.mx\/web\/#website","url":"https:\/\/kuali.com.mx\/web\/","name":"Kuali","description":"","potentialAction":[{"@type":"SearchAction","target":{"@type":"EntryPoint","urlTemplate":"https:\/\/kuali.com.mx\/web\/?s={search_term_string}"},"query-input":{"@type":"PropertyValueSpecification","valueRequired":true,"valueName":"search_term_string"}}],"inLanguage":"es"},{"@type":"Person","@id":"https:\/\/kuali.com.mx\/web\/#\/schema\/person\/6f89ffa8ecba9dae50662357923c5289","name":"Kuali Staff","image":{"@type":"ImageObject","inLanguage":"es","@id":"https:\/\/secure.gravatar.com\/avatar\/f917ad82e5ab71227a733c78b6e60715476f69ee6be59feee4eb5d9920c89e0f?s=96&d=mm&r=g","url":"https:\/\/secure.gravatar.com\/avatar\/f917ad82e5ab71227a733c78b6e60715476f69ee6be59feee4eb5d9920c89e0f?s=96&d=mm&r=g","contentUrl":"https:\/\/secure.gravatar.com\/avatar\/f917ad82e5ab71227a733c78b6e60715476f69ee6be59feee4eb5d9920c89e0f?s=96&d=mm&r=g","caption":"Kuali Staff"},"url":"https:\/\/kuali.com.mx\/web\/author\/lagarto\/"}]}},"_links":{"self":[{"href":"https:\/\/kuali.com.mx\/web\/wp-json\/wp\/v2\/posts\/102299","targetHints":{"allow":["GET"]}}],"collection":[{"href":"https:\/\/kuali.com.mx\/web\/wp-json\/wp\/v2\/posts"}],"about":[{"href":"https:\/\/kuali.com.mx\/web\/wp-json\/wp\/v2\/types\/post"}],"author":[{"embeddable":true,"href":"https:\/\/kuali.com.mx\/web\/wp-json\/wp\/v2\/users\/2"}],"replies":[{"embeddable":true,"href":"https:\/\/kuali.com.mx\/web\/wp-json\/wp\/v2\/comments?post=102299"}],"version-history":[{"count":1,"href":"https:\/\/kuali.com.mx\/web\/wp-json\/wp\/v2\/posts\/102299\/revisions"}],"predecessor-version":[{"id":102302,"href":"https:\/\/kuali.com.mx\/web\/wp-json\/wp\/v2\/posts\/102299\/revisions\/102302"}],"wp:featuredmedia":[{"embeddable":true,"href":"https:\/\/kuali.com.mx\/web\/wp-json\/wp\/v2\/media\/102301"}],"wp:attachment":[{"href":"https:\/\/kuali.com.mx\/web\/wp-json\/wp\/v2\/media?parent=102299"}],"wp:term":[{"taxonomy":"category","embeddable":true,"href":"https:\/\/kuali.com.mx\/web\/wp-json\/wp\/v2\/categories?post=102299"},{"taxonomy":"post_tag","embeddable":true,"href":"https:\/\/kuali.com.mx\/web\/wp-json\/wp\/v2\/tags?post=102299"}],"curies":[{"name":"wp","href":"https:\/\/api.w.org\/{rel}","templated":true}]}}