{"id":102295,"date":"2022-08-17T18:07:21","date_gmt":"2022-08-18T00:07:21","guid":{"rendered":"https:\/\/kuali.com.mx\/web\/?p=102295"},"modified":"2022-08-18T07:37:06","modified_gmt":"2022-08-18T13:37:06","slug":"asesinan-a-un-hijo-del-alcalde-de-celaya-condena-diego-el-crimen","status":"publish","type":"post","link":"https:\/\/kuali.com.mx\/web\/2022\/08\/17\/asesinan-a-un-hijo-del-alcalde-de-celaya-condena-diego-el-crimen\/","title":{"rendered":"ASESINAN A UN HIJO DEL ALCALDE DE CELAYA; CONDENA DIEGO EL CRIMEN"},"content":{"rendered":"\n<p><strong><em>Carlos Garc\u00eda\/Celaya, Gto.-<\/em><\/strong> Un grupo de hombres armados asesin\u00f3 a uno de los hijos del alcalde panista de Celaya, Javier Mendoza M\u00e1rquez.<\/p>\n\n\n\n<p>La v\u00edctima fue identificada como Guillermo Mendoza Su\u00e1rez, hijo del presidente municipal y de Rosa Mar\u00eda Su\u00e1rez Gonz\u00e1lez.<\/p>\n\n\n\n<p>De acuerdo con los primeros reportes, el crimen se cometi\u00f3, despu\u00e9s de las 15 horas, a fuera de una Farmacia Guadalajara, ubicada en avenida 2 de Abril esquina con Francisco I. Madero, en la colonia Villa de los Reyes.<\/p>\n\n\n\n<p>El hijo de los pol\u00edticos panistas entr\u00f3 a la farmacia y fue asesinado cuando abord\u00f3 su camioneta Jepp con placas GLZ 696 D.<\/p>\n\n\n\n<p>En la zona se implemento un fuerte dispositivo de seguridad y al lugar arribaron funcionarios locales de alto nivel, como el secretario de Seguridad, Jes\u00fas Rivera Peralta; y el secretario del Ayuntamiento, Jorge G\u00e1mez Campos.<\/p>\n\n\n\n<p>\u201cEl gobierno municipal confirma y lamenta el fallecimiento de Guillermo Mendoza Su\u00e1rez, hijo del presidente municipal, Javier Mendoza M\u00e1rquez\u201d, confirm\u00f3 el secretario del Ayuntamiento en una rueda de prensa.<\/p>\n\n\n\n<p>A las 15:12 horas, el sistema de emergencias recibi\u00f3 el reporte del asesinato y polic\u00edas municipales acudieron como primeros respondientes y notificaron a la Fiscal\u00eda General del Estado (FGE), se\u00f1al\u00f3 Jorge G\u00e1mez.<\/p>\n\n\n\n<p>\u201cEsta cobarde agresi\u00f3n enluta al Ayuntamiento, a la administraci\u00f3n municipal y a los servidores p\u00fablicos que se unen a la pena del presidente municipal y su esposa\u201d, extern\u00f3.<\/p>\n\n\n\n<p>Pidi\u00f3 a los medios de comunicaci\u00f3n comprensi\u00f3n y respeto para la familia del alcalde.<\/p>\n\n\n\n<p>\u201cEl gobierno municipal mantiene su compromiso con la ciudadan\u00eda y refrenda el trabajo para alcanzar la paz y la tranquilidad\u201d, se\u00f1al\u00f3.<\/p>\n\n\n\n<p>El funcionario exhort\u00f3 a la poblaci\u00f3n a cerrar filas por Celaya, por la gente de bien, por las presentes y futuras generaciones.<\/p>\n\n\n\n<p>\u201cNo especulemos, la gente buena somos mayor\u00eda y debemos permanecer unidos para lograr y garantizar la paz\u201d, concluy\u00f3.<\/p>\n\n\n\n<p>El gobernador del estado, Diego Sinhue Rodr\u00edguez Vallejo, manifest\u00f3 su solidaridad y respaldo al alcalde de Celaya y a su familia.<\/p>\n\n\n\n<p>\u201cRepudio este cobarde y terrible acto criminal y requiero a la Fiscal\u00eda General del Estado una pronta investigaci\u00f3n para dar con los responsables del crimen\u201d, difundi\u00f3 en Twitter.<\/p>\n\n\n\n<p>El mandatario reiter\u00f3 su compromiso de seguir luchando por la paz de Celaya y de todo el estado, en coordinaci\u00f3n con las autoridades federales y municipales.<\/p>\n","protected":false},"excerpt":{"rendered":"Carlos Garc\u00eda\/Celaya, Gto.- Un grupo de hombres armados asesin\u00f3 a uno de los hijos del alcalde panista de Celaya, Javier Mendoza M\u00e1rquez. La v\u00edctima fue identificada como Guillermo Mendoza Su\u00e1rez, hijo del presidente municipal y de Rosa Mar\u00eda Su\u00e1rez Gonz\u00e1lez. De acuerdo con los primeros reportes, el crimen se cometi\u00f3, despu\u00e9s de las 15 horas, [&hellip;]","protected":false},"author":2,"featured_media":102230,"comment_status":"open","ping_status":"open","sticky":false,"template":"","format":"standard","meta":{"_seopress_robots_primary_cat":"none","_seopress_titles_title":"","_seopress_titles_desc":"","_seopress_robots_index":"","_monsterinsights_skip_tracking":false,"_monsterinsights_sitenote_active":false,"_monsterinsights_sitenote_note":"","_monsterinsights_sitenote_category":0,"footnotes":""},"categories":[3,69],"tags":[],"class_list":["post-102295","post","type-post","status-publish","format-standard","has-post-thumbnail","hentry","category-politica","category-slider"],"yoast_head":"<!-- This site is optimized with the Yoast SEO plugin v27.4 - https:\/\/yoast.com\/product\/yoast-seo-wordpress\/ -->\n<title>ASESINAN A UN HIJO DEL ALCALDE DE CELAYA; CONDENA DIEGO EL CRIMEN - Kuali<\/title>\n<meta name=\"robots\" content=\"index, follow, max-snippet:-1, max-image-preview:large, max-video-preview:-1\" \/>\n<link rel=\"canonical\" href=\"https:\/\/kuali.com.mx\/web\/2022\/08\/17\/asesinan-a-un-hijo-del-alcalde-de-celaya-condena-diego-el-crimen\/\" \/>\n<meta property=\"og:locale\" content=\"es_MX\" \/>\n<meta property=\"og:type\" content=\"article\" \/>\n<meta property=\"og:title\" content=\"ASESINAN A UN HIJO DEL ALCALDE DE CELAYA; CONDENA DIEGO EL CRIMEN - Kuali\" \/>\n<meta property=\"og:description\" content=\"Carlos Garc\u00eda\/Celaya, Gto.- Un grupo de hombres armados asesin\u00f3 a uno de los hijos del alcalde panista de Celaya, Javier Mendoza M\u00e1rquez. La v\u00edctima fue identificada como Guillermo Mendoza Su\u00e1rez, hijo del presidente municipal y de Rosa Mar\u00eda Su\u00e1rez Gonz\u00e1lez. De acuerdo con los primeros reportes, el crimen se cometi\u00f3, despu\u00e9s de las 15 horas, [&hellip;]\" \/>\n<meta property=\"og:url\" content=\"https:\/\/kuali.com.mx\/web\/2022\/08\/17\/asesinan-a-un-hijo-del-alcalde-de-celaya-condena-diego-el-crimen\/\" \/>\n<meta property=\"og:site_name\" content=\"Kuali\" \/>\n<meta property=\"article:publisher\" content=\"https:\/\/kuali.com.mx\/web\/wp-content\/uploads\/2018\/04\/cropped-kuali_logo-1-1.png\" \/>\n<meta property=\"article:published_time\" content=\"2022-08-18T00:07:21+00:00\" \/>\n<meta property=\"article:modified_time\" content=\"2022-08-18T13:37:06+00:00\" \/>\n<meta property=\"og:image\" content=\"https:\/\/kuali.com.mx\/web\/wp-content\/uploads\/2022\/08\/El-alcalde-de-Celaya-y-al-fondo-la-reportera-Avelina.jpeg\" \/>\n\t<meta property=\"og:image:width\" content=\"1757\" \/>\n\t<meta property=\"og:image:height\" content=\"750\" \/>\n\t<meta property=\"og:image:type\" content=\"image\/jpeg\" \/>\n<meta name=\"author\" content=\"Kuali Staff\" \/>\n<meta name=\"twitter:card\" content=\"summary_large_image\" \/>\n<meta name=\"twitter:creator\" content=\"@kuali_noticias\" \/>\n<meta name=\"twitter:site\" content=\"@kuali_noticias\" \/>\n<meta name=\"twitter:label1\" content=\"Escrito por\" \/>\n\t<meta name=\"twitter:data1\" content=\"Kuali Staff\" \/>\n\t<meta name=\"twitter:label2\" content=\"Tiempo de lectura\" \/>\n\t<meta name=\"twitter:data2\" content=\"2 minutos\" \/>\n<script type=\"application\/ld+json\" class=\"yoast-schema-graph\">{\"@context\":\"https:\\\/\\\/schema.org\",\"@graph\":[{\"@type\":\"Article\",\"@id\":\"https:\\\/\\\/kuali.com.mx\\\/web\\\/2022\\\/08\\\/17\\\/asesinan-a-un-hijo-del-alcalde-de-celaya-condena-diego-el-crimen\\\/#article\",\"isPartOf\":{\"@id\":\"https:\\\/\\\/kuali.com.mx\\\/web\\\/2022\\\/08\\\/17\\\/asesinan-a-un-hijo-del-alcalde-de-celaya-condena-diego-el-crimen\\\/\"},\"author\":{\"name\":\"Kuali Staff\",\"@id\":\"https:\\\/\\\/kuali.com.mx\\\/web\\\/#\\\/schema\\\/person\\\/6f89ffa8ecba9dae50662357923c5289\"},\"headline\":\"ASESINAN A UN HIJO DEL ALCALDE DE CELAYA; CONDENA DIEGO EL CRIMEN\",\"datePublished\":\"2022-08-18T00:07:21+00:00\",\"dateModified\":\"2022-08-18T13:37:06+00:00\",\"mainEntityOfPage\":{\"@id\":\"https:\\\/\\\/kuali.com.mx\\\/web\\\/2022\\\/08\\\/17\\\/asesinan-a-un-hijo-del-alcalde-de-celaya-condena-diego-el-crimen\\\/\"},\"wordCount\":416,\"commentCount\":0,\"image\":{\"@id\":\"https:\\\/\\\/kuali.com.mx\\\/web\\\/2022\\\/08\\\/17\\\/asesinan-a-un-hijo-del-alcalde-de-celaya-condena-diego-el-crimen\\\/#primaryimage\"},\"thumbnailUrl\":\"https:\\\/\\\/kuali.com.mx\\\/web\\\/wp-content\\\/uploads\\\/2022\\\/08\\\/El-alcalde-de-Celaya-y-al-fondo-la-reportera-Avelina.jpeg\",\"articleSection\":[\"Pol\u00edtica\",\"slider\"],\"inLanguage\":\"es\",\"potentialAction\":[{\"@type\":\"CommentAction\",\"name\":\"Comment\",\"target\":[\"https:\\\/\\\/kuali.com.mx\\\/web\\\/2022\\\/08\\\/17\\\/asesinan-a-un-hijo-del-alcalde-de-celaya-condena-diego-el-crimen\\\/#respond\"]}]},{\"@type\":\"WebPage\",\"@id\":\"https:\\\/\\\/kuali.com.mx\\\/web\\\/2022\\\/08\\\/17\\\/asesinan-a-un-hijo-del-alcalde-de-celaya-condena-diego-el-crimen\\\/\",\"url\":\"https:\\\/\\\/kuali.com.mx\\\/web\\\/2022\\\/08\\\/17\\\/asesinan-a-un-hijo-del-alcalde-de-celaya-condena-diego-el-crimen\\\/\",\"name\":\"ASESINAN A UN HIJO DEL ALCALDE DE CELAYA; CONDENA DIEGO EL CRIMEN - Kuali\",\"isPartOf\":{\"@id\":\"https:\\\/\\\/kuali.com.mx\\\/web\\\/#website\"},\"primaryImageOfPage\":{\"@id\":\"https:\\\/\\\/kuali.com.mx\\\/web\\\/2022\\\/08\\\/17\\\/asesinan-a-un-hijo-del-alcalde-de-celaya-condena-diego-el-crimen\\\/#primaryimage\"},\"image\":{\"@id\":\"https:\\\/\\\/kuali.com.mx\\\/web\\\/2022\\\/08\\\/17\\\/asesinan-a-un-hijo-del-alcalde-de-celaya-condena-diego-el-crimen\\\/#primaryimage\"},\"thumbnailUrl\":\"https:\\\/\\\/kuali.com.mx\\\/web\\\/wp-content\\\/uploads\\\/2022\\\/08\\\/El-alcalde-de-Celaya-y-al-fondo-la-reportera-Avelina.jpeg\",\"datePublished\":\"2022-08-18T00:07:21+00:00\",\"dateModified\":\"2022-08-18T13:37:06+00:00\",\"author\":{\"@id\":\"https:\\\/\\\/kuali.com.mx\\\/web\\\/#\\\/schema\\\/person\\\/6f89ffa8ecba9dae50662357923c5289\"},\"breadcrumb\":{\"@id\":\"https:\\\/\\\/kuali.com.mx\\\/web\\\/2022\\\/08\\\/17\\\/asesinan-a-un-hijo-del-alcalde-de-celaya-condena-diego-el-crimen\\\/#breadcrumb\"},\"inLanguage\":\"es\",\"potentialAction\":[{\"@type\":\"ReadAction\",\"target\":[\"https:\\\/\\\/kuali.com.mx\\\/web\\\/2022\\\/08\\\/17\\\/asesinan-a-un-hijo-del-alcalde-de-celaya-condena-diego-el-crimen\\\/\"]}]},{\"@type\":\"ImageObject\",\"inLanguage\":\"es\",\"@id\":\"https:\\\/\\\/kuali.com.mx\\\/web\\\/2022\\\/08\\\/17\\\/asesinan-a-un-hijo-del-alcalde-de-celaya-condena-diego-el-crimen\\\/#primaryimage\",\"url\":\"https:\\\/\\\/kuali.com.mx\\\/web\\\/wp-content\\\/uploads\\\/2022\\\/08\\\/El-alcalde-de-Celaya-y-al-fondo-la-reportera-Avelina.jpeg\",\"contentUrl\":\"https:\\\/\\\/kuali.com.mx\\\/web\\\/wp-content\\\/uploads\\\/2022\\\/08\\\/El-alcalde-de-Celaya-y-al-fondo-la-reportera-Avelina.jpeg\",\"width\":1757,\"height\":750},{\"@type\":\"BreadcrumbList\",\"@id\":\"https:\\\/\\\/kuali.com.mx\\\/web\\\/2022\\\/08\\\/17\\\/asesinan-a-un-hijo-del-alcalde-de-celaya-condena-diego-el-crimen\\\/#breadcrumb\",\"itemListElement\":[{\"@type\":\"ListItem\",\"position\":1,\"name\":\"Inicio\",\"item\":\"https:\\\/\\\/kuali.com.mx\\\/web\\\/\"},{\"@type\":\"ListItem\",\"position\":2,\"name\":\"ASESINAN A UN HIJO DEL ALCALDE DE CELAYA; CONDENA DIEGO EL CRIMEN\"}]},{\"@type\":\"WebSite\",\"@id\":\"https:\\\/\\\/kuali.com.mx\\\/web\\\/#website\",\"url\":\"https:\\\/\\\/kuali.com.mx\\\/web\\\/\",\"name\":\"Kuali\",\"description\":\"\",\"potentialAction\":[{\"@type\":\"SearchAction\",\"target\":{\"@type\":\"EntryPoint\",\"urlTemplate\":\"https:\\\/\\\/kuali.com.mx\\\/web\\\/?s={search_term_string}\"},\"query-input\":{\"@type\":\"PropertyValueSpecification\",\"valueRequired\":true,\"valueName\":\"search_term_string\"}}],\"inLanguage\":\"es\"},{\"@type\":\"Person\",\"@id\":\"https:\\\/\\\/kuali.com.mx\\\/web\\\/#\\\/schema\\\/person\\\/6f89ffa8ecba9dae50662357923c5289\",\"name\":\"Kuali Staff\",\"image\":{\"@type\":\"ImageObject\",\"inLanguage\":\"es\",\"@id\":\"https:\\\/\\\/secure.gravatar.com\\\/avatar\\\/f917ad82e5ab71227a733c78b6e60715476f69ee6be59feee4eb5d9920c89e0f?s=96&d=mm&r=g\",\"url\":\"https:\\\/\\\/secure.gravatar.com\\\/avatar\\\/f917ad82e5ab71227a733c78b6e60715476f69ee6be59feee4eb5d9920c89e0f?s=96&d=mm&r=g\",\"contentUrl\":\"https:\\\/\\\/secure.gravatar.com\\\/avatar\\\/f917ad82e5ab71227a733c78b6e60715476f69ee6be59feee4eb5d9920c89e0f?s=96&d=mm&r=g\",\"caption\":\"Kuali Staff\"},\"url\":\"https:\\\/\\\/kuali.com.mx\\\/web\\\/author\\\/lagarto\\\/\"}]}<\/script>\n<!-- \/ Yoast SEO plugin. -->","yoast_head_json":{"title":"ASESINAN A UN HIJO DEL ALCALDE DE CELAYA; CONDENA DIEGO EL CRIMEN - Kuali","robots":{"index":"index","follow":"follow","max-snippet":"max-snippet:-1","max-image-preview":"max-image-preview:large","max-video-preview":"max-video-preview:-1"},"canonical":"https:\/\/kuali.com.mx\/web\/2022\/08\/17\/asesinan-a-un-hijo-del-alcalde-de-celaya-condena-diego-el-crimen\/","og_locale":"es_MX","og_type":"article","og_title":"ASESINAN A UN HIJO DEL ALCALDE DE CELAYA; CONDENA DIEGO EL CRIMEN - Kuali","og_description":"Carlos Garc\u00eda\/Celaya, Gto.- Un grupo de hombres armados asesin\u00f3 a uno de los hijos del alcalde panista de Celaya, Javier Mendoza M\u00e1rquez. La v\u00edctima fue identificada como Guillermo Mendoza Su\u00e1rez, hijo del presidente municipal y de Rosa Mar\u00eda Su\u00e1rez Gonz\u00e1lez. De acuerdo con los primeros reportes, el crimen se cometi\u00f3, despu\u00e9s de las 15 horas, [&hellip;]","og_url":"https:\/\/kuali.com.mx\/web\/2022\/08\/17\/asesinan-a-un-hijo-del-alcalde-de-celaya-condena-diego-el-crimen\/","og_site_name":"Kuali","article_publisher":"https:\/\/kuali.com.mx\/web\/wp-content\/uploads\/2018\/04\/cropped-kuali_logo-1-1.png","article_published_time":"2022-08-18T00:07:21+00:00","article_modified_time":"2022-08-18T13:37:06+00:00","og_image":[{"width":1757,"height":750,"url":"https:\/\/kuali.com.mx\/web\/wp-content\/uploads\/2022\/08\/El-alcalde-de-Celaya-y-al-fondo-la-reportera-Avelina.jpeg","type":"image\/jpeg"}],"author":"Kuali Staff","twitter_card":"summary_large_image","twitter_creator":"@kuali_noticias","twitter_site":"@kuali_noticias","twitter_misc":{"Escrito por":"Kuali Staff","Tiempo de lectura":"2 minutos"},"schema":{"@context":"https:\/\/schema.org","@graph":[{"@type":"Article","@id":"https:\/\/kuali.com.mx\/web\/2022\/08\/17\/asesinan-a-un-hijo-del-alcalde-de-celaya-condena-diego-el-crimen\/#article","isPartOf":{"@id":"https:\/\/kuali.com.mx\/web\/2022\/08\/17\/asesinan-a-un-hijo-del-alcalde-de-celaya-condena-diego-el-crimen\/"},"author":{"name":"Kuali Staff","@id":"https:\/\/kuali.com.mx\/web\/#\/schema\/person\/6f89ffa8ecba9dae50662357923c5289"},"headline":"ASESINAN A UN HIJO DEL ALCALDE DE CELAYA; CONDENA DIEGO EL CRIMEN","datePublished":"2022-08-18T00:07:21+00:00","dateModified":"2022-08-18T13:37:06+00:00","mainEntityOfPage":{"@id":"https:\/\/kuali.com.mx\/web\/2022\/08\/17\/asesinan-a-un-hijo-del-alcalde-de-celaya-condena-diego-el-crimen\/"},"wordCount":416,"commentCount":0,"image":{"@id":"https:\/\/kuali.com.mx\/web\/2022\/08\/17\/asesinan-a-un-hijo-del-alcalde-de-celaya-condena-diego-el-crimen\/#primaryimage"},"thumbnailUrl":"https:\/\/kuali.com.mx\/web\/wp-content\/uploads\/2022\/08\/El-alcalde-de-Celaya-y-al-fondo-la-reportera-Avelina.jpeg","articleSection":["Pol\u00edtica","slider"],"inLanguage":"es","potentialAction":[{"@type":"CommentAction","name":"Comment","target":["https:\/\/kuali.com.mx\/web\/2022\/08\/17\/asesinan-a-un-hijo-del-alcalde-de-celaya-condena-diego-el-crimen\/#respond"]}]},{"@type":"WebPage","@id":"https:\/\/kuali.com.mx\/web\/2022\/08\/17\/asesinan-a-un-hijo-del-alcalde-de-celaya-condena-diego-el-crimen\/","url":"https:\/\/kuali.com.mx\/web\/2022\/08\/17\/asesinan-a-un-hijo-del-alcalde-de-celaya-condena-diego-el-crimen\/","name":"ASESINAN A UN HIJO DEL ALCALDE DE CELAYA; CONDENA DIEGO EL CRIMEN - Kuali","isPartOf":{"@id":"https:\/\/kuali.com.mx\/web\/#website"},"primaryImageOfPage":{"@id":"https:\/\/kuali.com.mx\/web\/2022\/08\/17\/asesinan-a-un-hijo-del-alcalde-de-celaya-condena-diego-el-crimen\/#primaryimage"},"image":{"@id":"https:\/\/kuali.com.mx\/web\/2022\/08\/17\/asesinan-a-un-hijo-del-alcalde-de-celaya-condena-diego-el-crimen\/#primaryimage"},"thumbnailUrl":"https:\/\/kuali.com.mx\/web\/wp-content\/uploads\/2022\/08\/El-alcalde-de-Celaya-y-al-fondo-la-reportera-Avelina.jpeg","datePublished":"2022-08-18T00:07:21+00:00","dateModified":"2022-08-18T13:37:06+00:00","author":{"@id":"https:\/\/kuali.com.mx\/web\/#\/schema\/person\/6f89ffa8ecba9dae50662357923c5289"},"breadcrumb":{"@id":"https:\/\/kuali.com.mx\/web\/2022\/08\/17\/asesinan-a-un-hijo-del-alcalde-de-celaya-condena-diego-el-crimen\/#breadcrumb"},"inLanguage":"es","potentialAction":[{"@type":"ReadAction","target":["https:\/\/kuali.com.mx\/web\/2022\/08\/17\/asesinan-a-un-hijo-del-alcalde-de-celaya-condena-diego-el-crimen\/"]}]},{"@type":"ImageObject","inLanguage":"es","@id":"https:\/\/kuali.com.mx\/web\/2022\/08\/17\/asesinan-a-un-hijo-del-alcalde-de-celaya-condena-diego-el-crimen\/#primaryimage","url":"https:\/\/kuali.com.mx\/web\/wp-content\/uploads\/2022\/08\/El-alcalde-de-Celaya-y-al-fondo-la-reportera-Avelina.jpeg","contentUrl":"https:\/\/kuali.com.mx\/web\/wp-content\/uploads\/2022\/08\/El-alcalde-de-Celaya-y-al-fondo-la-reportera-Avelina.jpeg","width":1757,"height":750},{"@type":"BreadcrumbList","@id":"https:\/\/kuali.com.mx\/web\/2022\/08\/17\/asesinan-a-un-hijo-del-alcalde-de-celaya-condena-diego-el-crimen\/#breadcrumb","itemListElement":[{"@type":"ListItem","position":1,"name":"Inicio","item":"https:\/\/kuali.com.mx\/web\/"},{"@type":"ListItem","position":2,"name":"ASESINAN A UN HIJO DEL ALCALDE DE CELAYA; CONDENA DIEGO EL CRIMEN"}]},{"@type":"WebSite","@id":"https:\/\/kuali.com.mx\/web\/#website","url":"https:\/\/kuali.com.mx\/web\/","name":"Kuali","description":"","potentialAction":[{"@type":"SearchAction","target":{"@type":"EntryPoint","urlTemplate":"https:\/\/kuali.com.mx\/web\/?s={search_term_string}"},"query-input":{"@type":"PropertyValueSpecification","valueRequired":true,"valueName":"search_term_string"}}],"inLanguage":"es"},{"@type":"Person","@id":"https:\/\/kuali.com.mx\/web\/#\/schema\/person\/6f89ffa8ecba9dae50662357923c5289","name":"Kuali Staff","image":{"@type":"ImageObject","inLanguage":"es","@id":"https:\/\/secure.gravatar.com\/avatar\/f917ad82e5ab71227a733c78b6e60715476f69ee6be59feee4eb5d9920c89e0f?s=96&d=mm&r=g","url":"https:\/\/secure.gravatar.com\/avatar\/f917ad82e5ab71227a733c78b6e60715476f69ee6be59feee4eb5d9920c89e0f?s=96&d=mm&r=g","contentUrl":"https:\/\/secure.gravatar.com\/avatar\/f917ad82e5ab71227a733c78b6e60715476f69ee6be59feee4eb5d9920c89e0f?s=96&d=mm&r=g","caption":"Kuali Staff"},"url":"https:\/\/kuali.com.mx\/web\/author\/lagarto\/"}]}},"_links":{"self":[{"href":"https:\/\/kuali.com.mx\/web\/wp-json\/wp\/v2\/posts\/102295","targetHints":{"allow":["GET"]}}],"collection":[{"href":"https:\/\/kuali.com.mx\/web\/wp-json\/wp\/v2\/posts"}],"about":[{"href":"https:\/\/kuali.com.mx\/web\/wp-json\/wp\/v2\/types\/post"}],"author":[{"embeddable":true,"href":"https:\/\/kuali.com.mx\/web\/wp-json\/wp\/v2\/users\/2"}],"replies":[{"embeddable":true,"href":"https:\/\/kuali.com.mx\/web\/wp-json\/wp\/v2\/comments?post=102295"}],"version-history":[{"count":5,"href":"https:\/\/kuali.com.mx\/web\/wp-json\/wp\/v2\/posts\/102295\/revisions"}],"predecessor-version":[{"id":102340,"href":"https:\/\/kuali.com.mx\/web\/wp-json\/wp\/v2\/posts\/102295\/revisions\/102340"}],"wp:featuredmedia":[{"embeddable":true,"href":"https:\/\/kuali.com.mx\/web\/wp-json\/wp\/v2\/media\/102230"}],"wp:attachment":[{"href":"https:\/\/kuali.com.mx\/web\/wp-json\/wp\/v2\/media?parent=102295"}],"wp:term":[{"taxonomy":"category","embeddable":true,"href":"https:\/\/kuali.com.mx\/web\/wp-json\/wp\/v2\/categories?post=102295"},{"taxonomy":"post_tag","embeddable":true,"href":"https:\/\/kuali.com.mx\/web\/wp-json\/wp\/v2\/tags?post=102295"}],"curies":[{"name":"wp","href":"https:\/\/api.w.org\/{rel}","templated":true}]}}