{"id":102285,"date":"2022-08-17T15:50:30","date_gmt":"2022-08-17T21:50:30","guid":{"rendered":"https:\/\/kuali.com.mx\/web\/?p=102285"},"modified":"2022-08-17T18:25:30","modified_gmt":"2022-08-18T00:25:30","slug":"continua-escasez-y-aumento-de-precios-en-materias-primas","status":"publish","type":"post","link":"https:\/\/kuali.com.mx\/web\/2022\/08\/17\/continua-escasez-y-aumento-de-precios-en-materias-primas\/","title":{"rendered":"CONTIN\u00daA ESCASEZ Y AUMENTO DE PRECIOS EN MATERIAS PRIMAS \u00a0"},"content":{"rendered":"\n<p><\/p>\n\n\n\n<p><strong>Alicia Arias\/Le\u00f3n, Gto.- <\/strong>La escasez y el incremento en el costo de las materia primas no ha cesado. El aumento en materiales, como el acero y el cart\u00f3n y en productos qu\u00edmicos, es de m\u00e1s del 100 por ciento y se ha quintuplicado el costo en los servicios de log\u00edstica.<\/p>\n\n\n\n<p>El sector proveedur\u00eda sigue enfrentando esta problem\u00e1tica que surgi\u00f3 con la crisis econ\u00f3mica derivada de la pandemia por el COVID-19, lo que ha generado que suban los precios de los productos finales; sin embargo, el sector no se ha detenido y en estos momentos vive un crecimiento ante la demanda de diversos sectores productivos.<\/p>\n\n\n\n<p>Con este panorama, Fernando Padilla Padilla, asume la presidencia general de la Asociaci\u00f3n de Empresas Proveedoras Industriales de M\u00e9xico (Apimex), cargo para el que fue electo por mayor\u00eda el pasado jueves para el periodo de un a\u00f1o.<\/p>\n\n\n\n<figure class=\"wp-block-image size-large\"><img loading=\"lazy\" decoding=\"async\" width=\"1024\" height=\"576\" src=\"https:\/\/kuali.com.mx\/web\/wp-content\/uploads\/2022\/08\/David-Novoa-y-Fernando-Padilla-1024x576.jpg\" alt=\"\" class=\"wp-image-102288\" srcset=\"https:\/\/kuali.com.mx\/web\/wp-content\/uploads\/2022\/08\/David-Novoa-y-Fernando-Padilla-1024x576.jpg 1024w, https:\/\/kuali.com.mx\/web\/wp-content\/uploads\/2022\/08\/David-Novoa-y-Fernando-Padilla-300x169.jpg 300w, https:\/\/kuali.com.mx\/web\/wp-content\/uploads\/2022\/08\/David-Novoa-y-Fernando-Padilla-768x432.jpg 768w, https:\/\/kuali.com.mx\/web\/wp-content\/uploads\/2022\/08\/David-Novoa-y-Fernando-Padilla-1536x864.jpg 1536w, https:\/\/kuali.com.mx\/web\/wp-content\/uploads\/2022\/08\/David-Novoa-y-Fernando-Padilla-730x410.jpg 730w, https:\/\/kuali.com.mx\/web\/wp-content\/uploads\/2022\/08\/David-Novoa-y-Fernando-Padilla-206x116.jpg 206w, https:\/\/kuali.com.mx\/web\/wp-content\/uploads\/2022\/08\/David-Novoa-y-Fernando-Padilla.jpg 1734w\" sizes=\"auto, (max-width: 1024px) 100vw, 1024px\" \/><figcaption>David Novoa Toscano y Fernando Padilla Padilla. FOTO: ALICIA ARIAS<\/figcaption><\/figure>\n\n\n\n<p>\u201cAhorita hay, Todav\u00eda, mucha escasez de acero, papel, algunos productos qu\u00edmicos y de algunos hules\u201d, dijo Padilla Padilla al explicar que para contrarrestar la falta de los materiales trabajan en la inteligencia comercial para generar sustitutos.<\/p>\n\n\n\n<p>\u201cEs usar la creatividad para salir adelante\u201d y no afectar la producci\u00f3n, la cual, en estos momentos, es estable; pero s\u00ed enfrentan complicaciones para poder cumplir con los tiempos de entrega, derivado de la escasez, explic\u00f3 el presidente de los proveedores organizados de Le\u00f3n.<\/p>\n\n\n\n<p>Dio a conocer que en el sector qu\u00edmico los incrementos son muy significativos, ya que han sido superiores al 100 por ciento, y lo mismo ocurre con el acero; mientras que el costo de la log\u00edstica (traslado) ha subido hasta cinco veces m\u00e1s.<\/p>\n\n\n\n<p>Los principales incrementos se est\u00e1n dando en materiales como el papel y cart\u00f3n y todos los empaques y, como todos los productos llevan empaque, el resultado es un incremento en el producto final. \u201cDefinitivamente impactan en el consumidor\u201d, reconoci\u00f3 el presidente de Apimex.<\/p>\n\n\n\n<p><strong>ASUME EL CARGO CON EL RETO DE LA RECONFIGURACI\u00d3N<\/strong><\/p>\n\n\n\n<p>Fernando Padilla, sustituye en el cargo a David Novoa Toscano, y lo hace con el reto de sacar adelante a un sector que en los \u00faltimos a\u00f1os ha sido \u201cmuy golpeado\u201d, pero que tambi\u00e9n enfrenta retos y oportunidades de crecimiento porque \u201cla proveedur\u00eda es muy demandada por la reconfiguraci\u00f3n que ha existido dentro de los mercados globales al tratar de relocalizarse cercano a donde est\u00e1 el mercado\u201d, manifest\u00f3 en entrevista con los medios de comunicaci\u00f3n.<\/p>\n\n\n\n<p>Se\u00f1al\u00f3 que durante muchos a\u00f1os se vivi\u00f3 bajo el concepto de globalizaci\u00f3n, en el que se buscaba lo m\u00e1s barato en la parte del mundo que fuera posible, y Asia era el destino m\u00e1s adecuado para las comercializadoras y fabricantes, debido a los precios tan atractivos que ofrec\u00eda por su econom\u00eda de gran escala; pero, hoy en d\u00eda, \u201clo que se est\u00e1 reconfigurando a nivel mundial es estar cerca de los clientes, tener una atenci\u00f3n m\u00e1s directa, que la respuesta sea m\u00e1s r\u00e1pida, que las propuestas sean m\u00e1s \u00e1giles y m\u00e1s certeras para poder tener una comunicaci\u00f3n fluida\u201d, dijo el representante del sector proveedur\u00eda.<\/p>\n\n\n\n<p>Y esa es la oportunidad actual y Apimex, asociaci\u00f3n que cuenta con una muy buena base de proveedores y empresas para enfrentar el reto que representa el crecimiento de los sectores productivos en el estado y la regi\u00f3n.<\/p>\n\n\n\n<p>Asegur\u00f3 que \u201ctodos los sectores est\u00e1n en apogeo en este momento\u201d, tanto el calzado, el automotriz, el aeroespacial, el de empaque, log\u00edstica, electr\u00f3nica, metalmec\u00e1nica, maquinados, inyecci\u00f3n de pl\u00e1sticos y agroindustrial.<\/p>\n\n\n\n<p>Actualmente, Apimex cuenta con una membres\u00eda de 200 asociados y la meta de Fernando Padilla es incrementarla en un 15 por ciento en un a\u00f1o, as\u00ed como aumentar en un 30 por ciento las exportaciones de sus agremiados.<\/p>\n\n\n\n<p>Debido a diversas actividades que le impiden seguir en el cargo, Novoa Toscano tom\u00f3 la decisi\u00f3n de retirarse antes de culminar su periodo previsto para el 2023, por lo que ahora solo continuar\u00e1 al frente del Patronato de la Feria de Le\u00f3n y Parque Ecol\u00f3gico, cargo que asumi\u00f3 en mayo pasado.<\/p>\n","protected":false},"excerpt":{"rendered":"Alicia Arias\/Le\u00f3n, Gto.- La escasez y el incremento en el costo de las materia primas no ha cesado. El aumento en materiales, como el acero y el cart\u00f3n y en productos qu\u00edmicos, es de m\u00e1s del 100 por ciento y se ha quintuplicado el costo en los servicios de log\u00edstica. El sector proveedur\u00eda sigue enfrentando [&hellip;]","protected":false},"author":2,"featured_media":102288,"comment_status":"open","ping_status":"open","sticky":false,"template":"","format":"standard","meta":{"_seopress_robots_primary_cat":"none","_seopress_titles_title":"","_seopress_titles_desc":"","_seopress_robots_index":"","_monsterinsights_skip_tracking":false,"_monsterinsights_sitenote_active":false,"_monsterinsights_sitenote_note":"","_monsterinsights_sitenote_category":0,"footnotes":""},"categories":[701,3,69],"tags":[168,207,166],"class_list":["post-102285","post","type-post","status-publish","format-standard","has-post-thumbnail","hentry","category-economia","category-politica","category-slider","tag-apimex","tag-economia","tag-proveeduria"],"yoast_head":"<!-- This site is optimized with the Yoast SEO plugin v27.4 - https:\/\/yoast.com\/product\/yoast-seo-wordpress\/ -->\n<title>CONTIN\u00daA ESCASEZ Y AUMENTO DE PRECIOS EN MATERIAS PRIMAS \u00a0 - Kuali<\/title>\n<meta name=\"robots\" content=\"index, follow, max-snippet:-1, max-image-preview:large, max-video-preview:-1\" \/>\n<link rel=\"canonical\" href=\"https:\/\/kuali.com.mx\/web\/2022\/08\/17\/continua-escasez-y-aumento-de-precios-en-materias-primas\/\" \/>\n<meta property=\"og:locale\" content=\"es_MX\" \/>\n<meta property=\"og:type\" content=\"article\" \/>\n<meta property=\"og:title\" content=\"CONTIN\u00daA ESCASEZ Y AUMENTO DE PRECIOS EN MATERIAS PRIMAS \u00a0 - Kuali\" \/>\n<meta property=\"og:description\" content=\"Alicia Arias\/Le\u00f3n, Gto.- La escasez y el incremento en el costo de las materia primas no ha cesado. El aumento en materiales, como el acero y el cart\u00f3n y en productos qu\u00edmicos, es de m\u00e1s del 100 por ciento y se ha quintuplicado el costo en los servicios de log\u00edstica. El sector proveedur\u00eda sigue enfrentando [&hellip;]\" \/>\n<meta property=\"og:url\" content=\"https:\/\/kuali.com.mx\/web\/2022\/08\/17\/continua-escasez-y-aumento-de-precios-en-materias-primas\/\" \/>\n<meta property=\"og:site_name\" content=\"Kuali\" \/>\n<meta property=\"article:publisher\" content=\"https:\/\/kuali.com.mx\/web\/wp-content\/uploads\/2018\/04\/cropped-kuali_logo-1-1.png\" \/>\n<meta property=\"article:published_time\" content=\"2022-08-17T21:50:30+00:00\" \/>\n<meta property=\"article:modified_time\" content=\"2022-08-18T00:25:30+00:00\" \/>\n<meta property=\"og:image\" content=\"https:\/\/kuali.com.mx\/web\/wp-content\/uploads\/2022\/08\/David-Novoa-y-Fernando-Padilla.jpg\" \/>\n\t<meta property=\"og:image:width\" content=\"1734\" \/>\n\t<meta property=\"og:image:height\" content=\"975\" \/>\n\t<meta property=\"og:image:type\" content=\"image\/jpeg\" \/>\n<meta name=\"author\" content=\"Kuali Staff\" \/>\n<meta name=\"twitter:card\" content=\"summary_large_image\" \/>\n<meta name=\"twitter:creator\" content=\"@kuali_noticias\" \/>\n<meta name=\"twitter:site\" content=\"@kuali_noticias\" \/>\n<meta name=\"twitter:label1\" content=\"Escrito por\" \/>\n\t<meta name=\"twitter:data1\" content=\"Kuali Staff\" \/>\n\t<meta name=\"twitter:label2\" content=\"Tiempo de lectura\" \/>\n\t<meta name=\"twitter:data2\" content=\"4 minutos\" \/>\n<script type=\"application\/ld+json\" class=\"yoast-schema-graph\">{\"@context\":\"https:\\\/\\\/schema.org\",\"@graph\":[{\"@type\":\"Article\",\"@id\":\"https:\\\/\\\/kuali.com.mx\\\/web\\\/2022\\\/08\\\/17\\\/continua-escasez-y-aumento-de-precios-en-materias-primas\\\/#article\",\"isPartOf\":{\"@id\":\"https:\\\/\\\/kuali.com.mx\\\/web\\\/2022\\\/08\\\/17\\\/continua-escasez-y-aumento-de-precios-en-materias-primas\\\/\"},\"author\":{\"name\":\"Kuali Staff\",\"@id\":\"https:\\\/\\\/kuali.com.mx\\\/web\\\/#\\\/schema\\\/person\\\/6f89ffa8ecba9dae50662357923c5289\"},\"headline\":\"CONTIN\u00daA ESCASEZ Y AUMENTO DE PRECIOS EN MATERIAS PRIMAS \u00a0\",\"datePublished\":\"2022-08-17T21:50:30+00:00\",\"dateModified\":\"2022-08-18T00:25:30+00:00\",\"mainEntityOfPage\":{\"@id\":\"https:\\\/\\\/kuali.com.mx\\\/web\\\/2022\\\/08\\\/17\\\/continua-escasez-y-aumento-de-precios-en-materias-primas\\\/\"},\"wordCount\":724,\"commentCount\":0,\"image\":{\"@id\":\"https:\\\/\\\/kuali.com.mx\\\/web\\\/2022\\\/08\\\/17\\\/continua-escasez-y-aumento-de-precios-en-materias-primas\\\/#primaryimage\"},\"thumbnailUrl\":\"https:\\\/\\\/kuali.com.mx\\\/web\\\/wp-content\\\/uploads\\\/2022\\\/08\\\/David-Novoa-y-Fernando-Padilla.jpg\",\"keywords\":[\"Apimex\",\"Econom\u00eda\",\"Proveedur\u00eda\"],\"articleSection\":[\"Econom\u00eda\",\"Pol\u00edtica\",\"slider\"],\"inLanguage\":\"es\",\"potentialAction\":[{\"@type\":\"CommentAction\",\"name\":\"Comment\",\"target\":[\"https:\\\/\\\/kuali.com.mx\\\/web\\\/2022\\\/08\\\/17\\\/continua-escasez-y-aumento-de-precios-en-materias-primas\\\/#respond\"]}]},{\"@type\":\"WebPage\",\"@id\":\"https:\\\/\\\/kuali.com.mx\\\/web\\\/2022\\\/08\\\/17\\\/continua-escasez-y-aumento-de-precios-en-materias-primas\\\/\",\"url\":\"https:\\\/\\\/kuali.com.mx\\\/web\\\/2022\\\/08\\\/17\\\/continua-escasez-y-aumento-de-precios-en-materias-primas\\\/\",\"name\":\"CONTIN\u00daA ESCASEZ Y AUMENTO DE PRECIOS EN MATERIAS PRIMAS \u00a0 - Kuali\",\"isPartOf\":{\"@id\":\"https:\\\/\\\/kuali.com.mx\\\/web\\\/#website\"},\"primaryImageOfPage\":{\"@id\":\"https:\\\/\\\/kuali.com.mx\\\/web\\\/2022\\\/08\\\/17\\\/continua-escasez-y-aumento-de-precios-en-materias-primas\\\/#primaryimage\"},\"image\":{\"@id\":\"https:\\\/\\\/kuali.com.mx\\\/web\\\/2022\\\/08\\\/17\\\/continua-escasez-y-aumento-de-precios-en-materias-primas\\\/#primaryimage\"},\"thumbnailUrl\":\"https:\\\/\\\/kuali.com.mx\\\/web\\\/wp-content\\\/uploads\\\/2022\\\/08\\\/David-Novoa-y-Fernando-Padilla.jpg\",\"datePublished\":\"2022-08-17T21:50:30+00:00\",\"dateModified\":\"2022-08-18T00:25:30+00:00\",\"author\":{\"@id\":\"https:\\\/\\\/kuali.com.mx\\\/web\\\/#\\\/schema\\\/person\\\/6f89ffa8ecba9dae50662357923c5289\"},\"breadcrumb\":{\"@id\":\"https:\\\/\\\/kuali.com.mx\\\/web\\\/2022\\\/08\\\/17\\\/continua-escasez-y-aumento-de-precios-en-materias-primas\\\/#breadcrumb\"},\"inLanguage\":\"es\",\"potentialAction\":[{\"@type\":\"ReadAction\",\"target\":[\"https:\\\/\\\/kuali.com.mx\\\/web\\\/2022\\\/08\\\/17\\\/continua-escasez-y-aumento-de-precios-en-materias-primas\\\/\"]}]},{\"@type\":\"ImageObject\",\"inLanguage\":\"es\",\"@id\":\"https:\\\/\\\/kuali.com.mx\\\/web\\\/2022\\\/08\\\/17\\\/continua-escasez-y-aumento-de-precios-en-materias-primas\\\/#primaryimage\",\"url\":\"https:\\\/\\\/kuali.com.mx\\\/web\\\/wp-content\\\/uploads\\\/2022\\\/08\\\/David-Novoa-y-Fernando-Padilla.jpg\",\"contentUrl\":\"https:\\\/\\\/kuali.com.mx\\\/web\\\/wp-content\\\/uploads\\\/2022\\\/08\\\/David-Novoa-y-Fernando-Padilla.jpg\",\"width\":1734,\"height\":975},{\"@type\":\"BreadcrumbList\",\"@id\":\"https:\\\/\\\/kuali.com.mx\\\/web\\\/2022\\\/08\\\/17\\\/continua-escasez-y-aumento-de-precios-en-materias-primas\\\/#breadcrumb\",\"itemListElement\":[{\"@type\":\"ListItem\",\"position\":1,\"name\":\"Inicio\",\"item\":\"https:\\\/\\\/kuali.com.mx\\\/web\\\/\"},{\"@type\":\"ListItem\",\"position\":2,\"name\":\"CONTIN\u00daA ESCASEZ Y AUMENTO DE PRECIOS EN MATERIAS PRIMAS \u00a0\"}]},{\"@type\":\"WebSite\",\"@id\":\"https:\\\/\\\/kuali.com.mx\\\/web\\\/#website\",\"url\":\"https:\\\/\\\/kuali.com.mx\\\/web\\\/\",\"name\":\"Kuali\",\"description\":\"\",\"potentialAction\":[{\"@type\":\"SearchAction\",\"target\":{\"@type\":\"EntryPoint\",\"urlTemplate\":\"https:\\\/\\\/kuali.com.mx\\\/web\\\/?s={search_term_string}\"},\"query-input\":{\"@type\":\"PropertyValueSpecification\",\"valueRequired\":true,\"valueName\":\"search_term_string\"}}],\"inLanguage\":\"es\"},{\"@type\":\"Person\",\"@id\":\"https:\\\/\\\/kuali.com.mx\\\/web\\\/#\\\/schema\\\/person\\\/6f89ffa8ecba9dae50662357923c5289\",\"name\":\"Kuali Staff\",\"image\":{\"@type\":\"ImageObject\",\"inLanguage\":\"es\",\"@id\":\"https:\\\/\\\/secure.gravatar.com\\\/avatar\\\/f917ad82e5ab71227a733c78b6e60715476f69ee6be59feee4eb5d9920c89e0f?s=96&d=mm&r=g\",\"url\":\"https:\\\/\\\/secure.gravatar.com\\\/avatar\\\/f917ad82e5ab71227a733c78b6e60715476f69ee6be59feee4eb5d9920c89e0f?s=96&d=mm&r=g\",\"contentUrl\":\"https:\\\/\\\/secure.gravatar.com\\\/avatar\\\/f917ad82e5ab71227a733c78b6e60715476f69ee6be59feee4eb5d9920c89e0f?s=96&d=mm&r=g\",\"caption\":\"Kuali Staff\"},\"url\":\"https:\\\/\\\/kuali.com.mx\\\/web\\\/author\\\/lagarto\\\/\"}]}<\/script>\n<!-- \/ Yoast SEO plugin. -->","yoast_head_json":{"title":"CONTIN\u00daA ESCASEZ Y AUMENTO DE PRECIOS EN MATERIAS PRIMAS \u00a0 - Kuali","robots":{"index":"index","follow":"follow","max-snippet":"max-snippet:-1","max-image-preview":"max-image-preview:large","max-video-preview":"max-video-preview:-1"},"canonical":"https:\/\/kuali.com.mx\/web\/2022\/08\/17\/continua-escasez-y-aumento-de-precios-en-materias-primas\/","og_locale":"es_MX","og_type":"article","og_title":"CONTIN\u00daA ESCASEZ Y AUMENTO DE PRECIOS EN MATERIAS PRIMAS \u00a0 - Kuali","og_description":"Alicia Arias\/Le\u00f3n, Gto.- La escasez y el incremento en el costo de las materia primas no ha cesado. El aumento en materiales, como el acero y el cart\u00f3n y en productos qu\u00edmicos, es de m\u00e1s del 100 por ciento y se ha quintuplicado el costo en los servicios de log\u00edstica. El sector proveedur\u00eda sigue enfrentando [&hellip;]","og_url":"https:\/\/kuali.com.mx\/web\/2022\/08\/17\/continua-escasez-y-aumento-de-precios-en-materias-primas\/","og_site_name":"Kuali","article_publisher":"https:\/\/kuali.com.mx\/web\/wp-content\/uploads\/2018\/04\/cropped-kuali_logo-1-1.png","article_published_time":"2022-08-17T21:50:30+00:00","article_modified_time":"2022-08-18T00:25:30+00:00","og_image":[{"width":1734,"height":975,"url":"https:\/\/kuali.com.mx\/web\/wp-content\/uploads\/2022\/08\/David-Novoa-y-Fernando-Padilla.jpg","type":"image\/jpeg"}],"author":"Kuali Staff","twitter_card":"summary_large_image","twitter_creator":"@kuali_noticias","twitter_site":"@kuali_noticias","twitter_misc":{"Escrito por":"Kuali Staff","Tiempo de lectura":"4 minutos"},"schema":{"@context":"https:\/\/schema.org","@graph":[{"@type":"Article","@id":"https:\/\/kuali.com.mx\/web\/2022\/08\/17\/continua-escasez-y-aumento-de-precios-en-materias-primas\/#article","isPartOf":{"@id":"https:\/\/kuali.com.mx\/web\/2022\/08\/17\/continua-escasez-y-aumento-de-precios-en-materias-primas\/"},"author":{"name":"Kuali Staff","@id":"https:\/\/kuali.com.mx\/web\/#\/schema\/person\/6f89ffa8ecba9dae50662357923c5289"},"headline":"CONTIN\u00daA ESCASEZ Y AUMENTO DE PRECIOS EN MATERIAS PRIMAS \u00a0","datePublished":"2022-08-17T21:50:30+00:00","dateModified":"2022-08-18T00:25:30+00:00","mainEntityOfPage":{"@id":"https:\/\/kuali.com.mx\/web\/2022\/08\/17\/continua-escasez-y-aumento-de-precios-en-materias-primas\/"},"wordCount":724,"commentCount":0,"image":{"@id":"https:\/\/kuali.com.mx\/web\/2022\/08\/17\/continua-escasez-y-aumento-de-precios-en-materias-primas\/#primaryimage"},"thumbnailUrl":"https:\/\/kuali.com.mx\/web\/wp-content\/uploads\/2022\/08\/David-Novoa-y-Fernando-Padilla.jpg","keywords":["Apimex","Econom\u00eda","Proveedur\u00eda"],"articleSection":["Econom\u00eda","Pol\u00edtica","slider"],"inLanguage":"es","potentialAction":[{"@type":"CommentAction","name":"Comment","target":["https:\/\/kuali.com.mx\/web\/2022\/08\/17\/continua-escasez-y-aumento-de-precios-en-materias-primas\/#respond"]}]},{"@type":"WebPage","@id":"https:\/\/kuali.com.mx\/web\/2022\/08\/17\/continua-escasez-y-aumento-de-precios-en-materias-primas\/","url":"https:\/\/kuali.com.mx\/web\/2022\/08\/17\/continua-escasez-y-aumento-de-precios-en-materias-primas\/","name":"CONTIN\u00daA ESCASEZ Y AUMENTO DE PRECIOS EN MATERIAS PRIMAS \u00a0 - Kuali","isPartOf":{"@id":"https:\/\/kuali.com.mx\/web\/#website"},"primaryImageOfPage":{"@id":"https:\/\/kuali.com.mx\/web\/2022\/08\/17\/continua-escasez-y-aumento-de-precios-en-materias-primas\/#primaryimage"},"image":{"@id":"https:\/\/kuali.com.mx\/web\/2022\/08\/17\/continua-escasez-y-aumento-de-precios-en-materias-primas\/#primaryimage"},"thumbnailUrl":"https:\/\/kuali.com.mx\/web\/wp-content\/uploads\/2022\/08\/David-Novoa-y-Fernando-Padilla.jpg","datePublished":"2022-08-17T21:50:30+00:00","dateModified":"2022-08-18T00:25:30+00:00","author":{"@id":"https:\/\/kuali.com.mx\/web\/#\/schema\/person\/6f89ffa8ecba9dae50662357923c5289"},"breadcrumb":{"@id":"https:\/\/kuali.com.mx\/web\/2022\/08\/17\/continua-escasez-y-aumento-de-precios-en-materias-primas\/#breadcrumb"},"inLanguage":"es","potentialAction":[{"@type":"ReadAction","target":["https:\/\/kuali.com.mx\/web\/2022\/08\/17\/continua-escasez-y-aumento-de-precios-en-materias-primas\/"]}]},{"@type":"ImageObject","inLanguage":"es","@id":"https:\/\/kuali.com.mx\/web\/2022\/08\/17\/continua-escasez-y-aumento-de-precios-en-materias-primas\/#primaryimage","url":"https:\/\/kuali.com.mx\/web\/wp-content\/uploads\/2022\/08\/David-Novoa-y-Fernando-Padilla.jpg","contentUrl":"https:\/\/kuali.com.mx\/web\/wp-content\/uploads\/2022\/08\/David-Novoa-y-Fernando-Padilla.jpg","width":1734,"height":975},{"@type":"BreadcrumbList","@id":"https:\/\/kuali.com.mx\/web\/2022\/08\/17\/continua-escasez-y-aumento-de-precios-en-materias-primas\/#breadcrumb","itemListElement":[{"@type":"ListItem","position":1,"name":"Inicio","item":"https:\/\/kuali.com.mx\/web\/"},{"@type":"ListItem","position":2,"name":"CONTIN\u00daA ESCASEZ Y AUMENTO DE PRECIOS EN MATERIAS PRIMAS \u00a0"}]},{"@type":"WebSite","@id":"https:\/\/kuali.com.mx\/web\/#website","url":"https:\/\/kuali.com.mx\/web\/","name":"Kuali","description":"","potentialAction":[{"@type":"SearchAction","target":{"@type":"EntryPoint","urlTemplate":"https:\/\/kuali.com.mx\/web\/?s={search_term_string}"},"query-input":{"@type":"PropertyValueSpecification","valueRequired":true,"valueName":"search_term_string"}}],"inLanguage":"es"},{"@type":"Person","@id":"https:\/\/kuali.com.mx\/web\/#\/schema\/person\/6f89ffa8ecba9dae50662357923c5289","name":"Kuali Staff","image":{"@type":"ImageObject","inLanguage":"es","@id":"https:\/\/secure.gravatar.com\/avatar\/f917ad82e5ab71227a733c78b6e60715476f69ee6be59feee4eb5d9920c89e0f?s=96&d=mm&r=g","url":"https:\/\/secure.gravatar.com\/avatar\/f917ad82e5ab71227a733c78b6e60715476f69ee6be59feee4eb5d9920c89e0f?s=96&d=mm&r=g","contentUrl":"https:\/\/secure.gravatar.com\/avatar\/f917ad82e5ab71227a733c78b6e60715476f69ee6be59feee4eb5d9920c89e0f?s=96&d=mm&r=g","caption":"Kuali Staff"},"url":"https:\/\/kuali.com.mx\/web\/author\/lagarto\/"}]}},"_links":{"self":[{"href":"https:\/\/kuali.com.mx\/web\/wp-json\/wp\/v2\/posts\/102285","targetHints":{"allow":["GET"]}}],"collection":[{"href":"https:\/\/kuali.com.mx\/web\/wp-json\/wp\/v2\/posts"}],"about":[{"href":"https:\/\/kuali.com.mx\/web\/wp-json\/wp\/v2\/types\/post"}],"author":[{"embeddable":true,"href":"https:\/\/kuali.com.mx\/web\/wp-json\/wp\/v2\/users\/2"}],"replies":[{"embeddable":true,"href":"https:\/\/kuali.com.mx\/web\/wp-json\/wp\/v2\/comments?post=102285"}],"version-history":[{"count":1,"href":"https:\/\/kuali.com.mx\/web\/wp-json\/wp\/v2\/posts\/102285\/revisions"}],"predecessor-version":[{"id":102289,"href":"https:\/\/kuali.com.mx\/web\/wp-json\/wp\/v2\/posts\/102285\/revisions\/102289"}],"wp:featuredmedia":[{"embeddable":true,"href":"https:\/\/kuali.com.mx\/web\/wp-json\/wp\/v2\/media\/102288"}],"wp:attachment":[{"href":"https:\/\/kuali.com.mx\/web\/wp-json\/wp\/v2\/media?parent=102285"}],"wp:term":[{"taxonomy":"category","embeddable":true,"href":"https:\/\/kuali.com.mx\/web\/wp-json\/wp\/v2\/categories?post=102285"},{"taxonomy":"post_tag","embeddable":true,"href":"https:\/\/kuali.com.mx\/web\/wp-json\/wp\/v2\/tags?post=102285"}],"curies":[{"name":"wp","href":"https:\/\/api.w.org\/{rel}","templated":true}]}}