{"id":102091,"date":"2022-08-13T12:32:00","date_gmt":"2022-08-13T18:32:00","guid":{"rendered":"https:\/\/kuali.com.mx\/web\/?p=102091"},"modified":"2022-08-13T22:35:04","modified_gmt":"2022-08-14T04:35:04","slug":"rehabilitaran-12-callejones-de-la-capital","status":"publish","type":"post","link":"https:\/\/kuali.com.mx\/web\/2022\/08\/13\/rehabilitaran-12-callejones-de-la-capital\/","title":{"rendered":"REHABILITAR\u00c1N 12 CALLEJONES DE LA CAPITAL"},"content":{"rendered":"\n<p><strong><em>Kuali\/Guanajuato, Gto.-<\/em><\/strong>M\u00e1s de 28 mil personas de Guanajuato Capital ser\u00e1n beneficiadas con la dignificaci\u00f3n de 12 callejones, inform\u00f3 la Direcci\u00f3n General de Obra P\u00fablica.<\/p>\n\n\n\n<p>El alcalde Alejandro Navarro especific\u00f3 que se destinar\u00e1n 15 millones de pesos a la rehabilitaci\u00f3n de los callejones Camino Antiguo a La Aparecida y los callejones Camperos, Patol, Subida al Cerro del Cuarto, Presa de Rocha, Fresno, Subida a Mellado, Ejido, Transversal de Gavilanes, Cerro de la Bolita, El Mezquite y 5 Se\u00f1ores.<\/p>\n\n\n\n<p>\u201cCon un programa de obra p\u00fablica hist\u00f3rico, contemplado en el Plan 24, el Gobierno Municipal est\u00e1 realizando m\u00e1s obras que nunca en infraestructura p\u00fablica, rehabilitaci\u00f3n y mantenimiento\u201d, dijo el Alcalde.<\/p>\n\n\n\n<p>Los callejones de la ciudad de Guanajuato forman parte de las caracter\u00edsticas que la han vuelto uno de los mejores destinos coloniales de Am\u00e9rica; representan uno de los ejes principales del Programa Municipal de Obra P\u00fablica y, por lo tanto, el Ayuntamiento aprob\u00f3 destinar un monto de 15 millones a la rehabilitaci\u00f3n de estos 12 callejones, donde sus habitantes ver\u00e1n una mejora en su calidad de vida.<\/p>\n\n\n\n<p>En el segmento de urbanizaci\u00f3n, el Consejo de Planeaci\u00f3n para el Desarrollo Municipal (COPLADEM) ya emiti\u00f3 el visto bueno para llevar a cabo la rehabilitaci\u00f3n de estos callejones. La inversi\u00f3n proviene de la bolsa de 40 millones que se destinar\u00edan a la construcci\u00f3n del nuevo Museo de las Momias y cuyo uso se redirigi\u00f3 a obras de gran impacto social.<\/p>\n","protected":false},"excerpt":{"rendered":"Kuali\/Guanajuato, Gto.-M\u00e1s de 28 mil personas de Guanajuato Capital ser\u00e1n beneficiadas con la dignificaci\u00f3n de 12 callejones, inform\u00f3 la Direcci\u00f3n General de Obra P\u00fablica. El alcalde Alejandro Navarro especific\u00f3 que se destinar\u00e1n 15 millones de pesos a la rehabilitaci\u00f3n de los callejones Camino Antiguo a La Aparecida y los callejones Camperos, Patol, Subida al Cerro [&hellip;]","protected":false},"author":2,"featured_media":102093,"comment_status":"open","ping_status":"open","sticky":false,"template":"","format":"standard","meta":{"_seopress_robots_primary_cat":"none","_seopress_titles_title":"","_seopress_titles_desc":"","_seopress_robots_index":"","_monsterinsights_skip_tracking":false,"_monsterinsights_sitenote_active":false,"_monsterinsights_sitenote_note":"","_monsterinsights_sitenote_category":0,"footnotes":""},"categories":[3],"tags":[],"class_list":["post-102091","post","type-post","status-publish","format-standard","has-post-thumbnail","hentry","category-politica"],"yoast_head":"<!-- This site is optimized with the Yoast SEO plugin v27.4 - https:\/\/yoast.com\/product\/yoast-seo-wordpress\/ -->\n<title>REHABILITAR\u00c1N 12 CALLEJONES DE LA CAPITAL - Kuali<\/title>\n<meta name=\"robots\" content=\"index, follow, max-snippet:-1, max-image-preview:large, max-video-preview:-1\" \/>\n<link rel=\"canonical\" href=\"https:\/\/kuali.com.mx\/web\/2022\/08\/13\/rehabilitaran-12-callejones-de-la-capital\/\" \/>\n<meta property=\"og:locale\" content=\"es_MX\" \/>\n<meta property=\"og:type\" content=\"article\" \/>\n<meta property=\"og:title\" content=\"REHABILITAR\u00c1N 12 CALLEJONES DE LA CAPITAL - Kuali\" \/>\n<meta property=\"og:description\" content=\"Kuali\/Guanajuato, Gto.-M\u00e1s de 28 mil personas de Guanajuato Capital ser\u00e1n beneficiadas con la dignificaci\u00f3n de 12 callejones, inform\u00f3 la Direcci\u00f3n General de Obra P\u00fablica. El alcalde Alejandro Navarro especific\u00f3 que se destinar\u00e1n 15 millones de pesos a la rehabilitaci\u00f3n de los callejones Camino Antiguo a La Aparecida y los callejones Camperos, Patol, Subida al Cerro [&hellip;]\" \/>\n<meta property=\"og:url\" content=\"https:\/\/kuali.com.mx\/web\/2022\/08\/13\/rehabilitaran-12-callejones-de-la-capital\/\" \/>\n<meta property=\"og:site_name\" content=\"Kuali\" \/>\n<meta property=\"article:publisher\" content=\"https:\/\/kuali.com.mx\/web\/wp-content\/uploads\/2018\/04\/cropped-kuali_logo-1-1.png\" \/>\n<meta property=\"article:published_time\" content=\"2022-08-13T18:32:00+00:00\" \/>\n<meta property=\"article:modified_time\" content=\"2022-08-14T04:35:04+00:00\" \/>\n<meta property=\"og:image\" content=\"https:\/\/kuali.com.mx\/web\/wp-content\/uploads\/2022\/08\/CALLEJONES-1.jpeg\" \/>\n\t<meta property=\"og:image:width\" content=\"1280\" \/>\n\t<meta property=\"og:image:height\" content=\"853\" \/>\n\t<meta property=\"og:image:type\" content=\"image\/jpeg\" \/>\n<meta name=\"author\" content=\"Kuali Staff\" \/>\n<meta name=\"twitter:card\" content=\"summary_large_image\" \/>\n<meta name=\"twitter:creator\" content=\"@kuali_noticias\" \/>\n<meta name=\"twitter:site\" content=\"@kuali_noticias\" \/>\n<meta name=\"twitter:label1\" content=\"Escrito por\" \/>\n\t<meta name=\"twitter:data1\" content=\"Kuali Staff\" \/>\n\t<meta name=\"twitter:label2\" content=\"Tiempo de lectura\" \/>\n\t<meta name=\"twitter:data2\" content=\"1 minuto\" \/>\n<script type=\"application\/ld+json\" class=\"yoast-schema-graph\">{\"@context\":\"https:\\\/\\\/schema.org\",\"@graph\":[{\"@type\":\"Article\",\"@id\":\"https:\\\/\\\/kuali.com.mx\\\/web\\\/2022\\\/08\\\/13\\\/rehabilitaran-12-callejones-de-la-capital\\\/#article\",\"isPartOf\":{\"@id\":\"https:\\\/\\\/kuali.com.mx\\\/web\\\/2022\\\/08\\\/13\\\/rehabilitaran-12-callejones-de-la-capital\\\/\"},\"author\":{\"name\":\"Kuali Staff\",\"@id\":\"https:\\\/\\\/kuali.com.mx\\\/web\\\/#\\\/schema\\\/person\\\/6f89ffa8ecba9dae50662357923c5289\"},\"headline\":\"REHABILITAR\u00c1N 12 CALLEJONES DE LA CAPITAL\",\"datePublished\":\"2022-08-13T18:32:00+00:00\",\"dateModified\":\"2022-08-14T04:35:04+00:00\",\"mainEntityOfPage\":{\"@id\":\"https:\\\/\\\/kuali.com.mx\\\/web\\\/2022\\\/08\\\/13\\\/rehabilitaran-12-callejones-de-la-capital\\\/\"},\"wordCount\":259,\"commentCount\":0,\"image\":{\"@id\":\"https:\\\/\\\/kuali.com.mx\\\/web\\\/2022\\\/08\\\/13\\\/rehabilitaran-12-callejones-de-la-capital\\\/#primaryimage\"},\"thumbnailUrl\":\"https:\\\/\\\/kuali.com.mx\\\/web\\\/wp-content\\\/uploads\\\/2022\\\/08\\\/CALLEJONES-1.jpeg\",\"articleSection\":[\"Pol\u00edtica\"],\"inLanguage\":\"es\",\"potentialAction\":[{\"@type\":\"CommentAction\",\"name\":\"Comment\",\"target\":[\"https:\\\/\\\/kuali.com.mx\\\/web\\\/2022\\\/08\\\/13\\\/rehabilitaran-12-callejones-de-la-capital\\\/#respond\"]}]},{\"@type\":\"WebPage\",\"@id\":\"https:\\\/\\\/kuali.com.mx\\\/web\\\/2022\\\/08\\\/13\\\/rehabilitaran-12-callejones-de-la-capital\\\/\",\"url\":\"https:\\\/\\\/kuali.com.mx\\\/web\\\/2022\\\/08\\\/13\\\/rehabilitaran-12-callejones-de-la-capital\\\/\",\"name\":\"REHABILITAR\u00c1N 12 CALLEJONES DE LA CAPITAL - Kuali\",\"isPartOf\":{\"@id\":\"https:\\\/\\\/kuali.com.mx\\\/web\\\/#website\"},\"primaryImageOfPage\":{\"@id\":\"https:\\\/\\\/kuali.com.mx\\\/web\\\/2022\\\/08\\\/13\\\/rehabilitaran-12-callejones-de-la-capital\\\/#primaryimage\"},\"image\":{\"@id\":\"https:\\\/\\\/kuali.com.mx\\\/web\\\/2022\\\/08\\\/13\\\/rehabilitaran-12-callejones-de-la-capital\\\/#primaryimage\"},\"thumbnailUrl\":\"https:\\\/\\\/kuali.com.mx\\\/web\\\/wp-content\\\/uploads\\\/2022\\\/08\\\/CALLEJONES-1.jpeg\",\"datePublished\":\"2022-08-13T18:32:00+00:00\",\"dateModified\":\"2022-08-14T04:35:04+00:00\",\"author\":{\"@id\":\"https:\\\/\\\/kuali.com.mx\\\/web\\\/#\\\/schema\\\/person\\\/6f89ffa8ecba9dae50662357923c5289\"},\"breadcrumb\":{\"@id\":\"https:\\\/\\\/kuali.com.mx\\\/web\\\/2022\\\/08\\\/13\\\/rehabilitaran-12-callejones-de-la-capital\\\/#breadcrumb\"},\"inLanguage\":\"es\",\"potentialAction\":[{\"@type\":\"ReadAction\",\"target\":[\"https:\\\/\\\/kuali.com.mx\\\/web\\\/2022\\\/08\\\/13\\\/rehabilitaran-12-callejones-de-la-capital\\\/\"]}]},{\"@type\":\"ImageObject\",\"inLanguage\":\"es\",\"@id\":\"https:\\\/\\\/kuali.com.mx\\\/web\\\/2022\\\/08\\\/13\\\/rehabilitaran-12-callejones-de-la-capital\\\/#primaryimage\",\"url\":\"https:\\\/\\\/kuali.com.mx\\\/web\\\/wp-content\\\/uploads\\\/2022\\\/08\\\/CALLEJONES-1.jpeg\",\"contentUrl\":\"https:\\\/\\\/kuali.com.mx\\\/web\\\/wp-content\\\/uploads\\\/2022\\\/08\\\/CALLEJONES-1.jpeg\",\"width\":1280,\"height\":853},{\"@type\":\"BreadcrumbList\",\"@id\":\"https:\\\/\\\/kuali.com.mx\\\/web\\\/2022\\\/08\\\/13\\\/rehabilitaran-12-callejones-de-la-capital\\\/#breadcrumb\",\"itemListElement\":[{\"@type\":\"ListItem\",\"position\":1,\"name\":\"Inicio\",\"item\":\"https:\\\/\\\/kuali.com.mx\\\/web\\\/\"},{\"@type\":\"ListItem\",\"position\":2,\"name\":\"REHABILITAR\u00c1N 12 CALLEJONES DE LA CAPITAL\"}]},{\"@type\":\"WebSite\",\"@id\":\"https:\\\/\\\/kuali.com.mx\\\/web\\\/#website\",\"url\":\"https:\\\/\\\/kuali.com.mx\\\/web\\\/\",\"name\":\"Kuali\",\"description\":\"\",\"potentialAction\":[{\"@type\":\"SearchAction\",\"target\":{\"@type\":\"EntryPoint\",\"urlTemplate\":\"https:\\\/\\\/kuali.com.mx\\\/web\\\/?s={search_term_string}\"},\"query-input\":{\"@type\":\"PropertyValueSpecification\",\"valueRequired\":true,\"valueName\":\"search_term_string\"}}],\"inLanguage\":\"es\"},{\"@type\":\"Person\",\"@id\":\"https:\\\/\\\/kuali.com.mx\\\/web\\\/#\\\/schema\\\/person\\\/6f89ffa8ecba9dae50662357923c5289\",\"name\":\"Kuali Staff\",\"image\":{\"@type\":\"ImageObject\",\"inLanguage\":\"es\",\"@id\":\"https:\\\/\\\/secure.gravatar.com\\\/avatar\\\/f917ad82e5ab71227a733c78b6e60715476f69ee6be59feee4eb5d9920c89e0f?s=96&d=mm&r=g\",\"url\":\"https:\\\/\\\/secure.gravatar.com\\\/avatar\\\/f917ad82e5ab71227a733c78b6e60715476f69ee6be59feee4eb5d9920c89e0f?s=96&d=mm&r=g\",\"contentUrl\":\"https:\\\/\\\/secure.gravatar.com\\\/avatar\\\/f917ad82e5ab71227a733c78b6e60715476f69ee6be59feee4eb5d9920c89e0f?s=96&d=mm&r=g\",\"caption\":\"Kuali Staff\"},\"url\":\"https:\\\/\\\/kuali.com.mx\\\/web\\\/author\\\/lagarto\\\/\"}]}<\/script>\n<!-- \/ Yoast SEO plugin. -->","yoast_head_json":{"title":"REHABILITAR\u00c1N 12 CALLEJONES DE LA CAPITAL - Kuali","robots":{"index":"index","follow":"follow","max-snippet":"max-snippet:-1","max-image-preview":"max-image-preview:large","max-video-preview":"max-video-preview:-1"},"canonical":"https:\/\/kuali.com.mx\/web\/2022\/08\/13\/rehabilitaran-12-callejones-de-la-capital\/","og_locale":"es_MX","og_type":"article","og_title":"REHABILITAR\u00c1N 12 CALLEJONES DE LA CAPITAL - Kuali","og_description":"Kuali\/Guanajuato, Gto.-M\u00e1s de 28 mil personas de Guanajuato Capital ser\u00e1n beneficiadas con la dignificaci\u00f3n de 12 callejones, inform\u00f3 la Direcci\u00f3n General de Obra P\u00fablica. El alcalde Alejandro Navarro especific\u00f3 que se destinar\u00e1n 15 millones de pesos a la rehabilitaci\u00f3n de los callejones Camino Antiguo a La Aparecida y los callejones Camperos, Patol, Subida al Cerro [&hellip;]","og_url":"https:\/\/kuali.com.mx\/web\/2022\/08\/13\/rehabilitaran-12-callejones-de-la-capital\/","og_site_name":"Kuali","article_publisher":"https:\/\/kuali.com.mx\/web\/wp-content\/uploads\/2018\/04\/cropped-kuali_logo-1-1.png","article_published_time":"2022-08-13T18:32:00+00:00","article_modified_time":"2022-08-14T04:35:04+00:00","og_image":[{"width":1280,"height":853,"url":"https:\/\/kuali.com.mx\/web\/wp-content\/uploads\/2022\/08\/CALLEJONES-1.jpeg","type":"image\/jpeg"}],"author":"Kuali Staff","twitter_card":"summary_large_image","twitter_creator":"@kuali_noticias","twitter_site":"@kuali_noticias","twitter_misc":{"Escrito por":"Kuali Staff","Tiempo de lectura":"1 minuto"},"schema":{"@context":"https:\/\/schema.org","@graph":[{"@type":"Article","@id":"https:\/\/kuali.com.mx\/web\/2022\/08\/13\/rehabilitaran-12-callejones-de-la-capital\/#article","isPartOf":{"@id":"https:\/\/kuali.com.mx\/web\/2022\/08\/13\/rehabilitaran-12-callejones-de-la-capital\/"},"author":{"name":"Kuali Staff","@id":"https:\/\/kuali.com.mx\/web\/#\/schema\/person\/6f89ffa8ecba9dae50662357923c5289"},"headline":"REHABILITAR\u00c1N 12 CALLEJONES DE LA CAPITAL","datePublished":"2022-08-13T18:32:00+00:00","dateModified":"2022-08-14T04:35:04+00:00","mainEntityOfPage":{"@id":"https:\/\/kuali.com.mx\/web\/2022\/08\/13\/rehabilitaran-12-callejones-de-la-capital\/"},"wordCount":259,"commentCount":0,"image":{"@id":"https:\/\/kuali.com.mx\/web\/2022\/08\/13\/rehabilitaran-12-callejones-de-la-capital\/#primaryimage"},"thumbnailUrl":"https:\/\/kuali.com.mx\/web\/wp-content\/uploads\/2022\/08\/CALLEJONES-1.jpeg","articleSection":["Pol\u00edtica"],"inLanguage":"es","potentialAction":[{"@type":"CommentAction","name":"Comment","target":["https:\/\/kuali.com.mx\/web\/2022\/08\/13\/rehabilitaran-12-callejones-de-la-capital\/#respond"]}]},{"@type":"WebPage","@id":"https:\/\/kuali.com.mx\/web\/2022\/08\/13\/rehabilitaran-12-callejones-de-la-capital\/","url":"https:\/\/kuali.com.mx\/web\/2022\/08\/13\/rehabilitaran-12-callejones-de-la-capital\/","name":"REHABILITAR\u00c1N 12 CALLEJONES DE LA CAPITAL - Kuali","isPartOf":{"@id":"https:\/\/kuali.com.mx\/web\/#website"},"primaryImageOfPage":{"@id":"https:\/\/kuali.com.mx\/web\/2022\/08\/13\/rehabilitaran-12-callejones-de-la-capital\/#primaryimage"},"image":{"@id":"https:\/\/kuali.com.mx\/web\/2022\/08\/13\/rehabilitaran-12-callejones-de-la-capital\/#primaryimage"},"thumbnailUrl":"https:\/\/kuali.com.mx\/web\/wp-content\/uploads\/2022\/08\/CALLEJONES-1.jpeg","datePublished":"2022-08-13T18:32:00+00:00","dateModified":"2022-08-14T04:35:04+00:00","author":{"@id":"https:\/\/kuali.com.mx\/web\/#\/schema\/person\/6f89ffa8ecba9dae50662357923c5289"},"breadcrumb":{"@id":"https:\/\/kuali.com.mx\/web\/2022\/08\/13\/rehabilitaran-12-callejones-de-la-capital\/#breadcrumb"},"inLanguage":"es","potentialAction":[{"@type":"ReadAction","target":["https:\/\/kuali.com.mx\/web\/2022\/08\/13\/rehabilitaran-12-callejones-de-la-capital\/"]}]},{"@type":"ImageObject","inLanguage":"es","@id":"https:\/\/kuali.com.mx\/web\/2022\/08\/13\/rehabilitaran-12-callejones-de-la-capital\/#primaryimage","url":"https:\/\/kuali.com.mx\/web\/wp-content\/uploads\/2022\/08\/CALLEJONES-1.jpeg","contentUrl":"https:\/\/kuali.com.mx\/web\/wp-content\/uploads\/2022\/08\/CALLEJONES-1.jpeg","width":1280,"height":853},{"@type":"BreadcrumbList","@id":"https:\/\/kuali.com.mx\/web\/2022\/08\/13\/rehabilitaran-12-callejones-de-la-capital\/#breadcrumb","itemListElement":[{"@type":"ListItem","position":1,"name":"Inicio","item":"https:\/\/kuali.com.mx\/web\/"},{"@type":"ListItem","position":2,"name":"REHABILITAR\u00c1N 12 CALLEJONES DE LA CAPITAL"}]},{"@type":"WebSite","@id":"https:\/\/kuali.com.mx\/web\/#website","url":"https:\/\/kuali.com.mx\/web\/","name":"Kuali","description":"","potentialAction":[{"@type":"SearchAction","target":{"@type":"EntryPoint","urlTemplate":"https:\/\/kuali.com.mx\/web\/?s={search_term_string}"},"query-input":{"@type":"PropertyValueSpecification","valueRequired":true,"valueName":"search_term_string"}}],"inLanguage":"es"},{"@type":"Person","@id":"https:\/\/kuali.com.mx\/web\/#\/schema\/person\/6f89ffa8ecba9dae50662357923c5289","name":"Kuali Staff","image":{"@type":"ImageObject","inLanguage":"es","@id":"https:\/\/secure.gravatar.com\/avatar\/f917ad82e5ab71227a733c78b6e60715476f69ee6be59feee4eb5d9920c89e0f?s=96&d=mm&r=g","url":"https:\/\/secure.gravatar.com\/avatar\/f917ad82e5ab71227a733c78b6e60715476f69ee6be59feee4eb5d9920c89e0f?s=96&d=mm&r=g","contentUrl":"https:\/\/secure.gravatar.com\/avatar\/f917ad82e5ab71227a733c78b6e60715476f69ee6be59feee4eb5d9920c89e0f?s=96&d=mm&r=g","caption":"Kuali Staff"},"url":"https:\/\/kuali.com.mx\/web\/author\/lagarto\/"}]}},"_links":{"self":[{"href":"https:\/\/kuali.com.mx\/web\/wp-json\/wp\/v2\/posts\/102091","targetHints":{"allow":["GET"]}}],"collection":[{"href":"https:\/\/kuali.com.mx\/web\/wp-json\/wp\/v2\/posts"}],"about":[{"href":"https:\/\/kuali.com.mx\/web\/wp-json\/wp\/v2\/types\/post"}],"author":[{"embeddable":true,"href":"https:\/\/kuali.com.mx\/web\/wp-json\/wp\/v2\/users\/2"}],"replies":[{"embeddable":true,"href":"https:\/\/kuali.com.mx\/web\/wp-json\/wp\/v2\/comments?post=102091"}],"version-history":[{"count":1,"href":"https:\/\/kuali.com.mx\/web\/wp-json\/wp\/v2\/posts\/102091\/revisions"}],"predecessor-version":[{"id":102094,"href":"https:\/\/kuali.com.mx\/web\/wp-json\/wp\/v2\/posts\/102091\/revisions\/102094"}],"wp:featuredmedia":[{"embeddable":true,"href":"https:\/\/kuali.com.mx\/web\/wp-json\/wp\/v2\/media\/102093"}],"wp:attachment":[{"href":"https:\/\/kuali.com.mx\/web\/wp-json\/wp\/v2\/media?parent=102091"}],"wp:term":[{"taxonomy":"category","embeddable":true,"href":"https:\/\/kuali.com.mx\/web\/wp-json\/wp\/v2\/categories?post=102091"},{"taxonomy":"post_tag","embeddable":true,"href":"https:\/\/kuali.com.mx\/web\/wp-json\/wp\/v2\/tags?post=102091"}],"curies":[{"name":"wp","href":"https:\/\/api.w.org\/{rel}","templated":true}]}}