{"id":102059,"date":"2022-08-13T07:11:14","date_gmt":"2022-08-13T13:11:14","guid":{"rendered":"https:\/\/kuali.com.mx\/web\/?p=102059"},"modified":"2022-08-13T07:11:49","modified_gmt":"2022-08-13T13:11:49","slug":"golpean-policias-de-celaya-a-periodistas","status":"publish","type":"post","link":"https:\/\/kuali.com.mx\/web\/2022\/08\/13\/golpean-policias-de-celaya-a-periodistas\/","title":{"rendered":"GOLPEAN POLIC\u00cdAS DE CELAYA A PERIODISTAS"},"content":{"rendered":"\n<p><strong><em>Kuali\/Celaya, Gto.-<\/em><\/strong>Con golpes en la cara, amenazas de \u201ctreparlos\u201d, amagados, sometidos y con equipo da\u00f1ado, dos periodistas fueron v\u00edctimas de abuso de autoridad, por parte de polic\u00edas de Celaya durante la cobertura de las quemas de veh\u00edculos registradas este viernes.<\/p>\n\n\n\n<p>Los periodistas de Informativo \u00c1gora fueron agredidos en Comonfort por polic\u00edas de Celaya, que ni siquiera estaban en su jurisdicci\u00f3n.<\/p>\n\n\n\n<p>A trav\u00e9s de un video y audios quedaron grabados los momentos en que los uniformados, armados y con prepotencia amenazaron a los reporteros por registrar el evento e intentar transmitir en vivo la agresi\u00f3n.<\/p>\n\n\n\n<p>Ya cuando hab\u00edan transmitido su reporte sobre el intento de incendio de una camioneta en la carretera Celaya-Comonfort, a la altura de la empresa Prettl, antes de retirarse de la zona, Miguel comenz\u00f3 a tomar im\u00e1genes del operativo para poder ilustrar la nota.<\/p>\n\n\n\n<p>En ese momento llegaron dos unidades de la polic\u00eda municipal de Celaya con el n\u00famero 7904 y 7909,&nbsp; desde donde se bajaron varios polic\u00edas.<\/p>\n\n\n\n<p>\u201cEn lo que estoy haciendo im\u00e1genes van dando la vuelta dos patrullas de la polic\u00eda municipal de Celaya, hay una toma en donde se ve que se van dando la vuelta, en ese momento se bajan ellos, da la vuelta la segunda patrulla, tambi\u00e9n se bajan, se acerca uno y me echa la luz de su linterna al tel\u00e9fono, me dice ya vete, y le digo que por qu\u00e9 me echa la luz, se me acerca y sin m\u00e1s ni m\u00e1s me da un primer golpe en la cara, yo evidentemente me molesto y le digo que por qu\u00e9 me golpea y me dice que deje de grabar y me vaya, yo le dije que no iba a dejar de grabar\u201d, afirma al dar su testimonio.<\/p>\n\n\n\n<p>Mientras Avelina respond\u00eda mensajes para ir a otro punto en donde reportaban incidentes, Miguel era golpeado en el rostro por el polic\u00eda, al que solo se le ve\u00edan los ojos.<\/p>\n\n\n\n<p>Tras calificar de \u201camarillista\u201d al reportero, el elemento no escatim\u00f3 en propinarle varios golpes, con lo que logr\u00f3 aventar el tel\u00e9fono, que aunque se rompi\u00f3 al caer al suelo, sigui\u00f3 grabando lo que suced\u00eda.<\/p>\n\n\n\n<p>\u201cEn ese momento abro la puerta de la camioneta y le digo a Avelina empieza a transmitir, y \u00e9l todav\u00eda dice transmite lo que quieras y me va empujando y ella se baja y le dice que no me empuje, \u00e9l me sigue empujando, cuando se acerca otro polic\u00eda que tra\u00eda impermeable y me dice que nos vayamos o me va a trepar, yo le digo tr\u00e9peme, yo solo estoy haciendo mi trabajo\u201d.<\/p>\n\n\n\n<p>En ese momento Avelina inici\u00f3 una transmisi\u00f3n para documentar c\u00f3mo estaban golpeando a su compa\u00f1ero, pero fue interrumpida por una polic\u00eda que la someti\u00f3 y le exig\u00eda que dejara el tel\u00e9fono.<\/p>\n\n\n\n<p>\u201cSuelta ese tel\u00e9fono o me lo llevo\u201d, le dec\u00eda mientas le jalaba del brazo y del cuello.<\/p>\n\n\n\n<p>En eso, Miguel ya hab\u00eda recibido m\u00e1s golpes de parte de los dos polic\u00edas, que le segu\u00edan lanzando amenazas por solo hacer su trabajo.<\/p>\n\n\n\n<p>Luego de que se cay\u00f3 el tel\u00e9fono al suelo el polic\u00eda comenz\u00f3 a buscarlo con su l\u00e1mpara y cuando lo encontr\u00f3 lo guard\u00f3 en una de las bolsas del pantal\u00f3n y se neg\u00f3 a entreg\u00e1rselo al&nbsp;reportero, que no hab\u00eda cometido ning\u00fan delito.<\/p>\n\n\n\n<p>\u201cMi tel\u00e9fono se cae y empieza a decir que somos amarillistas, yo menciono que somos un medio serio, que solo estamos haciendo nuestro trabajo, en ese momento me da otro golpe, empieza a caminar, encuentra mi tel\u00e9fono, lo recoge del suelo y todav\u00eda le digo, dame mi tel\u00e9fono por favor y con groser\u00edas algo como, ya chingaste a tu madre y no te lo voy a dar, y se lo guarda en una de las bolsas cargo del pantal\u00f3n\u2026en ese momento yo volte\u00f3 y justo en la puerta del copiloto veo que una de las elementos la tiene sometida (a Ave)\u201d.<\/p>\n\n\n\n<p>Al darse cuenta que ten\u00edan amagada a su compa\u00f1era, Miguel corri\u00f3 al lugar y los polic\u00edas lo volvieron a agredir.<\/p>\n\n\n\n<p>\u201cLa tienen del cuello y ella diciendo su\u00e9ltame, entonces yo corro y ni siquiera alcance a llegar al elemento, ni siquiera la toqu\u00e9 cuando otro elemento, el que tra\u00eda impermeable me dice, no toques a la elemento y me empuja, yo le dije, no la estoy tocando, pero que la suelten (a la reportera) y en eso me da otro golpe, este otro elemento (\u00bffueron dos los que te golpearon?) &nbsp;S\u00ed, fueron dos\u201d, explica Miguel.<\/p>\n\n\n\n<p>En su testimonio, la reportera explica que ella nunca insult\u00f3, ni golpe\u00f3 a la polic\u00eda, su \u00fanico delito fue intentar transmitir en vivo lo que estaba pasando<\/p>\n\n\n\n<p>\u201cIba a grabar que estaban golpeando a Miguel cuando ella lleg\u00f3 y me avent\u00f3 y me agarr\u00f3 del cuello; me estaba lastimando y le dec\u00eda que me soltara, me dec\u00eda c\u00e1lmate o no te voy a dejar ir, y yo escuchaba que a Miguel le dec\u00edan te voy a trepar y yo me preocup\u00e9, por que ya estaba oscuro, solo nosotros dos\".<\/p>\n\n\n\n<p>Avelina explica que los polic\u00edas le dec\u00edan que cooperara y calmara a su compa\u00f1ero o no los dejar\u00edan ir.<\/p>\n\n\n\n<p>\u201cYo estaba atemorizada, ya solo est\u00e1bamos los dos, y dije si esto nos est\u00e1n haciendo ahorita que Miguel hab\u00eda grabado y que yo hab\u00eda transmitido un poco \u00bfqu\u00e9 va a pasar? Yo ten\u00eda miedo a que nos llevaran y que no supieran ya despu\u00e9s de nosotros, por lo que cuando me ense\u00f1\u00f3 que ten\u00eda su celular, la mujer me solt\u00f3 y me acerque a Miguel y le dije ya me van a dar tu tel\u00e9fono, yo pensando en que ya me quer\u00eda ir, est\u00e1bamos muy expuestos, no hab\u00eda nadie que pudiera atestiguar lo que estaba pasando\u201d.<\/p>\n\n\n\n<p>Al buscar resguardo para salir de la zona, -ya que el camino es solitario y con temor a que los mismos polic\u00edas de Celaya los alcanzaran-, reportaron el incidente, sin embargo no hubo autoridad estatal que los pudiera apoyar de manera inmediata para retirarse de ese lugar.<\/p>\n\n\n\n<p>Al hablar a la autoridad municipal, fueron turnados con el jefe de los agresores, el Secretario, Jes\u00fas Rivera, quien recibi\u00f3 a los periodistas en San Juan de la Vega, pero solo para tratar de explicar la dif\u00edcil situaci\u00f3n que est\u00e1n pasando en la corporaci\u00f3n.<\/p>\n\n\n\n<p>\u201cNos dijo, ustedes pueden hacer lo que quieran pero, todo el trabajo bueno que estamos haciendo por dos elementos se nos cae\u201d, explic\u00f3 Miguel.<\/p>\n\n\n\n<p>Tras el examen m\u00e9dico, la periodista presenta contusi\u00f3n muscular en el hombro izquierdo, mientras que \u00e9l, tenia la presi\u00f3n muy elevada y contractura en la quijada por los golpes que recibi\u00f3.<\/p>\n\n\n\n<p>Este s\u00e1bado presentar\u00e1n las denuncias correspondientes ante la Procuradur\u00eda de los Derechos Humanos y ante la Fiscal\u00eda General.<\/p>\n","protected":false},"excerpt":{"rendered":"Kuali\/Celaya, Gto.-Con golpes en la cara, amenazas de \u201ctreparlos\u201d, amagados, sometidos y con equipo da\u00f1ado, dos periodistas fueron v\u00edctimas de abuso de autoridad, por parte de polic\u00edas de Celaya durante la cobertura de las quemas de veh\u00edculos registradas este viernes. Los periodistas de Informativo \u00c1gora fueron agredidos en Comonfort por polic\u00edas de Celaya, que ni [&hellip;]","protected":false},"author":2,"featured_media":102061,"comment_status":"open","ping_status":"open","sticky":false,"template":"","format":"standard","meta":{"_seopress_robots_primary_cat":"none","_seopress_titles_title":"","_seopress_titles_desc":"","_seopress_robots_index":"","_monsterinsights_skip_tracking":false,"_monsterinsights_sitenote_active":false,"_monsterinsights_sitenote_note":"","_monsterinsights_sitenote_category":0,"footnotes":""},"categories":[14,69],"tags":[],"class_list":["post-102059","post","type-post","status-publish","format-standard","has-post-thumbnail","hentry","category-derechos","category-slider"],"yoast_head":"<!-- This site is optimized with the Yoast SEO plugin v27.4 - https:\/\/yoast.com\/product\/yoast-seo-wordpress\/ -->\n<title>GOLPEAN POLIC\u00cdAS DE CELAYA A PERIODISTAS - Kuali<\/title>\n<meta name=\"robots\" content=\"index, follow, max-snippet:-1, max-image-preview:large, max-video-preview:-1\" \/>\n<link rel=\"canonical\" href=\"https:\/\/kuali.com.mx\/web\/2022\/08\/13\/golpean-policias-de-celaya-a-periodistas\/\" \/>\n<meta property=\"og:locale\" content=\"es_MX\" \/>\n<meta property=\"og:type\" content=\"article\" \/>\n<meta property=\"og:title\" content=\"GOLPEAN POLIC\u00cdAS DE CELAYA A PERIODISTAS - Kuali\" \/>\n<meta property=\"og:description\" content=\"Kuali\/Celaya, Gto.-Con golpes en la cara, amenazas de \u201ctreparlos\u201d, amagados, sometidos y con equipo da\u00f1ado, dos periodistas fueron v\u00edctimas de abuso de autoridad, por parte de polic\u00edas de Celaya durante la cobertura de las quemas de veh\u00edculos registradas este viernes. Los periodistas de Informativo \u00c1gora fueron agredidos en Comonfort por polic\u00edas de Celaya, que ni [&hellip;]\" \/>\n<meta property=\"og:url\" content=\"https:\/\/kuali.com.mx\/web\/2022\/08\/13\/golpean-policias-de-celaya-a-periodistas\/\" \/>\n<meta property=\"og:site_name\" content=\"Kuali\" \/>\n<meta property=\"article:publisher\" content=\"https:\/\/kuali.com.mx\/web\/wp-content\/uploads\/2018\/04\/cropped-kuali_logo-1-1.png\" \/>\n<meta property=\"article:published_time\" content=\"2022-08-13T13:11:14+00:00\" \/>\n<meta property=\"article:modified_time\" content=\"2022-08-13T13:11:49+00:00\" \/>\n<meta property=\"og:image\" content=\"https:\/\/kuali.com.mx\/web\/wp-content\/uploads\/2022\/08\/Policias-Celaya.jpeg\" \/>\n\t<meta property=\"og:image:width\" content=\"1857\" \/>\n\t<meta property=\"og:image:height\" content=\"750\" \/>\n\t<meta property=\"og:image:type\" content=\"image\/jpeg\" \/>\n<meta name=\"author\" content=\"Kuali Staff\" \/>\n<meta name=\"twitter:card\" content=\"summary_large_image\" \/>\n<meta name=\"twitter:creator\" content=\"@kuali_noticias\" \/>\n<meta name=\"twitter:site\" content=\"@kuali_noticias\" \/>\n<meta name=\"twitter:label1\" content=\"Escrito por\" \/>\n\t<meta name=\"twitter:data1\" content=\"Kuali Staff\" \/>\n\t<meta name=\"twitter:label2\" content=\"Tiempo de lectura\" \/>\n\t<meta name=\"twitter:data2\" content=\"6 minutos\" \/>\n<script type=\"application\/ld+json\" class=\"yoast-schema-graph\">{\"@context\":\"https:\\\/\\\/schema.org\",\"@graph\":[{\"@type\":\"Article\",\"@id\":\"https:\\\/\\\/kuali.com.mx\\\/web\\\/2022\\\/08\\\/13\\\/golpean-policias-de-celaya-a-periodistas\\\/#article\",\"isPartOf\":{\"@id\":\"https:\\\/\\\/kuali.com.mx\\\/web\\\/2022\\\/08\\\/13\\\/golpean-policias-de-celaya-a-periodistas\\\/\"},\"author\":{\"name\":\"Kuali Staff\",\"@id\":\"https:\\\/\\\/kuali.com.mx\\\/web\\\/#\\\/schema\\\/person\\\/6f89ffa8ecba9dae50662357923c5289\"},\"headline\":\"GOLPEAN POLIC\u00cdAS DE CELAYA A PERIODISTAS\",\"datePublished\":\"2022-08-13T13:11:14+00:00\",\"dateModified\":\"2022-08-13T13:11:49+00:00\",\"mainEntityOfPage\":{\"@id\":\"https:\\\/\\\/kuali.com.mx\\\/web\\\/2022\\\/08\\\/13\\\/golpean-policias-de-celaya-a-periodistas\\\/\"},\"wordCount\":1206,\"commentCount\":0,\"image\":{\"@id\":\"https:\\\/\\\/kuali.com.mx\\\/web\\\/2022\\\/08\\\/13\\\/golpean-policias-de-celaya-a-periodistas\\\/#primaryimage\"},\"thumbnailUrl\":\"https:\\\/\\\/kuali.com.mx\\\/web\\\/wp-content\\\/uploads\\\/2022\\\/08\\\/Policias-Celaya.jpeg\",\"articleSection\":[\"Derechos Humanos\",\"slider\"],\"inLanguage\":\"es\",\"potentialAction\":[{\"@type\":\"CommentAction\",\"name\":\"Comment\",\"target\":[\"https:\\\/\\\/kuali.com.mx\\\/web\\\/2022\\\/08\\\/13\\\/golpean-policias-de-celaya-a-periodistas\\\/#respond\"]}]},{\"@type\":\"WebPage\",\"@id\":\"https:\\\/\\\/kuali.com.mx\\\/web\\\/2022\\\/08\\\/13\\\/golpean-policias-de-celaya-a-periodistas\\\/\",\"url\":\"https:\\\/\\\/kuali.com.mx\\\/web\\\/2022\\\/08\\\/13\\\/golpean-policias-de-celaya-a-periodistas\\\/\",\"name\":\"GOLPEAN POLIC\u00cdAS DE CELAYA A PERIODISTAS - Kuali\",\"isPartOf\":{\"@id\":\"https:\\\/\\\/kuali.com.mx\\\/web\\\/#website\"},\"primaryImageOfPage\":{\"@id\":\"https:\\\/\\\/kuali.com.mx\\\/web\\\/2022\\\/08\\\/13\\\/golpean-policias-de-celaya-a-periodistas\\\/#primaryimage\"},\"image\":{\"@id\":\"https:\\\/\\\/kuali.com.mx\\\/web\\\/2022\\\/08\\\/13\\\/golpean-policias-de-celaya-a-periodistas\\\/#primaryimage\"},\"thumbnailUrl\":\"https:\\\/\\\/kuali.com.mx\\\/web\\\/wp-content\\\/uploads\\\/2022\\\/08\\\/Policias-Celaya.jpeg\",\"datePublished\":\"2022-08-13T13:11:14+00:00\",\"dateModified\":\"2022-08-13T13:11:49+00:00\",\"author\":{\"@id\":\"https:\\\/\\\/kuali.com.mx\\\/web\\\/#\\\/schema\\\/person\\\/6f89ffa8ecba9dae50662357923c5289\"},\"breadcrumb\":{\"@id\":\"https:\\\/\\\/kuali.com.mx\\\/web\\\/2022\\\/08\\\/13\\\/golpean-policias-de-celaya-a-periodistas\\\/#breadcrumb\"},\"inLanguage\":\"es\",\"potentialAction\":[{\"@type\":\"ReadAction\",\"target\":[\"https:\\\/\\\/kuali.com.mx\\\/web\\\/2022\\\/08\\\/13\\\/golpean-policias-de-celaya-a-periodistas\\\/\"]}]},{\"@type\":\"ImageObject\",\"inLanguage\":\"es\",\"@id\":\"https:\\\/\\\/kuali.com.mx\\\/web\\\/2022\\\/08\\\/13\\\/golpean-policias-de-celaya-a-periodistas\\\/#primaryimage\",\"url\":\"https:\\\/\\\/kuali.com.mx\\\/web\\\/wp-content\\\/uploads\\\/2022\\\/08\\\/Policias-Celaya.jpeg\",\"contentUrl\":\"https:\\\/\\\/kuali.com.mx\\\/web\\\/wp-content\\\/uploads\\\/2022\\\/08\\\/Policias-Celaya.jpeg\",\"width\":1857,\"height\":750},{\"@type\":\"BreadcrumbList\",\"@id\":\"https:\\\/\\\/kuali.com.mx\\\/web\\\/2022\\\/08\\\/13\\\/golpean-policias-de-celaya-a-periodistas\\\/#breadcrumb\",\"itemListElement\":[{\"@type\":\"ListItem\",\"position\":1,\"name\":\"Inicio\",\"item\":\"https:\\\/\\\/kuali.com.mx\\\/web\\\/\"},{\"@type\":\"ListItem\",\"position\":2,\"name\":\"GOLPEAN POLIC\u00cdAS DE CELAYA A PERIODISTAS\"}]},{\"@type\":\"WebSite\",\"@id\":\"https:\\\/\\\/kuali.com.mx\\\/web\\\/#website\",\"url\":\"https:\\\/\\\/kuali.com.mx\\\/web\\\/\",\"name\":\"Kuali\",\"description\":\"\",\"potentialAction\":[{\"@type\":\"SearchAction\",\"target\":{\"@type\":\"EntryPoint\",\"urlTemplate\":\"https:\\\/\\\/kuali.com.mx\\\/web\\\/?s={search_term_string}\"},\"query-input\":{\"@type\":\"PropertyValueSpecification\",\"valueRequired\":true,\"valueName\":\"search_term_string\"}}],\"inLanguage\":\"es\"},{\"@type\":\"Person\",\"@id\":\"https:\\\/\\\/kuali.com.mx\\\/web\\\/#\\\/schema\\\/person\\\/6f89ffa8ecba9dae50662357923c5289\",\"name\":\"Kuali Staff\",\"image\":{\"@type\":\"ImageObject\",\"inLanguage\":\"es\",\"@id\":\"https:\\\/\\\/secure.gravatar.com\\\/avatar\\\/f917ad82e5ab71227a733c78b6e60715476f69ee6be59feee4eb5d9920c89e0f?s=96&d=mm&r=g\",\"url\":\"https:\\\/\\\/secure.gravatar.com\\\/avatar\\\/f917ad82e5ab71227a733c78b6e60715476f69ee6be59feee4eb5d9920c89e0f?s=96&d=mm&r=g\",\"contentUrl\":\"https:\\\/\\\/secure.gravatar.com\\\/avatar\\\/f917ad82e5ab71227a733c78b6e60715476f69ee6be59feee4eb5d9920c89e0f?s=96&d=mm&r=g\",\"caption\":\"Kuali Staff\"},\"url\":\"https:\\\/\\\/kuali.com.mx\\\/web\\\/author\\\/lagarto\\\/\"}]}<\/script>\n<!-- \/ Yoast SEO plugin. -->","yoast_head_json":{"title":"GOLPEAN POLIC\u00cdAS DE CELAYA A PERIODISTAS - Kuali","robots":{"index":"index","follow":"follow","max-snippet":"max-snippet:-1","max-image-preview":"max-image-preview:large","max-video-preview":"max-video-preview:-1"},"canonical":"https:\/\/kuali.com.mx\/web\/2022\/08\/13\/golpean-policias-de-celaya-a-periodistas\/","og_locale":"es_MX","og_type":"article","og_title":"GOLPEAN POLIC\u00cdAS DE CELAYA A PERIODISTAS - Kuali","og_description":"Kuali\/Celaya, Gto.-Con golpes en la cara, amenazas de \u201ctreparlos\u201d, amagados, sometidos y con equipo da\u00f1ado, dos periodistas fueron v\u00edctimas de abuso de autoridad, por parte de polic\u00edas de Celaya durante la cobertura de las quemas de veh\u00edculos registradas este viernes. Los periodistas de Informativo \u00c1gora fueron agredidos en Comonfort por polic\u00edas de Celaya, que ni [&hellip;]","og_url":"https:\/\/kuali.com.mx\/web\/2022\/08\/13\/golpean-policias-de-celaya-a-periodistas\/","og_site_name":"Kuali","article_publisher":"https:\/\/kuali.com.mx\/web\/wp-content\/uploads\/2018\/04\/cropped-kuali_logo-1-1.png","article_published_time":"2022-08-13T13:11:14+00:00","article_modified_time":"2022-08-13T13:11:49+00:00","og_image":[{"width":1857,"height":750,"url":"https:\/\/kuali.com.mx\/web\/wp-content\/uploads\/2022\/08\/Policias-Celaya.jpeg","type":"image\/jpeg"}],"author":"Kuali Staff","twitter_card":"summary_large_image","twitter_creator":"@kuali_noticias","twitter_site":"@kuali_noticias","twitter_misc":{"Escrito por":"Kuali Staff","Tiempo de lectura":"6 minutos"},"schema":{"@context":"https:\/\/schema.org","@graph":[{"@type":"Article","@id":"https:\/\/kuali.com.mx\/web\/2022\/08\/13\/golpean-policias-de-celaya-a-periodistas\/#article","isPartOf":{"@id":"https:\/\/kuali.com.mx\/web\/2022\/08\/13\/golpean-policias-de-celaya-a-periodistas\/"},"author":{"name":"Kuali Staff","@id":"https:\/\/kuali.com.mx\/web\/#\/schema\/person\/6f89ffa8ecba9dae50662357923c5289"},"headline":"GOLPEAN POLIC\u00cdAS DE CELAYA A PERIODISTAS","datePublished":"2022-08-13T13:11:14+00:00","dateModified":"2022-08-13T13:11:49+00:00","mainEntityOfPage":{"@id":"https:\/\/kuali.com.mx\/web\/2022\/08\/13\/golpean-policias-de-celaya-a-periodistas\/"},"wordCount":1206,"commentCount":0,"image":{"@id":"https:\/\/kuali.com.mx\/web\/2022\/08\/13\/golpean-policias-de-celaya-a-periodistas\/#primaryimage"},"thumbnailUrl":"https:\/\/kuali.com.mx\/web\/wp-content\/uploads\/2022\/08\/Policias-Celaya.jpeg","articleSection":["Derechos Humanos","slider"],"inLanguage":"es","potentialAction":[{"@type":"CommentAction","name":"Comment","target":["https:\/\/kuali.com.mx\/web\/2022\/08\/13\/golpean-policias-de-celaya-a-periodistas\/#respond"]}]},{"@type":"WebPage","@id":"https:\/\/kuali.com.mx\/web\/2022\/08\/13\/golpean-policias-de-celaya-a-periodistas\/","url":"https:\/\/kuali.com.mx\/web\/2022\/08\/13\/golpean-policias-de-celaya-a-periodistas\/","name":"GOLPEAN POLIC\u00cdAS DE CELAYA A PERIODISTAS - Kuali","isPartOf":{"@id":"https:\/\/kuali.com.mx\/web\/#website"},"primaryImageOfPage":{"@id":"https:\/\/kuali.com.mx\/web\/2022\/08\/13\/golpean-policias-de-celaya-a-periodistas\/#primaryimage"},"image":{"@id":"https:\/\/kuali.com.mx\/web\/2022\/08\/13\/golpean-policias-de-celaya-a-periodistas\/#primaryimage"},"thumbnailUrl":"https:\/\/kuali.com.mx\/web\/wp-content\/uploads\/2022\/08\/Policias-Celaya.jpeg","datePublished":"2022-08-13T13:11:14+00:00","dateModified":"2022-08-13T13:11:49+00:00","author":{"@id":"https:\/\/kuali.com.mx\/web\/#\/schema\/person\/6f89ffa8ecba9dae50662357923c5289"},"breadcrumb":{"@id":"https:\/\/kuali.com.mx\/web\/2022\/08\/13\/golpean-policias-de-celaya-a-periodistas\/#breadcrumb"},"inLanguage":"es","potentialAction":[{"@type":"ReadAction","target":["https:\/\/kuali.com.mx\/web\/2022\/08\/13\/golpean-policias-de-celaya-a-periodistas\/"]}]},{"@type":"ImageObject","inLanguage":"es","@id":"https:\/\/kuali.com.mx\/web\/2022\/08\/13\/golpean-policias-de-celaya-a-periodistas\/#primaryimage","url":"https:\/\/kuali.com.mx\/web\/wp-content\/uploads\/2022\/08\/Policias-Celaya.jpeg","contentUrl":"https:\/\/kuali.com.mx\/web\/wp-content\/uploads\/2022\/08\/Policias-Celaya.jpeg","width":1857,"height":750},{"@type":"BreadcrumbList","@id":"https:\/\/kuali.com.mx\/web\/2022\/08\/13\/golpean-policias-de-celaya-a-periodistas\/#breadcrumb","itemListElement":[{"@type":"ListItem","position":1,"name":"Inicio","item":"https:\/\/kuali.com.mx\/web\/"},{"@type":"ListItem","position":2,"name":"GOLPEAN POLIC\u00cdAS DE CELAYA A PERIODISTAS"}]},{"@type":"WebSite","@id":"https:\/\/kuali.com.mx\/web\/#website","url":"https:\/\/kuali.com.mx\/web\/","name":"Kuali","description":"","potentialAction":[{"@type":"SearchAction","target":{"@type":"EntryPoint","urlTemplate":"https:\/\/kuali.com.mx\/web\/?s={search_term_string}"},"query-input":{"@type":"PropertyValueSpecification","valueRequired":true,"valueName":"search_term_string"}}],"inLanguage":"es"},{"@type":"Person","@id":"https:\/\/kuali.com.mx\/web\/#\/schema\/person\/6f89ffa8ecba9dae50662357923c5289","name":"Kuali Staff","image":{"@type":"ImageObject","inLanguage":"es","@id":"https:\/\/secure.gravatar.com\/avatar\/f917ad82e5ab71227a733c78b6e60715476f69ee6be59feee4eb5d9920c89e0f?s=96&d=mm&r=g","url":"https:\/\/secure.gravatar.com\/avatar\/f917ad82e5ab71227a733c78b6e60715476f69ee6be59feee4eb5d9920c89e0f?s=96&d=mm&r=g","contentUrl":"https:\/\/secure.gravatar.com\/avatar\/f917ad82e5ab71227a733c78b6e60715476f69ee6be59feee4eb5d9920c89e0f?s=96&d=mm&r=g","caption":"Kuali Staff"},"url":"https:\/\/kuali.com.mx\/web\/author\/lagarto\/"}]}},"_links":{"self":[{"href":"https:\/\/kuali.com.mx\/web\/wp-json\/wp\/v2\/posts\/102059","targetHints":{"allow":["GET"]}}],"collection":[{"href":"https:\/\/kuali.com.mx\/web\/wp-json\/wp\/v2\/posts"}],"about":[{"href":"https:\/\/kuali.com.mx\/web\/wp-json\/wp\/v2\/types\/post"}],"author":[{"embeddable":true,"href":"https:\/\/kuali.com.mx\/web\/wp-json\/wp\/v2\/users\/2"}],"replies":[{"embeddable":true,"href":"https:\/\/kuali.com.mx\/web\/wp-json\/wp\/v2\/comments?post=102059"}],"version-history":[{"count":2,"href":"https:\/\/kuali.com.mx\/web\/wp-json\/wp\/v2\/posts\/102059\/revisions"}],"predecessor-version":[{"id":102063,"href":"https:\/\/kuali.com.mx\/web\/wp-json\/wp\/v2\/posts\/102059\/revisions\/102063"}],"wp:featuredmedia":[{"embeddable":true,"href":"https:\/\/kuali.com.mx\/web\/wp-json\/wp\/v2\/media\/102061"}],"wp:attachment":[{"href":"https:\/\/kuali.com.mx\/web\/wp-json\/wp\/v2\/media?parent=102059"}],"wp:term":[{"taxonomy":"category","embeddable":true,"href":"https:\/\/kuali.com.mx\/web\/wp-json\/wp\/v2\/categories?post=102059"},{"taxonomy":"post_tag","embeddable":true,"href":"https:\/\/kuali.com.mx\/web\/wp-json\/wp\/v2\/tags?post=102059"}],"curies":[{"name":"wp","href":"https:\/\/api.w.org\/{rel}","templated":true}]}}