{"id":102032,"date":"2022-08-12T17:21:06","date_gmt":"2022-08-12T23:21:06","guid":{"rendered":"https:\/\/kuali.com.mx\/web\/?p=102032"},"modified":"2022-08-12T17:21:07","modified_gmt":"2022-08-12T23:21:07","slug":"sentencian-a-120-anos-a-sicarios-que-atacaron-a-policias","status":"publish","type":"post","link":"https:\/\/kuali.com.mx\/web\/2022\/08\/12\/sentencian-a-120-anos-a-sicarios-que-atacaron-a-policias\/","title":{"rendered":"SENTENCIAN A 120 A\u00d1OS A SICARIOS QUE ATACARON A POLIC\u00cdAS"},"content":{"rendered":"\n<p><strong><em>Kuali\/Celaya, Gto.-<\/em><\/strong>Rolando y Erik Yunued\u00a0pasar\u00e1n m\u00e1s de 120 a\u00f1os en la c\u00e1rcel, culpables del asesinato de un hombre y de haber disparado en contra de elementos de la Agencia de Investigaci\u00f3n Criminal, durante una persecuci\u00f3n en el municipio de Celaya.<\/p>\n\n\n\n<p>En juicio oral, la Fiscal\u00eda General del Estado obtuvo la fuerte sentencia por los hechos que se describen a continuaci\u00f3n:<\/p>\n\n\n\n<p>Alrededor de las 11:40 horas del 7 de julio del a\u00f1o 2020,&nbsp;los sentenciados, con armas de fuego en mano, arribaron a un inmueble en la calle Ejido de Ojo Seco en la colonia Ejidal en Celaya y comenzaron a golpear la puerta de dicho domicilio hasta que lograron ingresar y en el interior ubicaron a Daniel \u201cN\u201d a quien asesinaron de varios disparos que penetraron su cr\u00e1neo y t\u00f3rax.<\/p>\n\n\n\n<p>Hecho lo anterior, los agresores huyeron del lugar a bordo de una camioneta pero fueron detectados por Agentes de Investigaci\u00f3n Criminal, quienes circulaban en ese momento por la zona y al percatarse de su presencia comenzaron una persecuci\u00f3n que se prolong\u00f3 por varias calles de la ciudad.<\/p>\n\n\n\n<p>&nbsp;<br>Al operativo se sumaron m\u00e1s elementos de la AIC, quienes abrieron fuego contra los agresores al ser agredidos a tiros a la altura de la calle Bosques de Chapultepec esquina con Sierra Paracaima.<\/p>\n\n\n\n<p>Al llegar a la calle Mutualismo, los inculpados se bajaron del veh\u00edculo portando las armas de fuego para continuar huyendo a pie, pero m\u00e1s adelante fueron detenidos por los agentes, quienes les aseguraron las armas.<\/p>\n\n\n\n<p><strong>RONALDO \u201cN\u201d&nbsp;<\/strong>y<strong>&nbsp;ERIK YUNUED \u201cN\u201d<\/strong>&nbsp;fueron puestos a disposici\u00f3n de un Agente del Ministerio P\u00fablico, qui\u00e9n inici\u00f3 una carpeta de investigaci\u00f3n por los delitos de homicidio calificado y homicidio en grado de tentativa en agravio de servidores p\u00fablicos.<\/p>\n\n\n\n<p>El Fiscal a cargo solicit\u00f3 la audiencia en la cual el juez de control calific\u00f3 de legal la detenci\u00f3n de estos sujetos y ante las pruebas aportadas por el Ministerio P\u00fablico, resolvi\u00f3 que fueran recluidos en el Centro de Reinserci\u00f3n Social, vinculados a proceso penal por los delitos imputados.<\/p>\n\n\n\n<p>Posteriormente, los imputados fueron notificados en audiencia de explicaci\u00f3n de sentencia, sobre las consecuencias que les fueron impuestas por el impartidor de justicia, al haber actuado de manera criminal el d\u00eda de los hechos.<\/p>\n\n\n\n<p>Adem\u00e1s de una cuantiosa suma de dinero por concepto de la reparaci\u00f3n del da\u00f1o a favor de las v\u00edctimas indirectas del homicidio de Daniel \u201cN\u201d y de la Fiscal\u00eda General del Estado, por los da\u00f1os a las unidades que impactaron los disparos que efectuaron en contra de los AIC,&nbsp;<strong>RONALDO \u201cN\u201d y ERIK YUNUED \u201cN\u201d&nbsp;<\/strong>fueron condenados a 122 a\u00f1os y 6 meses tras las rejas.<\/p>\n","protected":false},"excerpt":{"rendered":"Kuali\/Celaya, Gto.-Rolando y Erik Yunued\u00a0pasar\u00e1n m\u00e1s de 120 a\u00f1os en la c\u00e1rcel, culpables del asesinato de un hombre y de haber disparado en contra de elementos de la Agencia de Investigaci\u00f3n Criminal, durante una persecuci\u00f3n en el municipio de Celaya. En juicio oral, la Fiscal\u00eda General del Estado obtuvo la fuerte sentencia por los hechos [&hellip;]","protected":false},"author":2,"featured_media":69370,"comment_status":"open","ping_status":"open","sticky":false,"template":"","format":"standard","meta":{"_seopress_robots_primary_cat":"none","_seopress_titles_title":"","_seopress_titles_desc":"","_seopress_robots_index":"","_monsterinsights_skip_tracking":false,"_monsterinsights_sitenote_active":false,"_monsterinsights_sitenote_note":"","_monsterinsights_sitenote_category":0,"footnotes":""},"categories":[3,69],"tags":[],"class_list":["post-102032","post","type-post","status-publish","format-standard","has-post-thumbnail","hentry","category-politica","category-slider"],"yoast_head":"<!-- This site is optimized with the Yoast SEO plugin v27.4 - https:\/\/yoast.com\/product\/yoast-seo-wordpress\/ -->\n<title>SENTENCIAN A 120 A\u00d1OS A SICARIOS QUE ATACARON A POLIC\u00cdAS - Kuali<\/title>\n<meta name=\"robots\" content=\"index, follow, max-snippet:-1, max-image-preview:large, max-video-preview:-1\" \/>\n<link rel=\"canonical\" href=\"https:\/\/kuali.com.mx\/web\/2022\/08\/12\/sentencian-a-120-anos-a-sicarios-que-atacaron-a-policias\/\" \/>\n<meta property=\"og:locale\" content=\"es_MX\" \/>\n<meta property=\"og:type\" content=\"article\" \/>\n<meta property=\"og:title\" content=\"SENTENCIAN A 120 A\u00d1OS A SICARIOS QUE ATACARON A POLIC\u00cdAS - Kuali\" \/>\n<meta property=\"og:description\" content=\"Kuali\/Celaya, Gto.-Rolando y Erik Yunued\u00a0pasar\u00e1n m\u00e1s de 120 a\u00f1os en la c\u00e1rcel, culpables del asesinato de un hombre y de haber disparado en contra de elementos de la Agencia de Investigaci\u00f3n Criminal, durante una persecuci\u00f3n en el municipio de Celaya. En juicio oral, la Fiscal\u00eda General del Estado obtuvo la fuerte sentencia por los hechos [&hellip;]\" \/>\n<meta property=\"og:url\" content=\"https:\/\/kuali.com.mx\/web\/2022\/08\/12\/sentencian-a-120-anos-a-sicarios-que-atacaron-a-policias\/\" \/>\n<meta property=\"og:site_name\" content=\"Kuali\" \/>\n<meta property=\"article:publisher\" content=\"https:\/\/kuali.com.mx\/web\/wp-content\/uploads\/2018\/04\/cropped-kuali_logo-1-1.png\" \/>\n<meta property=\"article:published_time\" content=\"2022-08-12T23:21:06+00:00\" \/>\n<meta property=\"article:modified_time\" content=\"2022-08-12T23:21:07+00:00\" \/>\n<meta property=\"og:image\" content=\"https:\/\/kuali.com.mx\/web\/wp-content\/uploads\/2020\/04\/C\u00c1RCEL-PRISI\u00d3N.jpg\" \/>\n\t<meta property=\"og:image:width\" content=\"1753\" \/>\n\t<meta property=\"og:image:height\" content=\"750\" \/>\n\t<meta property=\"og:image:type\" content=\"image\/jpeg\" \/>\n<meta name=\"author\" content=\"Kuali Staff\" \/>\n<meta name=\"twitter:card\" content=\"summary_large_image\" \/>\n<meta name=\"twitter:creator\" content=\"@kuali_noticias\" \/>\n<meta name=\"twitter:site\" content=\"@kuali_noticias\" \/>\n<meta name=\"twitter:label1\" content=\"Escrito por\" \/>\n\t<meta name=\"twitter:data1\" content=\"Kuali Staff\" \/>\n\t<meta name=\"twitter:label2\" content=\"Tiempo de lectura\" \/>\n\t<meta name=\"twitter:data2\" content=\"2 minutos\" \/>\n<script type=\"application\/ld+json\" class=\"yoast-schema-graph\">{\"@context\":\"https:\\\/\\\/schema.org\",\"@graph\":[{\"@type\":\"Article\",\"@id\":\"https:\\\/\\\/kuali.com.mx\\\/web\\\/2022\\\/08\\\/12\\\/sentencian-a-120-anos-a-sicarios-que-atacaron-a-policias\\\/#article\",\"isPartOf\":{\"@id\":\"https:\\\/\\\/kuali.com.mx\\\/web\\\/2022\\\/08\\\/12\\\/sentencian-a-120-anos-a-sicarios-que-atacaron-a-policias\\\/\"},\"author\":{\"name\":\"Kuali Staff\",\"@id\":\"https:\\\/\\\/kuali.com.mx\\\/web\\\/#\\\/schema\\\/person\\\/6f89ffa8ecba9dae50662357923c5289\"},\"headline\":\"SENTENCIAN A 120 A\u00d1OS A SICARIOS QUE ATACARON A POLIC\u00cdAS\",\"datePublished\":\"2022-08-12T23:21:06+00:00\",\"dateModified\":\"2022-08-12T23:21:07+00:00\",\"mainEntityOfPage\":{\"@id\":\"https:\\\/\\\/kuali.com.mx\\\/web\\\/2022\\\/08\\\/12\\\/sentencian-a-120-anos-a-sicarios-que-atacaron-a-policias\\\/\"},\"wordCount\":482,\"commentCount\":0,\"image\":{\"@id\":\"https:\\\/\\\/kuali.com.mx\\\/web\\\/2022\\\/08\\\/12\\\/sentencian-a-120-anos-a-sicarios-que-atacaron-a-policias\\\/#primaryimage\"},\"thumbnailUrl\":\"https:\\\/\\\/kuali.com.mx\\\/web\\\/wp-content\\\/uploads\\\/2020\\\/04\\\/C\u00c1RCEL-PRISI\u00d3N.jpg\",\"articleSection\":[\"Pol\u00edtica\",\"slider\"],\"inLanguage\":\"es\",\"potentialAction\":[{\"@type\":\"CommentAction\",\"name\":\"Comment\",\"target\":[\"https:\\\/\\\/kuali.com.mx\\\/web\\\/2022\\\/08\\\/12\\\/sentencian-a-120-anos-a-sicarios-que-atacaron-a-policias\\\/#respond\"]}]},{\"@type\":\"WebPage\",\"@id\":\"https:\\\/\\\/kuali.com.mx\\\/web\\\/2022\\\/08\\\/12\\\/sentencian-a-120-anos-a-sicarios-que-atacaron-a-policias\\\/\",\"url\":\"https:\\\/\\\/kuali.com.mx\\\/web\\\/2022\\\/08\\\/12\\\/sentencian-a-120-anos-a-sicarios-que-atacaron-a-policias\\\/\",\"name\":\"SENTENCIAN A 120 A\u00d1OS A SICARIOS QUE ATACARON A POLIC\u00cdAS - Kuali\",\"isPartOf\":{\"@id\":\"https:\\\/\\\/kuali.com.mx\\\/web\\\/#website\"},\"primaryImageOfPage\":{\"@id\":\"https:\\\/\\\/kuali.com.mx\\\/web\\\/2022\\\/08\\\/12\\\/sentencian-a-120-anos-a-sicarios-que-atacaron-a-policias\\\/#primaryimage\"},\"image\":{\"@id\":\"https:\\\/\\\/kuali.com.mx\\\/web\\\/2022\\\/08\\\/12\\\/sentencian-a-120-anos-a-sicarios-que-atacaron-a-policias\\\/#primaryimage\"},\"thumbnailUrl\":\"https:\\\/\\\/kuali.com.mx\\\/web\\\/wp-content\\\/uploads\\\/2020\\\/04\\\/C\u00c1RCEL-PRISI\u00d3N.jpg\",\"datePublished\":\"2022-08-12T23:21:06+00:00\",\"dateModified\":\"2022-08-12T23:21:07+00:00\",\"author\":{\"@id\":\"https:\\\/\\\/kuali.com.mx\\\/web\\\/#\\\/schema\\\/person\\\/6f89ffa8ecba9dae50662357923c5289\"},\"breadcrumb\":{\"@id\":\"https:\\\/\\\/kuali.com.mx\\\/web\\\/2022\\\/08\\\/12\\\/sentencian-a-120-anos-a-sicarios-que-atacaron-a-policias\\\/#breadcrumb\"},\"inLanguage\":\"es\",\"potentialAction\":[{\"@type\":\"ReadAction\",\"target\":[\"https:\\\/\\\/kuali.com.mx\\\/web\\\/2022\\\/08\\\/12\\\/sentencian-a-120-anos-a-sicarios-que-atacaron-a-policias\\\/\"]}]},{\"@type\":\"ImageObject\",\"inLanguage\":\"es\",\"@id\":\"https:\\\/\\\/kuali.com.mx\\\/web\\\/2022\\\/08\\\/12\\\/sentencian-a-120-anos-a-sicarios-que-atacaron-a-policias\\\/#primaryimage\",\"url\":\"https:\\\/\\\/kuali.com.mx\\\/web\\\/wp-content\\\/uploads\\\/2020\\\/04\\\/C\u00c1RCEL-PRISI\u00d3N.jpg\",\"contentUrl\":\"https:\\\/\\\/kuali.com.mx\\\/web\\\/wp-content\\\/uploads\\\/2020\\\/04\\\/C\u00c1RCEL-PRISI\u00d3N.jpg\",\"width\":1753,\"height\":750},{\"@type\":\"BreadcrumbList\",\"@id\":\"https:\\\/\\\/kuali.com.mx\\\/web\\\/2022\\\/08\\\/12\\\/sentencian-a-120-anos-a-sicarios-que-atacaron-a-policias\\\/#breadcrumb\",\"itemListElement\":[{\"@type\":\"ListItem\",\"position\":1,\"name\":\"Inicio\",\"item\":\"https:\\\/\\\/kuali.com.mx\\\/web\\\/\"},{\"@type\":\"ListItem\",\"position\":2,\"name\":\"SENTENCIAN A 120 A\u00d1OS A SICARIOS QUE ATACARON A POLIC\u00cdAS\"}]},{\"@type\":\"WebSite\",\"@id\":\"https:\\\/\\\/kuali.com.mx\\\/web\\\/#website\",\"url\":\"https:\\\/\\\/kuali.com.mx\\\/web\\\/\",\"name\":\"Kuali\",\"description\":\"\",\"potentialAction\":[{\"@type\":\"SearchAction\",\"target\":{\"@type\":\"EntryPoint\",\"urlTemplate\":\"https:\\\/\\\/kuali.com.mx\\\/web\\\/?s={search_term_string}\"},\"query-input\":{\"@type\":\"PropertyValueSpecification\",\"valueRequired\":true,\"valueName\":\"search_term_string\"}}],\"inLanguage\":\"es\"},{\"@type\":\"Person\",\"@id\":\"https:\\\/\\\/kuali.com.mx\\\/web\\\/#\\\/schema\\\/person\\\/6f89ffa8ecba9dae50662357923c5289\",\"name\":\"Kuali Staff\",\"image\":{\"@type\":\"ImageObject\",\"inLanguage\":\"es\",\"@id\":\"https:\\\/\\\/secure.gravatar.com\\\/avatar\\\/f917ad82e5ab71227a733c78b6e60715476f69ee6be59feee4eb5d9920c89e0f?s=96&d=mm&r=g\",\"url\":\"https:\\\/\\\/secure.gravatar.com\\\/avatar\\\/f917ad82e5ab71227a733c78b6e60715476f69ee6be59feee4eb5d9920c89e0f?s=96&d=mm&r=g\",\"contentUrl\":\"https:\\\/\\\/secure.gravatar.com\\\/avatar\\\/f917ad82e5ab71227a733c78b6e60715476f69ee6be59feee4eb5d9920c89e0f?s=96&d=mm&r=g\",\"caption\":\"Kuali Staff\"},\"url\":\"https:\\\/\\\/kuali.com.mx\\\/web\\\/author\\\/lagarto\\\/\"}]}<\/script>\n<!-- \/ Yoast SEO plugin. -->","yoast_head_json":{"title":"SENTENCIAN A 120 A\u00d1OS A SICARIOS QUE ATACARON A POLIC\u00cdAS - Kuali","robots":{"index":"index","follow":"follow","max-snippet":"max-snippet:-1","max-image-preview":"max-image-preview:large","max-video-preview":"max-video-preview:-1"},"canonical":"https:\/\/kuali.com.mx\/web\/2022\/08\/12\/sentencian-a-120-anos-a-sicarios-que-atacaron-a-policias\/","og_locale":"es_MX","og_type":"article","og_title":"SENTENCIAN A 120 A\u00d1OS A SICARIOS QUE ATACARON A POLIC\u00cdAS - Kuali","og_description":"Kuali\/Celaya, Gto.-Rolando y Erik Yunued\u00a0pasar\u00e1n m\u00e1s de 120 a\u00f1os en la c\u00e1rcel, culpables del asesinato de un hombre y de haber disparado en contra de elementos de la Agencia de Investigaci\u00f3n Criminal, durante una persecuci\u00f3n en el municipio de Celaya. En juicio oral, la Fiscal\u00eda General del Estado obtuvo la fuerte sentencia por los hechos [&hellip;]","og_url":"https:\/\/kuali.com.mx\/web\/2022\/08\/12\/sentencian-a-120-anos-a-sicarios-que-atacaron-a-policias\/","og_site_name":"Kuali","article_publisher":"https:\/\/kuali.com.mx\/web\/wp-content\/uploads\/2018\/04\/cropped-kuali_logo-1-1.png","article_published_time":"2022-08-12T23:21:06+00:00","article_modified_time":"2022-08-12T23:21:07+00:00","og_image":[{"width":1753,"height":750,"url":"https:\/\/kuali.com.mx\/web\/wp-content\/uploads\/2020\/04\/C\u00c1RCEL-PRISI\u00d3N.jpg","type":"image\/jpeg"}],"author":"Kuali Staff","twitter_card":"summary_large_image","twitter_creator":"@kuali_noticias","twitter_site":"@kuali_noticias","twitter_misc":{"Escrito por":"Kuali Staff","Tiempo de lectura":"2 minutos"},"schema":{"@context":"https:\/\/schema.org","@graph":[{"@type":"Article","@id":"https:\/\/kuali.com.mx\/web\/2022\/08\/12\/sentencian-a-120-anos-a-sicarios-que-atacaron-a-policias\/#article","isPartOf":{"@id":"https:\/\/kuali.com.mx\/web\/2022\/08\/12\/sentencian-a-120-anos-a-sicarios-que-atacaron-a-policias\/"},"author":{"name":"Kuali Staff","@id":"https:\/\/kuali.com.mx\/web\/#\/schema\/person\/6f89ffa8ecba9dae50662357923c5289"},"headline":"SENTENCIAN A 120 A\u00d1OS A SICARIOS QUE ATACARON A POLIC\u00cdAS","datePublished":"2022-08-12T23:21:06+00:00","dateModified":"2022-08-12T23:21:07+00:00","mainEntityOfPage":{"@id":"https:\/\/kuali.com.mx\/web\/2022\/08\/12\/sentencian-a-120-anos-a-sicarios-que-atacaron-a-policias\/"},"wordCount":482,"commentCount":0,"image":{"@id":"https:\/\/kuali.com.mx\/web\/2022\/08\/12\/sentencian-a-120-anos-a-sicarios-que-atacaron-a-policias\/#primaryimage"},"thumbnailUrl":"https:\/\/kuali.com.mx\/web\/wp-content\/uploads\/2020\/04\/C\u00c1RCEL-PRISI\u00d3N.jpg","articleSection":["Pol\u00edtica","slider"],"inLanguage":"es","potentialAction":[{"@type":"CommentAction","name":"Comment","target":["https:\/\/kuali.com.mx\/web\/2022\/08\/12\/sentencian-a-120-anos-a-sicarios-que-atacaron-a-policias\/#respond"]}]},{"@type":"WebPage","@id":"https:\/\/kuali.com.mx\/web\/2022\/08\/12\/sentencian-a-120-anos-a-sicarios-que-atacaron-a-policias\/","url":"https:\/\/kuali.com.mx\/web\/2022\/08\/12\/sentencian-a-120-anos-a-sicarios-que-atacaron-a-policias\/","name":"SENTENCIAN A 120 A\u00d1OS A SICARIOS QUE ATACARON A POLIC\u00cdAS - Kuali","isPartOf":{"@id":"https:\/\/kuali.com.mx\/web\/#website"},"primaryImageOfPage":{"@id":"https:\/\/kuali.com.mx\/web\/2022\/08\/12\/sentencian-a-120-anos-a-sicarios-que-atacaron-a-policias\/#primaryimage"},"image":{"@id":"https:\/\/kuali.com.mx\/web\/2022\/08\/12\/sentencian-a-120-anos-a-sicarios-que-atacaron-a-policias\/#primaryimage"},"thumbnailUrl":"https:\/\/kuali.com.mx\/web\/wp-content\/uploads\/2020\/04\/C\u00c1RCEL-PRISI\u00d3N.jpg","datePublished":"2022-08-12T23:21:06+00:00","dateModified":"2022-08-12T23:21:07+00:00","author":{"@id":"https:\/\/kuali.com.mx\/web\/#\/schema\/person\/6f89ffa8ecba9dae50662357923c5289"},"breadcrumb":{"@id":"https:\/\/kuali.com.mx\/web\/2022\/08\/12\/sentencian-a-120-anos-a-sicarios-que-atacaron-a-policias\/#breadcrumb"},"inLanguage":"es","potentialAction":[{"@type":"ReadAction","target":["https:\/\/kuali.com.mx\/web\/2022\/08\/12\/sentencian-a-120-anos-a-sicarios-que-atacaron-a-policias\/"]}]},{"@type":"ImageObject","inLanguage":"es","@id":"https:\/\/kuali.com.mx\/web\/2022\/08\/12\/sentencian-a-120-anos-a-sicarios-que-atacaron-a-policias\/#primaryimage","url":"https:\/\/kuali.com.mx\/web\/wp-content\/uploads\/2020\/04\/C\u00c1RCEL-PRISI\u00d3N.jpg","contentUrl":"https:\/\/kuali.com.mx\/web\/wp-content\/uploads\/2020\/04\/C\u00c1RCEL-PRISI\u00d3N.jpg","width":1753,"height":750},{"@type":"BreadcrumbList","@id":"https:\/\/kuali.com.mx\/web\/2022\/08\/12\/sentencian-a-120-anos-a-sicarios-que-atacaron-a-policias\/#breadcrumb","itemListElement":[{"@type":"ListItem","position":1,"name":"Inicio","item":"https:\/\/kuali.com.mx\/web\/"},{"@type":"ListItem","position":2,"name":"SENTENCIAN A 120 A\u00d1OS A SICARIOS QUE ATACARON A POLIC\u00cdAS"}]},{"@type":"WebSite","@id":"https:\/\/kuali.com.mx\/web\/#website","url":"https:\/\/kuali.com.mx\/web\/","name":"Kuali","description":"","potentialAction":[{"@type":"SearchAction","target":{"@type":"EntryPoint","urlTemplate":"https:\/\/kuali.com.mx\/web\/?s={search_term_string}"},"query-input":{"@type":"PropertyValueSpecification","valueRequired":true,"valueName":"search_term_string"}}],"inLanguage":"es"},{"@type":"Person","@id":"https:\/\/kuali.com.mx\/web\/#\/schema\/person\/6f89ffa8ecba9dae50662357923c5289","name":"Kuali Staff","image":{"@type":"ImageObject","inLanguage":"es","@id":"https:\/\/secure.gravatar.com\/avatar\/f917ad82e5ab71227a733c78b6e60715476f69ee6be59feee4eb5d9920c89e0f?s=96&d=mm&r=g","url":"https:\/\/secure.gravatar.com\/avatar\/f917ad82e5ab71227a733c78b6e60715476f69ee6be59feee4eb5d9920c89e0f?s=96&d=mm&r=g","contentUrl":"https:\/\/secure.gravatar.com\/avatar\/f917ad82e5ab71227a733c78b6e60715476f69ee6be59feee4eb5d9920c89e0f?s=96&d=mm&r=g","caption":"Kuali Staff"},"url":"https:\/\/kuali.com.mx\/web\/author\/lagarto\/"}]}},"_links":{"self":[{"href":"https:\/\/kuali.com.mx\/web\/wp-json\/wp\/v2\/posts\/102032","targetHints":{"allow":["GET"]}}],"collection":[{"href":"https:\/\/kuali.com.mx\/web\/wp-json\/wp\/v2\/posts"}],"about":[{"href":"https:\/\/kuali.com.mx\/web\/wp-json\/wp\/v2\/types\/post"}],"author":[{"embeddable":true,"href":"https:\/\/kuali.com.mx\/web\/wp-json\/wp\/v2\/users\/2"}],"replies":[{"embeddable":true,"href":"https:\/\/kuali.com.mx\/web\/wp-json\/wp\/v2\/comments?post=102032"}],"version-history":[{"count":1,"href":"https:\/\/kuali.com.mx\/web\/wp-json\/wp\/v2\/posts\/102032\/revisions"}],"predecessor-version":[{"id":102034,"href":"https:\/\/kuali.com.mx\/web\/wp-json\/wp\/v2\/posts\/102032\/revisions\/102034"}],"wp:featuredmedia":[{"embeddable":true,"href":"https:\/\/kuali.com.mx\/web\/wp-json\/wp\/v2\/media\/69370"}],"wp:attachment":[{"href":"https:\/\/kuali.com.mx\/web\/wp-json\/wp\/v2\/media?parent=102032"}],"wp:term":[{"taxonomy":"category","embeddable":true,"href":"https:\/\/kuali.com.mx\/web\/wp-json\/wp\/v2\/categories?post=102032"},{"taxonomy":"post_tag","embeddable":true,"href":"https:\/\/kuali.com.mx\/web\/wp-json\/wp\/v2\/tags?post=102032"}],"curies":[{"name":"wp","href":"https:\/\/api.w.org\/{rel}","templated":true}]}}