{"id":102009,"date":"2022-08-12T17:19:19","date_gmt":"2022-08-12T23:19:19","guid":{"rendered":"https:\/\/kuali.com.mx\/web\/?p=102009"},"modified":"2022-08-13T07:20:42","modified_gmt":"2022-08-13T13:20:42","slug":"mejorar-coordinacion-en-seguridad-exigen-empresarios-2","status":"publish","type":"post","link":"https:\/\/kuali.com.mx\/web\/2022\/08\/12\/mejorar-coordinacion-en-seguridad-exigen-empresarios-2\/","title":{"rendered":"MEJORAR COORDINACI\u00d3N EN SEGURIDAD, EXIGEN EMPRESARIOS"},"content":{"rendered":"\n<p><strong>Kuali\/Le\u00f3n, Gto.- <\/strong>Ante la ola de violencia y el terror que vivi\u00f3 parte de la ciudadan\u00eda leonesa, la noche del martes, el Consejo Coordinador Empresarial de Le\u00f3n (CCEL) exige estrategias mejor coordinadas y que no haya impunidad.<\/p>\n\n\n\n<p>Luego de que m\u00e1s de 14 municipios del estado de Guanajuato, entre ellos Le\u00f3n, vivieron una fuerte jornada de violencia a manos de organizaciones criminales, el organismo empresarial que aglutina a los consejos de las diversas c\u00e1maras de Le\u00f3n, emiti\u00f3 este jueves un comunicado de prensa en el que reprueba y repudia en\u00e9rgicamente los hechos \u201cque violentan la paz, la tranquilidad y el orden en nuestras ciudades\u201d.<\/p>\n\n\n\n<p>Para la c\u00fapula empresarial \u201cla intenci\u00f3n dolosa de la delincuencia por afectar la percepci\u00f3n de seguridad y estabilidad entre los guanajuatenses no puede prevalecer, y m\u00e1s bien debe ser enfrentada con acciones contundentes que lleven a la justicia a los autores de estos ataques, mandando un mensaje claro de que en Guanajuato no hay cabida para los violentos y se castiga con todo el peso de la ley a quienes pretenden hacer da\u00f1o con la violencia y la delincuencia\u201d.<\/p>\n\n\n\n<p>Los hechos violentos a los que se refiere el CCEL dieron como resultado cuatro veh\u00edculos automotores y una farmacia incendiados, as\u00ed como el connato de incendio de dos tiendas Oxxo.<\/p>\n\n\n\n<p>En el comunicado del consejo coordinador se se\u00f1ala que a los empresarios les preocupa la inseguridad que se ha venido enfrentando, tanto por los da\u00f1os a las familias y su patrimonio como el enrarecimiento del ambiente que pone en riesgo &nbsp;el trabajo de quienes quieren construir oportunidades.<\/p>\n\n\n\n<p>Agregan que la poblaci\u00f3n de Le\u00f3n y del estado requiere de un entorno en el que se sienta segura, y reiteran su respaldo a las autoridades para que fortalezcan las medidas de seguridad \u201ccon una mejor coordinaci\u00f3n entre las instancias responsables de la seguridad y de la procuraci\u00f3n e impartici\u00f3n de justicia de los tres niveles de gobierno, implementando estrategias m\u00e1s eficaces para evitar que estos hechos se repitan y puedan quedar impunes\u201d.<\/p>\n\n\n\n<p>Por \u00faltimo, el Consejo Coordinador Empresarial de Le\u00f3n (CCEL) hizo un llamado autoridades y ciudadan\u00eda a mantenerse unidos, rechazar la violencia y denunciar cualquier hecho delictivo \u201creconociendo que un entorno seguro requiere de la participaci\u00f3n de todos\u201d.<\/p>\n","protected":false},"excerpt":{"rendered":"Kuali\/Le\u00f3n, Gto.- Ante la ola de violencia y el terror que vivi\u00f3 parte de la ciudadan\u00eda leonesa, la noche del martes, el Consejo Coordinador Empresarial de Le\u00f3n (CCEL) exige estrategias mejor coordinadas y que no haya impunidad. Luego de que m\u00e1s de 14 municipios del estado de Guanajuato, entre ellos Le\u00f3n, vivieron una fuerte jornada [&hellip;]","protected":false},"author":2,"featured_media":102011,"comment_status":"open","ping_status":"open","sticky":false,"template":"","format":"standard","meta":{"_seopress_robots_primary_cat":"none","_seopress_titles_title":"","_seopress_titles_desc":"","_seopress_robots_index":"","_monsterinsights_skip_tracking":false,"_monsterinsights_sitenote_active":false,"_monsterinsights_sitenote_note":"","_monsterinsights_sitenote_category":0,"footnotes":""},"categories":[3,69],"tags":[861,921,101,10,927,138],"class_list":["post-102009","post","type-post","status-publish","format-standard","has-post-thumbnail","hentry","category-politica","category-slider","tag-crimen-organizado","tag-incendios","tag-inseguridad","tag-leon","tag-terrorismo","tag-violencia"],"yoast_head":"<!-- This site is optimized with the Yoast SEO plugin v27.4 - https:\/\/yoast.com\/product\/yoast-seo-wordpress\/ -->\n<title>MEJORAR COORDINACI\u00d3N EN SEGURIDAD, EXIGEN EMPRESARIOS - Kuali<\/title>\n<meta name=\"robots\" content=\"index, follow, max-snippet:-1, max-image-preview:large, max-video-preview:-1\" \/>\n<link rel=\"canonical\" href=\"https:\/\/kuali.com.mx\/web\/2022\/08\/12\/mejorar-coordinacion-en-seguridad-exigen-empresarios-2\/\" \/>\n<meta property=\"og:locale\" content=\"es_MX\" \/>\n<meta property=\"og:type\" content=\"article\" \/>\n<meta property=\"og:title\" content=\"MEJORAR COORDINACI\u00d3N EN SEGURIDAD, EXIGEN EMPRESARIOS - Kuali\" \/>\n<meta property=\"og:description\" content=\"Kuali\/Le\u00f3n, Gto.- Ante la ola de violencia y el terror que vivi\u00f3 parte de la ciudadan\u00eda leonesa, la noche del martes, el Consejo Coordinador Empresarial de Le\u00f3n (CCEL) exige estrategias mejor coordinadas y que no haya impunidad. Luego de que m\u00e1s de 14 municipios del estado de Guanajuato, entre ellos Le\u00f3n, vivieron una fuerte jornada [&hellip;]\" \/>\n<meta property=\"og:url\" content=\"https:\/\/kuali.com.mx\/web\/2022\/08\/12\/mejorar-coordinacion-en-seguridad-exigen-empresarios-2\/\" \/>\n<meta property=\"og:site_name\" content=\"Kuali\" \/>\n<meta property=\"article:publisher\" content=\"https:\/\/kuali.com.mx\/web\/wp-content\/uploads\/2018\/04\/cropped-kuali_logo-1-1.png\" \/>\n<meta property=\"article:published_time\" content=\"2022-08-12T23:19:19+00:00\" \/>\n<meta property=\"article:modified_time\" content=\"2022-08-13T13:20:42+00:00\" \/>\n<meta property=\"og:image\" content=\"https:\/\/kuali.com.mx\/web\/wp-content\/uploads\/2022\/08\/Incendios_automoviles.gif\" \/>\n\t<meta property=\"og:image:width\" content=\"1800\" \/>\n\t<meta property=\"og:image:height\" content=\"750\" \/>\n\t<meta property=\"og:image:type\" content=\"image\/gif\" \/>\n<meta name=\"author\" content=\"Kuali Staff\" \/>\n<meta name=\"twitter:card\" content=\"summary_large_image\" \/>\n<meta name=\"twitter:creator\" content=\"@kuali_noticias\" \/>\n<meta name=\"twitter:site\" content=\"@kuali_noticias\" \/>\n<meta name=\"twitter:label1\" content=\"Escrito por\" \/>\n\t<meta name=\"twitter:data1\" content=\"Kuali Staff\" \/>\n\t<meta name=\"twitter:label2\" content=\"Tiempo de lectura\" \/>\n\t<meta name=\"twitter:data2\" content=\"2 minutos\" \/>\n<script type=\"application\/ld+json\" class=\"yoast-schema-graph\">{\"@context\":\"https:\\\/\\\/schema.org\",\"@graph\":[{\"@type\":\"Article\",\"@id\":\"https:\\\/\\\/kuali.com.mx\\\/web\\\/2022\\\/08\\\/12\\\/mejorar-coordinacion-en-seguridad-exigen-empresarios-2\\\/#article\",\"isPartOf\":{\"@id\":\"https:\\\/\\\/kuali.com.mx\\\/web\\\/2022\\\/08\\\/12\\\/mejorar-coordinacion-en-seguridad-exigen-empresarios-2\\\/\"},\"author\":{\"name\":\"Kuali Staff\",\"@id\":\"https:\\\/\\\/kuali.com.mx\\\/web\\\/#\\\/schema\\\/person\\\/6f89ffa8ecba9dae50662357923c5289\"},\"headline\":\"MEJORAR COORDINACI\u00d3N EN SEGURIDAD, EXIGEN EMPRESARIOS\",\"datePublished\":\"2022-08-12T23:19:19+00:00\",\"dateModified\":\"2022-08-13T13:20:42+00:00\",\"mainEntityOfPage\":{\"@id\":\"https:\\\/\\\/kuali.com.mx\\\/web\\\/2022\\\/08\\\/12\\\/mejorar-coordinacion-en-seguridad-exigen-empresarios-2\\\/\"},\"wordCount\":404,\"commentCount\":0,\"image\":{\"@id\":\"https:\\\/\\\/kuali.com.mx\\\/web\\\/2022\\\/08\\\/12\\\/mejorar-coordinacion-en-seguridad-exigen-empresarios-2\\\/#primaryimage\"},\"thumbnailUrl\":\"https:\\\/\\\/kuali.com.mx\\\/web\\\/wp-content\\\/uploads\\\/2022\\\/08\\\/Incendios_automoviles.gif\",\"keywords\":[\"Crimen organizado\",\"Incendios\",\"Inseguridad\",\"Le\u00f3n\",\"Terrorismo\",\"Violencia\"],\"articleSection\":[\"Pol\u00edtica\",\"slider\"],\"inLanguage\":\"es\",\"potentialAction\":[{\"@type\":\"CommentAction\",\"name\":\"Comment\",\"target\":[\"https:\\\/\\\/kuali.com.mx\\\/web\\\/2022\\\/08\\\/12\\\/mejorar-coordinacion-en-seguridad-exigen-empresarios-2\\\/#respond\"]}]},{\"@type\":\"WebPage\",\"@id\":\"https:\\\/\\\/kuali.com.mx\\\/web\\\/2022\\\/08\\\/12\\\/mejorar-coordinacion-en-seguridad-exigen-empresarios-2\\\/\",\"url\":\"https:\\\/\\\/kuali.com.mx\\\/web\\\/2022\\\/08\\\/12\\\/mejorar-coordinacion-en-seguridad-exigen-empresarios-2\\\/\",\"name\":\"MEJORAR COORDINACI\u00d3N EN SEGURIDAD, EXIGEN EMPRESARIOS - Kuali\",\"isPartOf\":{\"@id\":\"https:\\\/\\\/kuali.com.mx\\\/web\\\/#website\"},\"primaryImageOfPage\":{\"@id\":\"https:\\\/\\\/kuali.com.mx\\\/web\\\/2022\\\/08\\\/12\\\/mejorar-coordinacion-en-seguridad-exigen-empresarios-2\\\/#primaryimage\"},\"image\":{\"@id\":\"https:\\\/\\\/kuali.com.mx\\\/web\\\/2022\\\/08\\\/12\\\/mejorar-coordinacion-en-seguridad-exigen-empresarios-2\\\/#primaryimage\"},\"thumbnailUrl\":\"https:\\\/\\\/kuali.com.mx\\\/web\\\/wp-content\\\/uploads\\\/2022\\\/08\\\/Incendios_automoviles.gif\",\"datePublished\":\"2022-08-12T23:19:19+00:00\",\"dateModified\":\"2022-08-13T13:20:42+00:00\",\"author\":{\"@id\":\"https:\\\/\\\/kuali.com.mx\\\/web\\\/#\\\/schema\\\/person\\\/6f89ffa8ecba9dae50662357923c5289\"},\"breadcrumb\":{\"@id\":\"https:\\\/\\\/kuali.com.mx\\\/web\\\/2022\\\/08\\\/12\\\/mejorar-coordinacion-en-seguridad-exigen-empresarios-2\\\/#breadcrumb\"},\"inLanguage\":\"es\",\"potentialAction\":[{\"@type\":\"ReadAction\",\"target\":[\"https:\\\/\\\/kuali.com.mx\\\/web\\\/2022\\\/08\\\/12\\\/mejorar-coordinacion-en-seguridad-exigen-empresarios-2\\\/\"]}]},{\"@type\":\"ImageObject\",\"inLanguage\":\"es\",\"@id\":\"https:\\\/\\\/kuali.com.mx\\\/web\\\/2022\\\/08\\\/12\\\/mejorar-coordinacion-en-seguridad-exigen-empresarios-2\\\/#primaryimage\",\"url\":\"https:\\\/\\\/kuali.com.mx\\\/web\\\/wp-content\\\/uploads\\\/2022\\\/08\\\/Incendios_automoviles.gif\",\"contentUrl\":\"https:\\\/\\\/kuali.com.mx\\\/web\\\/wp-content\\\/uploads\\\/2022\\\/08\\\/Incendios_automoviles.gif\",\"width\":1800,\"height\":750},{\"@type\":\"BreadcrumbList\",\"@id\":\"https:\\\/\\\/kuali.com.mx\\\/web\\\/2022\\\/08\\\/12\\\/mejorar-coordinacion-en-seguridad-exigen-empresarios-2\\\/#breadcrumb\",\"itemListElement\":[{\"@type\":\"ListItem\",\"position\":1,\"name\":\"Inicio\",\"item\":\"https:\\\/\\\/kuali.com.mx\\\/web\\\/\"},{\"@type\":\"ListItem\",\"position\":2,\"name\":\"MEJORAR COORDINACI\u00d3N EN SEGURIDAD, EXIGEN EMPRESARIOS\"}]},{\"@type\":\"WebSite\",\"@id\":\"https:\\\/\\\/kuali.com.mx\\\/web\\\/#website\",\"url\":\"https:\\\/\\\/kuali.com.mx\\\/web\\\/\",\"name\":\"Kuali\",\"description\":\"\",\"potentialAction\":[{\"@type\":\"SearchAction\",\"target\":{\"@type\":\"EntryPoint\",\"urlTemplate\":\"https:\\\/\\\/kuali.com.mx\\\/web\\\/?s={search_term_string}\"},\"query-input\":{\"@type\":\"PropertyValueSpecification\",\"valueRequired\":true,\"valueName\":\"search_term_string\"}}],\"inLanguage\":\"es\"},{\"@type\":\"Person\",\"@id\":\"https:\\\/\\\/kuali.com.mx\\\/web\\\/#\\\/schema\\\/person\\\/6f89ffa8ecba9dae50662357923c5289\",\"name\":\"Kuali Staff\",\"image\":{\"@type\":\"ImageObject\",\"inLanguage\":\"es\",\"@id\":\"https:\\\/\\\/secure.gravatar.com\\\/avatar\\\/f917ad82e5ab71227a733c78b6e60715476f69ee6be59feee4eb5d9920c89e0f?s=96&d=mm&r=g\",\"url\":\"https:\\\/\\\/secure.gravatar.com\\\/avatar\\\/f917ad82e5ab71227a733c78b6e60715476f69ee6be59feee4eb5d9920c89e0f?s=96&d=mm&r=g\",\"contentUrl\":\"https:\\\/\\\/secure.gravatar.com\\\/avatar\\\/f917ad82e5ab71227a733c78b6e60715476f69ee6be59feee4eb5d9920c89e0f?s=96&d=mm&r=g\",\"caption\":\"Kuali Staff\"},\"url\":\"https:\\\/\\\/kuali.com.mx\\\/web\\\/author\\\/lagarto\\\/\"}]}<\/script>\n<!-- \/ Yoast SEO plugin. -->","yoast_head_json":{"title":"MEJORAR COORDINACI\u00d3N EN SEGURIDAD, EXIGEN EMPRESARIOS - Kuali","robots":{"index":"index","follow":"follow","max-snippet":"max-snippet:-1","max-image-preview":"max-image-preview:large","max-video-preview":"max-video-preview:-1"},"canonical":"https:\/\/kuali.com.mx\/web\/2022\/08\/12\/mejorar-coordinacion-en-seguridad-exigen-empresarios-2\/","og_locale":"es_MX","og_type":"article","og_title":"MEJORAR COORDINACI\u00d3N EN SEGURIDAD, EXIGEN EMPRESARIOS - Kuali","og_description":"Kuali\/Le\u00f3n, Gto.- Ante la ola de violencia y el terror que vivi\u00f3 parte de la ciudadan\u00eda leonesa, la noche del martes, el Consejo Coordinador Empresarial de Le\u00f3n (CCEL) exige estrategias mejor coordinadas y que no haya impunidad. Luego de que m\u00e1s de 14 municipios del estado de Guanajuato, entre ellos Le\u00f3n, vivieron una fuerte jornada [&hellip;]","og_url":"https:\/\/kuali.com.mx\/web\/2022\/08\/12\/mejorar-coordinacion-en-seguridad-exigen-empresarios-2\/","og_site_name":"Kuali","article_publisher":"https:\/\/kuali.com.mx\/web\/wp-content\/uploads\/2018\/04\/cropped-kuali_logo-1-1.png","article_published_time":"2022-08-12T23:19:19+00:00","article_modified_time":"2022-08-13T13:20:42+00:00","og_image":[{"width":1800,"height":750,"url":"https:\/\/kuali.com.mx\/web\/wp-content\/uploads\/2022\/08\/Incendios_automoviles.gif","type":"image\/gif"}],"author":"Kuali Staff","twitter_card":"summary_large_image","twitter_creator":"@kuali_noticias","twitter_site":"@kuali_noticias","twitter_misc":{"Escrito por":"Kuali Staff","Tiempo de lectura":"2 minutos"},"schema":{"@context":"https:\/\/schema.org","@graph":[{"@type":"Article","@id":"https:\/\/kuali.com.mx\/web\/2022\/08\/12\/mejorar-coordinacion-en-seguridad-exigen-empresarios-2\/#article","isPartOf":{"@id":"https:\/\/kuali.com.mx\/web\/2022\/08\/12\/mejorar-coordinacion-en-seguridad-exigen-empresarios-2\/"},"author":{"name":"Kuali Staff","@id":"https:\/\/kuali.com.mx\/web\/#\/schema\/person\/6f89ffa8ecba9dae50662357923c5289"},"headline":"MEJORAR COORDINACI\u00d3N EN SEGURIDAD, EXIGEN EMPRESARIOS","datePublished":"2022-08-12T23:19:19+00:00","dateModified":"2022-08-13T13:20:42+00:00","mainEntityOfPage":{"@id":"https:\/\/kuali.com.mx\/web\/2022\/08\/12\/mejorar-coordinacion-en-seguridad-exigen-empresarios-2\/"},"wordCount":404,"commentCount":0,"image":{"@id":"https:\/\/kuali.com.mx\/web\/2022\/08\/12\/mejorar-coordinacion-en-seguridad-exigen-empresarios-2\/#primaryimage"},"thumbnailUrl":"https:\/\/kuali.com.mx\/web\/wp-content\/uploads\/2022\/08\/Incendios_automoviles.gif","keywords":["Crimen organizado","Incendios","Inseguridad","Le\u00f3n","Terrorismo","Violencia"],"articleSection":["Pol\u00edtica","slider"],"inLanguage":"es","potentialAction":[{"@type":"CommentAction","name":"Comment","target":["https:\/\/kuali.com.mx\/web\/2022\/08\/12\/mejorar-coordinacion-en-seguridad-exigen-empresarios-2\/#respond"]}]},{"@type":"WebPage","@id":"https:\/\/kuali.com.mx\/web\/2022\/08\/12\/mejorar-coordinacion-en-seguridad-exigen-empresarios-2\/","url":"https:\/\/kuali.com.mx\/web\/2022\/08\/12\/mejorar-coordinacion-en-seguridad-exigen-empresarios-2\/","name":"MEJORAR COORDINACI\u00d3N EN SEGURIDAD, EXIGEN EMPRESARIOS - Kuali","isPartOf":{"@id":"https:\/\/kuali.com.mx\/web\/#website"},"primaryImageOfPage":{"@id":"https:\/\/kuali.com.mx\/web\/2022\/08\/12\/mejorar-coordinacion-en-seguridad-exigen-empresarios-2\/#primaryimage"},"image":{"@id":"https:\/\/kuali.com.mx\/web\/2022\/08\/12\/mejorar-coordinacion-en-seguridad-exigen-empresarios-2\/#primaryimage"},"thumbnailUrl":"https:\/\/kuali.com.mx\/web\/wp-content\/uploads\/2022\/08\/Incendios_automoviles.gif","datePublished":"2022-08-12T23:19:19+00:00","dateModified":"2022-08-13T13:20:42+00:00","author":{"@id":"https:\/\/kuali.com.mx\/web\/#\/schema\/person\/6f89ffa8ecba9dae50662357923c5289"},"breadcrumb":{"@id":"https:\/\/kuali.com.mx\/web\/2022\/08\/12\/mejorar-coordinacion-en-seguridad-exigen-empresarios-2\/#breadcrumb"},"inLanguage":"es","potentialAction":[{"@type":"ReadAction","target":["https:\/\/kuali.com.mx\/web\/2022\/08\/12\/mejorar-coordinacion-en-seguridad-exigen-empresarios-2\/"]}]},{"@type":"ImageObject","inLanguage":"es","@id":"https:\/\/kuali.com.mx\/web\/2022\/08\/12\/mejorar-coordinacion-en-seguridad-exigen-empresarios-2\/#primaryimage","url":"https:\/\/kuali.com.mx\/web\/wp-content\/uploads\/2022\/08\/Incendios_automoviles.gif","contentUrl":"https:\/\/kuali.com.mx\/web\/wp-content\/uploads\/2022\/08\/Incendios_automoviles.gif","width":1800,"height":750},{"@type":"BreadcrumbList","@id":"https:\/\/kuali.com.mx\/web\/2022\/08\/12\/mejorar-coordinacion-en-seguridad-exigen-empresarios-2\/#breadcrumb","itemListElement":[{"@type":"ListItem","position":1,"name":"Inicio","item":"https:\/\/kuali.com.mx\/web\/"},{"@type":"ListItem","position":2,"name":"MEJORAR COORDINACI\u00d3N EN SEGURIDAD, EXIGEN EMPRESARIOS"}]},{"@type":"WebSite","@id":"https:\/\/kuali.com.mx\/web\/#website","url":"https:\/\/kuali.com.mx\/web\/","name":"Kuali","description":"","potentialAction":[{"@type":"SearchAction","target":{"@type":"EntryPoint","urlTemplate":"https:\/\/kuali.com.mx\/web\/?s={search_term_string}"},"query-input":{"@type":"PropertyValueSpecification","valueRequired":true,"valueName":"search_term_string"}}],"inLanguage":"es"},{"@type":"Person","@id":"https:\/\/kuali.com.mx\/web\/#\/schema\/person\/6f89ffa8ecba9dae50662357923c5289","name":"Kuali Staff","image":{"@type":"ImageObject","inLanguage":"es","@id":"https:\/\/secure.gravatar.com\/avatar\/f917ad82e5ab71227a733c78b6e60715476f69ee6be59feee4eb5d9920c89e0f?s=96&d=mm&r=g","url":"https:\/\/secure.gravatar.com\/avatar\/f917ad82e5ab71227a733c78b6e60715476f69ee6be59feee4eb5d9920c89e0f?s=96&d=mm&r=g","contentUrl":"https:\/\/secure.gravatar.com\/avatar\/f917ad82e5ab71227a733c78b6e60715476f69ee6be59feee4eb5d9920c89e0f?s=96&d=mm&r=g","caption":"Kuali Staff"},"url":"https:\/\/kuali.com.mx\/web\/author\/lagarto\/"}]}},"_links":{"self":[{"href":"https:\/\/kuali.com.mx\/web\/wp-json\/wp\/v2\/posts\/102009","targetHints":{"allow":["GET"]}}],"collection":[{"href":"https:\/\/kuali.com.mx\/web\/wp-json\/wp\/v2\/posts"}],"about":[{"href":"https:\/\/kuali.com.mx\/web\/wp-json\/wp\/v2\/types\/post"}],"author":[{"embeddable":true,"href":"https:\/\/kuali.com.mx\/web\/wp-json\/wp\/v2\/users\/2"}],"replies":[{"embeddable":true,"href":"https:\/\/kuali.com.mx\/web\/wp-json\/wp\/v2\/comments?post=102009"}],"version-history":[{"count":2,"href":"https:\/\/kuali.com.mx\/web\/wp-json\/wp\/v2\/posts\/102009\/revisions"}],"predecessor-version":[{"id":102021,"href":"https:\/\/kuali.com.mx\/web\/wp-json\/wp\/v2\/posts\/102009\/revisions\/102021"}],"wp:featuredmedia":[{"embeddable":true,"href":"https:\/\/kuali.com.mx\/web\/wp-json\/wp\/v2\/media\/102011"}],"wp:attachment":[{"href":"https:\/\/kuali.com.mx\/web\/wp-json\/wp\/v2\/media?parent=102009"}],"wp:term":[{"taxonomy":"category","embeddable":true,"href":"https:\/\/kuali.com.mx\/web\/wp-json\/wp\/v2\/categories?post=102009"},{"taxonomy":"post_tag","embeddable":true,"href":"https:\/\/kuali.com.mx\/web\/wp-json\/wp\/v2\/tags?post=102009"}],"curies":[{"name":"wp","href":"https:\/\/api.w.org\/{rel}","templated":true}]}}