{"id":100494,"date":"2022-07-16T16:25:00","date_gmt":"2022-07-16T22:25:00","guid":{"rendered":"https:\/\/kuali.com.mx\/web\/?p=100494"},"modified":"2022-07-17T06:29:18","modified_gmt":"2022-07-17T12:29:18","slug":"atenderan-problema-de-inundaciones","status":"publish","type":"post","link":"https:\/\/kuali.com.mx\/web\/2022\/07\/16\/atenderan-problema-de-inundaciones\/","title":{"rendered":"ATENDER\u00c1N PROBLEMA DE INUNDACIONES"},"content":{"rendered":"\n<p><strong><em>Kuali\/Le\u00f3n, Gto.-<\/em><\/strong>El Gobierno Municipal, a trav\u00e9s del Sistema de Agua Potable y Alcantarillado de Le\u00f3n (SAPAL), se comprometi\u00f3 para atender el problema de inundaciones en la comunidad de los Ram\u00edrez.<\/p>\n\n\n\n<p>La municipal de Le\u00f3n, Alejandra Guti\u00e9rrez Campos, anunci\u00f3 que SAPAL realizar\u00e1 inversiones para resolver diversas problem\u00e1ticas.<\/p>\n\n\n\n<p>Durante la asamblea de Mi Barrio Habla en la comunidad de Los Ram\u00edrez, habitantes de la comunidad Providencia y la colonia San Vicente externaron sus problem\u00e1ticas por las inundaciones y los accesos a la comunidad.<\/p>\n\n\n\n<p>Asimismo, Enrique de Haro, director del Sistema de Agua Potable y Alcantarillado expuso las acciones que se implementar\u00e1n en la zona: En primera instancia se realizar\u00e1 un monitoreo y mantenimiento constante durante el temporal de lluvias.<\/p>\n\n\n\n<p>Asimismo, se comprometi\u00f3 a dialogar con los ejidatarios para llegar a un acuerdo y tener una soluci\u00f3n de infraestructura, para el siguiente a\u00f1o y antes del temporal de lluvias del 2023.<\/p>\n\n\n\n<p>En ese sentido, la presidenta municipal Ale Guti\u00e9rrez, dijo que SAPAL realizar\u00e1 una importante inversi\u00f3n para resolver la problem\u00e1tica de la comunidad.<\/p>\n\n\n\n<p>\u201cEn la reuni\u00f3n que hoy tuvimos con vecinos de Providencia fueron claros, y nosotros tenemos que aceptar cuando se pueden hacer las cosas mejores y ver de qu\u00e9 maneras podemos hacerlo\u201d, a\u00f1adi\u00f3.<\/p>\n\n\n\n<p>Por su parte, la diputada local Cristina M\u00e1rquez reconoci\u00f3 el modelo de escucha implementado por Ale Guti\u00e9rrez en la presente Administraci\u00f3n y exhort\u00f3 a los ciudadanos a seguir ejerciendo una participaci\u00f3n activa.<\/p>\n\n\n\n<p>\u201cHa sido un ejemplo a nivel nacional Mi Barrio Habla, porque te escuchan, y a trav\u00e9s de este di\u00e1logo se avanza en la generaci\u00f3n de obras para todos\u201d, agreg\u00f3.<\/p>\n\n\n\n<p>En las mesas de acuerdos se establecieron puntos como la rehabilitaci\u00f3n de dos mini deportivas, donaci\u00f3n de equipo para b\u00e9isbol y trajes deportivos; gestionar la ampliaci\u00f3n del horario para el turno vespertino del Centro de Salud de Los Ram\u00edrez; mayor vigilancia y operativos, y talleres de crianza positiva con DIF.<\/p>\n","protected":false},"excerpt":{"rendered":"Kuali\/Le\u00f3n, Gto.-El Gobierno Municipal, a trav\u00e9s del Sistema de Agua Potable y Alcantarillado de Le\u00f3n (SAPAL), se comprometi\u00f3 para atender el problema de inundaciones en la comunidad de los Ram\u00edrez. La municipal de Le\u00f3n, Alejandra Guti\u00e9rrez Campos, anunci\u00f3 que SAPAL realizar\u00e1 inversiones para resolver diversas problem\u00e1ticas. Durante la asamblea de Mi Barrio Habla en la [&hellip;]","protected":false},"author":2,"featured_media":100495,"comment_status":"open","ping_status":"open","sticky":false,"template":"","format":"standard","meta":{"_seopress_robots_primary_cat":"none","_seopress_titles_title":"","_seopress_titles_desc":"","_seopress_robots_index":"","_monsterinsights_skip_tracking":false,"_monsterinsights_sitenote_active":false,"_monsterinsights_sitenote_note":"","_monsterinsights_sitenote_category":0,"footnotes":""},"categories":[3],"tags":[],"class_list":["post-100494","post","type-post","status-publish","format-standard","has-post-thumbnail","hentry","category-politica"],"yoast_head":"<!-- This site is optimized with the Yoast SEO plugin v27.4 - https:\/\/yoast.com\/product\/yoast-seo-wordpress\/ -->\n<title>ATENDER\u00c1N PROBLEMA DE INUNDACIONES - Kuali<\/title>\n<meta name=\"robots\" content=\"index, follow, max-snippet:-1, max-image-preview:large, max-video-preview:-1\" \/>\n<link rel=\"canonical\" href=\"https:\/\/kuali.com.mx\/web\/2022\/07\/16\/atenderan-problema-de-inundaciones\/\" \/>\n<meta property=\"og:locale\" content=\"es_MX\" \/>\n<meta property=\"og:type\" content=\"article\" \/>\n<meta property=\"og:title\" content=\"ATENDER\u00c1N PROBLEMA DE INUNDACIONES - Kuali\" \/>\n<meta property=\"og:description\" content=\"Kuali\/Le\u00f3n, Gto.-El Gobierno Municipal, a trav\u00e9s del Sistema de Agua Potable y Alcantarillado de Le\u00f3n (SAPAL), se comprometi\u00f3 para atender el problema de inundaciones en la comunidad de los Ram\u00edrez. La municipal de Le\u00f3n, Alejandra Guti\u00e9rrez Campos, anunci\u00f3 que SAPAL realizar\u00e1 inversiones para resolver diversas problem\u00e1ticas. Durante la asamblea de Mi Barrio Habla en la [&hellip;]\" \/>\n<meta property=\"og:url\" content=\"https:\/\/kuali.com.mx\/web\/2022\/07\/16\/atenderan-problema-de-inundaciones\/\" \/>\n<meta property=\"og:site_name\" content=\"Kuali\" \/>\n<meta property=\"article:publisher\" content=\"https:\/\/kuali.com.mx\/web\/wp-content\/uploads\/2018\/04\/cropped-kuali_logo-1-1.png\" \/>\n<meta property=\"article:published_time\" content=\"2022-07-16T22:25:00+00:00\" \/>\n<meta property=\"article:modified_time\" content=\"2022-07-17T12:29:18+00:00\" \/>\n<meta property=\"og:image\" content=\"https:\/\/kuali.com.mx\/web\/wp-content\/uploads\/2022\/07\/Alejandra-Mi-Barrio-Habla.jpg\" \/>\n\t<meta property=\"og:image:width\" content=\"1200\" \/>\n\t<meta property=\"og:image:height\" content=\"800\" \/>\n\t<meta property=\"og:image:type\" content=\"image\/jpeg\" \/>\n<meta name=\"author\" content=\"Kuali Staff\" \/>\n<meta name=\"twitter:card\" content=\"summary_large_image\" \/>\n<meta name=\"twitter:creator\" content=\"@kuali_noticias\" \/>\n<meta name=\"twitter:site\" content=\"@kuali_noticias\" \/>\n<meta name=\"twitter:label1\" content=\"Escrito por\" \/>\n\t<meta name=\"twitter:data1\" content=\"Kuali Staff\" \/>\n\t<meta name=\"twitter:label2\" content=\"Tiempo de lectura\" \/>\n\t<meta name=\"twitter:data2\" content=\"2 minutos\" \/>\n<script type=\"application\/ld+json\" class=\"yoast-schema-graph\">{\"@context\":\"https:\\\/\\\/schema.org\",\"@graph\":[{\"@type\":\"Article\",\"@id\":\"https:\\\/\\\/kuali.com.mx\\\/web\\\/2022\\\/07\\\/16\\\/atenderan-problema-de-inundaciones\\\/#article\",\"isPartOf\":{\"@id\":\"https:\\\/\\\/kuali.com.mx\\\/web\\\/2022\\\/07\\\/16\\\/atenderan-problema-de-inundaciones\\\/\"},\"author\":{\"name\":\"Kuali Staff\",\"@id\":\"https:\\\/\\\/kuali.com.mx\\\/web\\\/#\\\/schema\\\/person\\\/6f89ffa8ecba9dae50662357923c5289\"},\"headline\":\"ATENDER\u00c1N PROBLEMA DE INUNDACIONES\",\"datePublished\":\"2022-07-16T22:25:00+00:00\",\"dateModified\":\"2022-07-17T12:29:18+00:00\",\"mainEntityOfPage\":{\"@id\":\"https:\\\/\\\/kuali.com.mx\\\/web\\\/2022\\\/07\\\/16\\\/atenderan-problema-de-inundaciones\\\/\"},\"wordCount\":349,\"commentCount\":0,\"image\":{\"@id\":\"https:\\\/\\\/kuali.com.mx\\\/web\\\/2022\\\/07\\\/16\\\/atenderan-problema-de-inundaciones\\\/#primaryimage\"},\"thumbnailUrl\":\"https:\\\/\\\/kuali.com.mx\\\/web\\\/wp-content\\\/uploads\\\/2022\\\/07\\\/Alejandra-Mi-Barrio-Habla.jpg\",\"articleSection\":[\"Pol\u00edtica\"],\"inLanguage\":\"es\",\"potentialAction\":[{\"@type\":\"CommentAction\",\"name\":\"Comment\",\"target\":[\"https:\\\/\\\/kuali.com.mx\\\/web\\\/2022\\\/07\\\/16\\\/atenderan-problema-de-inundaciones\\\/#respond\"]}]},{\"@type\":\"WebPage\",\"@id\":\"https:\\\/\\\/kuali.com.mx\\\/web\\\/2022\\\/07\\\/16\\\/atenderan-problema-de-inundaciones\\\/\",\"url\":\"https:\\\/\\\/kuali.com.mx\\\/web\\\/2022\\\/07\\\/16\\\/atenderan-problema-de-inundaciones\\\/\",\"name\":\"ATENDER\u00c1N PROBLEMA DE INUNDACIONES - Kuali\",\"isPartOf\":{\"@id\":\"https:\\\/\\\/kuali.com.mx\\\/web\\\/#website\"},\"primaryImageOfPage\":{\"@id\":\"https:\\\/\\\/kuali.com.mx\\\/web\\\/2022\\\/07\\\/16\\\/atenderan-problema-de-inundaciones\\\/#primaryimage\"},\"image\":{\"@id\":\"https:\\\/\\\/kuali.com.mx\\\/web\\\/2022\\\/07\\\/16\\\/atenderan-problema-de-inundaciones\\\/#primaryimage\"},\"thumbnailUrl\":\"https:\\\/\\\/kuali.com.mx\\\/web\\\/wp-content\\\/uploads\\\/2022\\\/07\\\/Alejandra-Mi-Barrio-Habla.jpg\",\"datePublished\":\"2022-07-16T22:25:00+00:00\",\"dateModified\":\"2022-07-17T12:29:18+00:00\",\"author\":{\"@id\":\"https:\\\/\\\/kuali.com.mx\\\/web\\\/#\\\/schema\\\/person\\\/6f89ffa8ecba9dae50662357923c5289\"},\"breadcrumb\":{\"@id\":\"https:\\\/\\\/kuali.com.mx\\\/web\\\/2022\\\/07\\\/16\\\/atenderan-problema-de-inundaciones\\\/#breadcrumb\"},\"inLanguage\":\"es\",\"potentialAction\":[{\"@type\":\"ReadAction\",\"target\":[\"https:\\\/\\\/kuali.com.mx\\\/web\\\/2022\\\/07\\\/16\\\/atenderan-problema-de-inundaciones\\\/\"]}]},{\"@type\":\"ImageObject\",\"inLanguage\":\"es\",\"@id\":\"https:\\\/\\\/kuali.com.mx\\\/web\\\/2022\\\/07\\\/16\\\/atenderan-problema-de-inundaciones\\\/#primaryimage\",\"url\":\"https:\\\/\\\/kuali.com.mx\\\/web\\\/wp-content\\\/uploads\\\/2022\\\/07\\\/Alejandra-Mi-Barrio-Habla.jpg\",\"contentUrl\":\"https:\\\/\\\/kuali.com.mx\\\/web\\\/wp-content\\\/uploads\\\/2022\\\/07\\\/Alejandra-Mi-Barrio-Habla.jpg\",\"width\":1200,\"height\":800},{\"@type\":\"BreadcrumbList\",\"@id\":\"https:\\\/\\\/kuali.com.mx\\\/web\\\/2022\\\/07\\\/16\\\/atenderan-problema-de-inundaciones\\\/#breadcrumb\",\"itemListElement\":[{\"@type\":\"ListItem\",\"position\":1,\"name\":\"Inicio\",\"item\":\"https:\\\/\\\/kuali.com.mx\\\/web\\\/\"},{\"@type\":\"ListItem\",\"position\":2,\"name\":\"ATENDER\u00c1N PROBLEMA DE INUNDACIONES\"}]},{\"@type\":\"WebSite\",\"@id\":\"https:\\\/\\\/kuali.com.mx\\\/web\\\/#website\",\"url\":\"https:\\\/\\\/kuali.com.mx\\\/web\\\/\",\"name\":\"Kuali\",\"description\":\"\",\"potentialAction\":[{\"@type\":\"SearchAction\",\"target\":{\"@type\":\"EntryPoint\",\"urlTemplate\":\"https:\\\/\\\/kuali.com.mx\\\/web\\\/?s={search_term_string}\"},\"query-input\":{\"@type\":\"PropertyValueSpecification\",\"valueRequired\":true,\"valueName\":\"search_term_string\"}}],\"inLanguage\":\"es\"},{\"@type\":\"Person\",\"@id\":\"https:\\\/\\\/kuali.com.mx\\\/web\\\/#\\\/schema\\\/person\\\/6f89ffa8ecba9dae50662357923c5289\",\"name\":\"Kuali Staff\",\"image\":{\"@type\":\"ImageObject\",\"inLanguage\":\"es\",\"@id\":\"https:\\\/\\\/secure.gravatar.com\\\/avatar\\\/f917ad82e5ab71227a733c78b6e60715476f69ee6be59feee4eb5d9920c89e0f?s=96&d=mm&r=g\",\"url\":\"https:\\\/\\\/secure.gravatar.com\\\/avatar\\\/f917ad82e5ab71227a733c78b6e60715476f69ee6be59feee4eb5d9920c89e0f?s=96&d=mm&r=g\",\"contentUrl\":\"https:\\\/\\\/secure.gravatar.com\\\/avatar\\\/f917ad82e5ab71227a733c78b6e60715476f69ee6be59feee4eb5d9920c89e0f?s=96&d=mm&r=g\",\"caption\":\"Kuali Staff\"},\"url\":\"https:\\\/\\\/kuali.com.mx\\\/web\\\/author\\\/lagarto\\\/\"}]}<\/script>\n<!-- \/ Yoast SEO plugin. -->","yoast_head_json":{"title":"ATENDER\u00c1N PROBLEMA DE INUNDACIONES - Kuali","robots":{"index":"index","follow":"follow","max-snippet":"max-snippet:-1","max-image-preview":"max-image-preview:large","max-video-preview":"max-video-preview:-1"},"canonical":"https:\/\/kuali.com.mx\/web\/2022\/07\/16\/atenderan-problema-de-inundaciones\/","og_locale":"es_MX","og_type":"article","og_title":"ATENDER\u00c1N PROBLEMA DE INUNDACIONES - Kuali","og_description":"Kuali\/Le\u00f3n, Gto.-El Gobierno Municipal, a trav\u00e9s del Sistema de Agua Potable y Alcantarillado de Le\u00f3n (SAPAL), se comprometi\u00f3 para atender el problema de inundaciones en la comunidad de los Ram\u00edrez. La municipal de Le\u00f3n, Alejandra Guti\u00e9rrez Campos, anunci\u00f3 que SAPAL realizar\u00e1 inversiones para resolver diversas problem\u00e1ticas. Durante la asamblea de Mi Barrio Habla en la [&hellip;]","og_url":"https:\/\/kuali.com.mx\/web\/2022\/07\/16\/atenderan-problema-de-inundaciones\/","og_site_name":"Kuali","article_publisher":"https:\/\/kuali.com.mx\/web\/wp-content\/uploads\/2018\/04\/cropped-kuali_logo-1-1.png","article_published_time":"2022-07-16T22:25:00+00:00","article_modified_time":"2022-07-17T12:29:18+00:00","og_image":[{"width":1200,"height":800,"url":"https:\/\/kuali.com.mx\/web\/wp-content\/uploads\/2022\/07\/Alejandra-Mi-Barrio-Habla.jpg","type":"image\/jpeg"}],"author":"Kuali Staff","twitter_card":"summary_large_image","twitter_creator":"@kuali_noticias","twitter_site":"@kuali_noticias","twitter_misc":{"Escrito por":"Kuali Staff","Tiempo de lectura":"2 minutos"},"schema":{"@context":"https:\/\/schema.org","@graph":[{"@type":"Article","@id":"https:\/\/kuali.com.mx\/web\/2022\/07\/16\/atenderan-problema-de-inundaciones\/#article","isPartOf":{"@id":"https:\/\/kuali.com.mx\/web\/2022\/07\/16\/atenderan-problema-de-inundaciones\/"},"author":{"name":"Kuali Staff","@id":"https:\/\/kuali.com.mx\/web\/#\/schema\/person\/6f89ffa8ecba9dae50662357923c5289"},"headline":"ATENDER\u00c1N PROBLEMA DE INUNDACIONES","datePublished":"2022-07-16T22:25:00+00:00","dateModified":"2022-07-17T12:29:18+00:00","mainEntityOfPage":{"@id":"https:\/\/kuali.com.mx\/web\/2022\/07\/16\/atenderan-problema-de-inundaciones\/"},"wordCount":349,"commentCount":0,"image":{"@id":"https:\/\/kuali.com.mx\/web\/2022\/07\/16\/atenderan-problema-de-inundaciones\/#primaryimage"},"thumbnailUrl":"https:\/\/kuali.com.mx\/web\/wp-content\/uploads\/2022\/07\/Alejandra-Mi-Barrio-Habla.jpg","articleSection":["Pol\u00edtica"],"inLanguage":"es","potentialAction":[{"@type":"CommentAction","name":"Comment","target":["https:\/\/kuali.com.mx\/web\/2022\/07\/16\/atenderan-problema-de-inundaciones\/#respond"]}]},{"@type":"WebPage","@id":"https:\/\/kuali.com.mx\/web\/2022\/07\/16\/atenderan-problema-de-inundaciones\/","url":"https:\/\/kuali.com.mx\/web\/2022\/07\/16\/atenderan-problema-de-inundaciones\/","name":"ATENDER\u00c1N PROBLEMA DE INUNDACIONES - Kuali","isPartOf":{"@id":"https:\/\/kuali.com.mx\/web\/#website"},"primaryImageOfPage":{"@id":"https:\/\/kuali.com.mx\/web\/2022\/07\/16\/atenderan-problema-de-inundaciones\/#primaryimage"},"image":{"@id":"https:\/\/kuali.com.mx\/web\/2022\/07\/16\/atenderan-problema-de-inundaciones\/#primaryimage"},"thumbnailUrl":"https:\/\/kuali.com.mx\/web\/wp-content\/uploads\/2022\/07\/Alejandra-Mi-Barrio-Habla.jpg","datePublished":"2022-07-16T22:25:00+00:00","dateModified":"2022-07-17T12:29:18+00:00","author":{"@id":"https:\/\/kuali.com.mx\/web\/#\/schema\/person\/6f89ffa8ecba9dae50662357923c5289"},"breadcrumb":{"@id":"https:\/\/kuali.com.mx\/web\/2022\/07\/16\/atenderan-problema-de-inundaciones\/#breadcrumb"},"inLanguage":"es","potentialAction":[{"@type":"ReadAction","target":["https:\/\/kuali.com.mx\/web\/2022\/07\/16\/atenderan-problema-de-inundaciones\/"]}]},{"@type":"ImageObject","inLanguage":"es","@id":"https:\/\/kuali.com.mx\/web\/2022\/07\/16\/atenderan-problema-de-inundaciones\/#primaryimage","url":"https:\/\/kuali.com.mx\/web\/wp-content\/uploads\/2022\/07\/Alejandra-Mi-Barrio-Habla.jpg","contentUrl":"https:\/\/kuali.com.mx\/web\/wp-content\/uploads\/2022\/07\/Alejandra-Mi-Barrio-Habla.jpg","width":1200,"height":800},{"@type":"BreadcrumbList","@id":"https:\/\/kuali.com.mx\/web\/2022\/07\/16\/atenderan-problema-de-inundaciones\/#breadcrumb","itemListElement":[{"@type":"ListItem","position":1,"name":"Inicio","item":"https:\/\/kuali.com.mx\/web\/"},{"@type":"ListItem","position":2,"name":"ATENDER\u00c1N PROBLEMA DE INUNDACIONES"}]},{"@type":"WebSite","@id":"https:\/\/kuali.com.mx\/web\/#website","url":"https:\/\/kuali.com.mx\/web\/","name":"Kuali","description":"","potentialAction":[{"@type":"SearchAction","target":{"@type":"EntryPoint","urlTemplate":"https:\/\/kuali.com.mx\/web\/?s={search_term_string}"},"query-input":{"@type":"PropertyValueSpecification","valueRequired":true,"valueName":"search_term_string"}}],"inLanguage":"es"},{"@type":"Person","@id":"https:\/\/kuali.com.mx\/web\/#\/schema\/person\/6f89ffa8ecba9dae50662357923c5289","name":"Kuali Staff","image":{"@type":"ImageObject","inLanguage":"es","@id":"https:\/\/secure.gravatar.com\/avatar\/f917ad82e5ab71227a733c78b6e60715476f69ee6be59feee4eb5d9920c89e0f?s=96&d=mm&r=g","url":"https:\/\/secure.gravatar.com\/avatar\/f917ad82e5ab71227a733c78b6e60715476f69ee6be59feee4eb5d9920c89e0f?s=96&d=mm&r=g","contentUrl":"https:\/\/secure.gravatar.com\/avatar\/f917ad82e5ab71227a733c78b6e60715476f69ee6be59feee4eb5d9920c89e0f?s=96&d=mm&r=g","caption":"Kuali Staff"},"url":"https:\/\/kuali.com.mx\/web\/author\/lagarto\/"}]}},"_links":{"self":[{"href":"https:\/\/kuali.com.mx\/web\/wp-json\/wp\/v2\/posts\/100494","targetHints":{"allow":["GET"]}}],"collection":[{"href":"https:\/\/kuali.com.mx\/web\/wp-json\/wp\/v2\/posts"}],"about":[{"href":"https:\/\/kuali.com.mx\/web\/wp-json\/wp\/v2\/types\/post"}],"author":[{"embeddable":true,"href":"https:\/\/kuali.com.mx\/web\/wp-json\/wp\/v2\/users\/2"}],"replies":[{"embeddable":true,"href":"https:\/\/kuali.com.mx\/web\/wp-json\/wp\/v2\/comments?post=100494"}],"version-history":[{"count":1,"href":"https:\/\/kuali.com.mx\/web\/wp-json\/wp\/v2\/posts\/100494\/revisions"}],"predecessor-version":[{"id":100496,"href":"https:\/\/kuali.com.mx\/web\/wp-json\/wp\/v2\/posts\/100494\/revisions\/100496"}],"wp:featuredmedia":[{"embeddable":true,"href":"https:\/\/kuali.com.mx\/web\/wp-json\/wp\/v2\/media\/100495"}],"wp:attachment":[{"href":"https:\/\/kuali.com.mx\/web\/wp-json\/wp\/v2\/media?parent=100494"}],"wp:term":[{"taxonomy":"category","embeddable":true,"href":"https:\/\/kuali.com.mx\/web\/wp-json\/wp\/v2\/categories?post=100494"},{"taxonomy":"post_tag","embeddable":true,"href":"https:\/\/kuali.com.mx\/web\/wp-json\/wp\/v2\/tags?post=100494"}],"curies":[{"name":"wp","href":"https:\/\/api.w.org\/{rel}","templated":true}]}}