{"id":100487,"date":"2022-07-16T17:48:55","date_gmt":"2022-07-16T23:48:55","guid":{"rendered":"https:\/\/kuali.com.mx\/web\/?p=100487"},"modified":"2022-07-16T17:48:56","modified_gmt":"2022-07-16T23:48:56","slug":"confirman-31-mil-casos-de-covid-19","status":"publish","type":"post","link":"https:\/\/kuali.com.mx\/web\/2022\/07\/16\/confirman-31-mil-casos-de-covid-19\/","title":{"rendered":"CONFIRMAN 31 MIL CASOS DE COVID-19"},"content":{"rendered":"\n<p><strong><em>La Jornada\/Ciudad de M\u00e9xico.-<\/em><\/strong>La Secretar\u00eda de Salud (Ssa) inform\u00f3 que en las \u00faltimas 24 horas se notificaron 31 mil 173 nuevos casos de Covid-19 en el pa\u00eds, con lo que suman 6 millones 439 mil 616, mientras que los decesos se elevaron en 71, con un acumulado de 326 mil 491.<\/p>\n\n\n\n<p>El Reporte T\u00e9cnico Diario detalla que los casos activos, es decir, con capacidad de transmisi\u00f3n son 255 mil 443, con una tasa de incidencia de 196.3 por cada cien mil habitantes. La Ciudad de M\u00e9xico, se mantiene como la entidad con el mayor n\u00famero de contagios con s\u00edntomas en los \u00faltimos 14 d\u00edas, con 63 mil 634, le sigue estado de M\u00e9xico, con 24 mil 865; y Nuevo Le\u00f3n, con 16 mil 252.<\/p>\n\n\n\n<p>Por lo que respecta a la ocupaci\u00f3n hospitalaria, la Ssa indic\u00f3 que permanece sin cambios. Las camas generales se reportan con una tasa de 18 por ciento, y en camas con ventilador, destinadas a pacientes en estado cr\u00edticos, es de 5 por ciento.<\/p>\n\n\n\n<p>La dependencia federal, indic\u00f3 que en las \u00faltimas cinco semanas, la mayor parte de los casos est\u00e1n presentes en los grupos de 18 a 29 a\u00f1os, seguido del grupo de 30 a 39, y de 40 a 49 a\u00f1os de edad, lo que corresponde a la poblaci\u00f3n que deben salir a laborar.<\/p>\n","protected":false},"excerpt":{"rendered":"La Jornada\/Ciudad de M\u00e9xico.-La Secretar\u00eda de Salud (Ssa) inform\u00f3 que en las \u00faltimas 24 horas se notificaron 31 mil 173 nuevos casos de Covid-19 en el pa\u00eds, con lo que suman 6 millones 439 mil 616, mientras que los decesos se elevaron en 71, con un acumulado de 326 mil 491. El Reporte T\u00e9cnico Diario [&hellip;]","protected":false},"author":2,"featured_media":73293,"comment_status":"open","ping_status":"open","sticky":false,"template":"","format":"standard","meta":{"_seopress_robots_primary_cat":"none","_seopress_titles_title":"","_seopress_titles_desc":"","_seopress_robots_index":"","_monsterinsights_skip_tracking":false,"_monsterinsights_sitenote_active":false,"_monsterinsights_sitenote_note":"","_monsterinsights_sitenote_category":0,"footnotes":""},"categories":[7],"tags":[],"class_list":["post-100487","post","type-post","status-publish","format-standard","has-post-thumbnail","hentry","category-salud"],"yoast_head":"<!-- This site is optimized with the Yoast SEO plugin v27.4 - https:\/\/yoast.com\/product\/yoast-seo-wordpress\/ -->\n<title>CONFIRMAN 31 MIL CASOS DE COVID-19 - Kuali<\/title>\n<meta name=\"robots\" content=\"index, follow, max-snippet:-1, max-image-preview:large, max-video-preview:-1\" \/>\n<link rel=\"canonical\" href=\"https:\/\/kuali.com.mx\/web\/2022\/07\/16\/confirman-31-mil-casos-de-covid-19\/\" \/>\n<meta property=\"og:locale\" content=\"es_MX\" \/>\n<meta property=\"og:type\" content=\"article\" \/>\n<meta property=\"og:title\" content=\"CONFIRMAN 31 MIL CASOS DE COVID-19 - Kuali\" \/>\n<meta property=\"og:description\" content=\"La Jornada\/Ciudad de M\u00e9xico.-La Secretar\u00eda de Salud (Ssa) inform\u00f3 que en las \u00faltimas 24 horas se notificaron 31 mil 173 nuevos casos de Covid-19 en el pa\u00eds, con lo que suman 6 millones 439 mil 616, mientras que los decesos se elevaron en 71, con un acumulado de 326 mil 491. El Reporte T\u00e9cnico Diario [&hellip;]\" \/>\n<meta property=\"og:url\" content=\"https:\/\/kuali.com.mx\/web\/2022\/07\/16\/confirman-31-mil-casos-de-covid-19\/\" \/>\n<meta property=\"og:site_name\" content=\"Kuali\" \/>\n<meta property=\"article:publisher\" content=\"https:\/\/kuali.com.mx\/web\/wp-content\/uploads\/2018\/04\/cropped-kuali_logo-1-1.png\" \/>\n<meta property=\"article:published_time\" content=\"2022-07-16T23:48:55+00:00\" \/>\n<meta property=\"article:modified_time\" content=\"2022-07-16T23:48:56+00:00\" \/>\n<meta property=\"og:image\" content=\"https:\/\/kuali.com.mx\/web\/wp-content\/uploads\/2020\/08\/COVID-19-3.jpg\" \/>\n\t<meta property=\"og:image:width\" content=\"1768\" \/>\n\t<meta property=\"og:image:height\" content=\"750\" \/>\n\t<meta property=\"og:image:type\" content=\"image\/jpeg\" \/>\n<meta name=\"author\" content=\"Kuali Staff\" \/>\n<meta name=\"twitter:card\" content=\"summary_large_image\" \/>\n<meta name=\"twitter:creator\" content=\"@kuali_noticias\" \/>\n<meta name=\"twitter:site\" content=\"@kuali_noticias\" \/>\n<meta name=\"twitter:label1\" content=\"Escrito por\" \/>\n\t<meta name=\"twitter:data1\" content=\"Kuali Staff\" \/>\n\t<meta name=\"twitter:label2\" content=\"Tiempo de lectura\" \/>\n\t<meta name=\"twitter:data2\" content=\"1 minuto\" \/>\n<script type=\"application\/ld+json\" class=\"yoast-schema-graph\">{\"@context\":\"https:\\\/\\\/schema.org\",\"@graph\":[{\"@type\":\"Article\",\"@id\":\"https:\\\/\\\/kuali.com.mx\\\/web\\\/2022\\\/07\\\/16\\\/confirman-31-mil-casos-de-covid-19\\\/#article\",\"isPartOf\":{\"@id\":\"https:\\\/\\\/kuali.com.mx\\\/web\\\/2022\\\/07\\\/16\\\/confirman-31-mil-casos-de-covid-19\\\/\"},\"author\":{\"name\":\"Kuali Staff\",\"@id\":\"https:\\\/\\\/kuali.com.mx\\\/web\\\/#\\\/schema\\\/person\\\/6f89ffa8ecba9dae50662357923c5289\"},\"headline\":\"CONFIRMAN 31 MIL CASOS DE COVID-19\",\"datePublished\":\"2022-07-16T23:48:55+00:00\",\"dateModified\":\"2022-07-16T23:48:56+00:00\",\"mainEntityOfPage\":{\"@id\":\"https:\\\/\\\/kuali.com.mx\\\/web\\\/2022\\\/07\\\/16\\\/confirman-31-mil-casos-de-covid-19\\\/\"},\"wordCount\":217,\"commentCount\":0,\"image\":{\"@id\":\"https:\\\/\\\/kuali.com.mx\\\/web\\\/2022\\\/07\\\/16\\\/confirman-31-mil-casos-de-covid-19\\\/#primaryimage\"},\"thumbnailUrl\":\"https:\\\/\\\/kuali.com.mx\\\/web\\\/wp-content\\\/uploads\\\/2020\\\/08\\\/COVID-19-3.jpg\",\"articleSection\":[\"Salud\"],\"inLanguage\":\"es\",\"potentialAction\":[{\"@type\":\"CommentAction\",\"name\":\"Comment\",\"target\":[\"https:\\\/\\\/kuali.com.mx\\\/web\\\/2022\\\/07\\\/16\\\/confirman-31-mil-casos-de-covid-19\\\/#respond\"]}]},{\"@type\":\"WebPage\",\"@id\":\"https:\\\/\\\/kuali.com.mx\\\/web\\\/2022\\\/07\\\/16\\\/confirman-31-mil-casos-de-covid-19\\\/\",\"url\":\"https:\\\/\\\/kuali.com.mx\\\/web\\\/2022\\\/07\\\/16\\\/confirman-31-mil-casos-de-covid-19\\\/\",\"name\":\"CONFIRMAN 31 MIL CASOS DE COVID-19 - Kuali\",\"isPartOf\":{\"@id\":\"https:\\\/\\\/kuali.com.mx\\\/web\\\/#website\"},\"primaryImageOfPage\":{\"@id\":\"https:\\\/\\\/kuali.com.mx\\\/web\\\/2022\\\/07\\\/16\\\/confirman-31-mil-casos-de-covid-19\\\/#primaryimage\"},\"image\":{\"@id\":\"https:\\\/\\\/kuali.com.mx\\\/web\\\/2022\\\/07\\\/16\\\/confirman-31-mil-casos-de-covid-19\\\/#primaryimage\"},\"thumbnailUrl\":\"https:\\\/\\\/kuali.com.mx\\\/web\\\/wp-content\\\/uploads\\\/2020\\\/08\\\/COVID-19-3.jpg\",\"datePublished\":\"2022-07-16T23:48:55+00:00\",\"dateModified\":\"2022-07-16T23:48:56+00:00\",\"author\":{\"@id\":\"https:\\\/\\\/kuali.com.mx\\\/web\\\/#\\\/schema\\\/person\\\/6f89ffa8ecba9dae50662357923c5289\"},\"breadcrumb\":{\"@id\":\"https:\\\/\\\/kuali.com.mx\\\/web\\\/2022\\\/07\\\/16\\\/confirman-31-mil-casos-de-covid-19\\\/#breadcrumb\"},\"inLanguage\":\"es\",\"potentialAction\":[{\"@type\":\"ReadAction\",\"target\":[\"https:\\\/\\\/kuali.com.mx\\\/web\\\/2022\\\/07\\\/16\\\/confirman-31-mil-casos-de-covid-19\\\/\"]}]},{\"@type\":\"ImageObject\",\"inLanguage\":\"es\",\"@id\":\"https:\\\/\\\/kuali.com.mx\\\/web\\\/2022\\\/07\\\/16\\\/confirman-31-mil-casos-de-covid-19\\\/#primaryimage\",\"url\":\"https:\\\/\\\/kuali.com.mx\\\/web\\\/wp-content\\\/uploads\\\/2020\\\/08\\\/COVID-19-3.jpg\",\"contentUrl\":\"https:\\\/\\\/kuali.com.mx\\\/web\\\/wp-content\\\/uploads\\\/2020\\\/08\\\/COVID-19-3.jpg\",\"width\":1768,\"height\":750},{\"@type\":\"BreadcrumbList\",\"@id\":\"https:\\\/\\\/kuali.com.mx\\\/web\\\/2022\\\/07\\\/16\\\/confirman-31-mil-casos-de-covid-19\\\/#breadcrumb\",\"itemListElement\":[{\"@type\":\"ListItem\",\"position\":1,\"name\":\"Inicio\",\"item\":\"https:\\\/\\\/kuali.com.mx\\\/web\\\/\"},{\"@type\":\"ListItem\",\"position\":2,\"name\":\"CONFIRMAN 31 MIL CASOS DE COVID-19\"}]},{\"@type\":\"WebSite\",\"@id\":\"https:\\\/\\\/kuali.com.mx\\\/web\\\/#website\",\"url\":\"https:\\\/\\\/kuali.com.mx\\\/web\\\/\",\"name\":\"Kuali\",\"description\":\"\",\"potentialAction\":[{\"@type\":\"SearchAction\",\"target\":{\"@type\":\"EntryPoint\",\"urlTemplate\":\"https:\\\/\\\/kuali.com.mx\\\/web\\\/?s={search_term_string}\"},\"query-input\":{\"@type\":\"PropertyValueSpecification\",\"valueRequired\":true,\"valueName\":\"search_term_string\"}}],\"inLanguage\":\"es\"},{\"@type\":\"Person\",\"@id\":\"https:\\\/\\\/kuali.com.mx\\\/web\\\/#\\\/schema\\\/person\\\/6f89ffa8ecba9dae50662357923c5289\",\"name\":\"Kuali Staff\",\"image\":{\"@type\":\"ImageObject\",\"inLanguage\":\"es\",\"@id\":\"https:\\\/\\\/secure.gravatar.com\\\/avatar\\\/f917ad82e5ab71227a733c78b6e60715476f69ee6be59feee4eb5d9920c89e0f?s=96&d=mm&r=g\",\"url\":\"https:\\\/\\\/secure.gravatar.com\\\/avatar\\\/f917ad82e5ab71227a733c78b6e60715476f69ee6be59feee4eb5d9920c89e0f?s=96&d=mm&r=g\",\"contentUrl\":\"https:\\\/\\\/secure.gravatar.com\\\/avatar\\\/f917ad82e5ab71227a733c78b6e60715476f69ee6be59feee4eb5d9920c89e0f?s=96&d=mm&r=g\",\"caption\":\"Kuali Staff\"},\"url\":\"https:\\\/\\\/kuali.com.mx\\\/web\\\/author\\\/lagarto\\\/\"}]}<\/script>\n<!-- \/ Yoast SEO plugin. -->","yoast_head_json":{"title":"CONFIRMAN 31 MIL CASOS DE COVID-19 - Kuali","robots":{"index":"index","follow":"follow","max-snippet":"max-snippet:-1","max-image-preview":"max-image-preview:large","max-video-preview":"max-video-preview:-1"},"canonical":"https:\/\/kuali.com.mx\/web\/2022\/07\/16\/confirman-31-mil-casos-de-covid-19\/","og_locale":"es_MX","og_type":"article","og_title":"CONFIRMAN 31 MIL CASOS DE COVID-19 - Kuali","og_description":"La Jornada\/Ciudad de M\u00e9xico.-La Secretar\u00eda de Salud (Ssa) inform\u00f3 que en las \u00faltimas 24 horas se notificaron 31 mil 173 nuevos casos de Covid-19 en el pa\u00eds, con lo que suman 6 millones 439 mil 616, mientras que los decesos se elevaron en 71, con un acumulado de 326 mil 491. El Reporte T\u00e9cnico Diario [&hellip;]","og_url":"https:\/\/kuali.com.mx\/web\/2022\/07\/16\/confirman-31-mil-casos-de-covid-19\/","og_site_name":"Kuali","article_publisher":"https:\/\/kuali.com.mx\/web\/wp-content\/uploads\/2018\/04\/cropped-kuali_logo-1-1.png","article_published_time":"2022-07-16T23:48:55+00:00","article_modified_time":"2022-07-16T23:48:56+00:00","og_image":[{"width":1768,"height":750,"url":"https:\/\/kuali.com.mx\/web\/wp-content\/uploads\/2020\/08\/COVID-19-3.jpg","type":"image\/jpeg"}],"author":"Kuali Staff","twitter_card":"summary_large_image","twitter_creator":"@kuali_noticias","twitter_site":"@kuali_noticias","twitter_misc":{"Escrito por":"Kuali Staff","Tiempo de lectura":"1 minuto"},"schema":{"@context":"https:\/\/schema.org","@graph":[{"@type":"Article","@id":"https:\/\/kuali.com.mx\/web\/2022\/07\/16\/confirman-31-mil-casos-de-covid-19\/#article","isPartOf":{"@id":"https:\/\/kuali.com.mx\/web\/2022\/07\/16\/confirman-31-mil-casos-de-covid-19\/"},"author":{"name":"Kuali Staff","@id":"https:\/\/kuali.com.mx\/web\/#\/schema\/person\/6f89ffa8ecba9dae50662357923c5289"},"headline":"CONFIRMAN 31 MIL CASOS DE COVID-19","datePublished":"2022-07-16T23:48:55+00:00","dateModified":"2022-07-16T23:48:56+00:00","mainEntityOfPage":{"@id":"https:\/\/kuali.com.mx\/web\/2022\/07\/16\/confirman-31-mil-casos-de-covid-19\/"},"wordCount":217,"commentCount":0,"image":{"@id":"https:\/\/kuali.com.mx\/web\/2022\/07\/16\/confirman-31-mil-casos-de-covid-19\/#primaryimage"},"thumbnailUrl":"https:\/\/kuali.com.mx\/web\/wp-content\/uploads\/2020\/08\/COVID-19-3.jpg","articleSection":["Salud"],"inLanguage":"es","potentialAction":[{"@type":"CommentAction","name":"Comment","target":["https:\/\/kuali.com.mx\/web\/2022\/07\/16\/confirman-31-mil-casos-de-covid-19\/#respond"]}]},{"@type":"WebPage","@id":"https:\/\/kuali.com.mx\/web\/2022\/07\/16\/confirman-31-mil-casos-de-covid-19\/","url":"https:\/\/kuali.com.mx\/web\/2022\/07\/16\/confirman-31-mil-casos-de-covid-19\/","name":"CONFIRMAN 31 MIL CASOS DE COVID-19 - Kuali","isPartOf":{"@id":"https:\/\/kuali.com.mx\/web\/#website"},"primaryImageOfPage":{"@id":"https:\/\/kuali.com.mx\/web\/2022\/07\/16\/confirman-31-mil-casos-de-covid-19\/#primaryimage"},"image":{"@id":"https:\/\/kuali.com.mx\/web\/2022\/07\/16\/confirman-31-mil-casos-de-covid-19\/#primaryimage"},"thumbnailUrl":"https:\/\/kuali.com.mx\/web\/wp-content\/uploads\/2020\/08\/COVID-19-3.jpg","datePublished":"2022-07-16T23:48:55+00:00","dateModified":"2022-07-16T23:48:56+00:00","author":{"@id":"https:\/\/kuali.com.mx\/web\/#\/schema\/person\/6f89ffa8ecba9dae50662357923c5289"},"breadcrumb":{"@id":"https:\/\/kuali.com.mx\/web\/2022\/07\/16\/confirman-31-mil-casos-de-covid-19\/#breadcrumb"},"inLanguage":"es","potentialAction":[{"@type":"ReadAction","target":["https:\/\/kuali.com.mx\/web\/2022\/07\/16\/confirman-31-mil-casos-de-covid-19\/"]}]},{"@type":"ImageObject","inLanguage":"es","@id":"https:\/\/kuali.com.mx\/web\/2022\/07\/16\/confirman-31-mil-casos-de-covid-19\/#primaryimage","url":"https:\/\/kuali.com.mx\/web\/wp-content\/uploads\/2020\/08\/COVID-19-3.jpg","contentUrl":"https:\/\/kuali.com.mx\/web\/wp-content\/uploads\/2020\/08\/COVID-19-3.jpg","width":1768,"height":750},{"@type":"BreadcrumbList","@id":"https:\/\/kuali.com.mx\/web\/2022\/07\/16\/confirman-31-mil-casos-de-covid-19\/#breadcrumb","itemListElement":[{"@type":"ListItem","position":1,"name":"Inicio","item":"https:\/\/kuali.com.mx\/web\/"},{"@type":"ListItem","position":2,"name":"CONFIRMAN 31 MIL CASOS DE COVID-19"}]},{"@type":"WebSite","@id":"https:\/\/kuali.com.mx\/web\/#website","url":"https:\/\/kuali.com.mx\/web\/","name":"Kuali","description":"","potentialAction":[{"@type":"SearchAction","target":{"@type":"EntryPoint","urlTemplate":"https:\/\/kuali.com.mx\/web\/?s={search_term_string}"},"query-input":{"@type":"PropertyValueSpecification","valueRequired":true,"valueName":"search_term_string"}}],"inLanguage":"es"},{"@type":"Person","@id":"https:\/\/kuali.com.mx\/web\/#\/schema\/person\/6f89ffa8ecba9dae50662357923c5289","name":"Kuali Staff","image":{"@type":"ImageObject","inLanguage":"es","@id":"https:\/\/secure.gravatar.com\/avatar\/f917ad82e5ab71227a733c78b6e60715476f69ee6be59feee4eb5d9920c89e0f?s=96&d=mm&r=g","url":"https:\/\/secure.gravatar.com\/avatar\/f917ad82e5ab71227a733c78b6e60715476f69ee6be59feee4eb5d9920c89e0f?s=96&d=mm&r=g","contentUrl":"https:\/\/secure.gravatar.com\/avatar\/f917ad82e5ab71227a733c78b6e60715476f69ee6be59feee4eb5d9920c89e0f?s=96&d=mm&r=g","caption":"Kuali Staff"},"url":"https:\/\/kuali.com.mx\/web\/author\/lagarto\/"}]}},"_links":{"self":[{"href":"https:\/\/kuali.com.mx\/web\/wp-json\/wp\/v2\/posts\/100487","targetHints":{"allow":["GET"]}}],"collection":[{"href":"https:\/\/kuali.com.mx\/web\/wp-json\/wp\/v2\/posts"}],"about":[{"href":"https:\/\/kuali.com.mx\/web\/wp-json\/wp\/v2\/types\/post"}],"author":[{"embeddable":true,"href":"https:\/\/kuali.com.mx\/web\/wp-json\/wp\/v2\/users\/2"}],"replies":[{"embeddable":true,"href":"https:\/\/kuali.com.mx\/web\/wp-json\/wp\/v2\/comments?post=100487"}],"version-history":[{"count":1,"href":"https:\/\/kuali.com.mx\/web\/wp-json\/wp\/v2\/posts\/100487\/revisions"}],"predecessor-version":[{"id":100489,"href":"https:\/\/kuali.com.mx\/web\/wp-json\/wp\/v2\/posts\/100487\/revisions\/100489"}],"wp:featuredmedia":[{"embeddable":true,"href":"https:\/\/kuali.com.mx\/web\/wp-json\/wp\/v2\/media\/73293"}],"wp:attachment":[{"href":"https:\/\/kuali.com.mx\/web\/wp-json\/wp\/v2\/media?parent=100487"}],"wp:term":[{"taxonomy":"category","embeddable":true,"href":"https:\/\/kuali.com.mx\/web\/wp-json\/wp\/v2\/categories?post=100487"},{"taxonomy":"post_tag","embeddable":true,"href":"https:\/\/kuali.com.mx\/web\/wp-json\/wp\/v2\/tags?post=100487"}],"curies":[{"name":"wp","href":"https:\/\/api.w.org\/{rel}","templated":true}]}}