{"id":100483,"date":"2022-07-16T14:41:00","date_gmt":"2022-07-16T20:41:00","guid":{"rendered":"https:\/\/kuali.com.mx\/web\/?p=100483"},"modified":"2022-07-16T17:44:45","modified_gmt":"2022-07-16T23:44:45","slug":"celebraran-hermanos-cavalera-el-roots","status":"publish","type":"post","link":"https:\/\/kuali.com.mx\/web\/2022\/07\/16\/celebraran-hermanos-cavalera-el-roots\/","title":{"rendered":"CELEBRAR\u00c1N HERMANOS CAVALERA EL &#8220;ROOTS&#8221;"},"content":{"rendered":"\n<p><strong><em>Kuali\/Le\u00f3n, Gto.-<\/em><\/strong>La banda de Thrash Metal Sepultura se separ\u00f3 de su l\u00edder Max Cavalera en 1996, seguido del baterista Igor Cavalera aproximadamente una d\u00e9cada despu\u00e9s, en 2006.<\/p>\n\n\n\n<p>Los hermanos nunca se han reunido con la banda desde su separaci\u00f3n, aunque tal vez haya esperanza.<\/p>\n\n\n\n<p>En una entrevista con Mike Nelson Show, Igor coment\u00f3 que reunirse con sus antiguos compa\u00f1eros de banda ser\u00eda \u00abincre\u00edble\u00bb.<\/p>\n\n\n\n<p>En entrevistas posteriores se\u00f1al\u00f3 que est\u00e1 perfectamente feliz con la \u00abreuni\u00f3n real\u00bb de tocar con su hermano, pero aun as\u00ed, una reuni\u00f3n de Cavalera con Sepultura ser\u00eda una locura.<\/p>\n\n\n\n<p>Max e Igor celebrar\u00e1n con toda la energ\u00eda que los caracteriza el pr\u00f3ximo 23 de julio, 25 a\u00f1os de uno de sus mejores \u00e1lbumes \"Roots\", estar\u00e1n acompa\u00f1ados por el guitarrista de Fear Factory, Dino Cazares.<\/p>\n\n\n\n<p>Quedan pocos boletos, estos est\u00e1n a la venta en Rockstar Burguer y en la Tienda Irie Tours.<\/p>\n","protected":false},"excerpt":{"rendered":"Kuali\/Le\u00f3n, Gto.-La banda de Thrash Metal Sepultura se separ\u00f3 de su l\u00edder Max Cavalera en 1996, seguido del baterista Igor Cavalera aproximadamente una d\u00e9cada despu\u00e9s, en 2006. Los hermanos nunca se han reunido con la banda desde su separaci\u00f3n, aunque tal vez haya esperanza. En una entrevista con Mike Nelson Show, Igor coment\u00f3 que reunirse [&hellip;]","protected":false},"author":2,"featured_media":100485,"comment_status":"open","ping_status":"open","sticky":false,"template":"","format":"standard","meta":{"_seopress_robots_primary_cat":"none","_seopress_titles_title":"","_seopress_titles_desc":"","_seopress_robots_index":"","_monsterinsights_skip_tracking":false,"_monsterinsights_sitenote_active":false,"_monsterinsights_sitenote_note":"","_monsterinsights_sitenote_category":0,"footnotes":""},"categories":[18],"tags":[],"class_list":["post-100483","post","type-post","status-publish","format-standard","has-post-thumbnail","hentry","category-espectaculos-2"],"yoast_head":"<!-- This site is optimized with the Yoast SEO plugin v27.4 - https:\/\/yoast.com\/product\/yoast-seo-wordpress\/ -->\n<title>CELEBRAR\u00c1N HERMANOS CAVALERA EL &quot;ROOTS&quot; - Kuali<\/title>\n<meta name=\"robots\" content=\"index, follow, max-snippet:-1, max-image-preview:large, max-video-preview:-1\" \/>\n<link rel=\"canonical\" href=\"https:\/\/kuali.com.mx\/web\/2022\/07\/16\/celebraran-hermanos-cavalera-el-roots\/\" \/>\n<meta property=\"og:locale\" content=\"es_MX\" \/>\n<meta property=\"og:type\" content=\"article\" \/>\n<meta property=\"og:title\" content=\"CELEBRAR\u00c1N HERMANOS CAVALERA EL &quot;ROOTS&quot; - Kuali\" \/>\n<meta property=\"og:description\" content=\"Kuali\/Le\u00f3n, Gto.-La banda de Thrash Metal Sepultura se separ\u00f3 de su l\u00edder Max Cavalera en 1996, seguido del baterista Igor Cavalera aproximadamente una d\u00e9cada despu\u00e9s, en 2006. Los hermanos nunca se han reunido con la banda desde su separaci\u00f3n, aunque tal vez haya esperanza. En una entrevista con Mike Nelson Show, Igor coment\u00f3 que reunirse [&hellip;]\" \/>\n<meta property=\"og:url\" content=\"https:\/\/kuali.com.mx\/web\/2022\/07\/16\/celebraran-hermanos-cavalera-el-roots\/\" \/>\n<meta property=\"og:site_name\" content=\"Kuali\" \/>\n<meta property=\"article:publisher\" content=\"https:\/\/kuali.com.mx\/web\/wp-content\/uploads\/2018\/04\/cropped-kuali_logo-1-1.png\" \/>\n<meta property=\"article:published_time\" content=\"2022-07-16T20:41:00+00:00\" \/>\n<meta property=\"article:modified_time\" content=\"2022-07-16T23:44:45+00:00\" \/>\n<meta property=\"og:image\" content=\"https:\/\/kuali.com.mx\/web\/wp-content\/uploads\/2022\/07\/Cavalera-Roots.jpeg\" \/>\n\t<meta property=\"og:image:width\" content=\"1000\" \/>\n\t<meta property=\"og:image:height\" content=\"600\" \/>\n\t<meta property=\"og:image:type\" content=\"image\/jpeg\" \/>\n<meta name=\"author\" content=\"Kuali Staff\" \/>\n<meta name=\"twitter:card\" content=\"summary_large_image\" \/>\n<meta name=\"twitter:creator\" content=\"@kuali_noticias\" \/>\n<meta name=\"twitter:site\" content=\"@kuali_noticias\" \/>\n<meta name=\"twitter:label1\" content=\"Escrito por\" \/>\n\t<meta name=\"twitter:data1\" content=\"Kuali Staff\" \/>\n\t<meta name=\"twitter:label2\" content=\"Tiempo de lectura\" \/>\n\t<meta name=\"twitter:data2\" content=\"1 minuto\" \/>\n<script type=\"application\/ld+json\" class=\"yoast-schema-graph\">{\"@context\":\"https:\\\/\\\/schema.org\",\"@graph\":[{\"@type\":\"Article\",\"@id\":\"https:\\\/\\\/kuali.com.mx\\\/web\\\/2022\\\/07\\\/16\\\/celebraran-hermanos-cavalera-el-roots\\\/#article\",\"isPartOf\":{\"@id\":\"https:\\\/\\\/kuali.com.mx\\\/web\\\/2022\\\/07\\\/16\\\/celebraran-hermanos-cavalera-el-roots\\\/\"},\"author\":{\"name\":\"Kuali Staff\",\"@id\":\"https:\\\/\\\/kuali.com.mx\\\/web\\\/#\\\/schema\\\/person\\\/6f89ffa8ecba9dae50662357923c5289\"},\"headline\":\"CELEBRAR\u00c1N HERMANOS CAVALERA EL &#8220;ROOTS&#8221;\",\"datePublished\":\"2022-07-16T20:41:00+00:00\",\"dateModified\":\"2022-07-16T23:44:45+00:00\",\"mainEntityOfPage\":{\"@id\":\"https:\\\/\\\/kuali.com.mx\\\/web\\\/2022\\\/07\\\/16\\\/celebraran-hermanos-cavalera-el-roots\\\/\"},\"wordCount\":168,\"commentCount\":0,\"image\":{\"@id\":\"https:\\\/\\\/kuali.com.mx\\\/web\\\/2022\\\/07\\\/16\\\/celebraran-hermanos-cavalera-el-roots\\\/#primaryimage\"},\"thumbnailUrl\":\"https:\\\/\\\/kuali.com.mx\\\/web\\\/wp-content\\\/uploads\\\/2022\\\/07\\\/Cavalera-Roots.jpeg\",\"articleSection\":[\"Espect\u00e1culos\"],\"inLanguage\":\"es\",\"potentialAction\":[{\"@type\":\"CommentAction\",\"name\":\"Comment\",\"target\":[\"https:\\\/\\\/kuali.com.mx\\\/web\\\/2022\\\/07\\\/16\\\/celebraran-hermanos-cavalera-el-roots\\\/#respond\"]}]},{\"@type\":\"WebPage\",\"@id\":\"https:\\\/\\\/kuali.com.mx\\\/web\\\/2022\\\/07\\\/16\\\/celebraran-hermanos-cavalera-el-roots\\\/\",\"url\":\"https:\\\/\\\/kuali.com.mx\\\/web\\\/2022\\\/07\\\/16\\\/celebraran-hermanos-cavalera-el-roots\\\/\",\"name\":\"CELEBRAR\u00c1N HERMANOS CAVALERA EL \\\"ROOTS\\\" - Kuali\",\"isPartOf\":{\"@id\":\"https:\\\/\\\/kuali.com.mx\\\/web\\\/#website\"},\"primaryImageOfPage\":{\"@id\":\"https:\\\/\\\/kuali.com.mx\\\/web\\\/2022\\\/07\\\/16\\\/celebraran-hermanos-cavalera-el-roots\\\/#primaryimage\"},\"image\":{\"@id\":\"https:\\\/\\\/kuali.com.mx\\\/web\\\/2022\\\/07\\\/16\\\/celebraran-hermanos-cavalera-el-roots\\\/#primaryimage\"},\"thumbnailUrl\":\"https:\\\/\\\/kuali.com.mx\\\/web\\\/wp-content\\\/uploads\\\/2022\\\/07\\\/Cavalera-Roots.jpeg\",\"datePublished\":\"2022-07-16T20:41:00+00:00\",\"dateModified\":\"2022-07-16T23:44:45+00:00\",\"author\":{\"@id\":\"https:\\\/\\\/kuali.com.mx\\\/web\\\/#\\\/schema\\\/person\\\/6f89ffa8ecba9dae50662357923c5289\"},\"breadcrumb\":{\"@id\":\"https:\\\/\\\/kuali.com.mx\\\/web\\\/2022\\\/07\\\/16\\\/celebraran-hermanos-cavalera-el-roots\\\/#breadcrumb\"},\"inLanguage\":\"es\",\"potentialAction\":[{\"@type\":\"ReadAction\",\"target\":[\"https:\\\/\\\/kuali.com.mx\\\/web\\\/2022\\\/07\\\/16\\\/celebraran-hermanos-cavalera-el-roots\\\/\"]}]},{\"@type\":\"ImageObject\",\"inLanguage\":\"es\",\"@id\":\"https:\\\/\\\/kuali.com.mx\\\/web\\\/2022\\\/07\\\/16\\\/celebraran-hermanos-cavalera-el-roots\\\/#primaryimage\",\"url\":\"https:\\\/\\\/kuali.com.mx\\\/web\\\/wp-content\\\/uploads\\\/2022\\\/07\\\/Cavalera-Roots.jpeg\",\"contentUrl\":\"https:\\\/\\\/kuali.com.mx\\\/web\\\/wp-content\\\/uploads\\\/2022\\\/07\\\/Cavalera-Roots.jpeg\",\"width\":1000,\"height\":600},{\"@type\":\"BreadcrumbList\",\"@id\":\"https:\\\/\\\/kuali.com.mx\\\/web\\\/2022\\\/07\\\/16\\\/celebraran-hermanos-cavalera-el-roots\\\/#breadcrumb\",\"itemListElement\":[{\"@type\":\"ListItem\",\"position\":1,\"name\":\"Inicio\",\"item\":\"https:\\\/\\\/kuali.com.mx\\\/web\\\/\"},{\"@type\":\"ListItem\",\"position\":2,\"name\":\"CELEBRAR\u00c1N HERMANOS CAVALERA EL &#8220;ROOTS&#8221;\"}]},{\"@type\":\"WebSite\",\"@id\":\"https:\\\/\\\/kuali.com.mx\\\/web\\\/#website\",\"url\":\"https:\\\/\\\/kuali.com.mx\\\/web\\\/\",\"name\":\"Kuali\",\"description\":\"\",\"potentialAction\":[{\"@type\":\"SearchAction\",\"target\":{\"@type\":\"EntryPoint\",\"urlTemplate\":\"https:\\\/\\\/kuali.com.mx\\\/web\\\/?s={search_term_string}\"},\"query-input\":{\"@type\":\"PropertyValueSpecification\",\"valueRequired\":true,\"valueName\":\"search_term_string\"}}],\"inLanguage\":\"es\"},{\"@type\":\"Person\",\"@id\":\"https:\\\/\\\/kuali.com.mx\\\/web\\\/#\\\/schema\\\/person\\\/6f89ffa8ecba9dae50662357923c5289\",\"name\":\"Kuali Staff\",\"image\":{\"@type\":\"ImageObject\",\"inLanguage\":\"es\",\"@id\":\"https:\\\/\\\/secure.gravatar.com\\\/avatar\\\/f917ad82e5ab71227a733c78b6e60715476f69ee6be59feee4eb5d9920c89e0f?s=96&d=mm&r=g\",\"url\":\"https:\\\/\\\/secure.gravatar.com\\\/avatar\\\/f917ad82e5ab71227a733c78b6e60715476f69ee6be59feee4eb5d9920c89e0f?s=96&d=mm&r=g\",\"contentUrl\":\"https:\\\/\\\/secure.gravatar.com\\\/avatar\\\/f917ad82e5ab71227a733c78b6e60715476f69ee6be59feee4eb5d9920c89e0f?s=96&d=mm&r=g\",\"caption\":\"Kuali Staff\"},\"url\":\"https:\\\/\\\/kuali.com.mx\\\/web\\\/author\\\/lagarto\\\/\"}]}<\/script>\n<!-- \/ Yoast SEO plugin. -->","yoast_head_json":{"title":"CELEBRAR\u00c1N HERMANOS CAVALERA EL \"ROOTS\" - Kuali","robots":{"index":"index","follow":"follow","max-snippet":"max-snippet:-1","max-image-preview":"max-image-preview:large","max-video-preview":"max-video-preview:-1"},"canonical":"https:\/\/kuali.com.mx\/web\/2022\/07\/16\/celebraran-hermanos-cavalera-el-roots\/","og_locale":"es_MX","og_type":"article","og_title":"CELEBRAR\u00c1N HERMANOS CAVALERA EL \"ROOTS\" - Kuali","og_description":"Kuali\/Le\u00f3n, Gto.-La banda de Thrash Metal Sepultura se separ\u00f3 de su l\u00edder Max Cavalera en 1996, seguido del baterista Igor Cavalera aproximadamente una d\u00e9cada despu\u00e9s, en 2006. Los hermanos nunca se han reunido con la banda desde su separaci\u00f3n, aunque tal vez haya esperanza. En una entrevista con Mike Nelson Show, Igor coment\u00f3 que reunirse [&hellip;]","og_url":"https:\/\/kuali.com.mx\/web\/2022\/07\/16\/celebraran-hermanos-cavalera-el-roots\/","og_site_name":"Kuali","article_publisher":"https:\/\/kuali.com.mx\/web\/wp-content\/uploads\/2018\/04\/cropped-kuali_logo-1-1.png","article_published_time":"2022-07-16T20:41:00+00:00","article_modified_time":"2022-07-16T23:44:45+00:00","og_image":[{"width":1000,"height":600,"url":"https:\/\/kuali.com.mx\/web\/wp-content\/uploads\/2022\/07\/Cavalera-Roots.jpeg","type":"image\/jpeg"}],"author":"Kuali Staff","twitter_card":"summary_large_image","twitter_creator":"@kuali_noticias","twitter_site":"@kuali_noticias","twitter_misc":{"Escrito por":"Kuali Staff","Tiempo de lectura":"1 minuto"},"schema":{"@context":"https:\/\/schema.org","@graph":[{"@type":"Article","@id":"https:\/\/kuali.com.mx\/web\/2022\/07\/16\/celebraran-hermanos-cavalera-el-roots\/#article","isPartOf":{"@id":"https:\/\/kuali.com.mx\/web\/2022\/07\/16\/celebraran-hermanos-cavalera-el-roots\/"},"author":{"name":"Kuali Staff","@id":"https:\/\/kuali.com.mx\/web\/#\/schema\/person\/6f89ffa8ecba9dae50662357923c5289"},"headline":"CELEBRAR\u00c1N HERMANOS CAVALERA EL &#8220;ROOTS&#8221;","datePublished":"2022-07-16T20:41:00+00:00","dateModified":"2022-07-16T23:44:45+00:00","mainEntityOfPage":{"@id":"https:\/\/kuali.com.mx\/web\/2022\/07\/16\/celebraran-hermanos-cavalera-el-roots\/"},"wordCount":168,"commentCount":0,"image":{"@id":"https:\/\/kuali.com.mx\/web\/2022\/07\/16\/celebraran-hermanos-cavalera-el-roots\/#primaryimage"},"thumbnailUrl":"https:\/\/kuali.com.mx\/web\/wp-content\/uploads\/2022\/07\/Cavalera-Roots.jpeg","articleSection":["Espect\u00e1culos"],"inLanguage":"es","potentialAction":[{"@type":"CommentAction","name":"Comment","target":["https:\/\/kuali.com.mx\/web\/2022\/07\/16\/celebraran-hermanos-cavalera-el-roots\/#respond"]}]},{"@type":"WebPage","@id":"https:\/\/kuali.com.mx\/web\/2022\/07\/16\/celebraran-hermanos-cavalera-el-roots\/","url":"https:\/\/kuali.com.mx\/web\/2022\/07\/16\/celebraran-hermanos-cavalera-el-roots\/","name":"CELEBRAR\u00c1N HERMANOS CAVALERA EL \"ROOTS\" - Kuali","isPartOf":{"@id":"https:\/\/kuali.com.mx\/web\/#website"},"primaryImageOfPage":{"@id":"https:\/\/kuali.com.mx\/web\/2022\/07\/16\/celebraran-hermanos-cavalera-el-roots\/#primaryimage"},"image":{"@id":"https:\/\/kuali.com.mx\/web\/2022\/07\/16\/celebraran-hermanos-cavalera-el-roots\/#primaryimage"},"thumbnailUrl":"https:\/\/kuali.com.mx\/web\/wp-content\/uploads\/2022\/07\/Cavalera-Roots.jpeg","datePublished":"2022-07-16T20:41:00+00:00","dateModified":"2022-07-16T23:44:45+00:00","author":{"@id":"https:\/\/kuali.com.mx\/web\/#\/schema\/person\/6f89ffa8ecba9dae50662357923c5289"},"breadcrumb":{"@id":"https:\/\/kuali.com.mx\/web\/2022\/07\/16\/celebraran-hermanos-cavalera-el-roots\/#breadcrumb"},"inLanguage":"es","potentialAction":[{"@type":"ReadAction","target":["https:\/\/kuali.com.mx\/web\/2022\/07\/16\/celebraran-hermanos-cavalera-el-roots\/"]}]},{"@type":"ImageObject","inLanguage":"es","@id":"https:\/\/kuali.com.mx\/web\/2022\/07\/16\/celebraran-hermanos-cavalera-el-roots\/#primaryimage","url":"https:\/\/kuali.com.mx\/web\/wp-content\/uploads\/2022\/07\/Cavalera-Roots.jpeg","contentUrl":"https:\/\/kuali.com.mx\/web\/wp-content\/uploads\/2022\/07\/Cavalera-Roots.jpeg","width":1000,"height":600},{"@type":"BreadcrumbList","@id":"https:\/\/kuali.com.mx\/web\/2022\/07\/16\/celebraran-hermanos-cavalera-el-roots\/#breadcrumb","itemListElement":[{"@type":"ListItem","position":1,"name":"Inicio","item":"https:\/\/kuali.com.mx\/web\/"},{"@type":"ListItem","position":2,"name":"CELEBRAR\u00c1N HERMANOS CAVALERA EL &#8220;ROOTS&#8221;"}]},{"@type":"WebSite","@id":"https:\/\/kuali.com.mx\/web\/#website","url":"https:\/\/kuali.com.mx\/web\/","name":"Kuali","description":"","potentialAction":[{"@type":"SearchAction","target":{"@type":"EntryPoint","urlTemplate":"https:\/\/kuali.com.mx\/web\/?s={search_term_string}"},"query-input":{"@type":"PropertyValueSpecification","valueRequired":true,"valueName":"search_term_string"}}],"inLanguage":"es"},{"@type":"Person","@id":"https:\/\/kuali.com.mx\/web\/#\/schema\/person\/6f89ffa8ecba9dae50662357923c5289","name":"Kuali Staff","image":{"@type":"ImageObject","inLanguage":"es","@id":"https:\/\/secure.gravatar.com\/avatar\/f917ad82e5ab71227a733c78b6e60715476f69ee6be59feee4eb5d9920c89e0f?s=96&d=mm&r=g","url":"https:\/\/secure.gravatar.com\/avatar\/f917ad82e5ab71227a733c78b6e60715476f69ee6be59feee4eb5d9920c89e0f?s=96&d=mm&r=g","contentUrl":"https:\/\/secure.gravatar.com\/avatar\/f917ad82e5ab71227a733c78b6e60715476f69ee6be59feee4eb5d9920c89e0f?s=96&d=mm&r=g","caption":"Kuali Staff"},"url":"https:\/\/kuali.com.mx\/web\/author\/lagarto\/"}]}},"_links":{"self":[{"href":"https:\/\/kuali.com.mx\/web\/wp-json\/wp\/v2\/posts\/100483","targetHints":{"allow":["GET"]}}],"collection":[{"href":"https:\/\/kuali.com.mx\/web\/wp-json\/wp\/v2\/posts"}],"about":[{"href":"https:\/\/kuali.com.mx\/web\/wp-json\/wp\/v2\/types\/post"}],"author":[{"embeddable":true,"href":"https:\/\/kuali.com.mx\/web\/wp-json\/wp\/v2\/users\/2"}],"replies":[{"embeddable":true,"href":"https:\/\/kuali.com.mx\/web\/wp-json\/wp\/v2\/comments?post=100483"}],"version-history":[{"count":1,"href":"https:\/\/kuali.com.mx\/web\/wp-json\/wp\/v2\/posts\/100483\/revisions"}],"predecessor-version":[{"id":100486,"href":"https:\/\/kuali.com.mx\/web\/wp-json\/wp\/v2\/posts\/100483\/revisions\/100486"}],"wp:featuredmedia":[{"embeddable":true,"href":"https:\/\/kuali.com.mx\/web\/wp-json\/wp\/v2\/media\/100485"}],"wp:attachment":[{"href":"https:\/\/kuali.com.mx\/web\/wp-json\/wp\/v2\/media?parent=100483"}],"wp:term":[{"taxonomy":"category","embeddable":true,"href":"https:\/\/kuali.com.mx\/web\/wp-json\/wp\/v2\/categories?post=100483"},{"taxonomy":"post_tag","embeddable":true,"href":"https:\/\/kuali.com.mx\/web\/wp-json\/wp\/v2\/tags?post=100483"}],"curies":[{"name":"wp","href":"https:\/\/api.w.org\/{rel}","templated":true}]}}