{"id":100475,"date":"2022-07-16T16:22:00","date_gmt":"2022-07-16T22:22:00","guid":{"rendered":"https:\/\/kuali.com.mx\/web\/?p=100475"},"modified":"2022-07-16T17:26:48","modified_gmt":"2022-07-16T23:26:48","slug":"comparten-politicas-publicas-a-favor-de-las-mujeres","status":"publish","type":"post","link":"https:\/\/kuali.com.mx\/web\/2022\/07\/16\/comparten-politicas-publicas-a-favor-de-las-mujeres\/","title":{"rendered":"COMPARTEN POL\u00cdTICAS P\u00daBLICAS A FAVOR DE LAS MUJERES"},"content":{"rendered":"\n<p><strong><em>Kuali\/Guanajuato, Gto.-<\/em><\/strong>La ciudad de Guanajuato fue sede de la reuni\u00f3n regional de instancias municipales para las mujeres, donde se compartieron experiencias y acciones para que las guanajuatenses puedan tener una vida libre de violencia y una verdadera autonom\u00eda.<\/p>\n\n\n\n<p>La Directora General del Instituto para las Mujeres Guanajuatenses (IMUG), Anabel Pulido L\u00f3pez, asegur\u00f3 que Guanajuato Capital es l\u00edder estatal por el trabajo que se ha realizado en favor de las mujeres capitalinas.<\/p>\n\n\n\n<p>En la reuni\u00f3n participaron los municipios de Abasolo, Cuer\u00e1maro, Huan\u00edmaro, Irapuato, Le\u00f3n, Ocampo, P\u00e9njamo, Pueblo Nuevo, Romita, Salamanca, San Felipe y Silao, adem\u00e1s de Guanajuato.<\/p>\n\n\n\n<p>Por su parte, la Directora General de Atenci\u00f3n a las Mujeres Guanajuatenses de la capital, Liliana Aguilera, expuso algunos de los avances que se han implementado en los \u00faltimos tres a\u00f1os y medio.<\/p>\n\n\n\n<p>Entre las acciones que destac\u00f3 est\u00e1 la creaci\u00f3n de la Polic\u00eda de G\u00e9nero, las reformas al Bando de Polic\u00eda y Buen Gobierno para tener penas m\u00e1s severas contra los acosadores sexuales callejeros y el endurecimiento de las penas para los agresores en el \u00e1mbito de la violencia familiar.<\/p>\n","protected":false},"excerpt":{"rendered":"Kuali\/Guanajuato, Gto.-La ciudad de Guanajuato fue sede de la reuni\u00f3n regional de instancias municipales para las mujeres, donde se compartieron experiencias y acciones para que las guanajuatenses puedan tener una vida libre de violencia y una verdadera autonom\u00eda. La Directora General del Instituto para las Mujeres Guanajuatenses (IMUG), Anabel Pulido L\u00f3pez, asegur\u00f3 que Guanajuato Capital [&hellip;]","protected":false},"author":2,"featured_media":100477,"comment_status":"open","ping_status":"open","sticky":false,"template":"","format":"standard","meta":{"_seopress_robots_primary_cat":"none","_seopress_titles_title":"","_seopress_titles_desc":"","_seopress_robots_index":"","_monsterinsights_skip_tracking":false,"_monsterinsights_sitenote_active":false,"_monsterinsights_sitenote_note":"","_monsterinsights_sitenote_category":0,"footnotes":""},"categories":[14],"tags":[],"class_list":["post-100475","post","type-post","status-publish","format-standard","has-post-thumbnail","hentry","category-derechos"],"yoast_head":"<!-- This site is optimized with the Yoast SEO plugin v27.4 - https:\/\/yoast.com\/product\/yoast-seo-wordpress\/ -->\n<title>COMPARTEN POL\u00cdTICAS P\u00daBLICAS A FAVOR DE LAS MUJERES - Kuali<\/title>\n<meta name=\"robots\" content=\"index, follow, max-snippet:-1, max-image-preview:large, max-video-preview:-1\" \/>\n<link rel=\"canonical\" href=\"https:\/\/kuali.com.mx\/web\/2022\/07\/16\/comparten-politicas-publicas-a-favor-de-las-mujeres\/\" \/>\n<meta property=\"og:locale\" content=\"es_MX\" \/>\n<meta property=\"og:type\" content=\"article\" \/>\n<meta property=\"og:title\" content=\"COMPARTEN POL\u00cdTICAS P\u00daBLICAS A FAVOR DE LAS MUJERES - Kuali\" \/>\n<meta property=\"og:description\" content=\"Kuali\/Guanajuato, Gto.-La ciudad de Guanajuato fue sede de la reuni\u00f3n regional de instancias municipales para las mujeres, donde se compartieron experiencias y acciones para que las guanajuatenses puedan tener una vida libre de violencia y una verdadera autonom\u00eda. La Directora General del Instituto para las Mujeres Guanajuatenses (IMUG), Anabel Pulido L\u00f3pez, asegur\u00f3 que Guanajuato Capital [&hellip;]\" \/>\n<meta property=\"og:url\" content=\"https:\/\/kuali.com.mx\/web\/2022\/07\/16\/comparten-politicas-publicas-a-favor-de-las-mujeres\/\" \/>\n<meta property=\"og:site_name\" content=\"Kuali\" \/>\n<meta property=\"article:publisher\" content=\"https:\/\/kuali.com.mx\/web\/wp-content\/uploads\/2018\/04\/cropped-kuali_logo-1-1.png\" \/>\n<meta property=\"article:published_time\" content=\"2022-07-16T22:22:00+00:00\" \/>\n<meta property=\"article:modified_time\" content=\"2022-07-16T23:26:48+00:00\" \/>\n<meta property=\"og:image\" content=\"https:\/\/kuali.com.mx\/web\/wp-content\/uploads\/2022\/07\/Reunion-regional-de-instancias-municipales-para-las-mujeres-4-e1658013975893.jpeg\" \/>\n\t<meta property=\"og:image:width\" content=\"1251\" \/>\n\t<meta property=\"og:image:height\" content=\"675\" \/>\n\t<meta property=\"og:image:type\" content=\"image\/jpeg\" \/>\n<meta name=\"author\" content=\"Kuali Staff\" \/>\n<meta name=\"twitter:card\" content=\"summary_large_image\" \/>\n<meta name=\"twitter:creator\" content=\"@kuali_noticias\" \/>\n<meta name=\"twitter:site\" content=\"@kuali_noticias\" \/>\n<meta name=\"twitter:label1\" content=\"Escrito por\" \/>\n\t<meta name=\"twitter:data1\" content=\"Kuali Staff\" \/>\n\t<meta name=\"twitter:label2\" content=\"Tiempo de lectura\" \/>\n\t<meta name=\"twitter:data2\" content=\"1 minuto\" \/>\n<script type=\"application\/ld+json\" class=\"yoast-schema-graph\">{\"@context\":\"https:\\\/\\\/schema.org\",\"@graph\":[{\"@type\":\"Article\",\"@id\":\"https:\\\/\\\/kuali.com.mx\\\/web\\\/2022\\\/07\\\/16\\\/comparten-politicas-publicas-a-favor-de-las-mujeres\\\/#article\",\"isPartOf\":{\"@id\":\"https:\\\/\\\/kuali.com.mx\\\/web\\\/2022\\\/07\\\/16\\\/comparten-politicas-publicas-a-favor-de-las-mujeres\\\/\"},\"author\":{\"name\":\"Kuali Staff\",\"@id\":\"https:\\\/\\\/kuali.com.mx\\\/web\\\/#\\\/schema\\\/person\\\/6f89ffa8ecba9dae50662357923c5289\"},\"headline\":\"COMPARTEN POL\u00cdTICAS P\u00daBLICAS A FAVOR DE LAS MUJERES\",\"datePublished\":\"2022-07-16T22:22:00+00:00\",\"dateModified\":\"2022-07-16T23:26:48+00:00\",\"mainEntityOfPage\":{\"@id\":\"https:\\\/\\\/kuali.com.mx\\\/web\\\/2022\\\/07\\\/16\\\/comparten-politicas-publicas-a-favor-de-las-mujeres\\\/\"},\"wordCount\":207,\"commentCount\":0,\"image\":{\"@id\":\"https:\\\/\\\/kuali.com.mx\\\/web\\\/2022\\\/07\\\/16\\\/comparten-politicas-publicas-a-favor-de-las-mujeres\\\/#primaryimage\"},\"thumbnailUrl\":\"https:\\\/\\\/kuali.com.mx\\\/web\\\/wp-content\\\/uploads\\\/2022\\\/07\\\/Reunion-regional-de-instancias-municipales-para-las-mujeres-4-e1658013975893.jpeg\",\"articleSection\":[\"Derechos Humanos\"],\"inLanguage\":\"es\",\"potentialAction\":[{\"@type\":\"CommentAction\",\"name\":\"Comment\",\"target\":[\"https:\\\/\\\/kuali.com.mx\\\/web\\\/2022\\\/07\\\/16\\\/comparten-politicas-publicas-a-favor-de-las-mujeres\\\/#respond\"]}]},{\"@type\":\"WebPage\",\"@id\":\"https:\\\/\\\/kuali.com.mx\\\/web\\\/2022\\\/07\\\/16\\\/comparten-politicas-publicas-a-favor-de-las-mujeres\\\/\",\"url\":\"https:\\\/\\\/kuali.com.mx\\\/web\\\/2022\\\/07\\\/16\\\/comparten-politicas-publicas-a-favor-de-las-mujeres\\\/\",\"name\":\"COMPARTEN POL\u00cdTICAS P\u00daBLICAS A FAVOR DE LAS MUJERES - Kuali\",\"isPartOf\":{\"@id\":\"https:\\\/\\\/kuali.com.mx\\\/web\\\/#website\"},\"primaryImageOfPage\":{\"@id\":\"https:\\\/\\\/kuali.com.mx\\\/web\\\/2022\\\/07\\\/16\\\/comparten-politicas-publicas-a-favor-de-las-mujeres\\\/#primaryimage\"},\"image\":{\"@id\":\"https:\\\/\\\/kuali.com.mx\\\/web\\\/2022\\\/07\\\/16\\\/comparten-politicas-publicas-a-favor-de-las-mujeres\\\/#primaryimage\"},\"thumbnailUrl\":\"https:\\\/\\\/kuali.com.mx\\\/web\\\/wp-content\\\/uploads\\\/2022\\\/07\\\/Reunion-regional-de-instancias-municipales-para-las-mujeres-4-e1658013975893.jpeg\",\"datePublished\":\"2022-07-16T22:22:00+00:00\",\"dateModified\":\"2022-07-16T23:26:48+00:00\",\"author\":{\"@id\":\"https:\\\/\\\/kuali.com.mx\\\/web\\\/#\\\/schema\\\/person\\\/6f89ffa8ecba9dae50662357923c5289\"},\"breadcrumb\":{\"@id\":\"https:\\\/\\\/kuali.com.mx\\\/web\\\/2022\\\/07\\\/16\\\/comparten-politicas-publicas-a-favor-de-las-mujeres\\\/#breadcrumb\"},\"inLanguage\":\"es\",\"potentialAction\":[{\"@type\":\"ReadAction\",\"target\":[\"https:\\\/\\\/kuali.com.mx\\\/web\\\/2022\\\/07\\\/16\\\/comparten-politicas-publicas-a-favor-de-las-mujeres\\\/\"]}]},{\"@type\":\"ImageObject\",\"inLanguage\":\"es\",\"@id\":\"https:\\\/\\\/kuali.com.mx\\\/web\\\/2022\\\/07\\\/16\\\/comparten-politicas-publicas-a-favor-de-las-mujeres\\\/#primaryimage\",\"url\":\"https:\\\/\\\/kuali.com.mx\\\/web\\\/wp-content\\\/uploads\\\/2022\\\/07\\\/Reunion-regional-de-instancias-municipales-para-las-mujeres-4-e1658013975893.jpeg\",\"contentUrl\":\"https:\\\/\\\/kuali.com.mx\\\/web\\\/wp-content\\\/uploads\\\/2022\\\/07\\\/Reunion-regional-de-instancias-municipales-para-las-mujeres-4-e1658013975893.jpeg\",\"width\":1251,\"height\":675},{\"@type\":\"BreadcrumbList\",\"@id\":\"https:\\\/\\\/kuali.com.mx\\\/web\\\/2022\\\/07\\\/16\\\/comparten-politicas-publicas-a-favor-de-las-mujeres\\\/#breadcrumb\",\"itemListElement\":[{\"@type\":\"ListItem\",\"position\":1,\"name\":\"Inicio\",\"item\":\"https:\\\/\\\/kuali.com.mx\\\/web\\\/\"},{\"@type\":\"ListItem\",\"position\":2,\"name\":\"COMPARTEN POL\u00cdTICAS P\u00daBLICAS A FAVOR DE LAS MUJERES\"}]},{\"@type\":\"WebSite\",\"@id\":\"https:\\\/\\\/kuali.com.mx\\\/web\\\/#website\",\"url\":\"https:\\\/\\\/kuali.com.mx\\\/web\\\/\",\"name\":\"Kuali\",\"description\":\"\",\"potentialAction\":[{\"@type\":\"SearchAction\",\"target\":{\"@type\":\"EntryPoint\",\"urlTemplate\":\"https:\\\/\\\/kuali.com.mx\\\/web\\\/?s={search_term_string}\"},\"query-input\":{\"@type\":\"PropertyValueSpecification\",\"valueRequired\":true,\"valueName\":\"search_term_string\"}}],\"inLanguage\":\"es\"},{\"@type\":\"Person\",\"@id\":\"https:\\\/\\\/kuali.com.mx\\\/web\\\/#\\\/schema\\\/person\\\/6f89ffa8ecba9dae50662357923c5289\",\"name\":\"Kuali Staff\",\"image\":{\"@type\":\"ImageObject\",\"inLanguage\":\"es\",\"@id\":\"https:\\\/\\\/secure.gravatar.com\\\/avatar\\\/f917ad82e5ab71227a733c78b6e60715476f69ee6be59feee4eb5d9920c89e0f?s=96&d=mm&r=g\",\"url\":\"https:\\\/\\\/secure.gravatar.com\\\/avatar\\\/f917ad82e5ab71227a733c78b6e60715476f69ee6be59feee4eb5d9920c89e0f?s=96&d=mm&r=g\",\"contentUrl\":\"https:\\\/\\\/secure.gravatar.com\\\/avatar\\\/f917ad82e5ab71227a733c78b6e60715476f69ee6be59feee4eb5d9920c89e0f?s=96&d=mm&r=g\",\"caption\":\"Kuali Staff\"},\"url\":\"https:\\\/\\\/kuali.com.mx\\\/web\\\/author\\\/lagarto\\\/\"}]}<\/script>\n<!-- \/ Yoast SEO plugin. -->","yoast_head_json":{"title":"COMPARTEN POL\u00cdTICAS P\u00daBLICAS A FAVOR DE LAS MUJERES - Kuali","robots":{"index":"index","follow":"follow","max-snippet":"max-snippet:-1","max-image-preview":"max-image-preview:large","max-video-preview":"max-video-preview:-1"},"canonical":"https:\/\/kuali.com.mx\/web\/2022\/07\/16\/comparten-politicas-publicas-a-favor-de-las-mujeres\/","og_locale":"es_MX","og_type":"article","og_title":"COMPARTEN POL\u00cdTICAS P\u00daBLICAS A FAVOR DE LAS MUJERES - Kuali","og_description":"Kuali\/Guanajuato, Gto.-La ciudad de Guanajuato fue sede de la reuni\u00f3n regional de instancias municipales para las mujeres, donde se compartieron experiencias y acciones para que las guanajuatenses puedan tener una vida libre de violencia y una verdadera autonom\u00eda. La Directora General del Instituto para las Mujeres Guanajuatenses (IMUG), Anabel Pulido L\u00f3pez, asegur\u00f3 que Guanajuato Capital [&hellip;]","og_url":"https:\/\/kuali.com.mx\/web\/2022\/07\/16\/comparten-politicas-publicas-a-favor-de-las-mujeres\/","og_site_name":"Kuali","article_publisher":"https:\/\/kuali.com.mx\/web\/wp-content\/uploads\/2018\/04\/cropped-kuali_logo-1-1.png","article_published_time":"2022-07-16T22:22:00+00:00","article_modified_time":"2022-07-16T23:26:48+00:00","og_image":[{"width":1251,"height":675,"url":"https:\/\/kuali.com.mx\/web\/wp-content\/uploads\/2022\/07\/Reunion-regional-de-instancias-municipales-para-las-mujeres-4-e1658013975893.jpeg","type":"image\/jpeg"}],"author":"Kuali Staff","twitter_card":"summary_large_image","twitter_creator":"@kuali_noticias","twitter_site":"@kuali_noticias","twitter_misc":{"Escrito por":"Kuali Staff","Tiempo de lectura":"1 minuto"},"schema":{"@context":"https:\/\/schema.org","@graph":[{"@type":"Article","@id":"https:\/\/kuali.com.mx\/web\/2022\/07\/16\/comparten-politicas-publicas-a-favor-de-las-mujeres\/#article","isPartOf":{"@id":"https:\/\/kuali.com.mx\/web\/2022\/07\/16\/comparten-politicas-publicas-a-favor-de-las-mujeres\/"},"author":{"name":"Kuali Staff","@id":"https:\/\/kuali.com.mx\/web\/#\/schema\/person\/6f89ffa8ecba9dae50662357923c5289"},"headline":"COMPARTEN POL\u00cdTICAS P\u00daBLICAS A FAVOR DE LAS MUJERES","datePublished":"2022-07-16T22:22:00+00:00","dateModified":"2022-07-16T23:26:48+00:00","mainEntityOfPage":{"@id":"https:\/\/kuali.com.mx\/web\/2022\/07\/16\/comparten-politicas-publicas-a-favor-de-las-mujeres\/"},"wordCount":207,"commentCount":0,"image":{"@id":"https:\/\/kuali.com.mx\/web\/2022\/07\/16\/comparten-politicas-publicas-a-favor-de-las-mujeres\/#primaryimage"},"thumbnailUrl":"https:\/\/kuali.com.mx\/web\/wp-content\/uploads\/2022\/07\/Reunion-regional-de-instancias-municipales-para-las-mujeres-4-e1658013975893.jpeg","articleSection":["Derechos Humanos"],"inLanguage":"es","potentialAction":[{"@type":"CommentAction","name":"Comment","target":["https:\/\/kuali.com.mx\/web\/2022\/07\/16\/comparten-politicas-publicas-a-favor-de-las-mujeres\/#respond"]}]},{"@type":"WebPage","@id":"https:\/\/kuali.com.mx\/web\/2022\/07\/16\/comparten-politicas-publicas-a-favor-de-las-mujeres\/","url":"https:\/\/kuali.com.mx\/web\/2022\/07\/16\/comparten-politicas-publicas-a-favor-de-las-mujeres\/","name":"COMPARTEN POL\u00cdTICAS P\u00daBLICAS A FAVOR DE LAS MUJERES - Kuali","isPartOf":{"@id":"https:\/\/kuali.com.mx\/web\/#website"},"primaryImageOfPage":{"@id":"https:\/\/kuali.com.mx\/web\/2022\/07\/16\/comparten-politicas-publicas-a-favor-de-las-mujeres\/#primaryimage"},"image":{"@id":"https:\/\/kuali.com.mx\/web\/2022\/07\/16\/comparten-politicas-publicas-a-favor-de-las-mujeres\/#primaryimage"},"thumbnailUrl":"https:\/\/kuali.com.mx\/web\/wp-content\/uploads\/2022\/07\/Reunion-regional-de-instancias-municipales-para-las-mujeres-4-e1658013975893.jpeg","datePublished":"2022-07-16T22:22:00+00:00","dateModified":"2022-07-16T23:26:48+00:00","author":{"@id":"https:\/\/kuali.com.mx\/web\/#\/schema\/person\/6f89ffa8ecba9dae50662357923c5289"},"breadcrumb":{"@id":"https:\/\/kuali.com.mx\/web\/2022\/07\/16\/comparten-politicas-publicas-a-favor-de-las-mujeres\/#breadcrumb"},"inLanguage":"es","potentialAction":[{"@type":"ReadAction","target":["https:\/\/kuali.com.mx\/web\/2022\/07\/16\/comparten-politicas-publicas-a-favor-de-las-mujeres\/"]}]},{"@type":"ImageObject","inLanguage":"es","@id":"https:\/\/kuali.com.mx\/web\/2022\/07\/16\/comparten-politicas-publicas-a-favor-de-las-mujeres\/#primaryimage","url":"https:\/\/kuali.com.mx\/web\/wp-content\/uploads\/2022\/07\/Reunion-regional-de-instancias-municipales-para-las-mujeres-4-e1658013975893.jpeg","contentUrl":"https:\/\/kuali.com.mx\/web\/wp-content\/uploads\/2022\/07\/Reunion-regional-de-instancias-municipales-para-las-mujeres-4-e1658013975893.jpeg","width":1251,"height":675},{"@type":"BreadcrumbList","@id":"https:\/\/kuali.com.mx\/web\/2022\/07\/16\/comparten-politicas-publicas-a-favor-de-las-mujeres\/#breadcrumb","itemListElement":[{"@type":"ListItem","position":1,"name":"Inicio","item":"https:\/\/kuali.com.mx\/web\/"},{"@type":"ListItem","position":2,"name":"COMPARTEN POL\u00cdTICAS P\u00daBLICAS A FAVOR DE LAS MUJERES"}]},{"@type":"WebSite","@id":"https:\/\/kuali.com.mx\/web\/#website","url":"https:\/\/kuali.com.mx\/web\/","name":"Kuali","description":"","potentialAction":[{"@type":"SearchAction","target":{"@type":"EntryPoint","urlTemplate":"https:\/\/kuali.com.mx\/web\/?s={search_term_string}"},"query-input":{"@type":"PropertyValueSpecification","valueRequired":true,"valueName":"search_term_string"}}],"inLanguage":"es"},{"@type":"Person","@id":"https:\/\/kuali.com.mx\/web\/#\/schema\/person\/6f89ffa8ecba9dae50662357923c5289","name":"Kuali Staff","image":{"@type":"ImageObject","inLanguage":"es","@id":"https:\/\/secure.gravatar.com\/avatar\/f917ad82e5ab71227a733c78b6e60715476f69ee6be59feee4eb5d9920c89e0f?s=96&d=mm&r=g","url":"https:\/\/secure.gravatar.com\/avatar\/f917ad82e5ab71227a733c78b6e60715476f69ee6be59feee4eb5d9920c89e0f?s=96&d=mm&r=g","contentUrl":"https:\/\/secure.gravatar.com\/avatar\/f917ad82e5ab71227a733c78b6e60715476f69ee6be59feee4eb5d9920c89e0f?s=96&d=mm&r=g","caption":"Kuali Staff"},"url":"https:\/\/kuali.com.mx\/web\/author\/lagarto\/"}]}},"_links":{"self":[{"href":"https:\/\/kuali.com.mx\/web\/wp-json\/wp\/v2\/posts\/100475","targetHints":{"allow":["GET"]}}],"collection":[{"href":"https:\/\/kuali.com.mx\/web\/wp-json\/wp\/v2\/posts"}],"about":[{"href":"https:\/\/kuali.com.mx\/web\/wp-json\/wp\/v2\/types\/post"}],"author":[{"embeddable":true,"href":"https:\/\/kuali.com.mx\/web\/wp-json\/wp\/v2\/users\/2"}],"replies":[{"embeddable":true,"href":"https:\/\/kuali.com.mx\/web\/wp-json\/wp\/v2\/comments?post=100475"}],"version-history":[{"count":1,"href":"https:\/\/kuali.com.mx\/web\/wp-json\/wp\/v2\/posts\/100475\/revisions"}],"predecessor-version":[{"id":100478,"href":"https:\/\/kuali.com.mx\/web\/wp-json\/wp\/v2\/posts\/100475\/revisions\/100478"}],"wp:featuredmedia":[{"embeddable":true,"href":"https:\/\/kuali.com.mx\/web\/wp-json\/wp\/v2\/media\/100477"}],"wp:attachment":[{"href":"https:\/\/kuali.com.mx\/web\/wp-json\/wp\/v2\/media?parent=100475"}],"wp:term":[{"taxonomy":"category","embeddable":true,"href":"https:\/\/kuali.com.mx\/web\/wp-json\/wp\/v2\/categories?post=100475"},{"taxonomy":"post_tag","embeddable":true,"href":"https:\/\/kuali.com.mx\/web\/wp-json\/wp\/v2\/tags?post=100475"}],"curies":[{"name":"wp","href":"https:\/\/api.w.org\/{rel}","templated":true}]}}